{"id":3631,"date":"2021-01-28T10:01:49","date_gmt":"2021-01-28T16:01:49","guid":{"rendered":"https:\/\/redamlo.com\/?p=3631"},"modified":"2021-01-28T10:01:49","modified_gmt":"2021-01-28T16:01:49","slug":"buena-aceptacion-para-carlos-zurita-en-su-busqueda-por-la-candidatura-a-la-diputacion-federal","status":"publish","type":"post","link":"https:\/\/redamlo.com\/index.php\/2021\/01\/28\/buena-aceptacion-para-carlos-zurita-en-su-busqueda-por-la-candidatura-a-la-diputacion-federal\/","title":{"rendered":"Buena aceptaci\u00f3n para Carlos Zurita en su b\u00fasqueda por la candidatura a la diputaci\u00f3n federal."},"content":{"rendered":"<h3>Ciudad de M\u00e9xico a 28 de enero 2021 Cdmx Press.-<\/h3>\n<p>El joven Carlos Zurita, quien aspira a la candidatura a la diputaci\u00f3n federal por el distrito 12 del Estado de M\u00e9xico y del cual es oriundo, ha visitado a los morenistas de esa demarcaci\u00f3n, quienes le han expresado su respaldo para la encuesta de selecci\u00f3n de candidatos.<\/p>\n<p>Durante sus visitas, Zurita se ha topado con un sentir ciudadano harto de la corrupci\u00f3n y marginaci\u00f3n por la que a\u00f1os ha imperado en el Estado de M\u00e9xico, entidad que toda la vida ha sido gobernada por las mismas familias y grupos de poder bajo las siglas del PRI.<\/p>\n<p>Por su parte, el mexiquense asegur\u00f3 a CDMX que su principal objetivo en este momento es salir avante en la encuesta interna, para posteriormente ser el candidato de morena y llegar a la C\u00e1mara de Diputados a respaldar el proyecto de naci\u00f3n del presidente de la Rep\u00fablica, Andr\u00e9s Manuel L\u00f3pez Obrador, ya que actualmente muchos llegan por la izquierda y legislan con la derecha.<\/p>\n<p><img loading=\"lazy\" decoding=\"async\" class=\"alignnone wp-image-4929 size-large\" src=\"https:\/\/redamlo.com\/wp-content\/uploads\/2021\/01\/carlos-zurita-3-768x1024-1.jpg\" alt=\"\" width=\"740\" height=\"987\" \/><\/p>\n","protected":false},"excerpt":{"rendered":"<p>Ciudad de M\u00e9xico a 28 de enero 2021 Cdmx Press.- El joven Carlos Zurita, quien&#8230;<\/p>\n","protected":false},"author":2,"featured_media":3633,"comment_status":"open","ping_status":"closed","sticky":false,"template":"","format":"standard","meta":{"footnotes":""},"categories":[3],"tags":[],"class_list":["post-3631","post","type-post","status-publish","format-standard","has-post-thumbnail","hentry","category-estado-de-mexico"],"yoast_head":"<!-- This site is optimized with the Yoast SEO plugin v27.5 - https:\/\/yoast.com\/product\/yoast-seo-wordpress\/ -->\n<title>Buena aceptaci\u00f3n para Carlos Zurita en su b\u00fasqueda por la candidatura a la diputaci\u00f3n federal. - NOTICIAS DE LA 4T<\/title>\n<meta name=\"robots\" content=\"noindex, follow, max-snippet:-1, max-image-preview:large, max-video-preview:-1\" \/>\n<meta property=\"og:locale\" content=\"es_MX\" \/>\n<meta property=\"og:type\" content=\"article\" \/>\n<meta property=\"og:title\" content=\"Buena aceptaci\u00f3n para Carlos Zurita en su b\u00fasqueda por la candidatura a la diputaci\u00f3n federal. - NOTICIAS DE LA 4T\" \/>\n<meta property=\"og:description\" content=\"Ciudad de M\u00e9xico a 28 de enero 2021 Cdmx Press.- El joven Carlos Zurita, quien...\" \/>\n<meta property=\"og:url\" content=\"https:\/\/redamlo.com\/index.php\/2021\/01\/28\/buena-aceptacion-para-carlos-zurita-en-su-busqueda-por-la-candidatura-a-la-diputacion-federal\/\" \/>\n<meta property=\"og:site_name\" content=\"NOTICIAS DE LA 4T\" \/>\n<meta property=\"article:published_time\" content=\"2021-01-28T16:01:49+00:00\" \/>\n<meta property=\"og:image\" content=\"https:\/\/redamlo.com\/wp-content\/uploads\/2021\/01\/carlos-zurita-4.jpg\" \/>\n\t<meta property=\"og:image:width\" content=\"1280\" \/>\n\t<meta property=\"og:image:height\" content=\"853\" \/>\n\t<meta property=\"og:image:type\" content=\"image\/jpeg\" \/>\n<meta name=\"author\" content=\"Blanca\" \/>\n<meta name=\"twitter:card\" content=\"summary_large_image\" \/>\n<meta name=\"twitter:label1\" content=\"Escrito por\" \/>\n\t<meta name=\"twitter:data1\" content=\"Blanca\" \/>\n\t<meta name=\"twitter:label2\" content=\"Tiempo de lectura\" \/>\n\t<meta name=\"twitter:data2\" content=\"1 minuto\" \/>\n<script type=\"application\/ld+json\" class=\"yoast-schema-graph\">{\"@context\":\"https:\\\/\\\/schema.org\",\"@graph\":[{\"@type\":\"Article\",\"@id\":\"https:\\\/\\\/redamlo.com\\\/index.php\\\/2021\\\/01\\\/28\\\/buena-aceptacion-para-carlos-zurita-en-su-busqueda-por-la-candidatura-a-la-diputacion-federal\\\/#article\",\"isPartOf\":{\"@id\":\"https:\\\/\\\/redamlo.com\\\/index.php\\\/2021\\\/01\\\/28\\\/buena-aceptacion-para-carlos-zurita-en-su-busqueda-por-la-candidatura-a-la-diputacion-federal\\\/\"},\"author\":{\"name\":\"Blanca\",\"@id\":\"https:\\\/\\\/redamlo.com\\\/#\\\/schema\\\/person\\\/7223a4375eb8f1a782fcae010a7115cf\"},\"headline\":\"Buena aceptaci\u00f3n para Carlos Zurita en su b\u00fasqueda por la candidatura a la diputaci\u00f3n federal.\",\"datePublished\":\"2021-01-28T16:01:49+00:00\",\"mainEntityOfPage\":{\"@id\":\"https:\\\/\\\/redamlo.com\\\/index.php\\\/2021\\\/01\\\/28\\\/buena-aceptacion-para-carlos-zurita-en-su-busqueda-por-la-candidatura-a-la-diputacion-federal\\\/\"},\"wordCount\":200,\"commentCount\":0,\"publisher\":{\"@id\":\"https:\\\/\\\/redamlo.com\\\/#organization\"},\"image\":{\"@id\":\"https:\\\/\\\/redamlo.com\\\/index.php\\\/2021\\\/01\\\/28\\\/buena-aceptacion-para-carlos-zurita-en-su-busqueda-por-la-candidatura-a-la-diputacion-federal\\\/#primaryimage\"},\"thumbnailUrl\":\"https:\\\/\\\/redamlo.com\\\/wp-content\\\/uploads\\\/2021\\\/01\\\/carlos-zurita-4.jpg\",\"articleSection\":[\"Estado de M\u00e9xico\"],\"inLanguage\":\"es\",\"potentialAction\":[{\"@type\":\"CommentAction\",\"name\":\"Comment\",\"target\":[\"https:\\\/\\\/redamlo.com\\\/index.php\\\/2021\\\/01\\\/28\\\/buena-aceptacion-para-carlos-zurita-en-su-busqueda-por-la-candidatura-a-la-diputacion-federal\\\/#respond\"]}]},{\"@type\":\"WebPage\",\"@id\":\"https:\\\/\\\/redamlo.com\\\/index.php\\\/2021\\\/01\\\/28\\\/buena-aceptacion-para-carlos-zurita-en-su-busqueda-por-la-candidatura-a-la-diputacion-federal\\\/\",\"url\":\"https:\\\/\\\/redamlo.com\\\/index.php\\\/2021\\\/01\\\/28\\\/buena-aceptacion-para-carlos-zurita-en-su-busqueda-por-la-candidatura-a-la-diputacion-federal\\\/\",\"name\":\"Buena aceptaci\u00f3n para Carlos Zurita en su b\u00fasqueda por la candidatura a la diputaci\u00f3n federal. - NOTICIAS DE LA 4T\",\"isPartOf\":{\"@id\":\"https:\\\/\\\/redamlo.com\\\/#website\"},\"primaryImageOfPage\":{\"@id\":\"https:\\\/\\\/redamlo.com\\\/index.php\\\/2021\\\/01\\\/28\\\/buena-aceptacion-para-carlos-zurita-en-su-busqueda-por-la-candidatura-a-la-diputacion-federal\\\/#primaryimage\"},\"image\":{\"@id\":\"https:\\\/\\\/redamlo.com\\\/index.php\\\/2021\\\/01\\\/28\\\/buena-aceptacion-para-carlos-zurita-en-su-busqueda-por-la-candidatura-a-la-diputacion-federal\\\/#primaryimage\"},\"thumbnailUrl\":\"https:\\\/\\\/redamlo.com\\\/wp-content\\\/uploads\\\/2021\\\/01\\\/carlos-zurita-4.jpg\",\"datePublished\":\"2021-01-28T16:01:49+00:00\",\"breadcrumb\":{\"@id\":\"https:\\\/\\\/redamlo.com\\\/index.php\\\/2021\\\/01\\\/28\\\/buena-aceptacion-para-carlos-zurita-en-su-busqueda-por-la-candidatura-a-la-diputacion-federal\\\/#breadcrumb\"},\"inLanguage\":\"es\",\"potentialAction\":[{\"@type\":\"ReadAction\",\"target\":[\"https:\\\/\\\/redamlo.com\\\/index.php\\\/2021\\\/01\\\/28\\\/buena-aceptacion-para-carlos-zurita-en-su-busqueda-por-la-candidatura-a-la-diputacion-federal\\\/\"]}]},{\"@type\":\"ImageObject\",\"inLanguage\":\"es\",\"@id\":\"https:\\\/\\\/redamlo.com\\\/index.php\\\/2021\\\/01\\\/28\\\/buena-aceptacion-para-carlos-zurita-en-su-busqueda-por-la-candidatura-a-la-diputacion-federal\\\/#primaryimage\",\"url\":\"https:\\\/\\\/redamlo.com\\\/wp-content\\\/uploads\\\/2021\\\/01\\\/carlos-zurita-4.jpg\",\"contentUrl\":\"https:\\\/\\\/redamlo.com\\\/wp-content\\\/uploads\\\/2021\\\/01\\\/carlos-zurita-4.jpg\",\"width\":1280,\"height\":853},{\"@type\":\"BreadcrumbList\",\"@id\":\"https:\\\/\\\/redamlo.com\\\/index.php\\\/2021\\\/01\\\/28\\\/buena-aceptacion-para-carlos-zurita-en-su-busqueda-por-la-candidatura-a-la-diputacion-federal\\\/#breadcrumb\",\"itemListElement\":[{\"@type\":\"ListItem\",\"position\":1,\"name\":\"Inicio\",\"item\":\"https:\\\/\\\/redamlo.com\\\/\"},{\"@type\":\"ListItem\",\"position\":2,\"name\":\"Buena aceptaci\u00f3n para Carlos Zurita en su b\u00fasqueda por la candidatura a la diputaci\u00f3n federal.\"}]},{\"@type\":\"WebSite\",\"@id\":\"https:\\\/\\\/redamlo.com\\\/#website\",\"url\":\"https:\\\/\\\/redamlo.com\\\/\",\"name\":\"NOTICIAS DE LA 4T\",\"description\":\"\",\"publisher\":{\"@id\":\"https:\\\/\\\/redamlo.com\\\/#organization\"},\"potentialAction\":[{\"@type\":\"SearchAction\",\"target\":{\"@type\":\"EntryPoint\",\"urlTemplate\":\"https:\\\/\\\/redamlo.com\\\/?s={search_term_string}\"},\"query-input\":{\"@type\":\"PropertyValueSpecification\",\"valueRequired\":true,\"valueName\":\"search_term_string\"}}],\"inLanguage\":\"es\"},{\"@type\":\"Organization\",\"@id\":\"https:\\\/\\\/redamlo.com\\\/#organization\",\"name\":\"NOTICIAS DE LA 4T\",\"url\":\"https:\\\/\\\/redamlo.com\\\/\",\"logo\":{\"@type\":\"ImageObject\",\"inLanguage\":\"es\",\"@id\":\"https:\\\/\\\/redamlo.com\\\/#\\\/schema\\\/logo\\\/image\\\/\",\"url\":\"https:\\\/\\\/redamlo.com\\\/wp-content\\\/uploads\\\/2024\\\/08\\\/cropped-RED-AMLO-logo-50.png\",\"contentUrl\":\"https:\\\/\\\/redamlo.com\\\/wp-content\\\/uploads\\\/2024\\\/08\\\/cropped-RED-AMLO-logo-50.png\",\"width\":256,\"height\":256,\"caption\":\"NOTICIAS DE LA 4T\"},\"image\":{\"@id\":\"https:\\\/\\\/redamlo.com\\\/#\\\/schema\\\/logo\\\/image\\\/\"}},{\"@type\":\"Person\",\"@id\":\"https:\\\/\\\/redamlo.com\\\/#\\\/schema\\\/person\\\/7223a4375eb8f1a782fcae010a7115cf\",\"name\":\"Blanca\",\"image\":{\"@type\":\"ImageObject\",\"inLanguage\":\"es\",\"@id\":\"https:\\\/\\\/secure.gravatar.com\\\/avatar\\\/3f79bc8336367a4e6093eae8757acaaf61d1124834b905616de7829b0273426d?s=96&d=mm&r=g\",\"url\":\"https:\\\/\\\/secure.gravatar.com\\\/avatar\\\/3f79bc8336367a4e6093eae8757acaaf61d1124834b905616de7829b0273426d?s=96&d=mm&r=g\",\"contentUrl\":\"https:\\\/\\\/secure.gravatar.com\\\/avatar\\\/3f79bc8336367a4e6093eae8757acaaf61d1124834b905616de7829b0273426d?s=96&d=mm&r=g\",\"caption\":\"Blanca\"},\"url\":\"https:\\\/\\\/redamlo.com\\\/index.php\\\/author\\\/blanca\\\/\"}]}<\/script>\n<!-- \/ Yoast SEO plugin. -->","yoast_head_json":{"title":"Buena aceptaci\u00f3n para Carlos Zurita en su b\u00fasqueda por la candidatura a la diputaci\u00f3n federal. - NOTICIAS DE LA 4T","robots":{"index":"noindex","follow":"follow","max-snippet":"max-snippet:-1","max-image-preview":"max-image-preview:large","max-video-preview":"max-video-preview:-1"},"og_locale":"es_MX","og_type":"article","og_title":"Buena aceptaci\u00f3n para Carlos Zurita en su b\u00fasqueda por la candidatura a la diputaci\u00f3n federal. - NOTICIAS DE LA 4T","og_description":"Ciudad de M\u00e9xico a 28 de enero 2021 Cdmx Press.- El joven Carlos Zurita, quien...","og_url":"https:\/\/redamlo.com\/index.php\/2021\/01\/28\/buena-aceptacion-para-carlos-zurita-en-su-busqueda-por-la-candidatura-a-la-diputacion-federal\/","og_site_name":"NOTICIAS DE LA 4T","article_published_time":"2021-01-28T16:01:49+00:00","og_image":[{"width":1280,"height":853,"url":"https:\/\/redamlo.com\/wp-content\/uploads\/2021\/01\/carlos-zurita-4.jpg","type":"image\/jpeg"}],"author":"Blanca","twitter_card":"summary_large_image","twitter_misc":{"Escrito por":"Blanca","Tiempo de lectura":"1 minuto"},"schema":{"@context":"https:\/\/schema.org","@graph":[{"@type":"Article","@id":"https:\/\/redamlo.com\/index.php\/2021\/01\/28\/buena-aceptacion-para-carlos-zurita-en-su-busqueda-por-la-candidatura-a-la-diputacion-federal\/#article","isPartOf":{"@id":"https:\/\/redamlo.com\/index.php\/2021\/01\/28\/buena-aceptacion-para-carlos-zurita-en-su-busqueda-por-la-candidatura-a-la-diputacion-federal\/"},"author":{"name":"Blanca","@id":"https:\/\/redamlo.com\/#\/schema\/person\/7223a4375eb8f1a782fcae010a7115cf"},"headline":"Buena aceptaci\u00f3n para Carlos Zurita en su b\u00fasqueda por la candidatura a la diputaci\u00f3n federal.","datePublished":"2021-01-28T16:01:49+00:00","mainEntityOfPage":{"@id":"https:\/\/redamlo.com\/index.php\/2021\/01\/28\/buena-aceptacion-para-carlos-zurita-en-su-busqueda-por-la-candidatura-a-la-diputacion-federal\/"},"wordCount":200,"commentCount":0,"publisher":{"@id":"https:\/\/redamlo.com\/#organization"},"image":{"@id":"https:\/\/redamlo.com\/index.php\/2021\/01\/28\/buena-aceptacion-para-carlos-zurita-en-su-busqueda-por-la-candidatura-a-la-diputacion-federal\/#primaryimage"},"thumbnailUrl":"https:\/\/redamlo.com\/wp-content\/uploads\/2021\/01\/carlos-zurita-4.jpg","articleSection":["Estado de M\u00e9xico"],"inLanguage":"es","potentialAction":[{"@type":"CommentAction","name":"Comment","target":["https:\/\/redamlo.com\/index.php\/2021\/01\/28\/buena-aceptacion-para-carlos-zurita-en-su-busqueda-por-la-candidatura-a-la-diputacion-federal\/#respond"]}]},{"@type":"WebPage","@id":"https:\/\/redamlo.com\/index.php\/2021\/01\/28\/buena-aceptacion-para-carlos-zurita-en-su-busqueda-por-la-candidatura-a-la-diputacion-federal\/","url":"https:\/\/redamlo.com\/index.php\/2021\/01\/28\/buena-aceptacion-para-carlos-zurita-en-su-busqueda-por-la-candidatura-a-la-diputacion-federal\/","name":"Buena aceptaci\u00f3n para Carlos Zurita en su b\u00fasqueda por la candidatura a la diputaci\u00f3n federal. - NOTICIAS DE LA 4T","isPartOf":{"@id":"https:\/\/redamlo.com\/#website"},"primaryImageOfPage":{"@id":"https:\/\/redamlo.com\/index.php\/2021\/01\/28\/buena-aceptacion-para-carlos-zurita-en-su-busqueda-por-la-candidatura-a-la-diputacion-federal\/#primaryimage"},"image":{"@id":"https:\/\/redamlo.com\/index.php\/2021\/01\/28\/buena-aceptacion-para-carlos-zurita-en-su-busqueda-por-la-candidatura-a-la-diputacion-federal\/#primaryimage"},"thumbnailUrl":"https:\/\/redamlo.com\/wp-content\/uploads\/2021\/01\/carlos-zurita-4.jpg","datePublished":"2021-01-28T16:01:49+00:00","breadcrumb":{"@id":"https:\/\/redamlo.com\/index.php\/2021\/01\/28\/buena-aceptacion-para-carlos-zurita-en-su-busqueda-por-la-candidatura-a-la-diputacion-federal\/#breadcrumb"},"inLanguage":"es","potentialAction":[{"@type":"ReadAction","target":["https:\/\/redamlo.com\/index.php\/2021\/01\/28\/buena-aceptacion-para-carlos-zurita-en-su-busqueda-por-la-candidatura-a-la-diputacion-federal\/"]}]},{"@type":"ImageObject","inLanguage":"es","@id":"https:\/\/redamlo.com\/index.php\/2021\/01\/28\/buena-aceptacion-para-carlos-zurita-en-su-busqueda-por-la-candidatura-a-la-diputacion-federal\/#primaryimage","url":"https:\/\/redamlo.com\/wp-content\/uploads\/2021\/01\/carlos-zurita-4.jpg","contentUrl":"https:\/\/redamlo.com\/wp-content\/uploads\/2021\/01\/carlos-zurita-4.jpg","width":1280,"height":853},{"@type":"BreadcrumbList","@id":"https:\/\/redamlo.com\/index.php\/2021\/01\/28\/buena-aceptacion-para-carlos-zurita-en-su-busqueda-por-la-candidatura-a-la-diputacion-federal\/#breadcrumb","itemListElement":[{"@type":"ListItem","position":1,"name":"Inicio","item":"https:\/\/redamlo.com\/"},{"@type":"ListItem","position":2,"name":"Buena aceptaci\u00f3n para Carlos Zurita en su b\u00fasqueda por la candidatura a la diputaci\u00f3n federal."}]},{"@type":"WebSite","@id":"https:\/\/redamlo.com\/#website","url":"https:\/\/redamlo.com\/","name":"NOTICIAS DE LA 4T","description":"","publisher":{"@id":"https:\/\/redamlo.com\/#organization"},"potentialAction":[{"@type":"SearchAction","target":{"@type":"EntryPoint","urlTemplate":"https:\/\/redamlo.com\/?s={search_term_string}"},"query-input":{"@type":"PropertyValueSpecification","valueRequired":true,"valueName":"search_term_string"}}],"inLanguage":"es"},{"@type":"Organization","@id":"https:\/\/redamlo.com\/#organization","name":"NOTICIAS DE LA 4T","url":"https:\/\/redamlo.com\/","logo":{"@type":"ImageObject","inLanguage":"es","@id":"https:\/\/redamlo.com\/#\/schema\/logo\/image\/","url":"https:\/\/redamlo.com\/wp-content\/uploads\/2024\/08\/cropped-RED-AMLO-logo-50.png","contentUrl":"https:\/\/redamlo.com\/wp-content\/uploads\/2024\/08\/cropped-RED-AMLO-logo-50.png","width":256,"height":256,"caption":"NOTICIAS DE LA 4T"},"image":{"@id":"https:\/\/redamlo.com\/#\/schema\/logo\/image\/"}},{"@type":"Person","@id":"https:\/\/redamlo.com\/#\/schema\/person\/7223a4375eb8f1a782fcae010a7115cf","name":"Blanca","image":{"@type":"ImageObject","inLanguage":"es","@id":"https:\/\/secure.gravatar.com\/avatar\/3f79bc8336367a4e6093eae8757acaaf61d1124834b905616de7829b0273426d?s=96&d=mm&r=g","url":"https:\/\/secure.gravatar.com\/avatar\/3f79bc8336367a4e6093eae8757acaaf61d1124834b905616de7829b0273426d?s=96&d=mm&r=g","contentUrl":"https:\/\/secure.gravatar.com\/avatar\/3f79bc8336367a4e6093eae8757acaaf61d1124834b905616de7829b0273426d?s=96&d=mm&r=g","caption":"Blanca"},"url":"https:\/\/redamlo.com\/index.php\/author\/blanca\/"}]}},"_links":{"self":[{"href":"https:\/\/redamlo.com\/index.php\/wp-json\/wp\/v2\/posts\/3631","targetHints":{"allow":["GET"]}}],"collection":[{"href":"https:\/\/redamlo.com\/index.php\/wp-json\/wp\/v2\/posts"}],"about":[{"href":"https:\/\/redamlo.com\/index.php\/wp-json\/wp\/v2\/types\/post"}],"author":[{"embeddable":true,"href":"https:\/\/redamlo.com\/index.php\/wp-json\/wp\/v2\/users\/2"}],"replies":[{"embeddable":true,"href":"https:\/\/redamlo.com\/index.php\/wp-json\/wp\/v2\/comments?post=3631"}],"version-history":[{"count":0,"href":"https:\/\/redamlo.com\/index.php\/wp-json\/wp\/v2\/posts\/3631\/revisions"}],"wp:featuredmedia":[{"embeddable":true,"href":"https:\/\/redamlo.com\/index.php\/wp-json\/wp\/v2\/media\/3633"}],"wp:attachment":[{"href":"https:\/\/redamlo.com\/index.php\/wp-json\/wp\/v2\/media?parent=3631"}],"wp:term":[{"taxonomy":"category","embeddable":true,"href":"https:\/\/redamlo.com\/index.php\/wp-json\/wp\/v2\/categories?post=3631"},{"taxonomy":"post_tag","embeddable":true,"href":"https:\/\/redamlo.com\/index.php\/wp-json\/wp\/v2\/tags?post=3631"}],"curies":[{"name":"wp","href":"https:\/\/api.w.org\/{rel}","templated":true}]}}