{"id":3620,"date":"2021-01-24T18:50:07","date_gmt":"2021-01-25T00:50:07","guid":{"rendered":"https:\/\/redamlo.com\/?p=3620"},"modified":"2021-01-24T18:50:07","modified_gmt":"2021-01-25T00:50:07","slug":"lopez-obrador-contrae-la-covid-19","status":"publish","type":"post","link":"https:\/\/redamlo.com\/index.php\/2021\/01\/24\/lopez-obrador-contrae-la-covid-19\/","title":{"rendered":"L\u00f3pez Obrador contrae la COVID-19"},"content":{"rendered":"<p>El presidente de M\u00e9xico, Andr\u00e9s Manuel L\u00f3pez Obrador anunci\u00f3 en sus redes socias que result\u00f3 positivo del virus SARS-CoV&#8211;2.<\/p>\n<p>&#8220;Lamento informarles que estoy contagiado de COVID-19. Los s\u00edntomas son leves pero ya estoy en tratamiento m\u00e9dico. Como siempre, soy optimista. Saldremos adelante todos. Me representar\u00e1 la Dra. Olga S\u00e1nchez Cordero en las ma\u00f1aneras para informar como lo hacemos todos los d\u00edas&#8221;, inform\u00f3 L\u00f3pez Obrador.<\/p>\n<p>https:\/\/mobile.twitter.com\/lopezobrador_\/status\/1353500519344578560<\/p>\n<p>Adelant\u00f3 que la secretaria de Gobernaci\u00f3n, Olga S\u00e1nchez Cordero, le representar\u00e1 ante las autoridades de los tres \u00f3rdenes de gobierno y los medios de comunicaci\u00f3n.<\/p>\n<p>&#8220;Yo estar\u00e9 pendiente de los asuntos p\u00fablicos desde Palacio Nacional. Por ejemplo, ma\u00f1ana atender\u00e9 una llamada con el presidente Vladimir Putin porque, independientemente de las relaciones de amistad, existe la posibilidad de que nos env\u00eden la vacuna Sputnik V&#8221;, tuite\u00f3 AMLO.<\/p>\n<p>https:\/\/mobile.twitter.com\/lopezobrador_\/status\/1353500520397238272<\/p>\n","protected":false},"excerpt":{"rendered":"<p>El l\u00edder tabasque\u00f1o anunci\u00f3 que result\u00f3 positivo del coronavirus y seguir\u00e1 atento de M\u00e9xico desde Palacio Nacional<\/p>\n","protected":false},"author":2,"featured_media":3626,"comment_status":"open","ping_status":"closed","sticky":false,"template":"","format":"standard","meta":{"footnotes":""},"categories":[25],"tags":[84,131,479,473,245,474],"class_list":["post-3620","post","type-post","status-publish","format-standard","has-post-thumbnail","hentry","category-4t","tag-amlo","tag-andres-manuel-lopez-obrador","tag-coronavirus","tag-covid-19","tag-lopez-obrador","tag-sars-cov-2"],"yoast_head":"<!-- This site is optimized with the Yoast SEO plugin v27.5 - https:\/\/yoast.com\/product\/yoast-seo-wordpress\/ -->\n<title>L\u00f3pez Obrador contrae la COVID-19 - NOTICIAS DE LA 4T<\/title>\n<meta name=\"robots\" content=\"noindex, follow, max-snippet:-1, max-image-preview:large, max-video-preview:-1\" \/>\n<meta property=\"og:locale\" content=\"es_MX\" \/>\n<meta property=\"og:type\" content=\"article\" \/>\n<meta property=\"og:title\" content=\"L\u00f3pez Obrador contrae la COVID-19 - NOTICIAS DE LA 4T\" \/>\n<meta property=\"og:description\" content=\"El l\u00edder tabasque\u00f1o anunci\u00f3 que result\u00f3 positivo del coronavirus y seguir\u00e1 atento de M\u00e9xico desde Palacio Nacional\" \/>\n<meta property=\"og:url\" content=\"https:\/\/redamlo.com\/index.php\/2021\/01\/24\/lopez-obrador-contrae-la-covid-19\/\" \/>\n<meta property=\"og:site_name\" content=\"NOTICIAS DE LA 4T\" \/>\n<meta property=\"article:published_time\" content=\"2021-01-25T00:50:07+00:00\" \/>\n<meta property=\"og:image\" content=\"https:\/\/redamlo.com\/wp-content\/uploads\/2021\/01\/amlo-covid.jpg\" \/>\n\t<meta property=\"og:image:width\" content=\"1024\" \/>\n\t<meta property=\"og:image:height\" content=\"682\" \/>\n\t<meta property=\"og:image:type\" content=\"image\/jpeg\" \/>\n<meta name=\"author\" content=\"Blanca\" \/>\n<meta name=\"twitter:card\" content=\"summary_large_image\" \/>\n<meta name=\"twitter:label1\" content=\"Escrito por\" \/>\n\t<meta name=\"twitter:data1\" content=\"Blanca\" \/>\n\t<meta name=\"twitter:label2\" content=\"Tiempo de lectura\" \/>\n\t<meta name=\"twitter:data2\" content=\"1 minuto\" \/>\n<script type=\"application\/ld+json\" class=\"yoast-schema-graph\">{\"@context\":\"https:\\\/\\\/schema.org\",\"@graph\":[{\"@type\":\"Article\",\"@id\":\"https:\\\/\\\/redamlo.com\\\/index.php\\\/2021\\\/01\\\/24\\\/lopez-obrador-contrae-la-covid-19\\\/#article\",\"isPartOf\":{\"@id\":\"https:\\\/\\\/redamlo.com\\\/index.php\\\/2021\\\/01\\\/24\\\/lopez-obrador-contrae-la-covid-19\\\/\"},\"author\":{\"name\":\"Blanca\",\"@id\":\"https:\\\/\\\/redamlo.com\\\/#\\\/schema\\\/person\\\/7223a4375eb8f1a782fcae010a7115cf\"},\"headline\":\"L\u00f3pez Obrador contrae la COVID-19\",\"datePublished\":\"2021-01-25T00:50:07+00:00\",\"mainEntityOfPage\":{\"@id\":\"https:\\\/\\\/redamlo.com\\\/index.php\\\/2021\\\/01\\\/24\\\/lopez-obrador-contrae-la-covid-19\\\/\"},\"wordCount\":163,\"commentCount\":0,\"publisher\":{\"@id\":\"https:\\\/\\\/redamlo.com\\\/#organization\"},\"image\":{\"@id\":\"https:\\\/\\\/redamlo.com\\\/index.php\\\/2021\\\/01\\\/24\\\/lopez-obrador-contrae-la-covid-19\\\/#primaryimage\"},\"thumbnailUrl\":\"https:\\\/\\\/redamlo.com\\\/wp-content\\\/uploads\\\/2021\\\/01\\\/amlo-covid.jpg\",\"keywords\":[\"AMLO\",\"Andr\u00e9s Manuel L\u00f3pez Obrador\",\"coronavirus\",\"COVID-19\",\"L\u00f3pez Obrador\",\"SARS-CoV-2\"],\"articleSection\":[\"4T\"],\"inLanguage\":\"es\",\"potentialAction\":[{\"@type\":\"CommentAction\",\"name\":\"Comment\",\"target\":[\"https:\\\/\\\/redamlo.com\\\/index.php\\\/2021\\\/01\\\/24\\\/lopez-obrador-contrae-la-covid-19\\\/#respond\"]}]},{\"@type\":\"WebPage\",\"@id\":\"https:\\\/\\\/redamlo.com\\\/index.php\\\/2021\\\/01\\\/24\\\/lopez-obrador-contrae-la-covid-19\\\/\",\"url\":\"https:\\\/\\\/redamlo.com\\\/index.php\\\/2021\\\/01\\\/24\\\/lopez-obrador-contrae-la-covid-19\\\/\",\"name\":\"L\u00f3pez Obrador contrae la COVID-19 - NOTICIAS DE LA 4T\",\"isPartOf\":{\"@id\":\"https:\\\/\\\/redamlo.com\\\/#website\"},\"primaryImageOfPage\":{\"@id\":\"https:\\\/\\\/redamlo.com\\\/index.php\\\/2021\\\/01\\\/24\\\/lopez-obrador-contrae-la-covid-19\\\/#primaryimage\"},\"image\":{\"@id\":\"https:\\\/\\\/redamlo.com\\\/index.php\\\/2021\\\/01\\\/24\\\/lopez-obrador-contrae-la-covid-19\\\/#primaryimage\"},\"thumbnailUrl\":\"https:\\\/\\\/redamlo.com\\\/wp-content\\\/uploads\\\/2021\\\/01\\\/amlo-covid.jpg\",\"datePublished\":\"2021-01-25T00:50:07+00:00\",\"breadcrumb\":{\"@id\":\"https:\\\/\\\/redamlo.com\\\/index.php\\\/2021\\\/01\\\/24\\\/lopez-obrador-contrae-la-covid-19\\\/#breadcrumb\"},\"inLanguage\":\"es\",\"potentialAction\":[{\"@type\":\"ReadAction\",\"target\":[\"https:\\\/\\\/redamlo.com\\\/index.php\\\/2021\\\/01\\\/24\\\/lopez-obrador-contrae-la-covid-19\\\/\"]}]},{\"@type\":\"ImageObject\",\"inLanguage\":\"es\",\"@id\":\"https:\\\/\\\/redamlo.com\\\/index.php\\\/2021\\\/01\\\/24\\\/lopez-obrador-contrae-la-covid-19\\\/#primaryimage\",\"url\":\"https:\\\/\\\/redamlo.com\\\/wp-content\\\/uploads\\\/2021\\\/01\\\/amlo-covid.jpg\",\"contentUrl\":\"https:\\\/\\\/redamlo.com\\\/wp-content\\\/uploads\\\/2021\\\/01\\\/amlo-covid.jpg\",\"width\":1024,\"height\":682},{\"@type\":\"BreadcrumbList\",\"@id\":\"https:\\\/\\\/redamlo.com\\\/index.php\\\/2021\\\/01\\\/24\\\/lopez-obrador-contrae-la-covid-19\\\/#breadcrumb\",\"itemListElement\":[{\"@type\":\"ListItem\",\"position\":1,\"name\":\"Inicio\",\"item\":\"https:\\\/\\\/redamlo.com\\\/\"},{\"@type\":\"ListItem\",\"position\":2,\"name\":\"L\u00f3pez Obrador contrae la COVID-19\"}]},{\"@type\":\"WebSite\",\"@id\":\"https:\\\/\\\/redamlo.com\\\/#website\",\"url\":\"https:\\\/\\\/redamlo.com\\\/\",\"name\":\"NOTICIAS DE LA 4T\",\"description\":\"\",\"publisher\":{\"@id\":\"https:\\\/\\\/redamlo.com\\\/#organization\"},\"potentialAction\":[{\"@type\":\"SearchAction\",\"target\":{\"@type\":\"EntryPoint\",\"urlTemplate\":\"https:\\\/\\\/redamlo.com\\\/?s={search_term_string}\"},\"query-input\":{\"@type\":\"PropertyValueSpecification\",\"valueRequired\":true,\"valueName\":\"search_term_string\"}}],\"inLanguage\":\"es\"},{\"@type\":\"Organization\",\"@id\":\"https:\\\/\\\/redamlo.com\\\/#organization\",\"name\":\"NOTICIAS DE LA 4T\",\"url\":\"https:\\\/\\\/redamlo.com\\\/\",\"logo\":{\"@type\":\"ImageObject\",\"inLanguage\":\"es\",\"@id\":\"https:\\\/\\\/redamlo.com\\\/#\\\/schema\\\/logo\\\/image\\\/\",\"url\":\"https:\\\/\\\/redamlo.com\\\/wp-content\\\/uploads\\\/2024\\\/08\\\/cropped-RED-AMLO-logo-50.png\",\"contentUrl\":\"https:\\\/\\\/redamlo.com\\\/wp-content\\\/uploads\\\/2024\\\/08\\\/cropped-RED-AMLO-logo-50.png\",\"width\":256,\"height\":256,\"caption\":\"NOTICIAS DE LA 4T\"},\"image\":{\"@id\":\"https:\\\/\\\/redamlo.com\\\/#\\\/schema\\\/logo\\\/image\\\/\"}},{\"@type\":\"Person\",\"@id\":\"https:\\\/\\\/redamlo.com\\\/#\\\/schema\\\/person\\\/7223a4375eb8f1a782fcae010a7115cf\",\"name\":\"Blanca\",\"image\":{\"@type\":\"ImageObject\",\"inLanguage\":\"es\",\"@id\":\"https:\\\/\\\/secure.gravatar.com\\\/avatar\\\/3f79bc8336367a4e6093eae8757acaaf61d1124834b905616de7829b0273426d?s=96&d=mm&r=g\",\"url\":\"https:\\\/\\\/secure.gravatar.com\\\/avatar\\\/3f79bc8336367a4e6093eae8757acaaf61d1124834b905616de7829b0273426d?s=96&d=mm&r=g\",\"contentUrl\":\"https:\\\/\\\/secure.gravatar.com\\\/avatar\\\/3f79bc8336367a4e6093eae8757acaaf61d1124834b905616de7829b0273426d?s=96&d=mm&r=g\",\"caption\":\"Blanca\"},\"url\":\"https:\\\/\\\/redamlo.com\\\/index.php\\\/author\\\/blanca\\\/\"}]}<\/script>\n<!-- \/ Yoast SEO plugin. -->","yoast_head_json":{"title":"L\u00f3pez Obrador contrae la COVID-19 - NOTICIAS DE LA 4T","robots":{"index":"noindex","follow":"follow","max-snippet":"max-snippet:-1","max-image-preview":"max-image-preview:large","max-video-preview":"max-video-preview:-1"},"og_locale":"es_MX","og_type":"article","og_title":"L\u00f3pez Obrador contrae la COVID-19 - NOTICIAS DE LA 4T","og_description":"El l\u00edder tabasque\u00f1o anunci\u00f3 que result\u00f3 positivo del coronavirus y seguir\u00e1 atento de M\u00e9xico desde Palacio Nacional","og_url":"https:\/\/redamlo.com\/index.php\/2021\/01\/24\/lopez-obrador-contrae-la-covid-19\/","og_site_name":"NOTICIAS DE LA 4T","article_published_time":"2021-01-25T00:50:07+00:00","og_image":[{"width":1024,"height":682,"url":"https:\/\/redamlo.com\/wp-content\/uploads\/2021\/01\/amlo-covid.jpg","type":"image\/jpeg"}],"author":"Blanca","twitter_card":"summary_large_image","twitter_misc":{"Escrito por":"Blanca","Tiempo de lectura":"1 minuto"},"schema":{"@context":"https:\/\/schema.org","@graph":[{"@type":"Article","@id":"https:\/\/redamlo.com\/index.php\/2021\/01\/24\/lopez-obrador-contrae-la-covid-19\/#article","isPartOf":{"@id":"https:\/\/redamlo.com\/index.php\/2021\/01\/24\/lopez-obrador-contrae-la-covid-19\/"},"author":{"name":"Blanca","@id":"https:\/\/redamlo.com\/#\/schema\/person\/7223a4375eb8f1a782fcae010a7115cf"},"headline":"L\u00f3pez Obrador contrae la COVID-19","datePublished":"2021-01-25T00:50:07+00:00","mainEntityOfPage":{"@id":"https:\/\/redamlo.com\/index.php\/2021\/01\/24\/lopez-obrador-contrae-la-covid-19\/"},"wordCount":163,"commentCount":0,"publisher":{"@id":"https:\/\/redamlo.com\/#organization"},"image":{"@id":"https:\/\/redamlo.com\/index.php\/2021\/01\/24\/lopez-obrador-contrae-la-covid-19\/#primaryimage"},"thumbnailUrl":"https:\/\/redamlo.com\/wp-content\/uploads\/2021\/01\/amlo-covid.jpg","keywords":["AMLO","Andr\u00e9s Manuel L\u00f3pez Obrador","coronavirus","COVID-19","L\u00f3pez Obrador","SARS-CoV-2"],"articleSection":["4T"],"inLanguage":"es","potentialAction":[{"@type":"CommentAction","name":"Comment","target":["https:\/\/redamlo.com\/index.php\/2021\/01\/24\/lopez-obrador-contrae-la-covid-19\/#respond"]}]},{"@type":"WebPage","@id":"https:\/\/redamlo.com\/index.php\/2021\/01\/24\/lopez-obrador-contrae-la-covid-19\/","url":"https:\/\/redamlo.com\/index.php\/2021\/01\/24\/lopez-obrador-contrae-la-covid-19\/","name":"L\u00f3pez Obrador contrae la COVID-19 - NOTICIAS DE LA 4T","isPartOf":{"@id":"https:\/\/redamlo.com\/#website"},"primaryImageOfPage":{"@id":"https:\/\/redamlo.com\/index.php\/2021\/01\/24\/lopez-obrador-contrae-la-covid-19\/#primaryimage"},"image":{"@id":"https:\/\/redamlo.com\/index.php\/2021\/01\/24\/lopez-obrador-contrae-la-covid-19\/#primaryimage"},"thumbnailUrl":"https:\/\/redamlo.com\/wp-content\/uploads\/2021\/01\/amlo-covid.jpg","datePublished":"2021-01-25T00:50:07+00:00","breadcrumb":{"@id":"https:\/\/redamlo.com\/index.php\/2021\/01\/24\/lopez-obrador-contrae-la-covid-19\/#breadcrumb"},"inLanguage":"es","potentialAction":[{"@type":"ReadAction","target":["https:\/\/redamlo.com\/index.php\/2021\/01\/24\/lopez-obrador-contrae-la-covid-19\/"]}]},{"@type":"ImageObject","inLanguage":"es","@id":"https:\/\/redamlo.com\/index.php\/2021\/01\/24\/lopez-obrador-contrae-la-covid-19\/#primaryimage","url":"https:\/\/redamlo.com\/wp-content\/uploads\/2021\/01\/amlo-covid.jpg","contentUrl":"https:\/\/redamlo.com\/wp-content\/uploads\/2021\/01\/amlo-covid.jpg","width":1024,"height":682},{"@type":"BreadcrumbList","@id":"https:\/\/redamlo.com\/index.php\/2021\/01\/24\/lopez-obrador-contrae-la-covid-19\/#breadcrumb","itemListElement":[{"@type":"ListItem","position":1,"name":"Inicio","item":"https:\/\/redamlo.com\/"},{"@type":"ListItem","position":2,"name":"L\u00f3pez Obrador contrae la COVID-19"}]},{"@type":"WebSite","@id":"https:\/\/redamlo.com\/#website","url":"https:\/\/redamlo.com\/","name":"NOTICIAS DE LA 4T","description":"","publisher":{"@id":"https:\/\/redamlo.com\/#organization"},"potentialAction":[{"@type":"SearchAction","target":{"@type":"EntryPoint","urlTemplate":"https:\/\/redamlo.com\/?s={search_term_string}"},"query-input":{"@type":"PropertyValueSpecification","valueRequired":true,"valueName":"search_term_string"}}],"inLanguage":"es"},{"@type":"Organization","@id":"https:\/\/redamlo.com\/#organization","name":"NOTICIAS DE LA 4T","url":"https:\/\/redamlo.com\/","logo":{"@type":"ImageObject","inLanguage":"es","@id":"https:\/\/redamlo.com\/#\/schema\/logo\/image\/","url":"https:\/\/redamlo.com\/wp-content\/uploads\/2024\/08\/cropped-RED-AMLO-logo-50.png","contentUrl":"https:\/\/redamlo.com\/wp-content\/uploads\/2024\/08\/cropped-RED-AMLO-logo-50.png","width":256,"height":256,"caption":"NOTICIAS DE LA 4T"},"image":{"@id":"https:\/\/redamlo.com\/#\/schema\/logo\/image\/"}},{"@type":"Person","@id":"https:\/\/redamlo.com\/#\/schema\/person\/7223a4375eb8f1a782fcae010a7115cf","name":"Blanca","image":{"@type":"ImageObject","inLanguage":"es","@id":"https:\/\/secure.gravatar.com\/avatar\/3f79bc8336367a4e6093eae8757acaaf61d1124834b905616de7829b0273426d?s=96&d=mm&r=g","url":"https:\/\/secure.gravatar.com\/avatar\/3f79bc8336367a4e6093eae8757acaaf61d1124834b905616de7829b0273426d?s=96&d=mm&r=g","contentUrl":"https:\/\/secure.gravatar.com\/avatar\/3f79bc8336367a4e6093eae8757acaaf61d1124834b905616de7829b0273426d?s=96&d=mm&r=g","caption":"Blanca"},"url":"https:\/\/redamlo.com\/index.php\/author\/blanca\/"}]}},"_links":{"self":[{"href":"https:\/\/redamlo.com\/index.php\/wp-json\/wp\/v2\/posts\/3620","targetHints":{"allow":["GET"]}}],"collection":[{"href":"https:\/\/redamlo.com\/index.php\/wp-json\/wp\/v2\/posts"}],"about":[{"href":"https:\/\/redamlo.com\/index.php\/wp-json\/wp\/v2\/types\/post"}],"author":[{"embeddable":true,"href":"https:\/\/redamlo.com\/index.php\/wp-json\/wp\/v2\/users\/2"}],"replies":[{"embeddable":true,"href":"https:\/\/redamlo.com\/index.php\/wp-json\/wp\/v2\/comments?post=3620"}],"version-history":[{"count":0,"href":"https:\/\/redamlo.com\/index.php\/wp-json\/wp\/v2\/posts\/3620\/revisions"}],"wp:featuredmedia":[{"embeddable":true,"href":"https:\/\/redamlo.com\/index.php\/wp-json\/wp\/v2\/media\/3626"}],"wp:attachment":[{"href":"https:\/\/redamlo.com\/index.php\/wp-json\/wp\/v2\/media?parent=3620"}],"wp:term":[{"taxonomy":"category","embeddable":true,"href":"https:\/\/redamlo.com\/index.php\/wp-json\/wp\/v2\/categories?post=3620"},{"taxonomy":"post_tag","embeddable":true,"href":"https:\/\/redamlo.com\/index.php\/wp-json\/wp\/v2\/tags?post=3620"}],"curies":[{"name":"wp","href":"https:\/\/api.w.org\/{rel}","templated":true}]}}