{"id":3604,"date":"2021-01-22T12:54:01","date_gmt":"2021-01-22T18:54:01","guid":{"rendered":"https:\/\/redamlo.com\/?p=3604"},"modified":"2021-01-22T12:54:01","modified_gmt":"2021-01-22T18:54:01","slug":"lopez-obrador-no-monopolizara-aplicacion-de-la-vacuna-contra-covid-19","status":"publish","type":"post","link":"https:\/\/redamlo.com\/index.php\/2021\/01\/22\/lopez-obrador-no-monopolizara-aplicacion-de-la-vacuna-contra-covid-19\/","title":{"rendered":"L\u00f3pez Obrador no &#8216;monopolizar\u00e1&#8217; aplicaci\u00f3n de la vacuna contra COVID-19"},"content":{"rendered":"<p>Tras el anuncio del gobierno de Nuevo Le\u00f3n de que viajar\u00e1 a Rusia para adquirir dosis de vacuna contra la COVID-19, el presidente Andr\u00e9s Manuel L\u00f3pez Obrador, declar\u00f3 que su gobierno no pretende llevar el monopolio de las dosis.<\/p>\n<p>&#8220;No quiero que se malinterprete, que hay empresas que quieren comprar vacunas y no se les permite porque el gobierno ejerce un monopolio de la aplicaci\u00f3n de las vacunas. No&#8221;, dijo durante la conferencia de prensa ma\u00f1anera.<\/p>\n<p>Por otro lado, pidi\u00f3 que este tema no se pol\u00edtice porque es un asunto muy serio y exigi\u00f3 no se den falsas esperanzas utilizando la demagog\u00eda.<\/p>\n<p>&#8220;Lo mismo en el caso de los gobiernos estatales. \u00bfQuieren adquirir vacunas? Est\u00e1n en libertad para hacerlo. No quiero que se preste a la politiquer\u00eda, esto es un asunto muy serio. Entonces, es mejor definir las reglas.<\/p>\n<p>&#8220;No va a haber retrasos en las autorizaciones, nada m\u00e1s lo \u00fanico es la solicitud y anexo el contrato de compra. Tambi\u00e9n para que no anden enga\u00f1ando diciendo: \u2018Voy a comprar\u2019 y resulta que no hay en los hechos nada real, que es pura demagogia&#8221;, enfatiz\u00f3 AMLO.<\/p>\n","protected":false},"excerpt":{"rendered":"<p>El presidente de M\u00e9xico asegur\u00f3 que no habr\u00e1 retrasos en las autorizaciones de la vacuna contra el SARS-CoV&#8211;2 para los gobiernos estatales<\/p>\n","protected":false},"author":2,"featured_media":3606,"comment_status":"open","ping_status":"closed","sticky":false,"template":"","format":"standard","meta":{"footnotes":""},"categories":[25],"tags":[84,131,473,9,474,475,476],"class_list":["post-3604","post","type-post","status-publish","format-standard","has-post-thumbnail","hentry","category-4t","tag-amlo","tag-andres-manuel-lopez-obrador","tag-covid-19","tag-mexico","tag-sars-cov-2","tag-vacuna","tag-vacuna-contra-covid-19"],"yoast_head":"<!-- This site is optimized with the Yoast SEO plugin v27.5 - https:\/\/yoast.com\/product\/yoast-seo-wordpress\/ -->\n<title>L\u00f3pez Obrador no &#039;monopolizar\u00e1&#039; aplicaci\u00f3n de la vacuna contra COVID-19 - NOTICIAS DE LA 4T<\/title>\n<meta name=\"robots\" content=\"noindex, follow, max-snippet:-1, max-image-preview:large, max-video-preview:-1\" \/>\n<meta property=\"og:locale\" content=\"es_MX\" \/>\n<meta property=\"og:type\" content=\"article\" \/>\n<meta property=\"og:title\" content=\"L\u00f3pez Obrador no &#039;monopolizar\u00e1&#039; aplicaci\u00f3n de la vacuna contra COVID-19 - NOTICIAS DE LA 4T\" \/>\n<meta property=\"og:description\" content=\"El presidente de M\u00e9xico asegur\u00f3 que no habr\u00e1 retrasos en las autorizaciones de la vacuna contra el SARS-CoV--2 para los gobiernos estatales\" \/>\n<meta property=\"og:url\" content=\"https:\/\/redamlo.com\/index.php\/2021\/01\/22\/lopez-obrador-no-monopolizara-aplicacion-de-la-vacuna-contra-covid-19\/\" \/>\n<meta property=\"og:site_name\" content=\"NOTICIAS DE LA 4T\" \/>\n<meta property=\"article:published_time\" content=\"2021-01-22T18:54:01+00:00\" \/>\n<meta property=\"og:image\" content=\"https:\/\/redamlo.com\/wp-content\/uploads\/2021\/01\/IMG-20210122-WA0006.jpg\" \/>\n\t<meta property=\"og:image:width\" content=\"1024\" \/>\n\t<meta property=\"og:image:height\" content=\"681\" \/>\n\t<meta property=\"og:image:type\" content=\"image\/jpeg\" \/>\n<meta name=\"author\" content=\"Blanca\" \/>\n<meta name=\"twitter:card\" content=\"summary_large_image\" \/>\n<meta name=\"twitter:label1\" content=\"Escrito por\" \/>\n\t<meta name=\"twitter:data1\" content=\"Blanca\" \/>\n\t<meta name=\"twitter:label2\" content=\"Tiempo de lectura\" \/>\n\t<meta name=\"twitter:data2\" content=\"1 minuto\" \/>\n<script type=\"application\/ld+json\" class=\"yoast-schema-graph\">{\"@context\":\"https:\\\/\\\/schema.org\",\"@graph\":[{\"@type\":\"Article\",\"@id\":\"https:\\\/\\\/redamlo.com\\\/index.php\\\/2021\\\/01\\\/22\\\/lopez-obrador-no-monopolizara-aplicacion-de-la-vacuna-contra-covid-19\\\/#article\",\"isPartOf\":{\"@id\":\"https:\\\/\\\/redamlo.com\\\/index.php\\\/2021\\\/01\\\/22\\\/lopez-obrador-no-monopolizara-aplicacion-de-la-vacuna-contra-covid-19\\\/\"},\"author\":{\"name\":\"Blanca\",\"@id\":\"https:\\\/\\\/redamlo.com\\\/#\\\/schema\\\/person\\\/7223a4375eb8f1a782fcae010a7115cf\"},\"headline\":\"L\u00f3pez Obrador no &#8216;monopolizar\u00e1&#8217; aplicaci\u00f3n de la vacuna contra COVID-19\",\"datePublished\":\"2021-01-22T18:54:01+00:00\",\"mainEntityOfPage\":{\"@id\":\"https:\\\/\\\/redamlo.com\\\/index.php\\\/2021\\\/01\\\/22\\\/lopez-obrador-no-monopolizara-aplicacion-de-la-vacuna-contra-covid-19\\\/\"},\"wordCount\":210,\"commentCount\":0,\"publisher\":{\"@id\":\"https:\\\/\\\/redamlo.com\\\/#organization\"},\"image\":{\"@id\":\"https:\\\/\\\/redamlo.com\\\/index.php\\\/2021\\\/01\\\/22\\\/lopez-obrador-no-monopolizara-aplicacion-de-la-vacuna-contra-covid-19\\\/#primaryimage\"},\"thumbnailUrl\":\"https:\\\/\\\/redamlo.com\\\/wp-content\\\/uploads\\\/2021\\\/01\\\/IMG-20210122-WA0006.jpg\",\"keywords\":[\"AMLO\",\"Andr\u00e9s Manuel L\u00f3pez Obrador\",\"COVID-19\",\"M\u00e9xico\",\"SARS-CoV-2\",\"vacuna\",\"vacuna contra COVID-19\"],\"articleSection\":[\"4T\"],\"inLanguage\":\"es\",\"potentialAction\":[{\"@type\":\"CommentAction\",\"name\":\"Comment\",\"target\":[\"https:\\\/\\\/redamlo.com\\\/index.php\\\/2021\\\/01\\\/22\\\/lopez-obrador-no-monopolizara-aplicacion-de-la-vacuna-contra-covid-19\\\/#respond\"]}]},{\"@type\":\"WebPage\",\"@id\":\"https:\\\/\\\/redamlo.com\\\/index.php\\\/2021\\\/01\\\/22\\\/lopez-obrador-no-monopolizara-aplicacion-de-la-vacuna-contra-covid-19\\\/\",\"url\":\"https:\\\/\\\/redamlo.com\\\/index.php\\\/2021\\\/01\\\/22\\\/lopez-obrador-no-monopolizara-aplicacion-de-la-vacuna-contra-covid-19\\\/\",\"name\":\"L\u00f3pez Obrador no 'monopolizar\u00e1' aplicaci\u00f3n de la vacuna contra COVID-19 - NOTICIAS DE LA 4T\",\"isPartOf\":{\"@id\":\"https:\\\/\\\/redamlo.com\\\/#website\"},\"primaryImageOfPage\":{\"@id\":\"https:\\\/\\\/redamlo.com\\\/index.php\\\/2021\\\/01\\\/22\\\/lopez-obrador-no-monopolizara-aplicacion-de-la-vacuna-contra-covid-19\\\/#primaryimage\"},\"image\":{\"@id\":\"https:\\\/\\\/redamlo.com\\\/index.php\\\/2021\\\/01\\\/22\\\/lopez-obrador-no-monopolizara-aplicacion-de-la-vacuna-contra-covid-19\\\/#primaryimage\"},\"thumbnailUrl\":\"https:\\\/\\\/redamlo.com\\\/wp-content\\\/uploads\\\/2021\\\/01\\\/IMG-20210122-WA0006.jpg\",\"datePublished\":\"2021-01-22T18:54:01+00:00\",\"breadcrumb\":{\"@id\":\"https:\\\/\\\/redamlo.com\\\/index.php\\\/2021\\\/01\\\/22\\\/lopez-obrador-no-monopolizara-aplicacion-de-la-vacuna-contra-covid-19\\\/#breadcrumb\"},\"inLanguage\":\"es\",\"potentialAction\":[{\"@type\":\"ReadAction\",\"target\":[\"https:\\\/\\\/redamlo.com\\\/index.php\\\/2021\\\/01\\\/22\\\/lopez-obrador-no-monopolizara-aplicacion-de-la-vacuna-contra-covid-19\\\/\"]}]},{\"@type\":\"ImageObject\",\"inLanguage\":\"es\",\"@id\":\"https:\\\/\\\/redamlo.com\\\/index.php\\\/2021\\\/01\\\/22\\\/lopez-obrador-no-monopolizara-aplicacion-de-la-vacuna-contra-covid-19\\\/#primaryimage\",\"url\":\"https:\\\/\\\/redamlo.com\\\/wp-content\\\/uploads\\\/2021\\\/01\\\/IMG-20210122-WA0006.jpg\",\"contentUrl\":\"https:\\\/\\\/redamlo.com\\\/wp-content\\\/uploads\\\/2021\\\/01\\\/IMG-20210122-WA0006.jpg\",\"width\":1024,\"height\":681},{\"@type\":\"BreadcrumbList\",\"@id\":\"https:\\\/\\\/redamlo.com\\\/index.php\\\/2021\\\/01\\\/22\\\/lopez-obrador-no-monopolizara-aplicacion-de-la-vacuna-contra-covid-19\\\/#breadcrumb\",\"itemListElement\":[{\"@type\":\"ListItem\",\"position\":1,\"name\":\"Inicio\",\"item\":\"https:\\\/\\\/redamlo.com\\\/\"},{\"@type\":\"ListItem\",\"position\":2,\"name\":\"L\u00f3pez Obrador no &#8216;monopolizar\u00e1&#8217; aplicaci\u00f3n de la vacuna contra COVID-19\"}]},{\"@type\":\"WebSite\",\"@id\":\"https:\\\/\\\/redamlo.com\\\/#website\",\"url\":\"https:\\\/\\\/redamlo.com\\\/\",\"name\":\"NOTICIAS DE LA 4T\",\"description\":\"\",\"publisher\":{\"@id\":\"https:\\\/\\\/redamlo.com\\\/#organization\"},\"potentialAction\":[{\"@type\":\"SearchAction\",\"target\":{\"@type\":\"EntryPoint\",\"urlTemplate\":\"https:\\\/\\\/redamlo.com\\\/?s={search_term_string}\"},\"query-input\":{\"@type\":\"PropertyValueSpecification\",\"valueRequired\":true,\"valueName\":\"search_term_string\"}}],\"inLanguage\":\"es\"},{\"@type\":\"Organization\",\"@id\":\"https:\\\/\\\/redamlo.com\\\/#organization\",\"name\":\"NOTICIAS DE LA 4T\",\"url\":\"https:\\\/\\\/redamlo.com\\\/\",\"logo\":{\"@type\":\"ImageObject\",\"inLanguage\":\"es\",\"@id\":\"https:\\\/\\\/redamlo.com\\\/#\\\/schema\\\/logo\\\/image\\\/\",\"url\":\"https:\\\/\\\/redamlo.com\\\/wp-content\\\/uploads\\\/2024\\\/08\\\/cropped-RED-AMLO-logo-50.png\",\"contentUrl\":\"https:\\\/\\\/redamlo.com\\\/wp-content\\\/uploads\\\/2024\\\/08\\\/cropped-RED-AMLO-logo-50.png\",\"width\":256,\"height\":256,\"caption\":\"NOTICIAS DE LA 4T\"},\"image\":{\"@id\":\"https:\\\/\\\/redamlo.com\\\/#\\\/schema\\\/logo\\\/image\\\/\"}},{\"@type\":\"Person\",\"@id\":\"https:\\\/\\\/redamlo.com\\\/#\\\/schema\\\/person\\\/7223a4375eb8f1a782fcae010a7115cf\",\"name\":\"Blanca\",\"image\":{\"@type\":\"ImageObject\",\"inLanguage\":\"es\",\"@id\":\"https:\\\/\\\/secure.gravatar.com\\\/avatar\\\/3f79bc8336367a4e6093eae8757acaaf61d1124834b905616de7829b0273426d?s=96&d=mm&r=g\",\"url\":\"https:\\\/\\\/secure.gravatar.com\\\/avatar\\\/3f79bc8336367a4e6093eae8757acaaf61d1124834b905616de7829b0273426d?s=96&d=mm&r=g\",\"contentUrl\":\"https:\\\/\\\/secure.gravatar.com\\\/avatar\\\/3f79bc8336367a4e6093eae8757acaaf61d1124834b905616de7829b0273426d?s=96&d=mm&r=g\",\"caption\":\"Blanca\"},\"url\":\"https:\\\/\\\/redamlo.com\\\/index.php\\\/author\\\/blanca\\\/\"}]}<\/script>\n<!-- \/ Yoast SEO plugin. -->","yoast_head_json":{"title":"L\u00f3pez Obrador no 'monopolizar\u00e1' aplicaci\u00f3n de la vacuna contra COVID-19 - NOTICIAS DE LA 4T","robots":{"index":"noindex","follow":"follow","max-snippet":"max-snippet:-1","max-image-preview":"max-image-preview:large","max-video-preview":"max-video-preview:-1"},"og_locale":"es_MX","og_type":"article","og_title":"L\u00f3pez Obrador no 'monopolizar\u00e1' aplicaci\u00f3n de la vacuna contra COVID-19 - NOTICIAS DE LA 4T","og_description":"El presidente de M\u00e9xico asegur\u00f3 que no habr\u00e1 retrasos en las autorizaciones de la vacuna contra el SARS-CoV--2 para los gobiernos estatales","og_url":"https:\/\/redamlo.com\/index.php\/2021\/01\/22\/lopez-obrador-no-monopolizara-aplicacion-de-la-vacuna-contra-covid-19\/","og_site_name":"NOTICIAS DE LA 4T","article_published_time":"2021-01-22T18:54:01+00:00","og_image":[{"width":1024,"height":681,"url":"https:\/\/redamlo.com\/wp-content\/uploads\/2021\/01\/IMG-20210122-WA0006.jpg","type":"image\/jpeg"}],"author":"Blanca","twitter_card":"summary_large_image","twitter_misc":{"Escrito por":"Blanca","Tiempo de lectura":"1 minuto"},"schema":{"@context":"https:\/\/schema.org","@graph":[{"@type":"Article","@id":"https:\/\/redamlo.com\/index.php\/2021\/01\/22\/lopez-obrador-no-monopolizara-aplicacion-de-la-vacuna-contra-covid-19\/#article","isPartOf":{"@id":"https:\/\/redamlo.com\/index.php\/2021\/01\/22\/lopez-obrador-no-monopolizara-aplicacion-de-la-vacuna-contra-covid-19\/"},"author":{"name":"Blanca","@id":"https:\/\/redamlo.com\/#\/schema\/person\/7223a4375eb8f1a782fcae010a7115cf"},"headline":"L\u00f3pez Obrador no &#8216;monopolizar\u00e1&#8217; aplicaci\u00f3n de la vacuna contra COVID-19","datePublished":"2021-01-22T18:54:01+00:00","mainEntityOfPage":{"@id":"https:\/\/redamlo.com\/index.php\/2021\/01\/22\/lopez-obrador-no-monopolizara-aplicacion-de-la-vacuna-contra-covid-19\/"},"wordCount":210,"commentCount":0,"publisher":{"@id":"https:\/\/redamlo.com\/#organization"},"image":{"@id":"https:\/\/redamlo.com\/index.php\/2021\/01\/22\/lopez-obrador-no-monopolizara-aplicacion-de-la-vacuna-contra-covid-19\/#primaryimage"},"thumbnailUrl":"https:\/\/redamlo.com\/wp-content\/uploads\/2021\/01\/IMG-20210122-WA0006.jpg","keywords":["AMLO","Andr\u00e9s Manuel L\u00f3pez Obrador","COVID-19","M\u00e9xico","SARS-CoV-2","vacuna","vacuna contra COVID-19"],"articleSection":["4T"],"inLanguage":"es","potentialAction":[{"@type":"CommentAction","name":"Comment","target":["https:\/\/redamlo.com\/index.php\/2021\/01\/22\/lopez-obrador-no-monopolizara-aplicacion-de-la-vacuna-contra-covid-19\/#respond"]}]},{"@type":"WebPage","@id":"https:\/\/redamlo.com\/index.php\/2021\/01\/22\/lopez-obrador-no-monopolizara-aplicacion-de-la-vacuna-contra-covid-19\/","url":"https:\/\/redamlo.com\/index.php\/2021\/01\/22\/lopez-obrador-no-monopolizara-aplicacion-de-la-vacuna-contra-covid-19\/","name":"L\u00f3pez Obrador no 'monopolizar\u00e1' aplicaci\u00f3n de la vacuna contra COVID-19 - NOTICIAS DE LA 4T","isPartOf":{"@id":"https:\/\/redamlo.com\/#website"},"primaryImageOfPage":{"@id":"https:\/\/redamlo.com\/index.php\/2021\/01\/22\/lopez-obrador-no-monopolizara-aplicacion-de-la-vacuna-contra-covid-19\/#primaryimage"},"image":{"@id":"https:\/\/redamlo.com\/index.php\/2021\/01\/22\/lopez-obrador-no-monopolizara-aplicacion-de-la-vacuna-contra-covid-19\/#primaryimage"},"thumbnailUrl":"https:\/\/redamlo.com\/wp-content\/uploads\/2021\/01\/IMG-20210122-WA0006.jpg","datePublished":"2021-01-22T18:54:01+00:00","breadcrumb":{"@id":"https:\/\/redamlo.com\/index.php\/2021\/01\/22\/lopez-obrador-no-monopolizara-aplicacion-de-la-vacuna-contra-covid-19\/#breadcrumb"},"inLanguage":"es","potentialAction":[{"@type":"ReadAction","target":["https:\/\/redamlo.com\/index.php\/2021\/01\/22\/lopez-obrador-no-monopolizara-aplicacion-de-la-vacuna-contra-covid-19\/"]}]},{"@type":"ImageObject","inLanguage":"es","@id":"https:\/\/redamlo.com\/index.php\/2021\/01\/22\/lopez-obrador-no-monopolizara-aplicacion-de-la-vacuna-contra-covid-19\/#primaryimage","url":"https:\/\/redamlo.com\/wp-content\/uploads\/2021\/01\/IMG-20210122-WA0006.jpg","contentUrl":"https:\/\/redamlo.com\/wp-content\/uploads\/2021\/01\/IMG-20210122-WA0006.jpg","width":1024,"height":681},{"@type":"BreadcrumbList","@id":"https:\/\/redamlo.com\/index.php\/2021\/01\/22\/lopez-obrador-no-monopolizara-aplicacion-de-la-vacuna-contra-covid-19\/#breadcrumb","itemListElement":[{"@type":"ListItem","position":1,"name":"Inicio","item":"https:\/\/redamlo.com\/"},{"@type":"ListItem","position":2,"name":"L\u00f3pez Obrador no &#8216;monopolizar\u00e1&#8217; aplicaci\u00f3n de la vacuna contra COVID-19"}]},{"@type":"WebSite","@id":"https:\/\/redamlo.com\/#website","url":"https:\/\/redamlo.com\/","name":"NOTICIAS DE LA 4T","description":"","publisher":{"@id":"https:\/\/redamlo.com\/#organization"},"potentialAction":[{"@type":"SearchAction","target":{"@type":"EntryPoint","urlTemplate":"https:\/\/redamlo.com\/?s={search_term_string}"},"query-input":{"@type":"PropertyValueSpecification","valueRequired":true,"valueName":"search_term_string"}}],"inLanguage":"es"},{"@type":"Organization","@id":"https:\/\/redamlo.com\/#organization","name":"NOTICIAS DE LA 4T","url":"https:\/\/redamlo.com\/","logo":{"@type":"ImageObject","inLanguage":"es","@id":"https:\/\/redamlo.com\/#\/schema\/logo\/image\/","url":"https:\/\/redamlo.com\/wp-content\/uploads\/2024\/08\/cropped-RED-AMLO-logo-50.png","contentUrl":"https:\/\/redamlo.com\/wp-content\/uploads\/2024\/08\/cropped-RED-AMLO-logo-50.png","width":256,"height":256,"caption":"NOTICIAS DE LA 4T"},"image":{"@id":"https:\/\/redamlo.com\/#\/schema\/logo\/image\/"}},{"@type":"Person","@id":"https:\/\/redamlo.com\/#\/schema\/person\/7223a4375eb8f1a782fcae010a7115cf","name":"Blanca","image":{"@type":"ImageObject","inLanguage":"es","@id":"https:\/\/secure.gravatar.com\/avatar\/3f79bc8336367a4e6093eae8757acaaf61d1124834b905616de7829b0273426d?s=96&d=mm&r=g","url":"https:\/\/secure.gravatar.com\/avatar\/3f79bc8336367a4e6093eae8757acaaf61d1124834b905616de7829b0273426d?s=96&d=mm&r=g","contentUrl":"https:\/\/secure.gravatar.com\/avatar\/3f79bc8336367a4e6093eae8757acaaf61d1124834b905616de7829b0273426d?s=96&d=mm&r=g","caption":"Blanca"},"url":"https:\/\/redamlo.com\/index.php\/author\/blanca\/"}]}},"_links":{"self":[{"href":"https:\/\/redamlo.com\/index.php\/wp-json\/wp\/v2\/posts\/3604","targetHints":{"allow":["GET"]}}],"collection":[{"href":"https:\/\/redamlo.com\/index.php\/wp-json\/wp\/v2\/posts"}],"about":[{"href":"https:\/\/redamlo.com\/index.php\/wp-json\/wp\/v2\/types\/post"}],"author":[{"embeddable":true,"href":"https:\/\/redamlo.com\/index.php\/wp-json\/wp\/v2\/users\/2"}],"replies":[{"embeddable":true,"href":"https:\/\/redamlo.com\/index.php\/wp-json\/wp\/v2\/comments?post=3604"}],"version-history":[{"count":0,"href":"https:\/\/redamlo.com\/index.php\/wp-json\/wp\/v2\/posts\/3604\/revisions"}],"wp:featuredmedia":[{"embeddable":true,"href":"https:\/\/redamlo.com\/index.php\/wp-json\/wp\/v2\/media\/3606"}],"wp:attachment":[{"href":"https:\/\/redamlo.com\/index.php\/wp-json\/wp\/v2\/media?parent=3604"}],"wp:term":[{"taxonomy":"category","embeddable":true,"href":"https:\/\/redamlo.com\/index.php\/wp-json\/wp\/v2\/categories?post=3604"},{"taxonomy":"post_tag","embeddable":true,"href":"https:\/\/redamlo.com\/index.php\/wp-json\/wp\/v2\/tags?post=3604"}],"curies":[{"name":"wp","href":"https:\/\/api.w.org\/{rel}","templated":true}]}}