{"id":36,"date":"2019-07-16T18:53:05","date_gmt":"2019-07-16T23:53:05","guid":{"rendered":"http:\/\/redamlo.com\/?p=36"},"modified":"2019-07-16T18:53:05","modified_gmt":"2019-07-16T23:53:05","slug":"fallece-la-actriz-sonia-infante","status":"publish","type":"post","link":"https:\/\/redamlo.com\/index.php\/2019\/07\/16\/fallece-la-actriz-sonia-infante\/","title":{"rendered":"Fallece la actriz Sonia Infante"},"content":{"rendered":"<div class=\"content-body clearfix \">\n<div id=\"content-body-225-3907607\">\n<p><strong>Sonia Infante<\/strong>, sobrina del \u201c\u00eddolo de M\u00e9xico,<strong> Pedro Infante<\/strong>, falleci\u00f3 hoy a los 75 a\u00f1os de edad v\u00edctima de un paro cardiaco, as\u00ed lo confirm\u00f3 su hermano To\u00f1o Infante.<\/p>\n<p>Nacida el 2 de febrero en Morelia Michoac\u00e1n, Sonia Ang\u00e9lica Infante L\u00f3pez, fue una reconocida actriz mexicana.<\/p>\n<\/div>\n<\/div>\n<section class=\"content-continued-body clearfix \">\n<div id=\"content-body-226-3907607\">\n<p>Tal era su deseo de ser actriz que no s\u00f3lo lo logr\u00f3, sino que adem\u00e1s, se convirti\u00f3 en una de las m\u00e1s populares de los a\u00f1os 60 y 70, llegando a ser un \u00edcono del cine mexicano.<\/p>\n<section>\n<div class=\"teaser \">\n<div class=\"infographicWrapper\">\n<div class=\"SandboxRoot env-bp-350\" data-twitter-event-id=\"3\">\n<div id=\"twitter-widget-3\" class=\"EmbeddedTweet EmbeddedTweet--cta EmbeddedTweet--mediaForward media-forward js-clickToOpenTarget js-tweetIdInfo tweet-InformationCircle-widgetParent\" lang=\"en\" data-click-to-open-target=\"https:\/\/twitter.com\/IvanVenturaJ\/status\/1151211086579822593\" data-iframe-title=\"Twitter Tweet\" data-scribe=\"page:tweet\" data-tweet-id=\"1151211086579822593\" data-twitter-event-id=\"7\">\n<article class=\"MediaCard\n           MediaCard--mediaForward\n\n           customisable-border\" dir=\"ltr\" data-scribe=\"component:card\"><\/p>\n<div class=\"MediaCard-mediaAsset ImageGrid ImageGrid--3\"><\/div>\n<\/article>\n<div class=\"EmbeddedTweet-tweetContainer\">\n<div class=\"EmbeddedTweet-tweet\">\n<blockquote class=\"Tweet h-entry js-tweetIdInfo subject expanded\" cite=\"https:\/\/twitter.com\/IvanVenturaJ\/status\/1151211086579822593\" data-tweet-id=\"1151211086579822593\" data-scribe=\"section:subject\">\n<div class=\"Tweet-header\"><a class=\"TweetAuthor-avatar  Identity-avatar u-linkBlend\" href=\"https:\/\/twitter.com\/IvanVenturaJ\" data-scribe=\"element:user_link\" aria-label=\"Ivan Ventura (screen name: IvanVenturaJ)\"><img decoding=\"async\" class=\"Avatar\" src=\"https:\/\/pbs.twimg.com\/profile_images\/1087862999866658816\/cXwzkVTb_normal.jpg\" alt=\"\" data-scribe=\"element:avatar\" data-src-2x=\"https:\/\/pbs.twimg.com\/profile_images\/1087862999866658816\/cXwzkVTb_bigger.jpg\" data-src-1x=\"https:\/\/pbs.twimg.com\/profile_images\/1087862999866658816\/cXwzkVTb_normal.jpg\" \/><\/a><\/p>\n<div class=\"TweetAuthor js-inViewportScribingTarget\" data-scribe=\"component:author\">\n<div class=\"TweetAuthor-nameScreenNameContainer\"><span class=\"TweetAuthor-decoratedName\"><span class=\"TweetAuthor-name Identity-name customisable-highlight\" title=\"Ivan Ventura\" data-scribe=\"element:name\">Ivan Ventura<\/span><\/span><span class=\"TweetAuthor-screenName Identity-screenName\" dir=\"ltr\" title=\"@IvanVenturaJ\" data-scribe=\"element:screen_name\">@IvanVenturaJ<\/span><\/div>\n<\/div>\n<div class=\"Tweet-brand\">\n<div class=\"Icon Icon--twitter \" title=\"View on Twitter\" role=\"presentation\" aria-label=\"View on Twitter\"><\/div>\n<\/div>\n<\/div>\n<div class=\"Tweet-body e-entry-content\" data-scribe=\"component:tweet\">\n<div class=\"Tweet-target js-inViewportScribingTarget\"><\/div>\n<p class=\"Tweet-text e-entry-title\" dir=\"ltr\" lang=\"es\">Falleci\u00f3 la actriz Sonia Infante, sobrina del \u201c\u00cddolo de M\u00e9xico\u201d, Pedro Infante, v\u00edctima de un paro cardiaco. Permaneci\u00f3 varios d\u00edas hospitalizada en la Ciudad de M\u00e9xico a causa de una par\u00e1lisis en el cuerpo, confirm\u00f3 su hermano To\u00f1o Infante<\/p>\n<div class=\"TweetInfo\">\n<div class=\"TweetInfo-like\">\n<div data-scribe=\"element:heart\">\n<div class=\"Icon Icon--heart \" title=\"Like\" role=\"img\" aria-label=\"Like\"><\/div>\n<\/div>\n<p><a class=\"TweetInfo-heart\" title=\"Like\" href=\"https:\/\/twitter.com\/intent\/like?tweet_id=1151211086579822593\" data-scribe=\"component:actions\"><span class=\"TweetInfo-heartStat\" data-scribe=\"element:heart_count\">1<\/span><\/a><\/div>\n<div class=\"TweetInfo-timeGeo\"><a class=\"u-linkBlend u-url customisable-highlight long-permalink\" href=\"https:\/\/twitter.com\/IvanVenturaJ\/status\/1151211086579822593\" data-datetime=\"2019-07-16T19:24:46+0000\" data-scribe=\"element:full_timestamp\"><time class=\"dt-updated\" title=\"Time posted: July 16, 2019 19:24:46 (UTC)\" datetime=\"2019-07-16T19:24:46+0000\">2:24 PM &#8211; Jul 16, 2019<\/time><\/a>\u00a0\u00b7\u00a0<a class=\"u-linkBlend customisable-highlight\" href=\"https:\/\/twitter.com\/search?q=place%3Aa0536fb1dd01b8d5\">Centro, Tabasco<\/a><\/div>\n<\/div>\n<\/div>\n<\/blockquote>\n<\/div>\n<div class=\"CallToAction-icon\" data-scribe=\"element:profile_icon\">\n<div class=\"Icon Icon--profileCTA \" title=\"View profile on Twitter\" role=\"img\" aria-label=\"View profile on Twitter\"><\/div>\n<\/div>\n<div class=\"CallToAction-text\" data-scribe=\"element:profile_text\">See Ivan Ventura&#8217;s other Tweets<\/div>\n<div class=\"CallToAction-chevron\" data-scribe=\"element:cta_chevron\">\n<div class=\"Icon Icon--chevronRightCTA \" title=\"View on Twitter\" role=\"img\" aria-label=\"View on Twitter\"><\/div>\n<\/div>\n<\/div>\n<div class=\"tweet-InformationCircle--top tweet-InformationCircle\" data-scribe=\"element:notice\"><a class=\"Icon Icon--informationCircleWhite js-inViewportScribingTarget\" title=\"Twitter Ads info and privacy\" href=\"https:\/\/support.twitter.com\/articles\/20175256\"><span class=\"u-hiddenVisually\">Twitter Ads info and privacy<\/span><\/a><\/div>\n<\/div>\n<div class=\"resize-sensor\">\n<div class=\"resize-sensor-expand\">\n<div><\/div>\n<\/div>\n<div class=\"resize-sensor-shrink\">\n<div><\/div>\n<\/div>\n<\/div>\n<\/div>\n<\/div>\n<\/div>\n<\/section>\n<p>Ang\u00e9lica Infante debut\u00f3 en el cine con la cinta &#8220;Dormitorio para Se\u00f1oritas&#8221;, en 1960.<\/p>\n<p>Tras el \u00e9xito en su primer pel\u00edcula la llamaron para ser parte del elenco de m\u00e1s de 50 filmes, de los que destacan cl\u00e1sicos como &#8220;Su Excelencia&#8221;, &#8220;To\u00f1a Machetes&#8221; y &#8220;Por tu Maldito Amor&#8221;. Su \u00faltima aparici\u00f3n en el cine fue con &#8220;Sin Miedo a la Muerte&#8221;, en 2007.<\/p>\n<section>\n<div class=\"teaser \">\n<div class=\"infographicWrapper\">\n<div class=\"SandboxRoot env-bp-350\" data-twitter-event-id=\"4\">\n<div id=\"twitter-widget-4\" class=\"EmbeddedTweet EmbeddedTweet--cta EmbeddedTweet--mediaForward media-forward js-clickToOpenTarget js-tweetIdInfo tweet-InformationCircle-widgetParent\" lang=\"en\" data-click-to-open-target=\"https:\/\/twitter.com\/TicTakCity\/status\/1151197818826063872\" data-iframe-title=\"Twitter Tweet\" data-scribe=\"page:tweet\" data-tweet-id=\"1151197818826063872\" data-twitter-event-id=\"9\">\n<article class=\"MediaCard\n           MediaCard--mediaForward\n\n           customisable-border\" dir=\"ltr\" data-scribe=\"component:card\"><\/p>\n<div class=\"MediaCard-media\" data-scribe=\"element:photo\"><a class=\"MediaCard-borderOverlay\" tabindex=\"-1\" title=\"View image on Twitter\" role=\"presentation\" href=\"https:\/\/twitter.com\/TicTakCity\/status\/1151197818826063872\/photo\/1\"><span class=\"u-hiddenVisually\">View image on Twitter<\/span><\/a><\/p>\n<div class=\"MediaCard-widthConstraint js-cspForcedStyle\" data-style=\"max-width: 669px\">\n<div class=\"MediaCard-mediaContainer js-cspForcedStyle\" data-style=\"padding-bottom: 68.4604%\"><\/div>\n<\/div>\n<\/div>\n<\/article>\n<div class=\"EmbeddedTweet-tweetContainer\">\n<div class=\"EmbeddedTweet-tweet\">\n<blockquote class=\"Tweet h-entry js-tweetIdInfo subject expanded\" cite=\"https:\/\/twitter.com\/TicTakCity\/status\/1151197818826063872\" data-tweet-id=\"1151197818826063872\" data-scribe=\"section:subject\">\n<div class=\"Tweet-header\"><a class=\"TweetAuthor-avatar  Identity-avatar u-linkBlend\" href=\"https:\/\/twitter.com\/TicTakCity\" data-scribe=\"element:user_link\" aria-label=\"TicTakCity (screen name: TicTakCity)\"><img decoding=\"async\" class=\"Avatar\" src=\"https:\/\/pbs.twimg.com\/profile_images\/912962754348171264\/exZnGbkS_normal.jpg\" alt=\"\" data-scribe=\"element:avatar\" data-src-2x=\"https:\/\/pbs.twimg.com\/profile_images\/912962754348171264\/exZnGbkS_bigger.jpg\" data-src-1x=\"https:\/\/pbs.twimg.com\/profile_images\/912962754348171264\/exZnGbkS_normal.jpg\" \/><\/a><\/p>\n<div class=\"TweetAuthor js-inViewportScribingTarget\" data-scribe=\"component:author\">\n<div class=\"TweetAuthor-nameScreenNameContainer\"><span class=\"TweetAuthor-decoratedName\"><span class=\"TweetAuthor-name Identity-name customisable-highlight\" title=\"TicTakCity\" data-scribe=\"element:name\">TicTakCity<\/span><\/span><span class=\"TweetAuthor-screenName Identity-screenName\" dir=\"ltr\" title=\"@TicTakCity\" data-scribe=\"element:screen_name\">@TicTakCity<\/span><\/div>\n<\/div>\n<div class=\"Tweet-brand\">\n<div class=\"Icon Icon--twitter \" title=\"View on Twitter\" role=\"presentation\" aria-label=\"View on Twitter\"><\/div>\n<\/div>\n<\/div>\n<div class=\"Tweet-body e-entry-content\" data-scribe=\"component:tweet\">\n<div class=\"Tweet-target js-inViewportScribingTarget\"><\/div>\n<p class=\"Tweet-text e-entry-title\" dir=\"ltr\" lang=\"es\">Falleci\u00f3 Sonia Infante, actriz de nuestro cine nacional. En paz descanse.<a class=\"PrettyLink hashtag customisable\" dir=\"ltr\" href=\"https:\/\/twitter.com\/hashtag\/CineMexicano?src=hash\" rel=\"tag\" data-query-source=\"hashtag_click\" data-scribe=\"element:hashtag\"><span class=\"PrettyLink-prefix\">#<\/span><span class=\"PrettyLink-value\">CineMexicano<\/span><\/a><a class=\"PrettyLink hashtag customisable\" dir=\"ltr\" href=\"https:\/\/twitter.com\/hashtag\/To%C3%B1aMachetes?src=hash\" rel=\"tag\" data-query-source=\"hashtag_click\" data-scribe=\"element:hashtag\"><span class=\"PrettyLink-prefix\">#<\/span><span class=\"PrettyLink-value\">To\u00f1aMachetes<\/span><\/a><\/p>\n<div class=\"TweetInfo\">\n<div class=\"TweetInfo-like\">\n<div data-scribe=\"element:heart\">\n<div class=\"Icon Icon--heart \" title=\"Like\" role=\"img\" aria-label=\"Like\"><\/div>\n<\/div>\n<p><a class=\"TweetInfo-heart\" title=\"Like\" href=\"https:\/\/twitter.com\/intent\/like?tweet_id=1151197818826063872\" data-scribe=\"component:actions\"><span class=\"TweetInfo-heartStat\" data-scribe=\"element:heart_count\">3<\/span><\/a><\/div>\n<div class=\"TweetInfo-timeGeo\"><a class=\"u-linkBlend u-url customisable-highlight long-permalink\" href=\"https:\/\/twitter.com\/TicTakCity\/status\/1151197818826063872\" data-datetime=\"2019-07-16T18:32:02+0000\" data-scribe=\"element:full_timestamp\"><time class=\"dt-updated\" title=\"Time posted: July 16, 2019 18:32:02 (UTC)\" datetime=\"2019-07-16T18:32:02+0000\">1:32 PM &#8211; Jul 16, 2019<\/time><\/a><\/div>\n<\/div>\n<\/div>\n<\/blockquote>\n<\/div>\n<div class=\"CallToAction-icon\" data-scribe=\"element:profile_icon\">\n<div class=\"Icon Icon--profileCTA \" title=\"View profile on Twitter\" role=\"img\" aria-label=\"View profile on Twitter\"><\/div>\n<\/div>\n<div class=\"CallToAction-chevron\" data-scribe=\"element:cta_chevron\">\n<div class=\"Icon Icon--chevronRightCTA \" title=\"View on Twitter\" role=\"img\" aria-label=\"View on Twitter\"><\/div>\n<\/div>\n<\/div>\n<div class=\"tweet-InformationCircle--top tweet-InformationCircle\" data-scribe=\"element:notice\"><\/div>\n<\/div>\n<\/div>\n<\/div>\n<\/div>\n<\/section>\n<p>Sonia era hija del tambi\u00e9n actor \u00c1ngel Infante, hermano de la leyenda del cine mexicano, Pedro infante.<\/p>\n<p>Estuvo casada con el empresario Gustavo Alatriste por 18 a\u00f1os, relaci\u00f3n de la que nacieron sus dos hijos: Pedro y \u00c1ngela Alatriste.<\/p>\n<p>Al pasar el tiempo la actriz se divorci\u00f3, pero volvi\u00f3 a encontrar el amor con el actor Andr\u00e9s Garc\u00eda, con quien decidi\u00f3 darse otra oportunidad y contrajo matrimonio en 1982; sin embargo, al poco tiempo se separaron.<\/p>\n<p>Esta tarde se dio a conocer la lamentable noticia de su muerte tras estar internada en un hospital por varios meses.<\/p>\n<p>En redes sociales, familiares, amigos y seguidores, expresan su sentir y solidaridad con sus familiares, &#8220;una mujer con mucho car\u00e1cter una buena actriz&#8221;.<\/p>\n<\/div>\n<\/section>\n","protected":false},"excerpt":{"rendered":"<p>Sonia Infante, sobrina del \u201c\u00eddolo de M\u00e9xico, Pedro Infante, falleci\u00f3 hoy a los 75 a\u00f1os&#8230;<\/p>\n","protected":false},"author":2,"featured_media":38,"comment_status":"open","ping_status":"closed","sticky":false,"template":"","format":"standard","meta":{"footnotes":""},"categories":[20],"tags":[],"class_list":["post-36","post","type-post","status-publish","format-standard","has-post-thumbnail","hentry","category-nacionales"],"yoast_head":"<!-- This site is optimized with the Yoast SEO plugin v27.5 - https:\/\/yoast.com\/product\/yoast-seo-wordpress\/ -->\n<title>Fallece la actriz Sonia Infante - NOTICIAS DE LA 4T<\/title>\n<meta name=\"robots\" content=\"noindex, follow, max-snippet:-1, max-image-preview:large, max-video-preview:-1\" \/>\n<meta property=\"og:locale\" content=\"es_MX\" \/>\n<meta property=\"og:type\" content=\"article\" \/>\n<meta property=\"og:title\" content=\"Fallece la actriz Sonia Infante - NOTICIAS DE LA 4T\" \/>\n<meta property=\"og:description\" content=\"Sonia Infante, sobrina del \u201c\u00eddolo de M\u00e9xico, Pedro Infante, falleci\u00f3 hoy a los 75 a\u00f1os...\" \/>\n<meta property=\"og:url\" content=\"https:\/\/redamlo.com\/index.php\/2019\/07\/16\/fallece-la-actriz-sonia-infante\/\" \/>\n<meta property=\"og:site_name\" content=\"NOTICIAS DE LA 4T\" \/>\n<meta property=\"article:published_time\" content=\"2019-07-16T23:53:05+00:00\" \/>\n<meta property=\"og:image\" content=\"https:\/\/redamlo.com\/wp-content\/uploads\/2019\/07\/sonia-infante.jpg\" \/>\n\t<meta property=\"og:image:width\" content=\"1016\" \/>\n\t<meta property=\"og:image:height\" content=\"544\" \/>\n\t<meta property=\"og:image:type\" content=\"image\/jpeg\" \/>\n<meta name=\"author\" content=\"Blanca\" \/>\n<meta name=\"twitter:card\" content=\"summary_large_image\" \/>\n<meta name=\"twitter:label1\" content=\"Escrito por\" \/>\n\t<meta name=\"twitter:data1\" content=\"Blanca\" \/>\n\t<meta name=\"twitter:label2\" content=\"Tiempo de lectura\" \/>\n\t<meta name=\"twitter:data2\" content=\"2 minutos\" \/>\n<script type=\"application\/ld+json\" class=\"yoast-schema-graph\">{\"@context\":\"https:\\\/\\\/schema.org\",\"@graph\":[{\"@type\":\"Article\",\"@id\":\"https:\\\/\\\/redamlo.com\\\/index.php\\\/2019\\\/07\\\/16\\\/fallece-la-actriz-sonia-infante\\\/#article\",\"isPartOf\":{\"@id\":\"https:\\\/\\\/redamlo.com\\\/index.php\\\/2019\\\/07\\\/16\\\/fallece-la-actriz-sonia-infante\\\/\"},\"author\":{\"name\":\"Blanca\",\"@id\":\"https:\\\/\\\/redamlo.com\\\/#\\\/schema\\\/person\\\/7223a4375eb8f1a782fcae010a7115cf\"},\"headline\":\"Fallece la actriz Sonia Infante\",\"datePublished\":\"2019-07-16T23:53:05+00:00\",\"mainEntityOfPage\":{\"@id\":\"https:\\\/\\\/redamlo.com\\\/index.php\\\/2019\\\/07\\\/16\\\/fallece-la-actriz-sonia-infante\\\/\"},\"wordCount\":373,\"commentCount\":0,\"publisher\":{\"@id\":\"https:\\\/\\\/redamlo.com\\\/#organization\"},\"image\":{\"@id\":\"https:\\\/\\\/redamlo.com\\\/index.php\\\/2019\\\/07\\\/16\\\/fallece-la-actriz-sonia-infante\\\/#primaryimage\"},\"thumbnailUrl\":\"https:\\\/\\\/redamlo.com\\\/wp-content\\\/uploads\\\/2019\\\/07\\\/sonia-infante.jpg\",\"articleSection\":[\"Nacionales\"],\"inLanguage\":\"es\",\"potentialAction\":[{\"@type\":\"CommentAction\",\"name\":\"Comment\",\"target\":[\"https:\\\/\\\/redamlo.com\\\/index.php\\\/2019\\\/07\\\/16\\\/fallece-la-actriz-sonia-infante\\\/#respond\"]}]},{\"@type\":\"WebPage\",\"@id\":\"https:\\\/\\\/redamlo.com\\\/index.php\\\/2019\\\/07\\\/16\\\/fallece-la-actriz-sonia-infante\\\/\",\"url\":\"https:\\\/\\\/redamlo.com\\\/index.php\\\/2019\\\/07\\\/16\\\/fallece-la-actriz-sonia-infante\\\/\",\"name\":\"Fallece la actriz Sonia Infante - NOTICIAS DE LA 4T\",\"isPartOf\":{\"@id\":\"https:\\\/\\\/redamlo.com\\\/#website\"},\"primaryImageOfPage\":{\"@id\":\"https:\\\/\\\/redamlo.com\\\/index.php\\\/2019\\\/07\\\/16\\\/fallece-la-actriz-sonia-infante\\\/#primaryimage\"},\"image\":{\"@id\":\"https:\\\/\\\/redamlo.com\\\/index.php\\\/2019\\\/07\\\/16\\\/fallece-la-actriz-sonia-infante\\\/#primaryimage\"},\"thumbnailUrl\":\"https:\\\/\\\/redamlo.com\\\/wp-content\\\/uploads\\\/2019\\\/07\\\/sonia-infante.jpg\",\"datePublished\":\"2019-07-16T23:53:05+00:00\",\"breadcrumb\":{\"@id\":\"https:\\\/\\\/redamlo.com\\\/index.php\\\/2019\\\/07\\\/16\\\/fallece-la-actriz-sonia-infante\\\/#breadcrumb\"},\"inLanguage\":\"es\",\"potentialAction\":[{\"@type\":\"ReadAction\",\"target\":[\"https:\\\/\\\/redamlo.com\\\/index.php\\\/2019\\\/07\\\/16\\\/fallece-la-actriz-sonia-infante\\\/\"]}]},{\"@type\":\"ImageObject\",\"inLanguage\":\"es\",\"@id\":\"https:\\\/\\\/redamlo.com\\\/index.php\\\/2019\\\/07\\\/16\\\/fallece-la-actriz-sonia-infante\\\/#primaryimage\",\"url\":\"https:\\\/\\\/redamlo.com\\\/wp-content\\\/uploads\\\/2019\\\/07\\\/sonia-infante.jpg\",\"contentUrl\":\"https:\\\/\\\/redamlo.com\\\/wp-content\\\/uploads\\\/2019\\\/07\\\/sonia-infante.jpg\",\"width\":1016,\"height\":544},{\"@type\":\"BreadcrumbList\",\"@id\":\"https:\\\/\\\/redamlo.com\\\/index.php\\\/2019\\\/07\\\/16\\\/fallece-la-actriz-sonia-infante\\\/#breadcrumb\",\"itemListElement\":[{\"@type\":\"ListItem\",\"position\":1,\"name\":\"Inicio\",\"item\":\"https:\\\/\\\/redamlo.com\\\/\"},{\"@type\":\"ListItem\",\"position\":2,\"name\":\"Fallece la actriz Sonia Infante\"}]},{\"@type\":\"WebSite\",\"@id\":\"https:\\\/\\\/redamlo.com\\\/#website\",\"url\":\"https:\\\/\\\/redamlo.com\\\/\",\"name\":\"NOTICIAS DE LA 4T\",\"description\":\"\",\"publisher\":{\"@id\":\"https:\\\/\\\/redamlo.com\\\/#organization\"},\"potentialAction\":[{\"@type\":\"SearchAction\",\"target\":{\"@type\":\"EntryPoint\",\"urlTemplate\":\"https:\\\/\\\/redamlo.com\\\/?s={search_term_string}\"},\"query-input\":{\"@type\":\"PropertyValueSpecification\",\"valueRequired\":true,\"valueName\":\"search_term_string\"}}],\"inLanguage\":\"es\"},{\"@type\":\"Organization\",\"@id\":\"https:\\\/\\\/redamlo.com\\\/#organization\",\"name\":\"NOTICIAS DE LA 4T\",\"url\":\"https:\\\/\\\/redamlo.com\\\/\",\"logo\":{\"@type\":\"ImageObject\",\"inLanguage\":\"es\",\"@id\":\"https:\\\/\\\/redamlo.com\\\/#\\\/schema\\\/logo\\\/image\\\/\",\"url\":\"https:\\\/\\\/redamlo.com\\\/wp-content\\\/uploads\\\/2024\\\/08\\\/cropped-RED-AMLO-logo-50.png\",\"contentUrl\":\"https:\\\/\\\/redamlo.com\\\/wp-content\\\/uploads\\\/2024\\\/08\\\/cropped-RED-AMLO-logo-50.png\",\"width\":256,\"height\":256,\"caption\":\"NOTICIAS DE LA 4T\"},\"image\":{\"@id\":\"https:\\\/\\\/redamlo.com\\\/#\\\/schema\\\/logo\\\/image\\\/\"}},{\"@type\":\"Person\",\"@id\":\"https:\\\/\\\/redamlo.com\\\/#\\\/schema\\\/person\\\/7223a4375eb8f1a782fcae010a7115cf\",\"name\":\"Blanca\",\"image\":{\"@type\":\"ImageObject\",\"inLanguage\":\"es\",\"@id\":\"https:\\\/\\\/secure.gravatar.com\\\/avatar\\\/3f79bc8336367a4e6093eae8757acaaf61d1124834b905616de7829b0273426d?s=96&d=mm&r=g\",\"url\":\"https:\\\/\\\/secure.gravatar.com\\\/avatar\\\/3f79bc8336367a4e6093eae8757acaaf61d1124834b905616de7829b0273426d?s=96&d=mm&r=g\",\"contentUrl\":\"https:\\\/\\\/secure.gravatar.com\\\/avatar\\\/3f79bc8336367a4e6093eae8757acaaf61d1124834b905616de7829b0273426d?s=96&d=mm&r=g\",\"caption\":\"Blanca\"},\"url\":\"https:\\\/\\\/redamlo.com\\\/index.php\\\/author\\\/blanca\\\/\"}]}<\/script>\n<!-- \/ Yoast SEO plugin. -->","yoast_head_json":{"title":"Fallece la actriz Sonia Infante - NOTICIAS DE LA 4T","robots":{"index":"noindex","follow":"follow","max-snippet":"max-snippet:-1","max-image-preview":"max-image-preview:large","max-video-preview":"max-video-preview:-1"},"og_locale":"es_MX","og_type":"article","og_title":"Fallece la actriz Sonia Infante - NOTICIAS DE LA 4T","og_description":"Sonia Infante, sobrina del \u201c\u00eddolo de M\u00e9xico, Pedro Infante, falleci\u00f3 hoy a los 75 a\u00f1os...","og_url":"https:\/\/redamlo.com\/index.php\/2019\/07\/16\/fallece-la-actriz-sonia-infante\/","og_site_name":"NOTICIAS DE LA 4T","article_published_time":"2019-07-16T23:53:05+00:00","og_image":[{"width":1016,"height":544,"url":"https:\/\/redamlo.com\/wp-content\/uploads\/2019\/07\/sonia-infante.jpg","type":"image\/jpeg"}],"author":"Blanca","twitter_card":"summary_large_image","twitter_misc":{"Escrito por":"Blanca","Tiempo de lectura":"2 minutos"},"schema":{"@context":"https:\/\/schema.org","@graph":[{"@type":"Article","@id":"https:\/\/redamlo.com\/index.php\/2019\/07\/16\/fallece-la-actriz-sonia-infante\/#article","isPartOf":{"@id":"https:\/\/redamlo.com\/index.php\/2019\/07\/16\/fallece-la-actriz-sonia-infante\/"},"author":{"name":"Blanca","@id":"https:\/\/redamlo.com\/#\/schema\/person\/7223a4375eb8f1a782fcae010a7115cf"},"headline":"Fallece la actriz Sonia Infante","datePublished":"2019-07-16T23:53:05+00:00","mainEntityOfPage":{"@id":"https:\/\/redamlo.com\/index.php\/2019\/07\/16\/fallece-la-actriz-sonia-infante\/"},"wordCount":373,"commentCount":0,"publisher":{"@id":"https:\/\/redamlo.com\/#organization"},"image":{"@id":"https:\/\/redamlo.com\/index.php\/2019\/07\/16\/fallece-la-actriz-sonia-infante\/#primaryimage"},"thumbnailUrl":"https:\/\/redamlo.com\/wp-content\/uploads\/2019\/07\/sonia-infante.jpg","articleSection":["Nacionales"],"inLanguage":"es","potentialAction":[{"@type":"CommentAction","name":"Comment","target":["https:\/\/redamlo.com\/index.php\/2019\/07\/16\/fallece-la-actriz-sonia-infante\/#respond"]}]},{"@type":"WebPage","@id":"https:\/\/redamlo.com\/index.php\/2019\/07\/16\/fallece-la-actriz-sonia-infante\/","url":"https:\/\/redamlo.com\/index.php\/2019\/07\/16\/fallece-la-actriz-sonia-infante\/","name":"Fallece la actriz Sonia Infante - NOTICIAS DE LA 4T","isPartOf":{"@id":"https:\/\/redamlo.com\/#website"},"primaryImageOfPage":{"@id":"https:\/\/redamlo.com\/index.php\/2019\/07\/16\/fallece-la-actriz-sonia-infante\/#primaryimage"},"image":{"@id":"https:\/\/redamlo.com\/index.php\/2019\/07\/16\/fallece-la-actriz-sonia-infante\/#primaryimage"},"thumbnailUrl":"https:\/\/redamlo.com\/wp-content\/uploads\/2019\/07\/sonia-infante.jpg","datePublished":"2019-07-16T23:53:05+00:00","breadcrumb":{"@id":"https:\/\/redamlo.com\/index.php\/2019\/07\/16\/fallece-la-actriz-sonia-infante\/#breadcrumb"},"inLanguage":"es","potentialAction":[{"@type":"ReadAction","target":["https:\/\/redamlo.com\/index.php\/2019\/07\/16\/fallece-la-actriz-sonia-infante\/"]}]},{"@type":"ImageObject","inLanguage":"es","@id":"https:\/\/redamlo.com\/index.php\/2019\/07\/16\/fallece-la-actriz-sonia-infante\/#primaryimage","url":"https:\/\/redamlo.com\/wp-content\/uploads\/2019\/07\/sonia-infante.jpg","contentUrl":"https:\/\/redamlo.com\/wp-content\/uploads\/2019\/07\/sonia-infante.jpg","width":1016,"height":544},{"@type":"BreadcrumbList","@id":"https:\/\/redamlo.com\/index.php\/2019\/07\/16\/fallece-la-actriz-sonia-infante\/#breadcrumb","itemListElement":[{"@type":"ListItem","position":1,"name":"Inicio","item":"https:\/\/redamlo.com\/"},{"@type":"ListItem","position":2,"name":"Fallece la actriz Sonia Infante"}]},{"@type":"WebSite","@id":"https:\/\/redamlo.com\/#website","url":"https:\/\/redamlo.com\/","name":"NOTICIAS DE LA 4T","description":"","publisher":{"@id":"https:\/\/redamlo.com\/#organization"},"potentialAction":[{"@type":"SearchAction","target":{"@type":"EntryPoint","urlTemplate":"https:\/\/redamlo.com\/?s={search_term_string}"},"query-input":{"@type":"PropertyValueSpecification","valueRequired":true,"valueName":"search_term_string"}}],"inLanguage":"es"},{"@type":"Organization","@id":"https:\/\/redamlo.com\/#organization","name":"NOTICIAS DE LA 4T","url":"https:\/\/redamlo.com\/","logo":{"@type":"ImageObject","inLanguage":"es","@id":"https:\/\/redamlo.com\/#\/schema\/logo\/image\/","url":"https:\/\/redamlo.com\/wp-content\/uploads\/2024\/08\/cropped-RED-AMLO-logo-50.png","contentUrl":"https:\/\/redamlo.com\/wp-content\/uploads\/2024\/08\/cropped-RED-AMLO-logo-50.png","width":256,"height":256,"caption":"NOTICIAS DE LA 4T"},"image":{"@id":"https:\/\/redamlo.com\/#\/schema\/logo\/image\/"}},{"@type":"Person","@id":"https:\/\/redamlo.com\/#\/schema\/person\/7223a4375eb8f1a782fcae010a7115cf","name":"Blanca","image":{"@type":"ImageObject","inLanguage":"es","@id":"https:\/\/secure.gravatar.com\/avatar\/3f79bc8336367a4e6093eae8757acaaf61d1124834b905616de7829b0273426d?s=96&d=mm&r=g","url":"https:\/\/secure.gravatar.com\/avatar\/3f79bc8336367a4e6093eae8757acaaf61d1124834b905616de7829b0273426d?s=96&d=mm&r=g","contentUrl":"https:\/\/secure.gravatar.com\/avatar\/3f79bc8336367a4e6093eae8757acaaf61d1124834b905616de7829b0273426d?s=96&d=mm&r=g","caption":"Blanca"},"url":"https:\/\/redamlo.com\/index.php\/author\/blanca\/"}]}},"_links":{"self":[{"href":"https:\/\/redamlo.com\/index.php\/wp-json\/wp\/v2\/posts\/36","targetHints":{"allow":["GET"]}}],"collection":[{"href":"https:\/\/redamlo.com\/index.php\/wp-json\/wp\/v2\/posts"}],"about":[{"href":"https:\/\/redamlo.com\/index.php\/wp-json\/wp\/v2\/types\/post"}],"author":[{"embeddable":true,"href":"https:\/\/redamlo.com\/index.php\/wp-json\/wp\/v2\/users\/2"}],"replies":[{"embeddable":true,"href":"https:\/\/redamlo.com\/index.php\/wp-json\/wp\/v2\/comments?post=36"}],"version-history":[{"count":0,"href":"https:\/\/redamlo.com\/index.php\/wp-json\/wp\/v2\/posts\/36\/revisions"}],"wp:featuredmedia":[{"embeddable":true,"href":"https:\/\/redamlo.com\/index.php\/wp-json\/wp\/v2\/media\/38"}],"wp:attachment":[{"href":"https:\/\/redamlo.com\/index.php\/wp-json\/wp\/v2\/media?parent=36"}],"wp:term":[{"taxonomy":"category","embeddable":true,"href":"https:\/\/redamlo.com\/index.php\/wp-json\/wp\/v2\/categories?post=36"},{"taxonomy":"post_tag","embeddable":true,"href":"https:\/\/redamlo.com\/index.php\/wp-json\/wp\/v2\/tags?post=36"}],"curies":[{"name":"wp","href":"https:\/\/api.w.org\/{rel}","templated":true}]}}