{"id":3583,"date":"2021-01-19T14:32:36","date_gmt":"2021-01-19T20:32:36","guid":{"rendered":"https:\/\/redamlo.com\/?p=3583"},"modified":"2021-01-19T14:32:36","modified_gmt":"2021-01-19T20:32:36","slug":"morena-interpone-recurso-de-apelacion-en-contra-de-medida-la-inhibitoria-al-presidente-amlo","status":"publish","type":"post","link":"https:\/\/redamlo.com\/index.php\/2021\/01\/19\/morena-interpone-recurso-de-apelacion-en-contra-de-medida-la-inhibitoria-al-presidente-amlo\/","title":{"rendered":"Morena Interpone recurso de apelaci\u00f3n en contra de medida la inhibitoria al Presidente AMLO"},"content":{"rendered":"<h3>Ciudad de M\u00e9xico a 19 de enero 2021 Cdmx Press.-<\/h3>\n<p>&#x25aa;&#xfe0f;\u201dLas medidas que est\u00e1 tomando el<strong> INE<\/strong> y su pretensi\u00f3n de censurar al presidente nos parecen retr\u00f3gradas y hasta medievales\u201d<\/p>\n<p>&#x25aa;&#xfe0f;\u201dSi los consejeros quieren ser protagonistas pol\u00edticos, pues entonces que renuncien al INE y se afilien a alg\u00fan partido\u201d<\/p>\n<p>El Movimiento Regeneraci\u00f3n Nacional (Morena) present\u00f3 ante el <strong>Tribunal Electoral del Poder Judicial de la Federaci\u00f3n<\/strong> (TEPJF) un recurso de apelaci\u00f3n contra la resoluci\u00f3n del Consejo General del Instituto Nacional Electoral (INE), la cual busca censurar al presidente de la Rep\u00fablica, Andr\u00e9s Manuel L\u00f3pez Obrador, adem\u00e1s de violar el derecho de las y los mexicanos a estar informados.<\/p>\n<p>\u201cTenemos un presidente promotor de la libertad de expresi\u00f3n, hoy tenemos libertades como nunca antes, por lo que las medidas que est\u00e1 tomando el<strong> Instituto Electoral<\/strong> y su pretensi\u00f3n de censurar al presidente nos parecen retr\u00f3gradas y hasta medievales\u201d, declar\u00f3 en conferencia de prensa el presidente nacional de Morena, <strong>Mario Delgado.<\/strong><\/p>\n<p>Asimismo, enfatiz\u00f3 que desde Morena siempre se va a luchar por la libertad en todas sus expresiones, pues \u201cla libertad no se implora, la libertad se conquista. Por eso vamos a seguir defendiendo este derecho del pueblo de M\u00e9xico, que es fundamental para la democracia\u201d.<\/p>\n<p>Por su parte, Sergio Guti\u00e9rrez Luna, representante de Morena ante el INE, inform\u00f3 que hoy se present\u00f3 ante el Tribunal Electoral un recurso legal en el que se da cuenta de c\u00f3mo el INE se excedi\u00f3 en sus facultades y prejuzg\u00f3 el caso, provocando lo que la Suprema Corte ha definido como un \u201cefecto corruptor\u201d.<\/p>\n<p>\u201cEl INE no utiliz\u00f3 ni reconoci\u00f3 los precedentes y las sentencias que ha emitido el Tribunal Electoral sobre las conferencias del presidente <strong>Andr\u00e9s Manuel L\u00f3pez Obrador.<\/strong> En su lugar, prefiri\u00f3, de manera ilegal e il\u00f3gica, sustentar su resoluci\u00f3n en precedentes y sentencias de la \u00e9poca de Felipe Calder\u00f3n\u201d, se\u00f1al\u00f3 Guti\u00e9rrez Luna.<\/p>\n<p>En este sentido, resalt\u00f3 que los consejeros del <strong>INE<\/strong> no tomaron en cuenta que el Tribunal Electoral reconoci\u00f3 a \u201clas ma\u00f1aneras\u201d como un modelo de comunicaci\u00f3n novedoso, in\u00e9dito y de cercan\u00eda con la poblaci\u00f3n, el cual permite la interacci\u00f3n directa con el titular del Ejecutivo. \u201cAl ser algo novedoso, requer\u00eda una soluci\u00f3n novedosa, pero el INE no resolvi\u00f3 de esta manera\u201d, agreg\u00f3 el representante del partido guinda.<\/p>\n<p>\u201cMe parece que hay un af\u00e1n de protagonismo de algunos consejeros que se creen actores pol\u00edticos. Un \u00e1rbitro debe tener una funci\u00f3n discreta, garantizar la equidad, el respeto a las reglas; si quieren ser protagonistas pol\u00edticos, pues entonces que renuncien y se afilien a alg\u00fan partido\u201d, coment\u00f3 por su parte Mario Delgado.<\/p>\n<p><img loading=\"lazy\" decoding=\"async\" class=\"alignnone wp-image-3586 size-large\" src=\"https:\/\/redamlo.com\/wp-content\/uploads\/2021\/01\/Mario-Delgado.-MORENA-EN-DEFENSA-DE-LA-LIBERTAD-DE-EXPRESION-1024x931.jpg\" alt=\"\" width=\"1024\" height=\"931\" srcset=\"https:\/\/redamlo.com\/wp-content\/uploads\/2021\/01\/Mario-Delgado.-MORENA-EN-DEFENSA-DE-LA-LIBERTAD-DE-EXPRESION-1024x931.jpg 1024w, https:\/\/redamlo.com\/wp-content\/uploads\/2021\/01\/Mario-Delgado.-MORENA-EN-DEFENSA-DE-LA-LIBERTAD-DE-EXPRESION-300x273.jpg 300w, https:\/\/redamlo.com\/wp-content\/uploads\/2021\/01\/Mario-Delgado.-MORENA-EN-DEFENSA-DE-LA-LIBERTAD-DE-EXPRESION-768x698.jpg 768w, https:\/\/redamlo.com\/wp-content\/uploads\/2021\/01\/Mario-Delgado.-MORENA-EN-DEFENSA-DE-LA-LIBERTAD-DE-EXPRESION.jpg 1280w\" sizes=\"auto, (max-width: 1024px) 100vw, 1024px\" \/><\/p>\n","protected":false},"excerpt":{"rendered":"<p>Ciudad de M\u00e9xico a 19 de enero 2021 Cdmx Press.- &#x25aa;&#xfe0f;\u201dLas medidas que est\u00e1 tomando&#8230;<\/p>\n","protected":false},"author":2,"featured_media":3585,"comment_status":"open","ping_status":"closed","sticky":false,"template":"","format":"standard","meta":{"footnotes":""},"categories":[25],"tags":[460,429,308,24,462,463],"class_list":["post-3583","post","type-post","status-publish","format-standard","has-post-thumbnail","hentry","category-4t","tag-gutierrez-luna","tag-ine","tag-mario-delgado","tag-morena","tag-morena-interpone-apelacion-por-censura-a-las-mananeras","tag-tribunal-electoral"],"yoast_head":"<!-- This site is optimized with the Yoast SEO plugin v27.5 - https:\/\/yoast.com\/product\/yoast-seo-wordpress\/ -->\n<title>Morena Interpone recurso de apelaci\u00f3n en contra de medida la inhibitoria al Presidente AMLO - NOTICIAS DE LA 4T<\/title>\n<meta name=\"robots\" content=\"noindex, follow, max-snippet:-1, max-image-preview:large, max-video-preview:-1\" \/>\n<meta property=\"og:locale\" content=\"es_MX\" \/>\n<meta property=\"og:type\" content=\"article\" \/>\n<meta property=\"og:title\" content=\"Morena Interpone recurso de apelaci\u00f3n en contra de medida la inhibitoria al Presidente AMLO - NOTICIAS DE LA 4T\" \/>\n<meta property=\"og:description\" content=\"Ciudad de M\u00e9xico a 19 de enero 2021 Cdmx Press.- &#x25aa;&#xfe0f;\u201dLas medidas que est\u00e1 tomando...\" \/>\n<meta property=\"og:url\" content=\"https:\/\/redamlo.com\/index.php\/2021\/01\/19\/morena-interpone-recurso-de-apelacion-en-contra-de-medida-la-inhibitoria-al-presidente-amlo\/\" \/>\n<meta property=\"og:site_name\" content=\"NOTICIAS DE LA 4T\" \/>\n<meta property=\"article:published_time\" content=\"2021-01-19T20:32:36+00:00\" \/>\n<meta property=\"og:image\" content=\"https:\/\/redamlo.com\/wp-content\/uploads\/2021\/01\/RECURSO-DE-APELACION-MORENA.jpg\" \/>\n\t<meta property=\"og:image:width\" content=\"777\" \/>\n\t<meta property=\"og:image:height\" content=\"1024\" \/>\n\t<meta property=\"og:image:type\" content=\"image\/jpeg\" \/>\n<meta name=\"author\" content=\"Blanca\" \/>\n<meta name=\"twitter:card\" content=\"summary_large_image\" \/>\n<meta name=\"twitter:label1\" content=\"Escrito por\" \/>\n\t<meta name=\"twitter:data1\" content=\"Blanca\" \/>\n\t<meta name=\"twitter:label2\" content=\"Tiempo de lectura\" \/>\n\t<meta name=\"twitter:data2\" content=\"2 minutos\" \/>\n<script type=\"application\/ld+json\" class=\"yoast-schema-graph\">{\"@context\":\"https:\\\/\\\/schema.org\",\"@graph\":[{\"@type\":\"Article\",\"@id\":\"https:\\\/\\\/redamlo.com\\\/index.php\\\/2021\\\/01\\\/19\\\/morena-interpone-recurso-de-apelacion-en-contra-de-medida-la-inhibitoria-al-presidente-amlo\\\/#article\",\"isPartOf\":{\"@id\":\"https:\\\/\\\/redamlo.com\\\/index.php\\\/2021\\\/01\\\/19\\\/morena-interpone-recurso-de-apelacion-en-contra-de-medida-la-inhibitoria-al-presidente-amlo\\\/\"},\"author\":{\"name\":\"Blanca\",\"@id\":\"https:\\\/\\\/redamlo.com\\\/#\\\/schema\\\/person\\\/7223a4375eb8f1a782fcae010a7115cf\"},\"headline\":\"Morena Interpone recurso de apelaci\u00f3n en contra de medida la inhibitoria al Presidente AMLO\",\"datePublished\":\"2021-01-19T20:32:36+00:00\",\"mainEntityOfPage\":{\"@id\":\"https:\\\/\\\/redamlo.com\\\/index.php\\\/2021\\\/01\\\/19\\\/morena-interpone-recurso-de-apelacion-en-contra-de-medida-la-inhibitoria-al-presidente-amlo\\\/\"},\"wordCount\":489,\"commentCount\":0,\"publisher\":{\"@id\":\"https:\\\/\\\/redamlo.com\\\/#organization\"},\"image\":{\"@id\":\"https:\\\/\\\/redamlo.com\\\/index.php\\\/2021\\\/01\\\/19\\\/morena-interpone-recurso-de-apelacion-en-contra-de-medida-la-inhibitoria-al-presidente-amlo\\\/#primaryimage\"},\"thumbnailUrl\":\"https:\\\/\\\/redamlo.com\\\/wp-content\\\/uploads\\\/2021\\\/01\\\/RECURSO-DE-APELACION-MORENA.jpg\",\"keywords\":[\"Guti\u00e9rrez Luna\",\"INE\",\"Mario Delgado\",\"Morena\",\"Morena interpone apelaci\u00f3n por censura a las ma\u00f1aneras\",\"Tribunal Electoral\"],\"articleSection\":[\"4T\"],\"inLanguage\":\"es\",\"potentialAction\":[{\"@type\":\"CommentAction\",\"name\":\"Comment\",\"target\":[\"https:\\\/\\\/redamlo.com\\\/index.php\\\/2021\\\/01\\\/19\\\/morena-interpone-recurso-de-apelacion-en-contra-de-medida-la-inhibitoria-al-presidente-amlo\\\/#respond\"]}]},{\"@type\":\"WebPage\",\"@id\":\"https:\\\/\\\/redamlo.com\\\/index.php\\\/2021\\\/01\\\/19\\\/morena-interpone-recurso-de-apelacion-en-contra-de-medida-la-inhibitoria-al-presidente-amlo\\\/\",\"url\":\"https:\\\/\\\/redamlo.com\\\/index.php\\\/2021\\\/01\\\/19\\\/morena-interpone-recurso-de-apelacion-en-contra-de-medida-la-inhibitoria-al-presidente-amlo\\\/\",\"name\":\"Morena Interpone recurso de apelaci\u00f3n en contra de medida la inhibitoria al Presidente AMLO - NOTICIAS DE LA 4T\",\"isPartOf\":{\"@id\":\"https:\\\/\\\/redamlo.com\\\/#website\"},\"primaryImageOfPage\":{\"@id\":\"https:\\\/\\\/redamlo.com\\\/index.php\\\/2021\\\/01\\\/19\\\/morena-interpone-recurso-de-apelacion-en-contra-de-medida-la-inhibitoria-al-presidente-amlo\\\/#primaryimage\"},\"image\":{\"@id\":\"https:\\\/\\\/redamlo.com\\\/index.php\\\/2021\\\/01\\\/19\\\/morena-interpone-recurso-de-apelacion-en-contra-de-medida-la-inhibitoria-al-presidente-amlo\\\/#primaryimage\"},\"thumbnailUrl\":\"https:\\\/\\\/redamlo.com\\\/wp-content\\\/uploads\\\/2021\\\/01\\\/RECURSO-DE-APELACION-MORENA.jpg\",\"datePublished\":\"2021-01-19T20:32:36+00:00\",\"breadcrumb\":{\"@id\":\"https:\\\/\\\/redamlo.com\\\/index.php\\\/2021\\\/01\\\/19\\\/morena-interpone-recurso-de-apelacion-en-contra-de-medida-la-inhibitoria-al-presidente-amlo\\\/#breadcrumb\"},\"inLanguage\":\"es\",\"potentialAction\":[{\"@type\":\"ReadAction\",\"target\":[\"https:\\\/\\\/redamlo.com\\\/index.php\\\/2021\\\/01\\\/19\\\/morena-interpone-recurso-de-apelacion-en-contra-de-medida-la-inhibitoria-al-presidente-amlo\\\/\"]}]},{\"@type\":\"ImageObject\",\"inLanguage\":\"es\",\"@id\":\"https:\\\/\\\/redamlo.com\\\/index.php\\\/2021\\\/01\\\/19\\\/morena-interpone-recurso-de-apelacion-en-contra-de-medida-la-inhibitoria-al-presidente-amlo\\\/#primaryimage\",\"url\":\"https:\\\/\\\/redamlo.com\\\/wp-content\\\/uploads\\\/2021\\\/01\\\/RECURSO-DE-APELACION-MORENA.jpg\",\"contentUrl\":\"https:\\\/\\\/redamlo.com\\\/wp-content\\\/uploads\\\/2021\\\/01\\\/RECURSO-DE-APELACION-MORENA.jpg\",\"width\":777,\"height\":1024},{\"@type\":\"BreadcrumbList\",\"@id\":\"https:\\\/\\\/redamlo.com\\\/index.php\\\/2021\\\/01\\\/19\\\/morena-interpone-recurso-de-apelacion-en-contra-de-medida-la-inhibitoria-al-presidente-amlo\\\/#breadcrumb\",\"itemListElement\":[{\"@type\":\"ListItem\",\"position\":1,\"name\":\"Inicio\",\"item\":\"https:\\\/\\\/redamlo.com\\\/\"},{\"@type\":\"ListItem\",\"position\":2,\"name\":\"Morena Interpone recurso de apelaci\u00f3n en contra de medida la inhibitoria al Presidente AMLO\"}]},{\"@type\":\"WebSite\",\"@id\":\"https:\\\/\\\/redamlo.com\\\/#website\",\"url\":\"https:\\\/\\\/redamlo.com\\\/\",\"name\":\"NOTICIAS DE LA 4T\",\"description\":\"\",\"publisher\":{\"@id\":\"https:\\\/\\\/redamlo.com\\\/#organization\"},\"potentialAction\":[{\"@type\":\"SearchAction\",\"target\":{\"@type\":\"EntryPoint\",\"urlTemplate\":\"https:\\\/\\\/redamlo.com\\\/?s={search_term_string}\"},\"query-input\":{\"@type\":\"PropertyValueSpecification\",\"valueRequired\":true,\"valueName\":\"search_term_string\"}}],\"inLanguage\":\"es\"},{\"@type\":\"Organization\",\"@id\":\"https:\\\/\\\/redamlo.com\\\/#organization\",\"name\":\"NOTICIAS DE LA 4T\",\"url\":\"https:\\\/\\\/redamlo.com\\\/\",\"logo\":{\"@type\":\"ImageObject\",\"inLanguage\":\"es\",\"@id\":\"https:\\\/\\\/redamlo.com\\\/#\\\/schema\\\/logo\\\/image\\\/\",\"url\":\"https:\\\/\\\/redamlo.com\\\/wp-content\\\/uploads\\\/2024\\\/08\\\/cropped-RED-AMLO-logo-50.png\",\"contentUrl\":\"https:\\\/\\\/redamlo.com\\\/wp-content\\\/uploads\\\/2024\\\/08\\\/cropped-RED-AMLO-logo-50.png\",\"width\":256,\"height\":256,\"caption\":\"NOTICIAS DE LA 4T\"},\"image\":{\"@id\":\"https:\\\/\\\/redamlo.com\\\/#\\\/schema\\\/logo\\\/image\\\/\"}},{\"@type\":\"Person\",\"@id\":\"https:\\\/\\\/redamlo.com\\\/#\\\/schema\\\/person\\\/7223a4375eb8f1a782fcae010a7115cf\",\"name\":\"Blanca\",\"image\":{\"@type\":\"ImageObject\",\"inLanguage\":\"es\",\"@id\":\"https:\\\/\\\/secure.gravatar.com\\\/avatar\\\/3f79bc8336367a4e6093eae8757acaaf61d1124834b905616de7829b0273426d?s=96&d=mm&r=g\",\"url\":\"https:\\\/\\\/secure.gravatar.com\\\/avatar\\\/3f79bc8336367a4e6093eae8757acaaf61d1124834b905616de7829b0273426d?s=96&d=mm&r=g\",\"contentUrl\":\"https:\\\/\\\/secure.gravatar.com\\\/avatar\\\/3f79bc8336367a4e6093eae8757acaaf61d1124834b905616de7829b0273426d?s=96&d=mm&r=g\",\"caption\":\"Blanca\"},\"url\":\"https:\\\/\\\/redamlo.com\\\/index.php\\\/author\\\/blanca\\\/\"}]}<\/script>\n<!-- \/ Yoast SEO plugin. -->","yoast_head_json":{"title":"Morena Interpone recurso de apelaci\u00f3n en contra de medida la inhibitoria al Presidente AMLO - NOTICIAS DE LA 4T","robots":{"index":"noindex","follow":"follow","max-snippet":"max-snippet:-1","max-image-preview":"max-image-preview:large","max-video-preview":"max-video-preview:-1"},"og_locale":"es_MX","og_type":"article","og_title":"Morena Interpone recurso de apelaci\u00f3n en contra de medida la inhibitoria al Presidente AMLO - NOTICIAS DE LA 4T","og_description":"Ciudad de M\u00e9xico a 19 de enero 2021 Cdmx Press.- &#x25aa;&#xfe0f;\u201dLas medidas que est\u00e1 tomando...","og_url":"https:\/\/redamlo.com\/index.php\/2021\/01\/19\/morena-interpone-recurso-de-apelacion-en-contra-de-medida-la-inhibitoria-al-presidente-amlo\/","og_site_name":"NOTICIAS DE LA 4T","article_published_time":"2021-01-19T20:32:36+00:00","og_image":[{"width":777,"height":1024,"url":"https:\/\/redamlo.com\/wp-content\/uploads\/2021\/01\/RECURSO-DE-APELACION-MORENA.jpg","type":"image\/jpeg"}],"author":"Blanca","twitter_card":"summary_large_image","twitter_misc":{"Escrito por":"Blanca","Tiempo de lectura":"2 minutos"},"schema":{"@context":"https:\/\/schema.org","@graph":[{"@type":"Article","@id":"https:\/\/redamlo.com\/index.php\/2021\/01\/19\/morena-interpone-recurso-de-apelacion-en-contra-de-medida-la-inhibitoria-al-presidente-amlo\/#article","isPartOf":{"@id":"https:\/\/redamlo.com\/index.php\/2021\/01\/19\/morena-interpone-recurso-de-apelacion-en-contra-de-medida-la-inhibitoria-al-presidente-amlo\/"},"author":{"name":"Blanca","@id":"https:\/\/redamlo.com\/#\/schema\/person\/7223a4375eb8f1a782fcae010a7115cf"},"headline":"Morena Interpone recurso de apelaci\u00f3n en contra de medida la inhibitoria al Presidente AMLO","datePublished":"2021-01-19T20:32:36+00:00","mainEntityOfPage":{"@id":"https:\/\/redamlo.com\/index.php\/2021\/01\/19\/morena-interpone-recurso-de-apelacion-en-contra-de-medida-la-inhibitoria-al-presidente-amlo\/"},"wordCount":489,"commentCount":0,"publisher":{"@id":"https:\/\/redamlo.com\/#organization"},"image":{"@id":"https:\/\/redamlo.com\/index.php\/2021\/01\/19\/morena-interpone-recurso-de-apelacion-en-contra-de-medida-la-inhibitoria-al-presidente-amlo\/#primaryimage"},"thumbnailUrl":"https:\/\/redamlo.com\/wp-content\/uploads\/2021\/01\/RECURSO-DE-APELACION-MORENA.jpg","keywords":["Guti\u00e9rrez Luna","INE","Mario Delgado","Morena","Morena interpone apelaci\u00f3n por censura a las ma\u00f1aneras","Tribunal Electoral"],"articleSection":["4T"],"inLanguage":"es","potentialAction":[{"@type":"CommentAction","name":"Comment","target":["https:\/\/redamlo.com\/index.php\/2021\/01\/19\/morena-interpone-recurso-de-apelacion-en-contra-de-medida-la-inhibitoria-al-presidente-amlo\/#respond"]}]},{"@type":"WebPage","@id":"https:\/\/redamlo.com\/index.php\/2021\/01\/19\/morena-interpone-recurso-de-apelacion-en-contra-de-medida-la-inhibitoria-al-presidente-amlo\/","url":"https:\/\/redamlo.com\/index.php\/2021\/01\/19\/morena-interpone-recurso-de-apelacion-en-contra-de-medida-la-inhibitoria-al-presidente-amlo\/","name":"Morena Interpone recurso de apelaci\u00f3n en contra de medida la inhibitoria al Presidente AMLO - NOTICIAS DE LA 4T","isPartOf":{"@id":"https:\/\/redamlo.com\/#website"},"primaryImageOfPage":{"@id":"https:\/\/redamlo.com\/index.php\/2021\/01\/19\/morena-interpone-recurso-de-apelacion-en-contra-de-medida-la-inhibitoria-al-presidente-amlo\/#primaryimage"},"image":{"@id":"https:\/\/redamlo.com\/index.php\/2021\/01\/19\/morena-interpone-recurso-de-apelacion-en-contra-de-medida-la-inhibitoria-al-presidente-amlo\/#primaryimage"},"thumbnailUrl":"https:\/\/redamlo.com\/wp-content\/uploads\/2021\/01\/RECURSO-DE-APELACION-MORENA.jpg","datePublished":"2021-01-19T20:32:36+00:00","breadcrumb":{"@id":"https:\/\/redamlo.com\/index.php\/2021\/01\/19\/morena-interpone-recurso-de-apelacion-en-contra-de-medida-la-inhibitoria-al-presidente-amlo\/#breadcrumb"},"inLanguage":"es","potentialAction":[{"@type":"ReadAction","target":["https:\/\/redamlo.com\/index.php\/2021\/01\/19\/morena-interpone-recurso-de-apelacion-en-contra-de-medida-la-inhibitoria-al-presidente-amlo\/"]}]},{"@type":"ImageObject","inLanguage":"es","@id":"https:\/\/redamlo.com\/index.php\/2021\/01\/19\/morena-interpone-recurso-de-apelacion-en-contra-de-medida-la-inhibitoria-al-presidente-amlo\/#primaryimage","url":"https:\/\/redamlo.com\/wp-content\/uploads\/2021\/01\/RECURSO-DE-APELACION-MORENA.jpg","contentUrl":"https:\/\/redamlo.com\/wp-content\/uploads\/2021\/01\/RECURSO-DE-APELACION-MORENA.jpg","width":777,"height":1024},{"@type":"BreadcrumbList","@id":"https:\/\/redamlo.com\/index.php\/2021\/01\/19\/morena-interpone-recurso-de-apelacion-en-contra-de-medida-la-inhibitoria-al-presidente-amlo\/#breadcrumb","itemListElement":[{"@type":"ListItem","position":1,"name":"Inicio","item":"https:\/\/redamlo.com\/"},{"@type":"ListItem","position":2,"name":"Morena Interpone recurso de apelaci\u00f3n en contra de medida la inhibitoria al Presidente AMLO"}]},{"@type":"WebSite","@id":"https:\/\/redamlo.com\/#website","url":"https:\/\/redamlo.com\/","name":"NOTICIAS DE LA 4T","description":"","publisher":{"@id":"https:\/\/redamlo.com\/#organization"},"potentialAction":[{"@type":"SearchAction","target":{"@type":"EntryPoint","urlTemplate":"https:\/\/redamlo.com\/?s={search_term_string}"},"query-input":{"@type":"PropertyValueSpecification","valueRequired":true,"valueName":"search_term_string"}}],"inLanguage":"es"},{"@type":"Organization","@id":"https:\/\/redamlo.com\/#organization","name":"NOTICIAS DE LA 4T","url":"https:\/\/redamlo.com\/","logo":{"@type":"ImageObject","inLanguage":"es","@id":"https:\/\/redamlo.com\/#\/schema\/logo\/image\/","url":"https:\/\/redamlo.com\/wp-content\/uploads\/2024\/08\/cropped-RED-AMLO-logo-50.png","contentUrl":"https:\/\/redamlo.com\/wp-content\/uploads\/2024\/08\/cropped-RED-AMLO-logo-50.png","width":256,"height":256,"caption":"NOTICIAS DE LA 4T"},"image":{"@id":"https:\/\/redamlo.com\/#\/schema\/logo\/image\/"}},{"@type":"Person","@id":"https:\/\/redamlo.com\/#\/schema\/person\/7223a4375eb8f1a782fcae010a7115cf","name":"Blanca","image":{"@type":"ImageObject","inLanguage":"es","@id":"https:\/\/secure.gravatar.com\/avatar\/3f79bc8336367a4e6093eae8757acaaf61d1124834b905616de7829b0273426d?s=96&d=mm&r=g","url":"https:\/\/secure.gravatar.com\/avatar\/3f79bc8336367a4e6093eae8757acaaf61d1124834b905616de7829b0273426d?s=96&d=mm&r=g","contentUrl":"https:\/\/secure.gravatar.com\/avatar\/3f79bc8336367a4e6093eae8757acaaf61d1124834b905616de7829b0273426d?s=96&d=mm&r=g","caption":"Blanca"},"url":"https:\/\/redamlo.com\/index.php\/author\/blanca\/"}]}},"_links":{"self":[{"href":"https:\/\/redamlo.com\/index.php\/wp-json\/wp\/v2\/posts\/3583","targetHints":{"allow":["GET"]}}],"collection":[{"href":"https:\/\/redamlo.com\/index.php\/wp-json\/wp\/v2\/posts"}],"about":[{"href":"https:\/\/redamlo.com\/index.php\/wp-json\/wp\/v2\/types\/post"}],"author":[{"embeddable":true,"href":"https:\/\/redamlo.com\/index.php\/wp-json\/wp\/v2\/users\/2"}],"replies":[{"embeddable":true,"href":"https:\/\/redamlo.com\/index.php\/wp-json\/wp\/v2\/comments?post=3583"}],"version-history":[{"count":0,"href":"https:\/\/redamlo.com\/index.php\/wp-json\/wp\/v2\/posts\/3583\/revisions"}],"wp:featuredmedia":[{"embeddable":true,"href":"https:\/\/redamlo.com\/index.php\/wp-json\/wp\/v2\/media\/3585"}],"wp:attachment":[{"href":"https:\/\/redamlo.com\/index.php\/wp-json\/wp\/v2\/media?parent=3583"}],"wp:term":[{"taxonomy":"category","embeddable":true,"href":"https:\/\/redamlo.com\/index.php\/wp-json\/wp\/v2\/categories?post=3583"},{"taxonomy":"post_tag","embeddable":true,"href":"https:\/\/redamlo.com\/index.php\/wp-json\/wp\/v2\/tags?post=3583"}],"curies":[{"name":"wp","href":"https:\/\/api.w.org\/{rel}","templated":true}]}}