{"id":3548,"date":"2021-01-16T13:05:43","date_gmt":"2021-01-16T19:05:43","guid":{"rendered":"https:\/\/redamlo.com\/?p=3548"},"modified":"2021-01-16T13:05:43","modified_gmt":"2021-01-16T19:05:43","slug":"el-ine-culmina-censura-contra-el-presidente-lopez-obrador-y-se-suma-al-tumor","status":"publish","type":"post","link":"https:\/\/redamlo.com\/index.php\/2021\/01\/16\/el-ine-culmina-censura-contra-el-presidente-lopez-obrador-y-se-suma-al-tumor\/","title":{"rendered":"EL INE CULMINA CENSURA CONTRA EL PRESIDENTE L\u00d3PEZ OBRADOR Y SE SUMA AL TUMOR"},"content":{"rendered":"<p><strong>Red Amlo a 16 de enero 2021.-<\/strong><\/p>\n<p>\u25cf Las ma\u00f1aneras son un ejercicio \u00fanico de comunicaci\u00f3n y contacto entre el gobierno y el pueblo de M\u00e9xico.<\/p>\n<p>\u25cf Al censurar al presidente de la Rep\u00fablica, aumentar\u00e1n las noticias falsas y prevalecer\u00e1 la desinformaci\u00f3n.<\/p>\n<p>\u25cf No se puede violentar el derecho del pueblo a estar informado.<\/p>\n<p>El presidente nacional de Morena, Mario Delgado Carrillo, denunci\u00f3 que el Instituto Nacional Electoral (INE) se sum\u00f3 abiertamente al TUMOR, tras culminar su intento de censura contra el presidente Andr\u00e9s Manuel L\u00f3pez Obrador.<\/p>\n<p>\u201cNos parece lamentable que desde el INE, la instituci\u00f3n encargada de promover la democracia en nuestro pa\u00eds, ahora se busque censurar al presidente de la Rep\u00fablica, poni\u00e9ndole marcaje personal y lupa a sus declaraciones, cuando es un presidente que a diario cumple con su compromiso de tener un gobierno transparente y cercano al pueblo\u201d, indic\u00f3 Delgado.<\/p>\n<p>De igual manera, enfatiz\u00f3 que a trav\u00e9s de las ma\u00f1aneras, el mandatario le rinde cuentas al pueblo de M\u00e9xico por convicci\u00f3n, por lo que es informaci\u00f3n y no propaganda electoral.<\/p>\n<p>A decir del dirigente, dichas conferencias son un ejercicio que garantiza el derecho a la informaci\u00f3n p\u00fablica de la gente, adem\u00e1s de impulsar la transparencia por la que tanto se ha luchado desde la izquierda.<\/p>\n<p>Finalmente, el l\u00edder morenista advirti\u00f3 que al censurar al presidente de la Rep\u00fablica, aumentar\u00e1n las noticias falsas y prevalecer\u00e1 la desinformaci\u00f3n.<\/p>\n","protected":false},"excerpt":{"rendered":"<p>Red Amlo a 16 de enero 2021.- \u25cf Las ma\u00f1aneras son un ejercicio \u00fanico de&#8230;<\/p>\n","protected":false},"author":2,"featured_media":3550,"comment_status":"open","ping_status":"closed","sticky":false,"template":"","format":"standard","meta":{"footnotes":""},"categories":[25],"tags":[84,428,439,429,440,415,24],"class_list":["post-3548","post","type-post","status-publish","format-standard","has-post-thumbnail","hentry","category-4t","tag-amlo","tag-conferencias-mananeras","tag-conferencias-matutinas-censuradas-por-el-ine","tag-ine","tag-ine-se-suma-al-tumor-de-mexico","tag-mario-delgado-carrillo","tag-morena"],"yoast_head":"<!-- This site is optimized with the Yoast SEO plugin v27.5 - https:\/\/yoast.com\/product\/yoast-seo-wordpress\/ -->\n<title>EL INE CULMINA CENSURA CONTRA EL PRESIDENTE L\u00d3PEZ OBRADOR Y SE SUMA AL TUMOR - NOTICIAS DE LA 4T<\/title>\n<meta name=\"robots\" content=\"noindex, follow, max-snippet:-1, max-image-preview:large, max-video-preview:-1\" \/>\n<meta property=\"og:locale\" content=\"es_MX\" \/>\n<meta property=\"og:type\" content=\"article\" \/>\n<meta property=\"og:title\" content=\"EL INE CULMINA CENSURA CONTRA EL PRESIDENTE L\u00d3PEZ OBRADOR Y SE SUMA AL TUMOR - NOTICIAS DE LA 4T\" \/>\n<meta property=\"og:description\" content=\"Red Amlo a 16 de enero 2021.- \u25cf Las ma\u00f1aneras son un ejercicio \u00fanico de...\" \/>\n<meta property=\"og:url\" content=\"https:\/\/redamlo.com\/index.php\/2021\/01\/16\/el-ine-culmina-censura-contra-el-presidente-lopez-obrador-y-se-suma-al-tumor\/\" \/>\n<meta property=\"og:site_name\" content=\"NOTICIAS DE LA 4T\" \/>\n<meta property=\"article:published_time\" content=\"2021-01-16T19:05:43+00:00\" \/>\n<meta property=\"og:image\" content=\"https:\/\/redamlo.com\/wp-content\/uploads\/2021\/01\/ine-censura-al-presidente-obrador.jpg\" \/>\n\t<meta property=\"og:image:width\" content=\"1200\" \/>\n\t<meta property=\"og:image:height\" content=\"743\" \/>\n\t<meta property=\"og:image:type\" content=\"image\/jpeg\" \/>\n<meta name=\"author\" content=\"Blanca\" \/>\n<meta name=\"twitter:card\" content=\"summary_large_image\" \/>\n<meta name=\"twitter:label1\" content=\"Escrito por\" \/>\n\t<meta name=\"twitter:data1\" content=\"Blanca\" \/>\n\t<meta name=\"twitter:label2\" content=\"Tiempo de lectura\" \/>\n\t<meta name=\"twitter:data2\" content=\"1 minuto\" \/>\n<script type=\"application\/ld+json\" class=\"yoast-schema-graph\">{\"@context\":\"https:\\\/\\\/schema.org\",\"@graph\":[{\"@type\":\"Article\",\"@id\":\"https:\\\/\\\/redamlo.com\\\/index.php\\\/2021\\\/01\\\/16\\\/el-ine-culmina-censura-contra-el-presidente-lopez-obrador-y-se-suma-al-tumor\\\/#article\",\"isPartOf\":{\"@id\":\"https:\\\/\\\/redamlo.com\\\/index.php\\\/2021\\\/01\\\/16\\\/el-ine-culmina-censura-contra-el-presidente-lopez-obrador-y-se-suma-al-tumor\\\/\"},\"author\":{\"name\":\"Blanca\",\"@id\":\"https:\\\/\\\/redamlo.com\\\/#\\\/schema\\\/person\\\/7223a4375eb8f1a782fcae010a7115cf\"},\"headline\":\"EL INE CULMINA CENSURA CONTRA EL PRESIDENTE L\u00d3PEZ OBRADOR Y SE SUMA AL TUMOR\",\"datePublished\":\"2021-01-16T19:05:43+00:00\",\"mainEntityOfPage\":{\"@id\":\"https:\\\/\\\/redamlo.com\\\/index.php\\\/2021\\\/01\\\/16\\\/el-ine-culmina-censura-contra-el-presidente-lopez-obrador-y-se-suma-al-tumor\\\/\"},\"wordCount\":264,\"commentCount\":0,\"publisher\":{\"@id\":\"https:\\\/\\\/redamlo.com\\\/#organization\"},\"image\":{\"@id\":\"https:\\\/\\\/redamlo.com\\\/index.php\\\/2021\\\/01\\\/16\\\/el-ine-culmina-censura-contra-el-presidente-lopez-obrador-y-se-suma-al-tumor\\\/#primaryimage\"},\"thumbnailUrl\":\"https:\\\/\\\/redamlo.com\\\/wp-content\\\/uploads\\\/2021\\\/01\\\/ine-censura-al-presidente-obrador.jpg\",\"keywords\":[\"AMLO\",\"Conferencias Ma\u00f1aneras\",\"Conferencias Matutinas Censuradas por el INE\",\"INE\",\"INE se suma al Tumor de M\u00e9xico\",\"Mario Delgado Carrillo\",\"Morena\"],\"articleSection\":[\"4T\"],\"inLanguage\":\"es\",\"potentialAction\":[{\"@type\":\"CommentAction\",\"name\":\"Comment\",\"target\":[\"https:\\\/\\\/redamlo.com\\\/index.php\\\/2021\\\/01\\\/16\\\/el-ine-culmina-censura-contra-el-presidente-lopez-obrador-y-se-suma-al-tumor\\\/#respond\"]}]},{\"@type\":\"WebPage\",\"@id\":\"https:\\\/\\\/redamlo.com\\\/index.php\\\/2021\\\/01\\\/16\\\/el-ine-culmina-censura-contra-el-presidente-lopez-obrador-y-se-suma-al-tumor\\\/\",\"url\":\"https:\\\/\\\/redamlo.com\\\/index.php\\\/2021\\\/01\\\/16\\\/el-ine-culmina-censura-contra-el-presidente-lopez-obrador-y-se-suma-al-tumor\\\/\",\"name\":\"EL INE CULMINA CENSURA CONTRA EL PRESIDENTE L\u00d3PEZ OBRADOR Y SE SUMA AL TUMOR - NOTICIAS DE LA 4T\",\"isPartOf\":{\"@id\":\"https:\\\/\\\/redamlo.com\\\/#website\"},\"primaryImageOfPage\":{\"@id\":\"https:\\\/\\\/redamlo.com\\\/index.php\\\/2021\\\/01\\\/16\\\/el-ine-culmina-censura-contra-el-presidente-lopez-obrador-y-se-suma-al-tumor\\\/#primaryimage\"},\"image\":{\"@id\":\"https:\\\/\\\/redamlo.com\\\/index.php\\\/2021\\\/01\\\/16\\\/el-ine-culmina-censura-contra-el-presidente-lopez-obrador-y-se-suma-al-tumor\\\/#primaryimage\"},\"thumbnailUrl\":\"https:\\\/\\\/redamlo.com\\\/wp-content\\\/uploads\\\/2021\\\/01\\\/ine-censura-al-presidente-obrador.jpg\",\"datePublished\":\"2021-01-16T19:05:43+00:00\",\"breadcrumb\":{\"@id\":\"https:\\\/\\\/redamlo.com\\\/index.php\\\/2021\\\/01\\\/16\\\/el-ine-culmina-censura-contra-el-presidente-lopez-obrador-y-se-suma-al-tumor\\\/#breadcrumb\"},\"inLanguage\":\"es\",\"potentialAction\":[{\"@type\":\"ReadAction\",\"target\":[\"https:\\\/\\\/redamlo.com\\\/index.php\\\/2021\\\/01\\\/16\\\/el-ine-culmina-censura-contra-el-presidente-lopez-obrador-y-se-suma-al-tumor\\\/\"]}]},{\"@type\":\"ImageObject\",\"inLanguage\":\"es\",\"@id\":\"https:\\\/\\\/redamlo.com\\\/index.php\\\/2021\\\/01\\\/16\\\/el-ine-culmina-censura-contra-el-presidente-lopez-obrador-y-se-suma-al-tumor\\\/#primaryimage\",\"url\":\"https:\\\/\\\/redamlo.com\\\/wp-content\\\/uploads\\\/2021\\\/01\\\/ine-censura-al-presidente-obrador.jpg\",\"contentUrl\":\"https:\\\/\\\/redamlo.com\\\/wp-content\\\/uploads\\\/2021\\\/01\\\/ine-censura-al-presidente-obrador.jpg\",\"width\":1200,\"height\":743},{\"@type\":\"BreadcrumbList\",\"@id\":\"https:\\\/\\\/redamlo.com\\\/index.php\\\/2021\\\/01\\\/16\\\/el-ine-culmina-censura-contra-el-presidente-lopez-obrador-y-se-suma-al-tumor\\\/#breadcrumb\",\"itemListElement\":[{\"@type\":\"ListItem\",\"position\":1,\"name\":\"Inicio\",\"item\":\"https:\\\/\\\/redamlo.com\\\/\"},{\"@type\":\"ListItem\",\"position\":2,\"name\":\"EL INE CULMINA CENSURA CONTRA EL PRESIDENTE L\u00d3PEZ OBRADOR Y SE SUMA AL TUMOR\"}]},{\"@type\":\"WebSite\",\"@id\":\"https:\\\/\\\/redamlo.com\\\/#website\",\"url\":\"https:\\\/\\\/redamlo.com\\\/\",\"name\":\"NOTICIAS DE LA 4T\",\"description\":\"\",\"publisher\":{\"@id\":\"https:\\\/\\\/redamlo.com\\\/#organization\"},\"potentialAction\":[{\"@type\":\"SearchAction\",\"target\":{\"@type\":\"EntryPoint\",\"urlTemplate\":\"https:\\\/\\\/redamlo.com\\\/?s={search_term_string}\"},\"query-input\":{\"@type\":\"PropertyValueSpecification\",\"valueRequired\":true,\"valueName\":\"search_term_string\"}}],\"inLanguage\":\"es\"},{\"@type\":\"Organization\",\"@id\":\"https:\\\/\\\/redamlo.com\\\/#organization\",\"name\":\"NOTICIAS DE LA 4T\",\"url\":\"https:\\\/\\\/redamlo.com\\\/\",\"logo\":{\"@type\":\"ImageObject\",\"inLanguage\":\"es\",\"@id\":\"https:\\\/\\\/redamlo.com\\\/#\\\/schema\\\/logo\\\/image\\\/\",\"url\":\"https:\\\/\\\/redamlo.com\\\/wp-content\\\/uploads\\\/2024\\\/08\\\/cropped-RED-AMLO-logo-50.png\",\"contentUrl\":\"https:\\\/\\\/redamlo.com\\\/wp-content\\\/uploads\\\/2024\\\/08\\\/cropped-RED-AMLO-logo-50.png\",\"width\":256,\"height\":256,\"caption\":\"NOTICIAS DE LA 4T\"},\"image\":{\"@id\":\"https:\\\/\\\/redamlo.com\\\/#\\\/schema\\\/logo\\\/image\\\/\"}},{\"@type\":\"Person\",\"@id\":\"https:\\\/\\\/redamlo.com\\\/#\\\/schema\\\/person\\\/7223a4375eb8f1a782fcae010a7115cf\",\"name\":\"Blanca\",\"image\":{\"@type\":\"ImageObject\",\"inLanguage\":\"es\",\"@id\":\"https:\\\/\\\/secure.gravatar.com\\\/avatar\\\/3f79bc8336367a4e6093eae8757acaaf61d1124834b905616de7829b0273426d?s=96&d=mm&r=g\",\"url\":\"https:\\\/\\\/secure.gravatar.com\\\/avatar\\\/3f79bc8336367a4e6093eae8757acaaf61d1124834b905616de7829b0273426d?s=96&d=mm&r=g\",\"contentUrl\":\"https:\\\/\\\/secure.gravatar.com\\\/avatar\\\/3f79bc8336367a4e6093eae8757acaaf61d1124834b905616de7829b0273426d?s=96&d=mm&r=g\",\"caption\":\"Blanca\"},\"url\":\"https:\\\/\\\/redamlo.com\\\/index.php\\\/author\\\/blanca\\\/\"}]}<\/script>\n<!-- \/ Yoast SEO plugin. -->","yoast_head_json":{"title":"EL INE CULMINA CENSURA CONTRA EL PRESIDENTE L\u00d3PEZ OBRADOR Y SE SUMA AL TUMOR - NOTICIAS DE LA 4T","robots":{"index":"noindex","follow":"follow","max-snippet":"max-snippet:-1","max-image-preview":"max-image-preview:large","max-video-preview":"max-video-preview:-1"},"og_locale":"es_MX","og_type":"article","og_title":"EL INE CULMINA CENSURA CONTRA EL PRESIDENTE L\u00d3PEZ OBRADOR Y SE SUMA AL TUMOR - NOTICIAS DE LA 4T","og_description":"Red Amlo a 16 de enero 2021.- \u25cf Las ma\u00f1aneras son un ejercicio \u00fanico de...","og_url":"https:\/\/redamlo.com\/index.php\/2021\/01\/16\/el-ine-culmina-censura-contra-el-presidente-lopez-obrador-y-se-suma-al-tumor\/","og_site_name":"NOTICIAS DE LA 4T","article_published_time":"2021-01-16T19:05:43+00:00","og_image":[{"width":1200,"height":743,"url":"https:\/\/redamlo.com\/wp-content\/uploads\/2021\/01\/ine-censura-al-presidente-obrador.jpg","type":"image\/jpeg"}],"author":"Blanca","twitter_card":"summary_large_image","twitter_misc":{"Escrito por":"Blanca","Tiempo de lectura":"1 minuto"},"schema":{"@context":"https:\/\/schema.org","@graph":[{"@type":"Article","@id":"https:\/\/redamlo.com\/index.php\/2021\/01\/16\/el-ine-culmina-censura-contra-el-presidente-lopez-obrador-y-se-suma-al-tumor\/#article","isPartOf":{"@id":"https:\/\/redamlo.com\/index.php\/2021\/01\/16\/el-ine-culmina-censura-contra-el-presidente-lopez-obrador-y-se-suma-al-tumor\/"},"author":{"name":"Blanca","@id":"https:\/\/redamlo.com\/#\/schema\/person\/7223a4375eb8f1a782fcae010a7115cf"},"headline":"EL INE CULMINA CENSURA CONTRA EL PRESIDENTE L\u00d3PEZ OBRADOR Y SE SUMA AL TUMOR","datePublished":"2021-01-16T19:05:43+00:00","mainEntityOfPage":{"@id":"https:\/\/redamlo.com\/index.php\/2021\/01\/16\/el-ine-culmina-censura-contra-el-presidente-lopez-obrador-y-se-suma-al-tumor\/"},"wordCount":264,"commentCount":0,"publisher":{"@id":"https:\/\/redamlo.com\/#organization"},"image":{"@id":"https:\/\/redamlo.com\/index.php\/2021\/01\/16\/el-ine-culmina-censura-contra-el-presidente-lopez-obrador-y-se-suma-al-tumor\/#primaryimage"},"thumbnailUrl":"https:\/\/redamlo.com\/wp-content\/uploads\/2021\/01\/ine-censura-al-presidente-obrador.jpg","keywords":["AMLO","Conferencias Ma\u00f1aneras","Conferencias Matutinas Censuradas por el INE","INE","INE se suma al Tumor de M\u00e9xico","Mario Delgado Carrillo","Morena"],"articleSection":["4T"],"inLanguage":"es","potentialAction":[{"@type":"CommentAction","name":"Comment","target":["https:\/\/redamlo.com\/index.php\/2021\/01\/16\/el-ine-culmina-censura-contra-el-presidente-lopez-obrador-y-se-suma-al-tumor\/#respond"]}]},{"@type":"WebPage","@id":"https:\/\/redamlo.com\/index.php\/2021\/01\/16\/el-ine-culmina-censura-contra-el-presidente-lopez-obrador-y-se-suma-al-tumor\/","url":"https:\/\/redamlo.com\/index.php\/2021\/01\/16\/el-ine-culmina-censura-contra-el-presidente-lopez-obrador-y-se-suma-al-tumor\/","name":"EL INE CULMINA CENSURA CONTRA EL PRESIDENTE L\u00d3PEZ OBRADOR Y SE SUMA AL TUMOR - NOTICIAS DE LA 4T","isPartOf":{"@id":"https:\/\/redamlo.com\/#website"},"primaryImageOfPage":{"@id":"https:\/\/redamlo.com\/index.php\/2021\/01\/16\/el-ine-culmina-censura-contra-el-presidente-lopez-obrador-y-se-suma-al-tumor\/#primaryimage"},"image":{"@id":"https:\/\/redamlo.com\/index.php\/2021\/01\/16\/el-ine-culmina-censura-contra-el-presidente-lopez-obrador-y-se-suma-al-tumor\/#primaryimage"},"thumbnailUrl":"https:\/\/redamlo.com\/wp-content\/uploads\/2021\/01\/ine-censura-al-presidente-obrador.jpg","datePublished":"2021-01-16T19:05:43+00:00","breadcrumb":{"@id":"https:\/\/redamlo.com\/index.php\/2021\/01\/16\/el-ine-culmina-censura-contra-el-presidente-lopez-obrador-y-se-suma-al-tumor\/#breadcrumb"},"inLanguage":"es","potentialAction":[{"@type":"ReadAction","target":["https:\/\/redamlo.com\/index.php\/2021\/01\/16\/el-ine-culmina-censura-contra-el-presidente-lopez-obrador-y-se-suma-al-tumor\/"]}]},{"@type":"ImageObject","inLanguage":"es","@id":"https:\/\/redamlo.com\/index.php\/2021\/01\/16\/el-ine-culmina-censura-contra-el-presidente-lopez-obrador-y-se-suma-al-tumor\/#primaryimage","url":"https:\/\/redamlo.com\/wp-content\/uploads\/2021\/01\/ine-censura-al-presidente-obrador.jpg","contentUrl":"https:\/\/redamlo.com\/wp-content\/uploads\/2021\/01\/ine-censura-al-presidente-obrador.jpg","width":1200,"height":743},{"@type":"BreadcrumbList","@id":"https:\/\/redamlo.com\/index.php\/2021\/01\/16\/el-ine-culmina-censura-contra-el-presidente-lopez-obrador-y-se-suma-al-tumor\/#breadcrumb","itemListElement":[{"@type":"ListItem","position":1,"name":"Inicio","item":"https:\/\/redamlo.com\/"},{"@type":"ListItem","position":2,"name":"EL INE CULMINA CENSURA CONTRA EL PRESIDENTE L\u00d3PEZ OBRADOR Y SE SUMA AL TUMOR"}]},{"@type":"WebSite","@id":"https:\/\/redamlo.com\/#website","url":"https:\/\/redamlo.com\/","name":"NOTICIAS DE LA 4T","description":"","publisher":{"@id":"https:\/\/redamlo.com\/#organization"},"potentialAction":[{"@type":"SearchAction","target":{"@type":"EntryPoint","urlTemplate":"https:\/\/redamlo.com\/?s={search_term_string}"},"query-input":{"@type":"PropertyValueSpecification","valueRequired":true,"valueName":"search_term_string"}}],"inLanguage":"es"},{"@type":"Organization","@id":"https:\/\/redamlo.com\/#organization","name":"NOTICIAS DE LA 4T","url":"https:\/\/redamlo.com\/","logo":{"@type":"ImageObject","inLanguage":"es","@id":"https:\/\/redamlo.com\/#\/schema\/logo\/image\/","url":"https:\/\/redamlo.com\/wp-content\/uploads\/2024\/08\/cropped-RED-AMLO-logo-50.png","contentUrl":"https:\/\/redamlo.com\/wp-content\/uploads\/2024\/08\/cropped-RED-AMLO-logo-50.png","width":256,"height":256,"caption":"NOTICIAS DE LA 4T"},"image":{"@id":"https:\/\/redamlo.com\/#\/schema\/logo\/image\/"}},{"@type":"Person","@id":"https:\/\/redamlo.com\/#\/schema\/person\/7223a4375eb8f1a782fcae010a7115cf","name":"Blanca","image":{"@type":"ImageObject","inLanguage":"es","@id":"https:\/\/secure.gravatar.com\/avatar\/3f79bc8336367a4e6093eae8757acaaf61d1124834b905616de7829b0273426d?s=96&d=mm&r=g","url":"https:\/\/secure.gravatar.com\/avatar\/3f79bc8336367a4e6093eae8757acaaf61d1124834b905616de7829b0273426d?s=96&d=mm&r=g","contentUrl":"https:\/\/secure.gravatar.com\/avatar\/3f79bc8336367a4e6093eae8757acaaf61d1124834b905616de7829b0273426d?s=96&d=mm&r=g","caption":"Blanca"},"url":"https:\/\/redamlo.com\/index.php\/author\/blanca\/"}]}},"_links":{"self":[{"href":"https:\/\/redamlo.com\/index.php\/wp-json\/wp\/v2\/posts\/3548","targetHints":{"allow":["GET"]}}],"collection":[{"href":"https:\/\/redamlo.com\/index.php\/wp-json\/wp\/v2\/posts"}],"about":[{"href":"https:\/\/redamlo.com\/index.php\/wp-json\/wp\/v2\/types\/post"}],"author":[{"embeddable":true,"href":"https:\/\/redamlo.com\/index.php\/wp-json\/wp\/v2\/users\/2"}],"replies":[{"embeddable":true,"href":"https:\/\/redamlo.com\/index.php\/wp-json\/wp\/v2\/comments?post=3548"}],"version-history":[{"count":0,"href":"https:\/\/redamlo.com\/index.php\/wp-json\/wp\/v2\/posts\/3548\/revisions"}],"wp:featuredmedia":[{"embeddable":true,"href":"https:\/\/redamlo.com\/index.php\/wp-json\/wp\/v2\/media\/3550"}],"wp:attachment":[{"href":"https:\/\/redamlo.com\/index.php\/wp-json\/wp\/v2\/media?parent=3548"}],"wp:term":[{"taxonomy":"category","embeddable":true,"href":"https:\/\/redamlo.com\/index.php\/wp-json\/wp\/v2\/categories?post=3548"},{"taxonomy":"post_tag","embeddable":true,"href":"https:\/\/redamlo.com\/index.php\/wp-json\/wp\/v2\/tags?post=3548"}],"curies":[{"name":"wp","href":"https:\/\/api.w.org\/{rel}","templated":true}]}}