{"id":3527,"date":"2021-01-13T13:26:33","date_gmt":"2021-01-13T19:26:33","guid":{"rendered":"https:\/\/redamlo.com\/?p=3527"},"modified":"2021-01-13T13:26:33","modified_gmt":"2021-01-13T19:26:33","slug":"es-importante-el-acompanamiento-del-presidente-desde-la-camara-de-diputados-nelly-carrasco","status":"publish","type":"post","link":"https:\/\/redamlo.com\/index.php\/2021\/01\/13\/es-importante-el-acompanamiento-del-presidente-desde-la-camara-de-diputados-nelly-carrasco\/","title":{"rendered":"Es importante el acompa\u00f1amiento del presidente desde la c\u00e1mara de diputados: Nelly Carrasco"},"content":{"rendered":"<p>Al destacar que es de gran importancia que el el presidente de la Rep\u00fablica, Andr\u00e9s Manuel L\u00f3pez Obrador, est\u00e9 acompa\u00f1ado de un Congreso que tenga la convicci\u00f3n de que M\u00e9xico atraviesa por un proceso de transformaci\u00f3n, la diputada federal <strong>Nelly Carrasco God\u00ednez<\/strong>, se registr\u00f3 para una elecci\u00f3n sucesiva en el distrito 04 del Estado de M\u00e9xico.<\/p>\n<p>Carrasco God\u00ednez, mencion\u00f3 que se debe apoyar al mandatario federal con leyes y reformas apegadas al beneficio de los mexicanos, de ah\u00ed la inquietud de seguir respaldando al ejecutivo federal, quien en todo momento ha sido cercano al pueblo de M\u00e9xico.<\/p>\n<p>La mexiquense asegur\u00f3 que las mujeres hoy d\u00eda cuentan con mayores oportunidades para participar en los cargos de tomas de decisiones, por lo que asegur\u00f3 que este momento es hist\u00f3rico, desde el gabinete presidencial hasta la conformaci\u00f3n de las c\u00e1maras legislativas.<\/p>\n<p>Carrasco actualmente es diputada federal con licencia del distrito 04 del Estado de M\u00e9xico, mismo al que aspira seguir representando. Es licenciada en Inform\u00e1tica Administrativa por la Universidad Aut\u00f3noma del Estado de M\u00e9xico y se ha desempe\u00f1ado en diversas encomiendas partidistas de morena.<\/p>\n","protected":false},"excerpt":{"rendered":"<p>Al destacar que es de gran importancia que el el presidente de la Rep\u00fablica, Andr\u00e9s&#8230;<\/p>\n","protected":false},"author":2,"featured_media":3529,"comment_status":"open","ping_status":"closed","sticky":false,"template":"","format":"standard","meta":{"footnotes":""},"categories":[25],"tags":[436,400,414,437],"class_list":["post-3527","post","type-post","status-publish","format-standard","has-post-thumbnail","hentry","category-4t","tag-elecciones-en-mexico","tag-elecciones-estado-de-mexico","tag-elecciones-morena-2021","tag-nelly-carrasco-godinez"],"yoast_head":"<!-- This site is optimized with the Yoast SEO plugin v27.5 - https:\/\/yoast.com\/product\/yoast-seo-wordpress\/ -->\n<title>Es importante el acompa\u00f1amiento del presidente desde la c\u00e1mara de diputados: Nelly Carrasco - NOTICIAS DE LA 4T<\/title>\n<meta name=\"robots\" content=\"noindex, follow, max-snippet:-1, max-image-preview:large, max-video-preview:-1\" \/>\n<meta property=\"og:locale\" content=\"es_MX\" \/>\n<meta property=\"og:type\" content=\"article\" \/>\n<meta property=\"og:title\" content=\"Es importante el acompa\u00f1amiento del presidente desde la c\u00e1mara de diputados: Nelly Carrasco - NOTICIAS DE LA 4T\" \/>\n<meta property=\"og:description\" content=\"Al destacar que es de gran importancia que el el presidente de la Rep\u00fablica, Andr\u00e9s...\" \/>\n<meta property=\"og:url\" content=\"https:\/\/redamlo.com\/index.php\/2021\/01\/13\/es-importante-el-acompanamiento-del-presidente-desde-la-camara-de-diputados-nelly-carrasco\/\" \/>\n<meta property=\"og:site_name\" content=\"NOTICIAS DE LA 4T\" \/>\n<meta property=\"article:published_time\" content=\"2021-01-13T19:26:33+00:00\" \/>\n<meta property=\"og:image\" content=\"https:\/\/redamlo.com\/wp-content\/uploads\/2021\/01\/Nelly-Carrasco-Godinez.png\" \/>\n\t<meta property=\"og:image:width\" content=\"1016\" \/>\n\t<meta property=\"og:image:height\" content=\"816\" \/>\n\t<meta property=\"og:image:type\" content=\"image\/png\" \/>\n<meta name=\"author\" content=\"Blanca\" \/>\n<meta name=\"twitter:card\" content=\"summary_large_image\" \/>\n<meta name=\"twitter:label1\" content=\"Escrito por\" \/>\n\t<meta name=\"twitter:data1\" content=\"Blanca\" \/>\n\t<meta name=\"twitter:label2\" content=\"Tiempo de lectura\" \/>\n\t<meta name=\"twitter:data2\" content=\"1 minuto\" \/>\n<script type=\"application\/ld+json\" class=\"yoast-schema-graph\">{\"@context\":\"https:\\\/\\\/schema.org\",\"@graph\":[{\"@type\":\"Article\",\"@id\":\"https:\\\/\\\/redamlo.com\\\/index.php\\\/2021\\\/01\\\/13\\\/es-importante-el-acompanamiento-del-presidente-desde-la-camara-de-diputados-nelly-carrasco\\\/#article\",\"isPartOf\":{\"@id\":\"https:\\\/\\\/redamlo.com\\\/index.php\\\/2021\\\/01\\\/13\\\/es-importante-el-acompanamiento-del-presidente-desde-la-camara-de-diputados-nelly-carrasco\\\/\"},\"author\":{\"name\":\"Blanca\",\"@id\":\"https:\\\/\\\/redamlo.com\\\/#\\\/schema\\\/person\\\/7223a4375eb8f1a782fcae010a7115cf\"},\"headline\":\"Es importante el acompa\u00f1amiento del presidente desde la c\u00e1mara de diputados: Nelly Carrasco\",\"datePublished\":\"2021-01-13T19:26:33+00:00\",\"mainEntityOfPage\":{\"@id\":\"https:\\\/\\\/redamlo.com\\\/index.php\\\/2021\\\/01\\\/13\\\/es-importante-el-acompanamiento-del-presidente-desde-la-camara-de-diputados-nelly-carrasco\\\/\"},\"wordCount\":215,\"commentCount\":0,\"publisher\":{\"@id\":\"https:\\\/\\\/redamlo.com\\\/#organization\"},\"image\":{\"@id\":\"https:\\\/\\\/redamlo.com\\\/index.php\\\/2021\\\/01\\\/13\\\/es-importante-el-acompanamiento-del-presidente-desde-la-camara-de-diputados-nelly-carrasco\\\/#primaryimage\"},\"thumbnailUrl\":\"https:\\\/\\\/redamlo.com\\\/wp-content\\\/uploads\\\/2021\\\/01\\\/Nelly-Carrasco-Godinez.png\",\"keywords\":[\"Elecciones en M\u00e9xico\",\"Elecciones Estado de M\u00e9xico\",\"Elecciones Morena 2021\",\"Nelly Carrasco God\u00ednez\"],\"articleSection\":[\"4T\"],\"inLanguage\":\"es\",\"potentialAction\":[{\"@type\":\"CommentAction\",\"name\":\"Comment\",\"target\":[\"https:\\\/\\\/redamlo.com\\\/index.php\\\/2021\\\/01\\\/13\\\/es-importante-el-acompanamiento-del-presidente-desde-la-camara-de-diputados-nelly-carrasco\\\/#respond\"]}]},{\"@type\":\"WebPage\",\"@id\":\"https:\\\/\\\/redamlo.com\\\/index.php\\\/2021\\\/01\\\/13\\\/es-importante-el-acompanamiento-del-presidente-desde-la-camara-de-diputados-nelly-carrasco\\\/\",\"url\":\"https:\\\/\\\/redamlo.com\\\/index.php\\\/2021\\\/01\\\/13\\\/es-importante-el-acompanamiento-del-presidente-desde-la-camara-de-diputados-nelly-carrasco\\\/\",\"name\":\"Es importante el acompa\u00f1amiento del presidente desde la c\u00e1mara de diputados: Nelly Carrasco - NOTICIAS DE LA 4T\",\"isPartOf\":{\"@id\":\"https:\\\/\\\/redamlo.com\\\/#website\"},\"primaryImageOfPage\":{\"@id\":\"https:\\\/\\\/redamlo.com\\\/index.php\\\/2021\\\/01\\\/13\\\/es-importante-el-acompanamiento-del-presidente-desde-la-camara-de-diputados-nelly-carrasco\\\/#primaryimage\"},\"image\":{\"@id\":\"https:\\\/\\\/redamlo.com\\\/index.php\\\/2021\\\/01\\\/13\\\/es-importante-el-acompanamiento-del-presidente-desde-la-camara-de-diputados-nelly-carrasco\\\/#primaryimage\"},\"thumbnailUrl\":\"https:\\\/\\\/redamlo.com\\\/wp-content\\\/uploads\\\/2021\\\/01\\\/Nelly-Carrasco-Godinez.png\",\"datePublished\":\"2021-01-13T19:26:33+00:00\",\"breadcrumb\":{\"@id\":\"https:\\\/\\\/redamlo.com\\\/index.php\\\/2021\\\/01\\\/13\\\/es-importante-el-acompanamiento-del-presidente-desde-la-camara-de-diputados-nelly-carrasco\\\/#breadcrumb\"},\"inLanguage\":\"es\",\"potentialAction\":[{\"@type\":\"ReadAction\",\"target\":[\"https:\\\/\\\/redamlo.com\\\/index.php\\\/2021\\\/01\\\/13\\\/es-importante-el-acompanamiento-del-presidente-desde-la-camara-de-diputados-nelly-carrasco\\\/\"]}]},{\"@type\":\"ImageObject\",\"inLanguage\":\"es\",\"@id\":\"https:\\\/\\\/redamlo.com\\\/index.php\\\/2021\\\/01\\\/13\\\/es-importante-el-acompanamiento-del-presidente-desde-la-camara-de-diputados-nelly-carrasco\\\/#primaryimage\",\"url\":\"https:\\\/\\\/redamlo.com\\\/wp-content\\\/uploads\\\/2021\\\/01\\\/Nelly-Carrasco-Godinez.png\",\"contentUrl\":\"https:\\\/\\\/redamlo.com\\\/wp-content\\\/uploads\\\/2021\\\/01\\\/Nelly-Carrasco-Godinez.png\",\"width\":1016,\"height\":816},{\"@type\":\"BreadcrumbList\",\"@id\":\"https:\\\/\\\/redamlo.com\\\/index.php\\\/2021\\\/01\\\/13\\\/es-importante-el-acompanamiento-del-presidente-desde-la-camara-de-diputados-nelly-carrasco\\\/#breadcrumb\",\"itemListElement\":[{\"@type\":\"ListItem\",\"position\":1,\"name\":\"Inicio\",\"item\":\"https:\\\/\\\/redamlo.com\\\/\"},{\"@type\":\"ListItem\",\"position\":2,\"name\":\"Es importante el acompa\u00f1amiento del presidente desde la c\u00e1mara de diputados: Nelly Carrasco\"}]},{\"@type\":\"WebSite\",\"@id\":\"https:\\\/\\\/redamlo.com\\\/#website\",\"url\":\"https:\\\/\\\/redamlo.com\\\/\",\"name\":\"NOTICIAS DE LA 4T\",\"description\":\"\",\"publisher\":{\"@id\":\"https:\\\/\\\/redamlo.com\\\/#organization\"},\"potentialAction\":[{\"@type\":\"SearchAction\",\"target\":{\"@type\":\"EntryPoint\",\"urlTemplate\":\"https:\\\/\\\/redamlo.com\\\/?s={search_term_string}\"},\"query-input\":{\"@type\":\"PropertyValueSpecification\",\"valueRequired\":true,\"valueName\":\"search_term_string\"}}],\"inLanguage\":\"es\"},{\"@type\":\"Organization\",\"@id\":\"https:\\\/\\\/redamlo.com\\\/#organization\",\"name\":\"NOTICIAS DE LA 4T\",\"url\":\"https:\\\/\\\/redamlo.com\\\/\",\"logo\":{\"@type\":\"ImageObject\",\"inLanguage\":\"es\",\"@id\":\"https:\\\/\\\/redamlo.com\\\/#\\\/schema\\\/logo\\\/image\\\/\",\"url\":\"https:\\\/\\\/redamlo.com\\\/wp-content\\\/uploads\\\/2024\\\/08\\\/cropped-RED-AMLO-logo-50.png\",\"contentUrl\":\"https:\\\/\\\/redamlo.com\\\/wp-content\\\/uploads\\\/2024\\\/08\\\/cropped-RED-AMLO-logo-50.png\",\"width\":256,\"height\":256,\"caption\":\"NOTICIAS DE LA 4T\"},\"image\":{\"@id\":\"https:\\\/\\\/redamlo.com\\\/#\\\/schema\\\/logo\\\/image\\\/\"}},{\"@type\":\"Person\",\"@id\":\"https:\\\/\\\/redamlo.com\\\/#\\\/schema\\\/person\\\/7223a4375eb8f1a782fcae010a7115cf\",\"name\":\"Blanca\",\"image\":{\"@type\":\"ImageObject\",\"inLanguage\":\"es\",\"@id\":\"https:\\\/\\\/secure.gravatar.com\\\/avatar\\\/3f79bc8336367a4e6093eae8757acaaf61d1124834b905616de7829b0273426d?s=96&d=mm&r=g\",\"url\":\"https:\\\/\\\/secure.gravatar.com\\\/avatar\\\/3f79bc8336367a4e6093eae8757acaaf61d1124834b905616de7829b0273426d?s=96&d=mm&r=g\",\"contentUrl\":\"https:\\\/\\\/secure.gravatar.com\\\/avatar\\\/3f79bc8336367a4e6093eae8757acaaf61d1124834b905616de7829b0273426d?s=96&d=mm&r=g\",\"caption\":\"Blanca\"},\"url\":\"https:\\\/\\\/redamlo.com\\\/index.php\\\/author\\\/blanca\\\/\"}]}<\/script>\n<!-- \/ Yoast SEO plugin. -->","yoast_head_json":{"title":"Es importante el acompa\u00f1amiento del presidente desde la c\u00e1mara de diputados: Nelly Carrasco - NOTICIAS DE LA 4T","robots":{"index":"noindex","follow":"follow","max-snippet":"max-snippet:-1","max-image-preview":"max-image-preview:large","max-video-preview":"max-video-preview:-1"},"og_locale":"es_MX","og_type":"article","og_title":"Es importante el acompa\u00f1amiento del presidente desde la c\u00e1mara de diputados: Nelly Carrasco - NOTICIAS DE LA 4T","og_description":"Al destacar que es de gran importancia que el el presidente de la Rep\u00fablica, Andr\u00e9s...","og_url":"https:\/\/redamlo.com\/index.php\/2021\/01\/13\/es-importante-el-acompanamiento-del-presidente-desde-la-camara-de-diputados-nelly-carrasco\/","og_site_name":"NOTICIAS DE LA 4T","article_published_time":"2021-01-13T19:26:33+00:00","og_image":[{"width":1016,"height":816,"url":"https:\/\/redamlo.com\/wp-content\/uploads\/2021\/01\/Nelly-Carrasco-Godinez.png","type":"image\/png"}],"author":"Blanca","twitter_card":"summary_large_image","twitter_misc":{"Escrito por":"Blanca","Tiempo de lectura":"1 minuto"},"schema":{"@context":"https:\/\/schema.org","@graph":[{"@type":"Article","@id":"https:\/\/redamlo.com\/index.php\/2021\/01\/13\/es-importante-el-acompanamiento-del-presidente-desde-la-camara-de-diputados-nelly-carrasco\/#article","isPartOf":{"@id":"https:\/\/redamlo.com\/index.php\/2021\/01\/13\/es-importante-el-acompanamiento-del-presidente-desde-la-camara-de-diputados-nelly-carrasco\/"},"author":{"name":"Blanca","@id":"https:\/\/redamlo.com\/#\/schema\/person\/7223a4375eb8f1a782fcae010a7115cf"},"headline":"Es importante el acompa\u00f1amiento del presidente desde la c\u00e1mara de diputados: Nelly Carrasco","datePublished":"2021-01-13T19:26:33+00:00","mainEntityOfPage":{"@id":"https:\/\/redamlo.com\/index.php\/2021\/01\/13\/es-importante-el-acompanamiento-del-presidente-desde-la-camara-de-diputados-nelly-carrasco\/"},"wordCount":215,"commentCount":0,"publisher":{"@id":"https:\/\/redamlo.com\/#organization"},"image":{"@id":"https:\/\/redamlo.com\/index.php\/2021\/01\/13\/es-importante-el-acompanamiento-del-presidente-desde-la-camara-de-diputados-nelly-carrasco\/#primaryimage"},"thumbnailUrl":"https:\/\/redamlo.com\/wp-content\/uploads\/2021\/01\/Nelly-Carrasco-Godinez.png","keywords":["Elecciones en M\u00e9xico","Elecciones Estado de M\u00e9xico","Elecciones Morena 2021","Nelly Carrasco God\u00ednez"],"articleSection":["4T"],"inLanguage":"es","potentialAction":[{"@type":"CommentAction","name":"Comment","target":["https:\/\/redamlo.com\/index.php\/2021\/01\/13\/es-importante-el-acompanamiento-del-presidente-desde-la-camara-de-diputados-nelly-carrasco\/#respond"]}]},{"@type":"WebPage","@id":"https:\/\/redamlo.com\/index.php\/2021\/01\/13\/es-importante-el-acompanamiento-del-presidente-desde-la-camara-de-diputados-nelly-carrasco\/","url":"https:\/\/redamlo.com\/index.php\/2021\/01\/13\/es-importante-el-acompanamiento-del-presidente-desde-la-camara-de-diputados-nelly-carrasco\/","name":"Es importante el acompa\u00f1amiento del presidente desde la c\u00e1mara de diputados: Nelly Carrasco - NOTICIAS DE LA 4T","isPartOf":{"@id":"https:\/\/redamlo.com\/#website"},"primaryImageOfPage":{"@id":"https:\/\/redamlo.com\/index.php\/2021\/01\/13\/es-importante-el-acompanamiento-del-presidente-desde-la-camara-de-diputados-nelly-carrasco\/#primaryimage"},"image":{"@id":"https:\/\/redamlo.com\/index.php\/2021\/01\/13\/es-importante-el-acompanamiento-del-presidente-desde-la-camara-de-diputados-nelly-carrasco\/#primaryimage"},"thumbnailUrl":"https:\/\/redamlo.com\/wp-content\/uploads\/2021\/01\/Nelly-Carrasco-Godinez.png","datePublished":"2021-01-13T19:26:33+00:00","breadcrumb":{"@id":"https:\/\/redamlo.com\/index.php\/2021\/01\/13\/es-importante-el-acompanamiento-del-presidente-desde-la-camara-de-diputados-nelly-carrasco\/#breadcrumb"},"inLanguage":"es","potentialAction":[{"@type":"ReadAction","target":["https:\/\/redamlo.com\/index.php\/2021\/01\/13\/es-importante-el-acompanamiento-del-presidente-desde-la-camara-de-diputados-nelly-carrasco\/"]}]},{"@type":"ImageObject","inLanguage":"es","@id":"https:\/\/redamlo.com\/index.php\/2021\/01\/13\/es-importante-el-acompanamiento-del-presidente-desde-la-camara-de-diputados-nelly-carrasco\/#primaryimage","url":"https:\/\/redamlo.com\/wp-content\/uploads\/2021\/01\/Nelly-Carrasco-Godinez.png","contentUrl":"https:\/\/redamlo.com\/wp-content\/uploads\/2021\/01\/Nelly-Carrasco-Godinez.png","width":1016,"height":816},{"@type":"BreadcrumbList","@id":"https:\/\/redamlo.com\/index.php\/2021\/01\/13\/es-importante-el-acompanamiento-del-presidente-desde-la-camara-de-diputados-nelly-carrasco\/#breadcrumb","itemListElement":[{"@type":"ListItem","position":1,"name":"Inicio","item":"https:\/\/redamlo.com\/"},{"@type":"ListItem","position":2,"name":"Es importante el acompa\u00f1amiento del presidente desde la c\u00e1mara de diputados: Nelly Carrasco"}]},{"@type":"WebSite","@id":"https:\/\/redamlo.com\/#website","url":"https:\/\/redamlo.com\/","name":"NOTICIAS DE LA 4T","description":"","publisher":{"@id":"https:\/\/redamlo.com\/#organization"},"potentialAction":[{"@type":"SearchAction","target":{"@type":"EntryPoint","urlTemplate":"https:\/\/redamlo.com\/?s={search_term_string}"},"query-input":{"@type":"PropertyValueSpecification","valueRequired":true,"valueName":"search_term_string"}}],"inLanguage":"es"},{"@type":"Organization","@id":"https:\/\/redamlo.com\/#organization","name":"NOTICIAS DE LA 4T","url":"https:\/\/redamlo.com\/","logo":{"@type":"ImageObject","inLanguage":"es","@id":"https:\/\/redamlo.com\/#\/schema\/logo\/image\/","url":"https:\/\/redamlo.com\/wp-content\/uploads\/2024\/08\/cropped-RED-AMLO-logo-50.png","contentUrl":"https:\/\/redamlo.com\/wp-content\/uploads\/2024\/08\/cropped-RED-AMLO-logo-50.png","width":256,"height":256,"caption":"NOTICIAS DE LA 4T"},"image":{"@id":"https:\/\/redamlo.com\/#\/schema\/logo\/image\/"}},{"@type":"Person","@id":"https:\/\/redamlo.com\/#\/schema\/person\/7223a4375eb8f1a782fcae010a7115cf","name":"Blanca","image":{"@type":"ImageObject","inLanguage":"es","@id":"https:\/\/secure.gravatar.com\/avatar\/3f79bc8336367a4e6093eae8757acaaf61d1124834b905616de7829b0273426d?s=96&d=mm&r=g","url":"https:\/\/secure.gravatar.com\/avatar\/3f79bc8336367a4e6093eae8757acaaf61d1124834b905616de7829b0273426d?s=96&d=mm&r=g","contentUrl":"https:\/\/secure.gravatar.com\/avatar\/3f79bc8336367a4e6093eae8757acaaf61d1124834b905616de7829b0273426d?s=96&d=mm&r=g","caption":"Blanca"},"url":"https:\/\/redamlo.com\/index.php\/author\/blanca\/"}]}},"_links":{"self":[{"href":"https:\/\/redamlo.com\/index.php\/wp-json\/wp\/v2\/posts\/3527","targetHints":{"allow":["GET"]}}],"collection":[{"href":"https:\/\/redamlo.com\/index.php\/wp-json\/wp\/v2\/posts"}],"about":[{"href":"https:\/\/redamlo.com\/index.php\/wp-json\/wp\/v2\/types\/post"}],"author":[{"embeddable":true,"href":"https:\/\/redamlo.com\/index.php\/wp-json\/wp\/v2\/users\/2"}],"replies":[{"embeddable":true,"href":"https:\/\/redamlo.com\/index.php\/wp-json\/wp\/v2\/comments?post=3527"}],"version-history":[{"count":0,"href":"https:\/\/redamlo.com\/index.php\/wp-json\/wp\/v2\/posts\/3527\/revisions"}],"wp:featuredmedia":[{"embeddable":true,"href":"https:\/\/redamlo.com\/index.php\/wp-json\/wp\/v2\/media\/3529"}],"wp:attachment":[{"href":"https:\/\/redamlo.com\/index.php\/wp-json\/wp\/v2\/media?parent=3527"}],"wp:term":[{"taxonomy":"category","embeddable":true,"href":"https:\/\/redamlo.com\/index.php\/wp-json\/wp\/v2\/categories?post=3527"},{"taxonomy":"post_tag","embeddable":true,"href":"https:\/\/redamlo.com\/index.php\/wp-json\/wp\/v2\/tags?post=3527"}],"curies":[{"name":"wp","href":"https:\/\/api.w.org\/{rel}","templated":true}]}}