{"id":3441,"date":"2021-01-10T14:18:38","date_gmt":"2021-01-10T20:18:38","guid":{"rendered":"https:\/\/redamlo.com\/?p=3441"},"modified":"2021-01-10T14:18:38","modified_gmt":"2021-01-10T20:18:38","slug":"amlo-vacunacion-de-adultos-mayores-inicia-este-martes","status":"publish","type":"post","link":"https:\/\/redamlo.com\/index.php\/2021\/01\/10\/amlo-vacunacion-de-adultos-mayores-inicia-este-martes\/","title":{"rendered":"AMLO: vacunaci\u00f3n de adultos mayores inicia este martes"},"content":{"rendered":"<p>Tecom\u00e1n, Col.\u2014 El presidente Andr\u00e9s Manuel L\u00f3pez anunci\u00f3 que el pr\u00f3ximo martes 12 de enero iniciar\u00e1 una vacunaci\u00f3n masiva contra el Covid-19 en adultos mayores, con la llegada de m\u00e1s de 400 mil vacunas de la farmac\u00e9utica Pfizer \u2014la cual requiere la aplicaci\u00f3n de dos dosis\u2014; se busca inmunizar a cerca de 15 millones de personas que pasen los 60 a\u00f1os.<\/p>\n<p>Ayer, por cuarto d\u00eda consecutivo, M\u00e9xico report\u00f3 otro m\u00e1ximo en el registro de nuevos contagios, con un incremento de 16 mil 106, con respecto al d\u00eda anterior, para sumar un mill\u00f3n 524 mil 36 diagn\u00f3sticos, as\u00ed como 133 mil 204 defunciones, mil 135 m\u00e1s que el pasado viernes.<\/p>\n<p>En conferencia, Ruy L\u00f3pez Ridaura, titular del Centro Nacional de Programas Preventivos y Control de Enfermedades, declar\u00f3 que la epidemia activa est\u00e1 compuesta por 93 mil 672 pacientes con Covid, quienes contrajeron el virus en los \u00faltimos 14 d\u00edas y a\u00fan lo pueden transmitir, esta cifra corresponde a 5% del total de contagios en el pa\u00eds.<\/p>\n<p><strong>Se desplegar\u00e1n brigadistas<\/strong><\/p>\n<p>Ayer, al encabezar la inauguraci\u00f3n del cuartel de la Guardia Nacional, el presidente L\u00f3pez Obrador indic\u00f3 que se desplegar\u00e1n m\u00e1s de 10 mil brigadas para llevar a cabo esta campa\u00f1a masiva de vacunaci\u00f3n.<\/p>\n<p>\u201cVamos a iniciar el martes pr\u00f3ximo una campa\u00f1a de vacunaci\u00f3n masiva, porque llegan m\u00e1s de 400 mil dosis de Pfizer y ya se tiene el contrato con otras farmac\u00e9uticas, con otras vacunas. Vamos a poder desplegar 10 mil brigadas, pensando en cumplir este prop\u00f3sito de vacunar a 15 millones de adultos mayores.<\/p>\n<p>\u201cEstamos pensando, planeando y llevando a cabo compras de vacunas para que a finales de marzo se tenga vacunado, repito, a todos los adultos mayores del pa\u00eds\u201d, dijo.<\/p>\n<p>Acompa\u00f1ado por el gobernador Jos\u00e9 Ignacio Peralta y por el gabinete de Seguridad federal, el presidente L\u00f3pez Obrador asegur\u00f3 que, vacunando a los adultos mayores, se reducir\u00e1 80% la mortalidad por el virus .<\/p>\n<p>\u201cPor eso son buenas noticias, tengamos fe en el porvenir, sigamos adelante\u201d, afirm\u00f3.<\/p>\n<h2>Epidemia activa<\/h2>\n<p>Por la noche, en la Ciudad de M\u00e9xico, Ruy L\u00f3pez Ridaura coment\u00f3 que desde que se registr\u00f3 el primer caso de coronavirus a la fecha, un mill\u00f3n 143 mil 254 personas se han recuperado de la enfermedad respiratoria, lo que significa 75% del total de poblaci\u00f3n que ha sido diagnosticado con Covid-19.<\/p>\n<p>Sobre la ocupaci\u00f3n hospitalaria, L\u00f3pez Ridaura detall\u00f3 que a nivel nacional es de 56% para camas generales, y puntualiz\u00f3 que en todo el pa\u00eds existen 31 mil 489 de este tipo, de las que 13 mil 773 est\u00e1n disponibles.<\/p>\n<p>Resalt\u00f3 que la Ciudad de M\u00e9xico tiene 90% de camas con paciente; Guanajuato, 85%; Estado de M\u00e9xico, 81%; Nuevo Le\u00f3n, 78%, e Hidalgo, 76%. En cuanto a camas con ventilador mec\u00e1nico, hay 10 mil 311, de las que 4 mil 945 est\u00e1n ocupadas.<\/p>\n","protected":false},"excerpt":{"rendered":"<p>Tecom\u00e1n, Col.\u2014 El presidente Andr\u00e9s Manuel L\u00f3pez anunci\u00f3 que el pr\u00f3ximo martes 12 de enero&#8230;<\/p>\n","protected":false},"author":2,"featured_media":0,"comment_status":"open","ping_status":"closed","sticky":false,"template":"","format":"standard","meta":{"footnotes":""},"categories":[1],"tags":[],"class_list":["post-3441","post","type-post","status-publish","format-standard","hentry","category-uncategorized"],"yoast_head":"<!-- This site is optimized with the Yoast SEO plugin v27.5 - https:\/\/yoast.com\/product\/yoast-seo-wordpress\/ -->\n<title>AMLO: vacunaci\u00f3n de adultos mayores inicia este martes - NOTICIAS DE LA 4T<\/title>\n<meta name=\"robots\" content=\"noindex, follow, max-snippet:-1, max-image-preview:large, max-video-preview:-1\" \/>\n<meta property=\"og:locale\" content=\"es_MX\" \/>\n<meta property=\"og:type\" content=\"article\" \/>\n<meta property=\"og:title\" content=\"AMLO: vacunaci\u00f3n de adultos mayores inicia este martes - NOTICIAS DE LA 4T\" \/>\n<meta property=\"og:description\" content=\"Tecom\u00e1n, Col.\u2014 El presidente Andr\u00e9s Manuel L\u00f3pez anunci\u00f3 que el pr\u00f3ximo martes 12 de enero...\" \/>\n<meta property=\"og:url\" content=\"https:\/\/redamlo.com\/index.php\/2021\/01\/10\/amlo-vacunacion-de-adultos-mayores-inicia-este-martes\/\" \/>\n<meta property=\"og:site_name\" content=\"NOTICIAS DE LA 4T\" \/>\n<meta property=\"article:published_time\" content=\"2021-01-10T20:18:38+00:00\" \/>\n<meta name=\"author\" content=\"Blanca\" \/>\n<meta name=\"twitter:card\" content=\"summary_large_image\" \/>\n<meta name=\"twitter:label1\" content=\"Escrito por\" \/>\n\t<meta name=\"twitter:data1\" content=\"Blanca\" \/>\n\t<meta name=\"twitter:label2\" content=\"Tiempo de lectura\" \/>\n\t<meta name=\"twitter:data2\" content=\"2 minutos\" \/>\n<script type=\"application\/ld+json\" class=\"yoast-schema-graph\">{\"@context\":\"https:\\\/\\\/schema.org\",\"@graph\":[{\"@type\":\"Article\",\"@id\":\"https:\\\/\\\/redamlo.com\\\/index.php\\\/2021\\\/01\\\/10\\\/amlo-vacunacion-de-adultos-mayores-inicia-este-martes\\\/#article\",\"isPartOf\":{\"@id\":\"https:\\\/\\\/redamlo.com\\\/index.php\\\/2021\\\/01\\\/10\\\/amlo-vacunacion-de-adultos-mayores-inicia-este-martes\\\/\"},\"author\":{\"name\":\"Blanca\",\"@id\":\"https:\\\/\\\/redamlo.com\\\/#\\\/schema\\\/person\\\/7223a4375eb8f1a782fcae010a7115cf\"},\"headline\":\"AMLO: vacunaci\u00f3n de adultos mayores inicia este martes\",\"datePublished\":\"2021-01-10T20:18:38+00:00\",\"mainEntityOfPage\":{\"@id\":\"https:\\\/\\\/redamlo.com\\\/index.php\\\/2021\\\/01\\\/10\\\/amlo-vacunacion-de-adultos-mayores-inicia-este-martes\\\/\"},\"wordCount\":484,\"commentCount\":0,\"publisher\":{\"@id\":\"https:\\\/\\\/redamlo.com\\\/#organization\"},\"articleSection\":[\"Uncategorized\"],\"inLanguage\":\"es\",\"potentialAction\":[{\"@type\":\"CommentAction\",\"name\":\"Comment\",\"target\":[\"https:\\\/\\\/redamlo.com\\\/index.php\\\/2021\\\/01\\\/10\\\/amlo-vacunacion-de-adultos-mayores-inicia-este-martes\\\/#respond\"]}]},{\"@type\":\"WebPage\",\"@id\":\"https:\\\/\\\/redamlo.com\\\/index.php\\\/2021\\\/01\\\/10\\\/amlo-vacunacion-de-adultos-mayores-inicia-este-martes\\\/\",\"url\":\"https:\\\/\\\/redamlo.com\\\/index.php\\\/2021\\\/01\\\/10\\\/amlo-vacunacion-de-adultos-mayores-inicia-este-martes\\\/\",\"name\":\"AMLO: vacunaci\u00f3n de adultos mayores inicia este martes - NOTICIAS DE LA 4T\",\"isPartOf\":{\"@id\":\"https:\\\/\\\/redamlo.com\\\/#website\"},\"datePublished\":\"2021-01-10T20:18:38+00:00\",\"breadcrumb\":{\"@id\":\"https:\\\/\\\/redamlo.com\\\/index.php\\\/2021\\\/01\\\/10\\\/amlo-vacunacion-de-adultos-mayores-inicia-este-martes\\\/#breadcrumb\"},\"inLanguage\":\"es\",\"potentialAction\":[{\"@type\":\"ReadAction\",\"target\":[\"https:\\\/\\\/redamlo.com\\\/index.php\\\/2021\\\/01\\\/10\\\/amlo-vacunacion-de-adultos-mayores-inicia-este-martes\\\/\"]}]},{\"@type\":\"BreadcrumbList\",\"@id\":\"https:\\\/\\\/redamlo.com\\\/index.php\\\/2021\\\/01\\\/10\\\/amlo-vacunacion-de-adultos-mayores-inicia-este-martes\\\/#breadcrumb\",\"itemListElement\":[{\"@type\":\"ListItem\",\"position\":1,\"name\":\"Inicio\",\"item\":\"https:\\\/\\\/redamlo.com\\\/\"},{\"@type\":\"ListItem\",\"position\":2,\"name\":\"AMLO: vacunaci\u00f3n de adultos mayores inicia este martes\"}]},{\"@type\":\"WebSite\",\"@id\":\"https:\\\/\\\/redamlo.com\\\/#website\",\"url\":\"https:\\\/\\\/redamlo.com\\\/\",\"name\":\"NOTICIAS DE LA 4T\",\"description\":\"\",\"publisher\":{\"@id\":\"https:\\\/\\\/redamlo.com\\\/#organization\"},\"potentialAction\":[{\"@type\":\"SearchAction\",\"target\":{\"@type\":\"EntryPoint\",\"urlTemplate\":\"https:\\\/\\\/redamlo.com\\\/?s={search_term_string}\"},\"query-input\":{\"@type\":\"PropertyValueSpecification\",\"valueRequired\":true,\"valueName\":\"search_term_string\"}}],\"inLanguage\":\"es\"},{\"@type\":\"Organization\",\"@id\":\"https:\\\/\\\/redamlo.com\\\/#organization\",\"name\":\"NOTICIAS DE LA 4T\",\"url\":\"https:\\\/\\\/redamlo.com\\\/\",\"logo\":{\"@type\":\"ImageObject\",\"inLanguage\":\"es\",\"@id\":\"https:\\\/\\\/redamlo.com\\\/#\\\/schema\\\/logo\\\/image\\\/\",\"url\":\"https:\\\/\\\/redamlo.com\\\/wp-content\\\/uploads\\\/2024\\\/08\\\/cropped-RED-AMLO-logo-50.png\",\"contentUrl\":\"https:\\\/\\\/redamlo.com\\\/wp-content\\\/uploads\\\/2024\\\/08\\\/cropped-RED-AMLO-logo-50.png\",\"width\":256,\"height\":256,\"caption\":\"NOTICIAS DE LA 4T\"},\"image\":{\"@id\":\"https:\\\/\\\/redamlo.com\\\/#\\\/schema\\\/logo\\\/image\\\/\"}},{\"@type\":\"Person\",\"@id\":\"https:\\\/\\\/redamlo.com\\\/#\\\/schema\\\/person\\\/7223a4375eb8f1a782fcae010a7115cf\",\"name\":\"Blanca\",\"image\":{\"@type\":\"ImageObject\",\"inLanguage\":\"es\",\"@id\":\"https:\\\/\\\/secure.gravatar.com\\\/avatar\\\/3f79bc8336367a4e6093eae8757acaaf61d1124834b905616de7829b0273426d?s=96&d=mm&r=g\",\"url\":\"https:\\\/\\\/secure.gravatar.com\\\/avatar\\\/3f79bc8336367a4e6093eae8757acaaf61d1124834b905616de7829b0273426d?s=96&d=mm&r=g\",\"contentUrl\":\"https:\\\/\\\/secure.gravatar.com\\\/avatar\\\/3f79bc8336367a4e6093eae8757acaaf61d1124834b905616de7829b0273426d?s=96&d=mm&r=g\",\"caption\":\"Blanca\"},\"url\":\"https:\\\/\\\/redamlo.com\\\/index.php\\\/author\\\/blanca\\\/\"}]}<\/script>\n<!-- \/ Yoast SEO plugin. -->","yoast_head_json":{"title":"AMLO: vacunaci\u00f3n de adultos mayores inicia este martes - NOTICIAS DE LA 4T","robots":{"index":"noindex","follow":"follow","max-snippet":"max-snippet:-1","max-image-preview":"max-image-preview:large","max-video-preview":"max-video-preview:-1"},"og_locale":"es_MX","og_type":"article","og_title":"AMLO: vacunaci\u00f3n de adultos mayores inicia este martes - NOTICIAS DE LA 4T","og_description":"Tecom\u00e1n, Col.\u2014 El presidente Andr\u00e9s Manuel L\u00f3pez anunci\u00f3 que el pr\u00f3ximo martes 12 de enero...","og_url":"https:\/\/redamlo.com\/index.php\/2021\/01\/10\/amlo-vacunacion-de-adultos-mayores-inicia-este-martes\/","og_site_name":"NOTICIAS DE LA 4T","article_published_time":"2021-01-10T20:18:38+00:00","author":"Blanca","twitter_card":"summary_large_image","twitter_misc":{"Escrito por":"Blanca","Tiempo de lectura":"2 minutos"},"schema":{"@context":"https:\/\/schema.org","@graph":[{"@type":"Article","@id":"https:\/\/redamlo.com\/index.php\/2021\/01\/10\/amlo-vacunacion-de-adultos-mayores-inicia-este-martes\/#article","isPartOf":{"@id":"https:\/\/redamlo.com\/index.php\/2021\/01\/10\/amlo-vacunacion-de-adultos-mayores-inicia-este-martes\/"},"author":{"name":"Blanca","@id":"https:\/\/redamlo.com\/#\/schema\/person\/7223a4375eb8f1a782fcae010a7115cf"},"headline":"AMLO: vacunaci\u00f3n de adultos mayores inicia este martes","datePublished":"2021-01-10T20:18:38+00:00","mainEntityOfPage":{"@id":"https:\/\/redamlo.com\/index.php\/2021\/01\/10\/amlo-vacunacion-de-adultos-mayores-inicia-este-martes\/"},"wordCount":484,"commentCount":0,"publisher":{"@id":"https:\/\/redamlo.com\/#organization"},"articleSection":["Uncategorized"],"inLanguage":"es","potentialAction":[{"@type":"CommentAction","name":"Comment","target":["https:\/\/redamlo.com\/index.php\/2021\/01\/10\/amlo-vacunacion-de-adultos-mayores-inicia-este-martes\/#respond"]}]},{"@type":"WebPage","@id":"https:\/\/redamlo.com\/index.php\/2021\/01\/10\/amlo-vacunacion-de-adultos-mayores-inicia-este-martes\/","url":"https:\/\/redamlo.com\/index.php\/2021\/01\/10\/amlo-vacunacion-de-adultos-mayores-inicia-este-martes\/","name":"AMLO: vacunaci\u00f3n de adultos mayores inicia este martes - NOTICIAS DE LA 4T","isPartOf":{"@id":"https:\/\/redamlo.com\/#website"},"datePublished":"2021-01-10T20:18:38+00:00","breadcrumb":{"@id":"https:\/\/redamlo.com\/index.php\/2021\/01\/10\/amlo-vacunacion-de-adultos-mayores-inicia-este-martes\/#breadcrumb"},"inLanguage":"es","potentialAction":[{"@type":"ReadAction","target":["https:\/\/redamlo.com\/index.php\/2021\/01\/10\/amlo-vacunacion-de-adultos-mayores-inicia-este-martes\/"]}]},{"@type":"BreadcrumbList","@id":"https:\/\/redamlo.com\/index.php\/2021\/01\/10\/amlo-vacunacion-de-adultos-mayores-inicia-este-martes\/#breadcrumb","itemListElement":[{"@type":"ListItem","position":1,"name":"Inicio","item":"https:\/\/redamlo.com\/"},{"@type":"ListItem","position":2,"name":"AMLO: vacunaci\u00f3n de adultos mayores inicia este martes"}]},{"@type":"WebSite","@id":"https:\/\/redamlo.com\/#website","url":"https:\/\/redamlo.com\/","name":"NOTICIAS DE LA 4T","description":"","publisher":{"@id":"https:\/\/redamlo.com\/#organization"},"potentialAction":[{"@type":"SearchAction","target":{"@type":"EntryPoint","urlTemplate":"https:\/\/redamlo.com\/?s={search_term_string}"},"query-input":{"@type":"PropertyValueSpecification","valueRequired":true,"valueName":"search_term_string"}}],"inLanguage":"es"},{"@type":"Organization","@id":"https:\/\/redamlo.com\/#organization","name":"NOTICIAS DE LA 4T","url":"https:\/\/redamlo.com\/","logo":{"@type":"ImageObject","inLanguage":"es","@id":"https:\/\/redamlo.com\/#\/schema\/logo\/image\/","url":"https:\/\/redamlo.com\/wp-content\/uploads\/2024\/08\/cropped-RED-AMLO-logo-50.png","contentUrl":"https:\/\/redamlo.com\/wp-content\/uploads\/2024\/08\/cropped-RED-AMLO-logo-50.png","width":256,"height":256,"caption":"NOTICIAS DE LA 4T"},"image":{"@id":"https:\/\/redamlo.com\/#\/schema\/logo\/image\/"}},{"@type":"Person","@id":"https:\/\/redamlo.com\/#\/schema\/person\/7223a4375eb8f1a782fcae010a7115cf","name":"Blanca","image":{"@type":"ImageObject","inLanguage":"es","@id":"https:\/\/secure.gravatar.com\/avatar\/3f79bc8336367a4e6093eae8757acaaf61d1124834b905616de7829b0273426d?s=96&d=mm&r=g","url":"https:\/\/secure.gravatar.com\/avatar\/3f79bc8336367a4e6093eae8757acaaf61d1124834b905616de7829b0273426d?s=96&d=mm&r=g","contentUrl":"https:\/\/secure.gravatar.com\/avatar\/3f79bc8336367a4e6093eae8757acaaf61d1124834b905616de7829b0273426d?s=96&d=mm&r=g","caption":"Blanca"},"url":"https:\/\/redamlo.com\/index.php\/author\/blanca\/"}]}},"_links":{"self":[{"href":"https:\/\/redamlo.com\/index.php\/wp-json\/wp\/v2\/posts\/3441","targetHints":{"allow":["GET"]}}],"collection":[{"href":"https:\/\/redamlo.com\/index.php\/wp-json\/wp\/v2\/posts"}],"about":[{"href":"https:\/\/redamlo.com\/index.php\/wp-json\/wp\/v2\/types\/post"}],"author":[{"embeddable":true,"href":"https:\/\/redamlo.com\/index.php\/wp-json\/wp\/v2\/users\/2"}],"replies":[{"embeddable":true,"href":"https:\/\/redamlo.com\/index.php\/wp-json\/wp\/v2\/comments?post=3441"}],"version-history":[{"count":0,"href":"https:\/\/redamlo.com\/index.php\/wp-json\/wp\/v2\/posts\/3441\/revisions"}],"wp:attachment":[{"href":"https:\/\/redamlo.com\/index.php\/wp-json\/wp\/v2\/media?parent=3441"}],"wp:term":[{"taxonomy":"category","embeddable":true,"href":"https:\/\/redamlo.com\/index.php\/wp-json\/wp\/v2\/categories?post=3441"},{"taxonomy":"post_tag","embeddable":true,"href":"https:\/\/redamlo.com\/index.php\/wp-json\/wp\/v2\/tags?post=3441"}],"curies":[{"name":"wp","href":"https:\/\/api.w.org\/{rel}","templated":true}]}}