{"id":3433,"date":"2021-01-08T13:29:47","date_gmt":"2021-01-08T19:29:47","guid":{"rendered":"https:\/\/redamlo.com\/?p=3433"},"modified":"2021-01-08T13:29:47","modified_gmt":"2021-01-08T19:29:47","slug":"morena-es-la-opcion-para-tener-un-gobierno-del-pueblo-y-para-el-pueblo-mario-delgado","status":"publish","type":"post","link":"https:\/\/redamlo.com\/index.php\/2021\/01\/08\/morena-es-la-opcion-para-tener-un-gobierno-del-pueblo-y-para-el-pueblo-mario-delgado\/","title":{"rendered":"MORENA ES LA OPCI\u00d3N PARA TENER UN GOBIERNO DEL PUEBLO Y PARA EL PUEBLO: MARIO DELGADO"},"content":{"rendered":"<p class=\"p1\"><span class=\"s1\">&#x25ab;&#xfe0f;<\/span><span class=\"s2\">Indira Vizca\u00edno ser\u00e1 la segunda mujer en gobernar Colima y llevar\u00e1 la alternancia democr\u00e1tica al estado.<\/span><\/p>\n<p class=\"p1\"><span class=\"s1\">&#x25ab;&#xfe0f;<\/span><span class=\"s2\">Morena siempre actuar\u00e1 en apego a sus estatutos, principios y valores.<\/span><\/p>\n<p class=\"p1\"><span class=\"s2\">Mario Delgado Carrillo, presidente nacional de Morena, hizo entrega de la constancia que acredita a Indira Vizca\u00edno como precandidata de dicho partido para competir por la gubernatura de Colima y as\u00ed encabezar los trabajos para que la Cuarta Transformaci\u00f3n llegue al estado.<\/span><\/p>\n<p class=\"p1\"><span class=\"s2\">En este sentido, se dijo seguro de que Indira ser\u00e1 la segunda mujer en gobernar Colima, lo que adem\u00e1s llevar\u00e1 la alternancia democr\u00e1tica al estado despu\u00e9s de 90 a\u00f1os. <\/span><\/p>\n<p class=\"p1\"><span class=\"s2\">\u201c\u00bfQu\u00e9 representa que llegue Morena? Un gobierno que ponga el ejemplo con la austeridad republicana, que en la toma de decisiones se ponga por delante a quien m\u00e1s lo necesita, que se tenga un gobierno donde la gente tenga voz; que haya un gobierno del pueblo y para el pueblo\u201d, declar\u00f3.<\/span><\/p>\n<p class=\"p1\"><span class=\"s2\">Delgado tambi\u00e9n se\u00f1al\u00f3 que las funciones de un gobernador no son las de mantener una lucha constante entre los diferentes niveles de gobierno, sino que haya una real coordinaci\u00f3n entre lo local y lo nacional; conciliar, acordar y conjuntar esfuerzos que beneficien a la poblaci\u00f3n.<\/span><\/p>\n<p class=\"p1\"><span class=\"s2\">De igual forma, coment\u00f3 que en todo momento, especialmente durante el proceso electoral, Morena actuar\u00e1 en apego a sus estatutos, principios y valores, sobre todo ante la guerra de acusaciones que se dan en tiempo de elecciones.<\/span><\/p>\n<p class=\"p1\"><span class=\"s2\">\u201cMorena es un claro ejemplo de la apertura para garantizar espacios pol\u00edticos a las mujeres, libres de violencia. Siempre seremos los primeros en denunciar y castigar a cualquier actor en contra de ellas\u201d, sentenci\u00f3 el dirigente del Movimiento Regeneraci\u00f3n Nacional.<\/span><\/p>\n<p class=\"p1\"><span class=\"s2\">Por \u00faltimo, exhort\u00f3 a todos los aspirantes a un cargo popular a anteponer el proyecto de la transformaci\u00f3n del pa\u00eds por encima de sus intereses o proyectos personales, porque solo as\u00ed se dar\u00e1 un cambio a lo largo y ancho de la Rep\u00fablica. <\/span><\/p>\n","protected":false},"excerpt":{"rendered":"<p>&#x25ab;&#xfe0f;Indira Vizca\u00edno ser\u00e1 la segunda mujer en gobernar Colima y llevar\u00e1 la alternancia democr\u00e1tica al&#8230;<\/p>\n","protected":false},"author":2,"featured_media":3435,"comment_status":"open","ping_status":"closed","sticky":false,"template":"","format":"standard","meta":{"footnotes":""},"categories":[1],"tags":[],"class_list":["post-3433","post","type-post","status-publish","format-standard","has-post-thumbnail","hentry","category-uncategorized"],"yoast_head":"<!-- This site is optimized with the Yoast SEO plugin v27.5 - https:\/\/yoast.com\/product\/yoast-seo-wordpress\/ -->\n<title>MORENA ES LA OPCI\u00d3N PARA TENER UN GOBIERNO DEL PUEBLO Y PARA EL PUEBLO: MARIO DELGADO - NOTICIAS DE LA 4T<\/title>\n<meta name=\"robots\" content=\"noindex, follow, max-snippet:-1, max-image-preview:large, max-video-preview:-1\" \/>\n<meta property=\"og:locale\" content=\"es_MX\" \/>\n<meta property=\"og:type\" content=\"article\" \/>\n<meta property=\"og:title\" content=\"MORENA ES LA OPCI\u00d3N PARA TENER UN GOBIERNO DEL PUEBLO Y PARA EL PUEBLO: MARIO DELGADO - NOTICIAS DE LA 4T\" \/>\n<meta property=\"og:description\" content=\"&#x25ab;&#xfe0f;Indira Vizca\u00edno ser\u00e1 la segunda mujer en gobernar Colima y llevar\u00e1 la alternancia democr\u00e1tica al...\" \/>\n<meta property=\"og:url\" content=\"https:\/\/redamlo.com\/index.php\/2021\/01\/08\/morena-es-la-opcion-para-tener-un-gobierno-del-pueblo-y-para-el-pueblo-mario-delgado\/\" \/>\n<meta property=\"og:site_name\" content=\"NOTICIAS DE LA 4T\" \/>\n<meta property=\"article:published_time\" content=\"2021-01-08T19:29:47+00:00\" \/>\n<meta property=\"og:image\" content=\"https:\/\/redamlo.com\/wp-content\/uploads\/2021\/01\/565C8C8D-F8F7-456C-8155-05D145F20E24.jpeg\" \/>\n\t<meta property=\"og:image:width\" content=\"1280\" \/>\n\t<meta property=\"og:image:height\" content=\"795\" \/>\n\t<meta property=\"og:image:type\" content=\"image\/jpeg\" \/>\n<meta name=\"author\" content=\"Blanca\" \/>\n<meta name=\"twitter:card\" content=\"summary_large_image\" \/>\n<meta name=\"twitter:label1\" content=\"Escrito por\" \/>\n\t<meta name=\"twitter:data1\" content=\"Blanca\" \/>\n\t<meta name=\"twitter:label2\" content=\"Tiempo de lectura\" \/>\n\t<meta name=\"twitter:data2\" content=\"2 minutos\" \/>\n<script type=\"application\/ld+json\" class=\"yoast-schema-graph\">{\"@context\":\"https:\\\/\\\/schema.org\",\"@graph\":[{\"@type\":\"Article\",\"@id\":\"https:\\\/\\\/redamlo.com\\\/index.php\\\/2021\\\/01\\\/08\\\/morena-es-la-opcion-para-tener-un-gobierno-del-pueblo-y-para-el-pueblo-mario-delgado\\\/#article\",\"isPartOf\":{\"@id\":\"https:\\\/\\\/redamlo.com\\\/index.php\\\/2021\\\/01\\\/08\\\/morena-es-la-opcion-para-tener-un-gobierno-del-pueblo-y-para-el-pueblo-mario-delgado\\\/\"},\"author\":{\"name\":\"Blanca\",\"@id\":\"https:\\\/\\\/redamlo.com\\\/#\\\/schema\\\/person\\\/7223a4375eb8f1a782fcae010a7115cf\"},\"headline\":\"MORENA ES LA OPCI\u00d3N PARA TENER UN GOBIERNO DEL PUEBLO Y PARA EL PUEBLO: MARIO DELGADO\",\"datePublished\":\"2021-01-08T19:29:47+00:00\",\"mainEntityOfPage\":{\"@id\":\"https:\\\/\\\/redamlo.com\\\/index.php\\\/2021\\\/01\\\/08\\\/morena-es-la-opcion-para-tener-un-gobierno-del-pueblo-y-para-el-pueblo-mario-delgado\\\/\"},\"wordCount\":356,\"commentCount\":0,\"publisher\":{\"@id\":\"https:\\\/\\\/redamlo.com\\\/#organization\"},\"image\":{\"@id\":\"https:\\\/\\\/redamlo.com\\\/index.php\\\/2021\\\/01\\\/08\\\/morena-es-la-opcion-para-tener-un-gobierno-del-pueblo-y-para-el-pueblo-mario-delgado\\\/#primaryimage\"},\"thumbnailUrl\":\"https:\\\/\\\/redamlo.com\\\/wp-content\\\/uploads\\\/2021\\\/01\\\/565C8C8D-F8F7-456C-8155-05D145F20E24.jpeg\",\"articleSection\":[\"Uncategorized\"],\"inLanguage\":\"es\",\"potentialAction\":[{\"@type\":\"CommentAction\",\"name\":\"Comment\",\"target\":[\"https:\\\/\\\/redamlo.com\\\/index.php\\\/2021\\\/01\\\/08\\\/morena-es-la-opcion-para-tener-un-gobierno-del-pueblo-y-para-el-pueblo-mario-delgado\\\/#respond\"]}]},{\"@type\":\"WebPage\",\"@id\":\"https:\\\/\\\/redamlo.com\\\/index.php\\\/2021\\\/01\\\/08\\\/morena-es-la-opcion-para-tener-un-gobierno-del-pueblo-y-para-el-pueblo-mario-delgado\\\/\",\"url\":\"https:\\\/\\\/redamlo.com\\\/index.php\\\/2021\\\/01\\\/08\\\/morena-es-la-opcion-para-tener-un-gobierno-del-pueblo-y-para-el-pueblo-mario-delgado\\\/\",\"name\":\"MORENA ES LA OPCI\u00d3N PARA TENER UN GOBIERNO DEL PUEBLO Y PARA EL PUEBLO: MARIO DELGADO - NOTICIAS DE LA 4T\",\"isPartOf\":{\"@id\":\"https:\\\/\\\/redamlo.com\\\/#website\"},\"primaryImageOfPage\":{\"@id\":\"https:\\\/\\\/redamlo.com\\\/index.php\\\/2021\\\/01\\\/08\\\/morena-es-la-opcion-para-tener-un-gobierno-del-pueblo-y-para-el-pueblo-mario-delgado\\\/#primaryimage\"},\"image\":{\"@id\":\"https:\\\/\\\/redamlo.com\\\/index.php\\\/2021\\\/01\\\/08\\\/morena-es-la-opcion-para-tener-un-gobierno-del-pueblo-y-para-el-pueblo-mario-delgado\\\/#primaryimage\"},\"thumbnailUrl\":\"https:\\\/\\\/redamlo.com\\\/wp-content\\\/uploads\\\/2021\\\/01\\\/565C8C8D-F8F7-456C-8155-05D145F20E24.jpeg\",\"datePublished\":\"2021-01-08T19:29:47+00:00\",\"breadcrumb\":{\"@id\":\"https:\\\/\\\/redamlo.com\\\/index.php\\\/2021\\\/01\\\/08\\\/morena-es-la-opcion-para-tener-un-gobierno-del-pueblo-y-para-el-pueblo-mario-delgado\\\/#breadcrumb\"},\"inLanguage\":\"es\",\"potentialAction\":[{\"@type\":\"ReadAction\",\"target\":[\"https:\\\/\\\/redamlo.com\\\/index.php\\\/2021\\\/01\\\/08\\\/morena-es-la-opcion-para-tener-un-gobierno-del-pueblo-y-para-el-pueblo-mario-delgado\\\/\"]}]},{\"@type\":\"ImageObject\",\"inLanguage\":\"es\",\"@id\":\"https:\\\/\\\/redamlo.com\\\/index.php\\\/2021\\\/01\\\/08\\\/morena-es-la-opcion-para-tener-un-gobierno-del-pueblo-y-para-el-pueblo-mario-delgado\\\/#primaryimage\",\"url\":\"https:\\\/\\\/redamlo.com\\\/wp-content\\\/uploads\\\/2021\\\/01\\\/565C8C8D-F8F7-456C-8155-05D145F20E24.jpeg\",\"contentUrl\":\"https:\\\/\\\/redamlo.com\\\/wp-content\\\/uploads\\\/2021\\\/01\\\/565C8C8D-F8F7-456C-8155-05D145F20E24.jpeg\",\"width\":1280,\"height\":795},{\"@type\":\"BreadcrumbList\",\"@id\":\"https:\\\/\\\/redamlo.com\\\/index.php\\\/2021\\\/01\\\/08\\\/morena-es-la-opcion-para-tener-un-gobierno-del-pueblo-y-para-el-pueblo-mario-delgado\\\/#breadcrumb\",\"itemListElement\":[{\"@type\":\"ListItem\",\"position\":1,\"name\":\"Inicio\",\"item\":\"https:\\\/\\\/redamlo.com\\\/\"},{\"@type\":\"ListItem\",\"position\":2,\"name\":\"MORENA ES LA OPCI\u00d3N PARA TENER UN GOBIERNO DEL PUEBLO Y PARA EL PUEBLO: MARIO DELGADO\"}]},{\"@type\":\"WebSite\",\"@id\":\"https:\\\/\\\/redamlo.com\\\/#website\",\"url\":\"https:\\\/\\\/redamlo.com\\\/\",\"name\":\"NOTICIAS DE LA 4T\",\"description\":\"\",\"publisher\":{\"@id\":\"https:\\\/\\\/redamlo.com\\\/#organization\"},\"potentialAction\":[{\"@type\":\"SearchAction\",\"target\":{\"@type\":\"EntryPoint\",\"urlTemplate\":\"https:\\\/\\\/redamlo.com\\\/?s={search_term_string}\"},\"query-input\":{\"@type\":\"PropertyValueSpecification\",\"valueRequired\":true,\"valueName\":\"search_term_string\"}}],\"inLanguage\":\"es\"},{\"@type\":\"Organization\",\"@id\":\"https:\\\/\\\/redamlo.com\\\/#organization\",\"name\":\"NOTICIAS DE LA 4T\",\"url\":\"https:\\\/\\\/redamlo.com\\\/\",\"logo\":{\"@type\":\"ImageObject\",\"inLanguage\":\"es\",\"@id\":\"https:\\\/\\\/redamlo.com\\\/#\\\/schema\\\/logo\\\/image\\\/\",\"url\":\"https:\\\/\\\/redamlo.com\\\/wp-content\\\/uploads\\\/2024\\\/08\\\/cropped-RED-AMLO-logo-50.png\",\"contentUrl\":\"https:\\\/\\\/redamlo.com\\\/wp-content\\\/uploads\\\/2024\\\/08\\\/cropped-RED-AMLO-logo-50.png\",\"width\":256,\"height\":256,\"caption\":\"NOTICIAS DE LA 4T\"},\"image\":{\"@id\":\"https:\\\/\\\/redamlo.com\\\/#\\\/schema\\\/logo\\\/image\\\/\"}},{\"@type\":\"Person\",\"@id\":\"https:\\\/\\\/redamlo.com\\\/#\\\/schema\\\/person\\\/7223a4375eb8f1a782fcae010a7115cf\",\"name\":\"Blanca\",\"image\":{\"@type\":\"ImageObject\",\"inLanguage\":\"es\",\"@id\":\"https:\\\/\\\/secure.gravatar.com\\\/avatar\\\/3f79bc8336367a4e6093eae8757acaaf61d1124834b905616de7829b0273426d?s=96&d=mm&r=g\",\"url\":\"https:\\\/\\\/secure.gravatar.com\\\/avatar\\\/3f79bc8336367a4e6093eae8757acaaf61d1124834b905616de7829b0273426d?s=96&d=mm&r=g\",\"contentUrl\":\"https:\\\/\\\/secure.gravatar.com\\\/avatar\\\/3f79bc8336367a4e6093eae8757acaaf61d1124834b905616de7829b0273426d?s=96&d=mm&r=g\",\"caption\":\"Blanca\"},\"url\":\"https:\\\/\\\/redamlo.com\\\/index.php\\\/author\\\/blanca\\\/\"}]}<\/script>\n<!-- \/ Yoast SEO plugin. -->","yoast_head_json":{"title":"MORENA ES LA OPCI\u00d3N PARA TENER UN GOBIERNO DEL PUEBLO Y PARA EL PUEBLO: MARIO DELGADO - NOTICIAS DE LA 4T","robots":{"index":"noindex","follow":"follow","max-snippet":"max-snippet:-1","max-image-preview":"max-image-preview:large","max-video-preview":"max-video-preview:-1"},"og_locale":"es_MX","og_type":"article","og_title":"MORENA ES LA OPCI\u00d3N PARA TENER UN GOBIERNO DEL PUEBLO Y PARA EL PUEBLO: MARIO DELGADO - NOTICIAS DE LA 4T","og_description":"&#x25ab;&#xfe0f;Indira Vizca\u00edno ser\u00e1 la segunda mujer en gobernar Colima y llevar\u00e1 la alternancia democr\u00e1tica al...","og_url":"https:\/\/redamlo.com\/index.php\/2021\/01\/08\/morena-es-la-opcion-para-tener-un-gobierno-del-pueblo-y-para-el-pueblo-mario-delgado\/","og_site_name":"NOTICIAS DE LA 4T","article_published_time":"2021-01-08T19:29:47+00:00","og_image":[{"width":1280,"height":795,"url":"https:\/\/redamlo.com\/wp-content\/uploads\/2021\/01\/565C8C8D-F8F7-456C-8155-05D145F20E24.jpeg","type":"image\/jpeg"}],"author":"Blanca","twitter_card":"summary_large_image","twitter_misc":{"Escrito por":"Blanca","Tiempo de lectura":"2 minutos"},"schema":{"@context":"https:\/\/schema.org","@graph":[{"@type":"Article","@id":"https:\/\/redamlo.com\/index.php\/2021\/01\/08\/morena-es-la-opcion-para-tener-un-gobierno-del-pueblo-y-para-el-pueblo-mario-delgado\/#article","isPartOf":{"@id":"https:\/\/redamlo.com\/index.php\/2021\/01\/08\/morena-es-la-opcion-para-tener-un-gobierno-del-pueblo-y-para-el-pueblo-mario-delgado\/"},"author":{"name":"Blanca","@id":"https:\/\/redamlo.com\/#\/schema\/person\/7223a4375eb8f1a782fcae010a7115cf"},"headline":"MORENA ES LA OPCI\u00d3N PARA TENER UN GOBIERNO DEL PUEBLO Y PARA EL PUEBLO: MARIO DELGADO","datePublished":"2021-01-08T19:29:47+00:00","mainEntityOfPage":{"@id":"https:\/\/redamlo.com\/index.php\/2021\/01\/08\/morena-es-la-opcion-para-tener-un-gobierno-del-pueblo-y-para-el-pueblo-mario-delgado\/"},"wordCount":356,"commentCount":0,"publisher":{"@id":"https:\/\/redamlo.com\/#organization"},"image":{"@id":"https:\/\/redamlo.com\/index.php\/2021\/01\/08\/morena-es-la-opcion-para-tener-un-gobierno-del-pueblo-y-para-el-pueblo-mario-delgado\/#primaryimage"},"thumbnailUrl":"https:\/\/redamlo.com\/wp-content\/uploads\/2021\/01\/565C8C8D-F8F7-456C-8155-05D145F20E24.jpeg","articleSection":["Uncategorized"],"inLanguage":"es","potentialAction":[{"@type":"CommentAction","name":"Comment","target":["https:\/\/redamlo.com\/index.php\/2021\/01\/08\/morena-es-la-opcion-para-tener-un-gobierno-del-pueblo-y-para-el-pueblo-mario-delgado\/#respond"]}]},{"@type":"WebPage","@id":"https:\/\/redamlo.com\/index.php\/2021\/01\/08\/morena-es-la-opcion-para-tener-un-gobierno-del-pueblo-y-para-el-pueblo-mario-delgado\/","url":"https:\/\/redamlo.com\/index.php\/2021\/01\/08\/morena-es-la-opcion-para-tener-un-gobierno-del-pueblo-y-para-el-pueblo-mario-delgado\/","name":"MORENA ES LA OPCI\u00d3N PARA TENER UN GOBIERNO DEL PUEBLO Y PARA EL PUEBLO: MARIO DELGADO - NOTICIAS DE LA 4T","isPartOf":{"@id":"https:\/\/redamlo.com\/#website"},"primaryImageOfPage":{"@id":"https:\/\/redamlo.com\/index.php\/2021\/01\/08\/morena-es-la-opcion-para-tener-un-gobierno-del-pueblo-y-para-el-pueblo-mario-delgado\/#primaryimage"},"image":{"@id":"https:\/\/redamlo.com\/index.php\/2021\/01\/08\/morena-es-la-opcion-para-tener-un-gobierno-del-pueblo-y-para-el-pueblo-mario-delgado\/#primaryimage"},"thumbnailUrl":"https:\/\/redamlo.com\/wp-content\/uploads\/2021\/01\/565C8C8D-F8F7-456C-8155-05D145F20E24.jpeg","datePublished":"2021-01-08T19:29:47+00:00","breadcrumb":{"@id":"https:\/\/redamlo.com\/index.php\/2021\/01\/08\/morena-es-la-opcion-para-tener-un-gobierno-del-pueblo-y-para-el-pueblo-mario-delgado\/#breadcrumb"},"inLanguage":"es","potentialAction":[{"@type":"ReadAction","target":["https:\/\/redamlo.com\/index.php\/2021\/01\/08\/morena-es-la-opcion-para-tener-un-gobierno-del-pueblo-y-para-el-pueblo-mario-delgado\/"]}]},{"@type":"ImageObject","inLanguage":"es","@id":"https:\/\/redamlo.com\/index.php\/2021\/01\/08\/morena-es-la-opcion-para-tener-un-gobierno-del-pueblo-y-para-el-pueblo-mario-delgado\/#primaryimage","url":"https:\/\/redamlo.com\/wp-content\/uploads\/2021\/01\/565C8C8D-F8F7-456C-8155-05D145F20E24.jpeg","contentUrl":"https:\/\/redamlo.com\/wp-content\/uploads\/2021\/01\/565C8C8D-F8F7-456C-8155-05D145F20E24.jpeg","width":1280,"height":795},{"@type":"BreadcrumbList","@id":"https:\/\/redamlo.com\/index.php\/2021\/01\/08\/morena-es-la-opcion-para-tener-un-gobierno-del-pueblo-y-para-el-pueblo-mario-delgado\/#breadcrumb","itemListElement":[{"@type":"ListItem","position":1,"name":"Inicio","item":"https:\/\/redamlo.com\/"},{"@type":"ListItem","position":2,"name":"MORENA ES LA OPCI\u00d3N PARA TENER UN GOBIERNO DEL PUEBLO Y PARA EL PUEBLO: MARIO DELGADO"}]},{"@type":"WebSite","@id":"https:\/\/redamlo.com\/#website","url":"https:\/\/redamlo.com\/","name":"NOTICIAS DE LA 4T","description":"","publisher":{"@id":"https:\/\/redamlo.com\/#organization"},"potentialAction":[{"@type":"SearchAction","target":{"@type":"EntryPoint","urlTemplate":"https:\/\/redamlo.com\/?s={search_term_string}"},"query-input":{"@type":"PropertyValueSpecification","valueRequired":true,"valueName":"search_term_string"}}],"inLanguage":"es"},{"@type":"Organization","@id":"https:\/\/redamlo.com\/#organization","name":"NOTICIAS DE LA 4T","url":"https:\/\/redamlo.com\/","logo":{"@type":"ImageObject","inLanguage":"es","@id":"https:\/\/redamlo.com\/#\/schema\/logo\/image\/","url":"https:\/\/redamlo.com\/wp-content\/uploads\/2024\/08\/cropped-RED-AMLO-logo-50.png","contentUrl":"https:\/\/redamlo.com\/wp-content\/uploads\/2024\/08\/cropped-RED-AMLO-logo-50.png","width":256,"height":256,"caption":"NOTICIAS DE LA 4T"},"image":{"@id":"https:\/\/redamlo.com\/#\/schema\/logo\/image\/"}},{"@type":"Person","@id":"https:\/\/redamlo.com\/#\/schema\/person\/7223a4375eb8f1a782fcae010a7115cf","name":"Blanca","image":{"@type":"ImageObject","inLanguage":"es","@id":"https:\/\/secure.gravatar.com\/avatar\/3f79bc8336367a4e6093eae8757acaaf61d1124834b905616de7829b0273426d?s=96&d=mm&r=g","url":"https:\/\/secure.gravatar.com\/avatar\/3f79bc8336367a4e6093eae8757acaaf61d1124834b905616de7829b0273426d?s=96&d=mm&r=g","contentUrl":"https:\/\/secure.gravatar.com\/avatar\/3f79bc8336367a4e6093eae8757acaaf61d1124834b905616de7829b0273426d?s=96&d=mm&r=g","caption":"Blanca"},"url":"https:\/\/redamlo.com\/index.php\/author\/blanca\/"}]}},"_links":{"self":[{"href":"https:\/\/redamlo.com\/index.php\/wp-json\/wp\/v2\/posts\/3433","targetHints":{"allow":["GET"]}}],"collection":[{"href":"https:\/\/redamlo.com\/index.php\/wp-json\/wp\/v2\/posts"}],"about":[{"href":"https:\/\/redamlo.com\/index.php\/wp-json\/wp\/v2\/types\/post"}],"author":[{"embeddable":true,"href":"https:\/\/redamlo.com\/index.php\/wp-json\/wp\/v2\/users\/2"}],"replies":[{"embeddable":true,"href":"https:\/\/redamlo.com\/index.php\/wp-json\/wp\/v2\/comments?post=3433"}],"version-history":[{"count":0,"href":"https:\/\/redamlo.com\/index.php\/wp-json\/wp\/v2\/posts\/3433\/revisions"}],"wp:featuredmedia":[{"embeddable":true,"href":"https:\/\/redamlo.com\/index.php\/wp-json\/wp\/v2\/media\/3435"}],"wp:attachment":[{"href":"https:\/\/redamlo.com\/index.php\/wp-json\/wp\/v2\/media?parent=3433"}],"wp:term":[{"taxonomy":"category","embeddable":true,"href":"https:\/\/redamlo.com\/index.php\/wp-json\/wp\/v2\/categories?post=3433"},{"taxonomy":"post_tag","embeddable":true,"href":"https:\/\/redamlo.com\/index.php\/wp-json\/wp\/v2\/tags?post=3433"}],"curies":[{"name":"wp","href":"https:\/\/api.w.org\/{rel}","templated":true}]}}