{"id":3401,"date":"2020-12-28T12:20:44","date_gmt":"2020-12-28T18:20:44","guid":{"rendered":"https:\/\/redamlo.com\/?p=3401"},"modified":"2020-12-28T12:20:44","modified_gmt":"2020-12-28T18:20:44","slug":"ulises-lara-velazquez-ya-es-considerado-como-potencial-precandidato-a-la-presidencia-municipal-de-othon-p-blanco","status":"publish","type":"post","link":"https:\/\/redamlo.com\/index.php\/2020\/12\/28\/ulises-lara-velazquez-ya-es-considerado-como-potencial-precandidato-a-la-presidencia-municipal-de-othon-p-blanco\/","title":{"rendered":"Ulises Lara Velazquez ya es considerado como potencial precandidato a la Presidencia Municipal de Oth\u00f3n P. Blanco."},"content":{"rendered":"<div class=\"kvgmc6g5 cxmmr5t8 oygrvhab hcukyx3x c1et5uql ii04i59q\">\n<h3 dir=\"auto\"><strong>Chetumal Quintana Roo a 28 de diciembre 2020 Quintana Roo Noticias<\/strong><\/h3>\n<div dir=\"auto\"><\/div>\n<div dir=\"auto\">Por el respaldo de una expresi\u00f3n numerosa del parido <strong>Movimiento de Regeneraci\u00f3n Nacional<\/strong>\u00a0 <strong>MORENA<\/strong>\u00a0en el Sur de <strong>Quintana Roo<\/strong>, <em><strong>Mario Ulises Lara\u00a0<\/strong><\/em><b><i>Vel\u00e1zquez<\/i><\/b>\u00a0ya es considerado como potencial precandidato a la <strong>Presidencia Municipal de Oth\u00f3n P. Blanc<\/strong><strong>o.<\/strong><\/div>\n<div dir=\"auto\"><\/div>\n<\/div>\n<div class=\"o9v6fnle cxmmr5t8 oygrvhab hcukyx3x c1et5uql ii04i59q\">\n<div dir=\"auto\">Se suma a la lista integrada por <strong>Luis Gamero Barranco, Laurentino Estrella Chan, Cindy Livier Yah, Adri\u00e1n S\u00e1nchez Mart\u00ednez y Yensunni Hern\u00e1ndez Mart\u00ednez.<\/strong><\/div>\n<div dir=\"auto\"><\/div>\n<\/div>\n<div class=\"o9v6fnle cxmmr5t8 oygrvhab hcukyx3x c1et5uql ii04i59q\">\n<div dir=\"auto\">Sectores populares respaldan las aspiraciones de<strong> Lara Vel\u00e1zquez.<\/strong><\/div>\n<div dir=\"auto\"><\/div>\n<\/div>\n<div class=\"o9v6fnle cxmmr5t8 oygrvhab hcukyx3x c1et5uql ii04i59q\">\n<div dir=\"auto\">En la pasada contienda interna por la candidatura a la <strong>Presidencia Municipal de Oth\u00f3n P. Blanco<\/strong>, contendi\u00f3 y el ungido fue<strong> Hern\u00e1n Pastrana Pastrana.<\/strong><\/div>\n<div dir=\"auto\"><\/div>\n<\/div>\n<div class=\"o9v6fnle cxmmr5t8 oygrvhab hcukyx3x c1et5uql ii04i59q\">\n<div dir=\"auto\">Lara Vel\u00e1zquez indic\u00f3 espera la convocatoria para inscribirse.<\/div>\n<div dir=\"auto\"><\/div>\n<\/div>\n<div class=\"o9v6fnle cxmmr5t8 oygrvhab hcukyx3x c1et5uql ii04i59q\">\n<div dir=\"auto\">Por respeto a la normatividad interna de<strong> Morena y Ley Electoral<\/strong> ha omitido pronunciamientos al respecto.<\/div>\n<\/div>\n<div class=\"o9v6fnle cxmmr5t8 oygrvhab hcukyx3x c1et5uql ii04i59q\">\n<div dir=\"auto\">Morena realiza encuestas respecto al posicionamiento de los aspirantes a cargos de elecci\u00f3n popular.<\/div>\n<\/div>\n<div class=\"o9v6fnle cxmmr5t8 oygrvhab hcukyx3x c1et5uql ii04i59q\">\n<div dir=\"auto\">Los resultados del sondeo ser\u00e1n determinantes para la selecci\u00f3n de candidatos.<\/div>\n<\/div>\n","protected":false},"excerpt":{"rendered":"<p>Chetumal Quintana Roo a 28 de diciembre 2020 Quintana Roo Noticias Por el respaldo de&#8230;<\/p>\n","protected":false},"author":2,"featured_media":3404,"comment_status":"open","ping_status":"closed","sticky":false,"template":"","format":"standard","meta":{"footnotes":""},"categories":[25],"tags":[],"class_list":["post-3401","post","type-post","status-publish","format-standard","has-post-thumbnail","hentry","category-4t"],"yoast_head":"<!-- This site is optimized with the Yoast SEO plugin v27.5 - https:\/\/yoast.com\/product\/yoast-seo-wordpress\/ -->\n<title>Ulises Lara Velazquez ya es considerado como potencial precandidato a la Presidencia Municipal de Oth\u00f3n P. Blanco. - NOTICIAS DE LA 4T<\/title>\n<meta name=\"robots\" content=\"noindex, follow, max-snippet:-1, max-image-preview:large, max-video-preview:-1\" \/>\n<meta property=\"og:locale\" content=\"es_MX\" \/>\n<meta property=\"og:type\" content=\"article\" \/>\n<meta property=\"og:title\" content=\"Ulises Lara Velazquez ya es considerado como potencial precandidato a la Presidencia Municipal de Oth\u00f3n P. Blanco. - NOTICIAS DE LA 4T\" \/>\n<meta property=\"og:description\" content=\"Chetumal Quintana Roo a 28 de diciembre 2020 Quintana Roo Noticias Por el respaldo de...\" \/>\n<meta property=\"og:url\" content=\"https:\/\/redamlo.com\/index.php\/2020\/12\/28\/ulises-lara-velazquez-ya-es-considerado-como-potencial-precandidato-a-la-presidencia-municipal-de-othon-p-blanco\/\" \/>\n<meta property=\"og:site_name\" content=\"NOTICIAS DE LA 4T\" \/>\n<meta property=\"article:published_time\" content=\"2020-12-28T18:20:44+00:00\" \/>\n<meta property=\"og:image\" content=\"https:\/\/redamlo.com\/wp-content\/uploads\/2020\/12\/MORENA-RED-AMLO-CON-ULISES-LARA.jpg\" \/>\n\t<meta property=\"og:image:width\" content=\"574\" \/>\n\t<meta property=\"og:image:height\" content=\"553\" \/>\n\t<meta property=\"og:image:type\" content=\"image\/jpeg\" \/>\n<meta name=\"author\" content=\"Blanca\" \/>\n<meta name=\"twitter:card\" content=\"summary_large_image\" \/>\n<meta name=\"twitter:label1\" content=\"Escrito por\" \/>\n\t<meta name=\"twitter:data1\" content=\"Blanca\" \/>\n\t<meta name=\"twitter:label2\" content=\"Tiempo de lectura\" \/>\n\t<meta name=\"twitter:data2\" content=\"1 minuto\" \/>\n<script type=\"application\/ld+json\" class=\"yoast-schema-graph\">{\"@context\":\"https:\\\/\\\/schema.org\",\"@graph\":[{\"@type\":\"Article\",\"@id\":\"https:\\\/\\\/redamlo.com\\\/index.php\\\/2020\\\/12\\\/28\\\/ulises-lara-velazquez-ya-es-considerado-como-potencial-precandidato-a-la-presidencia-municipal-de-othon-p-blanco\\\/#article\",\"isPartOf\":{\"@id\":\"https:\\\/\\\/redamlo.com\\\/index.php\\\/2020\\\/12\\\/28\\\/ulises-lara-velazquez-ya-es-considerado-como-potencial-precandidato-a-la-presidencia-municipal-de-othon-p-blanco\\\/\"},\"author\":{\"name\":\"Blanca\",\"@id\":\"https:\\\/\\\/redamlo.com\\\/#\\\/schema\\\/person\\\/7223a4375eb8f1a782fcae010a7115cf\"},\"headline\":\"Ulises Lara Velazquez ya es considerado como potencial precandidato a la Presidencia Municipal de Oth\u00f3n P. Blanco.\",\"datePublished\":\"2020-12-28T18:20:44+00:00\",\"mainEntityOfPage\":{\"@id\":\"https:\\\/\\\/redamlo.com\\\/index.php\\\/2020\\\/12\\\/28\\\/ulises-lara-velazquez-ya-es-considerado-como-potencial-precandidato-a-la-presidencia-municipal-de-othon-p-blanco\\\/\"},\"wordCount\":186,\"commentCount\":0,\"publisher\":{\"@id\":\"https:\\\/\\\/redamlo.com\\\/#organization\"},\"image\":{\"@id\":\"https:\\\/\\\/redamlo.com\\\/index.php\\\/2020\\\/12\\\/28\\\/ulises-lara-velazquez-ya-es-considerado-como-potencial-precandidato-a-la-presidencia-municipal-de-othon-p-blanco\\\/#primaryimage\"},\"thumbnailUrl\":\"https:\\\/\\\/redamlo.com\\\/wp-content\\\/uploads\\\/2020\\\/12\\\/MORENA-RED-AMLO-CON-ULISES-LARA.jpg\",\"articleSection\":[\"4T\"],\"inLanguage\":\"es\",\"potentialAction\":[{\"@type\":\"CommentAction\",\"name\":\"Comment\",\"target\":[\"https:\\\/\\\/redamlo.com\\\/index.php\\\/2020\\\/12\\\/28\\\/ulises-lara-velazquez-ya-es-considerado-como-potencial-precandidato-a-la-presidencia-municipal-de-othon-p-blanco\\\/#respond\"]}]},{\"@type\":\"WebPage\",\"@id\":\"https:\\\/\\\/redamlo.com\\\/index.php\\\/2020\\\/12\\\/28\\\/ulises-lara-velazquez-ya-es-considerado-como-potencial-precandidato-a-la-presidencia-municipal-de-othon-p-blanco\\\/\",\"url\":\"https:\\\/\\\/redamlo.com\\\/index.php\\\/2020\\\/12\\\/28\\\/ulises-lara-velazquez-ya-es-considerado-como-potencial-precandidato-a-la-presidencia-municipal-de-othon-p-blanco\\\/\",\"name\":\"Ulises Lara Velazquez ya es considerado como potencial precandidato a la Presidencia Municipal de Oth\u00f3n P. Blanco. - NOTICIAS DE LA 4T\",\"isPartOf\":{\"@id\":\"https:\\\/\\\/redamlo.com\\\/#website\"},\"primaryImageOfPage\":{\"@id\":\"https:\\\/\\\/redamlo.com\\\/index.php\\\/2020\\\/12\\\/28\\\/ulises-lara-velazquez-ya-es-considerado-como-potencial-precandidato-a-la-presidencia-municipal-de-othon-p-blanco\\\/#primaryimage\"},\"image\":{\"@id\":\"https:\\\/\\\/redamlo.com\\\/index.php\\\/2020\\\/12\\\/28\\\/ulises-lara-velazquez-ya-es-considerado-como-potencial-precandidato-a-la-presidencia-municipal-de-othon-p-blanco\\\/#primaryimage\"},\"thumbnailUrl\":\"https:\\\/\\\/redamlo.com\\\/wp-content\\\/uploads\\\/2020\\\/12\\\/MORENA-RED-AMLO-CON-ULISES-LARA.jpg\",\"datePublished\":\"2020-12-28T18:20:44+00:00\",\"breadcrumb\":{\"@id\":\"https:\\\/\\\/redamlo.com\\\/index.php\\\/2020\\\/12\\\/28\\\/ulises-lara-velazquez-ya-es-considerado-como-potencial-precandidato-a-la-presidencia-municipal-de-othon-p-blanco\\\/#breadcrumb\"},\"inLanguage\":\"es\",\"potentialAction\":[{\"@type\":\"ReadAction\",\"target\":[\"https:\\\/\\\/redamlo.com\\\/index.php\\\/2020\\\/12\\\/28\\\/ulises-lara-velazquez-ya-es-considerado-como-potencial-precandidato-a-la-presidencia-municipal-de-othon-p-blanco\\\/\"]}]},{\"@type\":\"ImageObject\",\"inLanguage\":\"es\",\"@id\":\"https:\\\/\\\/redamlo.com\\\/index.php\\\/2020\\\/12\\\/28\\\/ulises-lara-velazquez-ya-es-considerado-como-potencial-precandidato-a-la-presidencia-municipal-de-othon-p-blanco\\\/#primaryimage\",\"url\":\"https:\\\/\\\/redamlo.com\\\/wp-content\\\/uploads\\\/2020\\\/12\\\/MORENA-RED-AMLO-CON-ULISES-LARA.jpg\",\"contentUrl\":\"https:\\\/\\\/redamlo.com\\\/wp-content\\\/uploads\\\/2020\\\/12\\\/MORENA-RED-AMLO-CON-ULISES-LARA.jpg\",\"width\":574,\"height\":553},{\"@type\":\"BreadcrumbList\",\"@id\":\"https:\\\/\\\/redamlo.com\\\/index.php\\\/2020\\\/12\\\/28\\\/ulises-lara-velazquez-ya-es-considerado-como-potencial-precandidato-a-la-presidencia-municipal-de-othon-p-blanco\\\/#breadcrumb\",\"itemListElement\":[{\"@type\":\"ListItem\",\"position\":1,\"name\":\"Inicio\",\"item\":\"https:\\\/\\\/redamlo.com\\\/\"},{\"@type\":\"ListItem\",\"position\":2,\"name\":\"Ulises Lara Velazquez ya es considerado como potencial precandidato a la Presidencia Municipal de Oth\u00f3n P. Blanco.\"}]},{\"@type\":\"WebSite\",\"@id\":\"https:\\\/\\\/redamlo.com\\\/#website\",\"url\":\"https:\\\/\\\/redamlo.com\\\/\",\"name\":\"NOTICIAS DE LA 4T\",\"description\":\"\",\"publisher\":{\"@id\":\"https:\\\/\\\/redamlo.com\\\/#organization\"},\"potentialAction\":[{\"@type\":\"SearchAction\",\"target\":{\"@type\":\"EntryPoint\",\"urlTemplate\":\"https:\\\/\\\/redamlo.com\\\/?s={search_term_string}\"},\"query-input\":{\"@type\":\"PropertyValueSpecification\",\"valueRequired\":true,\"valueName\":\"search_term_string\"}}],\"inLanguage\":\"es\"},{\"@type\":\"Organization\",\"@id\":\"https:\\\/\\\/redamlo.com\\\/#organization\",\"name\":\"NOTICIAS DE LA 4T\",\"url\":\"https:\\\/\\\/redamlo.com\\\/\",\"logo\":{\"@type\":\"ImageObject\",\"inLanguage\":\"es\",\"@id\":\"https:\\\/\\\/redamlo.com\\\/#\\\/schema\\\/logo\\\/image\\\/\",\"url\":\"https:\\\/\\\/redamlo.com\\\/wp-content\\\/uploads\\\/2024\\\/08\\\/cropped-RED-AMLO-logo-50.png\",\"contentUrl\":\"https:\\\/\\\/redamlo.com\\\/wp-content\\\/uploads\\\/2024\\\/08\\\/cropped-RED-AMLO-logo-50.png\",\"width\":256,\"height\":256,\"caption\":\"NOTICIAS DE LA 4T\"},\"image\":{\"@id\":\"https:\\\/\\\/redamlo.com\\\/#\\\/schema\\\/logo\\\/image\\\/\"}},{\"@type\":\"Person\",\"@id\":\"https:\\\/\\\/redamlo.com\\\/#\\\/schema\\\/person\\\/7223a4375eb8f1a782fcae010a7115cf\",\"name\":\"Blanca\",\"image\":{\"@type\":\"ImageObject\",\"inLanguage\":\"es\",\"@id\":\"https:\\\/\\\/secure.gravatar.com\\\/avatar\\\/3f79bc8336367a4e6093eae8757acaaf61d1124834b905616de7829b0273426d?s=96&d=mm&r=g\",\"url\":\"https:\\\/\\\/secure.gravatar.com\\\/avatar\\\/3f79bc8336367a4e6093eae8757acaaf61d1124834b905616de7829b0273426d?s=96&d=mm&r=g\",\"contentUrl\":\"https:\\\/\\\/secure.gravatar.com\\\/avatar\\\/3f79bc8336367a4e6093eae8757acaaf61d1124834b905616de7829b0273426d?s=96&d=mm&r=g\",\"caption\":\"Blanca\"},\"url\":\"https:\\\/\\\/redamlo.com\\\/index.php\\\/author\\\/blanca\\\/\"}]}<\/script>\n<!-- \/ Yoast SEO plugin. -->","yoast_head_json":{"title":"Ulises Lara Velazquez ya es considerado como potencial precandidato a la Presidencia Municipal de Oth\u00f3n P. Blanco. - NOTICIAS DE LA 4T","robots":{"index":"noindex","follow":"follow","max-snippet":"max-snippet:-1","max-image-preview":"max-image-preview:large","max-video-preview":"max-video-preview:-1"},"og_locale":"es_MX","og_type":"article","og_title":"Ulises Lara Velazquez ya es considerado como potencial precandidato a la Presidencia Municipal de Oth\u00f3n P. Blanco. - NOTICIAS DE LA 4T","og_description":"Chetumal Quintana Roo a 28 de diciembre 2020 Quintana Roo Noticias Por el respaldo de...","og_url":"https:\/\/redamlo.com\/index.php\/2020\/12\/28\/ulises-lara-velazquez-ya-es-considerado-como-potencial-precandidato-a-la-presidencia-municipal-de-othon-p-blanco\/","og_site_name":"NOTICIAS DE LA 4T","article_published_time":"2020-12-28T18:20:44+00:00","og_image":[{"width":574,"height":553,"url":"https:\/\/redamlo.com\/wp-content\/uploads\/2020\/12\/MORENA-RED-AMLO-CON-ULISES-LARA.jpg","type":"image\/jpeg"}],"author":"Blanca","twitter_card":"summary_large_image","twitter_misc":{"Escrito por":"Blanca","Tiempo de lectura":"1 minuto"},"schema":{"@context":"https:\/\/schema.org","@graph":[{"@type":"Article","@id":"https:\/\/redamlo.com\/index.php\/2020\/12\/28\/ulises-lara-velazquez-ya-es-considerado-como-potencial-precandidato-a-la-presidencia-municipal-de-othon-p-blanco\/#article","isPartOf":{"@id":"https:\/\/redamlo.com\/index.php\/2020\/12\/28\/ulises-lara-velazquez-ya-es-considerado-como-potencial-precandidato-a-la-presidencia-municipal-de-othon-p-blanco\/"},"author":{"name":"Blanca","@id":"https:\/\/redamlo.com\/#\/schema\/person\/7223a4375eb8f1a782fcae010a7115cf"},"headline":"Ulises Lara Velazquez ya es considerado como potencial precandidato a la Presidencia Municipal de Oth\u00f3n P. Blanco.","datePublished":"2020-12-28T18:20:44+00:00","mainEntityOfPage":{"@id":"https:\/\/redamlo.com\/index.php\/2020\/12\/28\/ulises-lara-velazquez-ya-es-considerado-como-potencial-precandidato-a-la-presidencia-municipal-de-othon-p-blanco\/"},"wordCount":186,"commentCount":0,"publisher":{"@id":"https:\/\/redamlo.com\/#organization"},"image":{"@id":"https:\/\/redamlo.com\/index.php\/2020\/12\/28\/ulises-lara-velazquez-ya-es-considerado-como-potencial-precandidato-a-la-presidencia-municipal-de-othon-p-blanco\/#primaryimage"},"thumbnailUrl":"https:\/\/redamlo.com\/wp-content\/uploads\/2020\/12\/MORENA-RED-AMLO-CON-ULISES-LARA.jpg","articleSection":["4T"],"inLanguage":"es","potentialAction":[{"@type":"CommentAction","name":"Comment","target":["https:\/\/redamlo.com\/index.php\/2020\/12\/28\/ulises-lara-velazquez-ya-es-considerado-como-potencial-precandidato-a-la-presidencia-municipal-de-othon-p-blanco\/#respond"]}]},{"@type":"WebPage","@id":"https:\/\/redamlo.com\/index.php\/2020\/12\/28\/ulises-lara-velazquez-ya-es-considerado-como-potencial-precandidato-a-la-presidencia-municipal-de-othon-p-blanco\/","url":"https:\/\/redamlo.com\/index.php\/2020\/12\/28\/ulises-lara-velazquez-ya-es-considerado-como-potencial-precandidato-a-la-presidencia-municipal-de-othon-p-blanco\/","name":"Ulises Lara Velazquez ya es considerado como potencial precandidato a la Presidencia Municipal de Oth\u00f3n P. Blanco. - NOTICIAS DE LA 4T","isPartOf":{"@id":"https:\/\/redamlo.com\/#website"},"primaryImageOfPage":{"@id":"https:\/\/redamlo.com\/index.php\/2020\/12\/28\/ulises-lara-velazquez-ya-es-considerado-como-potencial-precandidato-a-la-presidencia-municipal-de-othon-p-blanco\/#primaryimage"},"image":{"@id":"https:\/\/redamlo.com\/index.php\/2020\/12\/28\/ulises-lara-velazquez-ya-es-considerado-como-potencial-precandidato-a-la-presidencia-municipal-de-othon-p-blanco\/#primaryimage"},"thumbnailUrl":"https:\/\/redamlo.com\/wp-content\/uploads\/2020\/12\/MORENA-RED-AMLO-CON-ULISES-LARA.jpg","datePublished":"2020-12-28T18:20:44+00:00","breadcrumb":{"@id":"https:\/\/redamlo.com\/index.php\/2020\/12\/28\/ulises-lara-velazquez-ya-es-considerado-como-potencial-precandidato-a-la-presidencia-municipal-de-othon-p-blanco\/#breadcrumb"},"inLanguage":"es","potentialAction":[{"@type":"ReadAction","target":["https:\/\/redamlo.com\/index.php\/2020\/12\/28\/ulises-lara-velazquez-ya-es-considerado-como-potencial-precandidato-a-la-presidencia-municipal-de-othon-p-blanco\/"]}]},{"@type":"ImageObject","inLanguage":"es","@id":"https:\/\/redamlo.com\/index.php\/2020\/12\/28\/ulises-lara-velazquez-ya-es-considerado-como-potencial-precandidato-a-la-presidencia-municipal-de-othon-p-blanco\/#primaryimage","url":"https:\/\/redamlo.com\/wp-content\/uploads\/2020\/12\/MORENA-RED-AMLO-CON-ULISES-LARA.jpg","contentUrl":"https:\/\/redamlo.com\/wp-content\/uploads\/2020\/12\/MORENA-RED-AMLO-CON-ULISES-LARA.jpg","width":574,"height":553},{"@type":"BreadcrumbList","@id":"https:\/\/redamlo.com\/index.php\/2020\/12\/28\/ulises-lara-velazquez-ya-es-considerado-como-potencial-precandidato-a-la-presidencia-municipal-de-othon-p-blanco\/#breadcrumb","itemListElement":[{"@type":"ListItem","position":1,"name":"Inicio","item":"https:\/\/redamlo.com\/"},{"@type":"ListItem","position":2,"name":"Ulises Lara Velazquez ya es considerado como potencial precandidato a la Presidencia Municipal de Oth\u00f3n P. Blanco."}]},{"@type":"WebSite","@id":"https:\/\/redamlo.com\/#website","url":"https:\/\/redamlo.com\/","name":"NOTICIAS DE LA 4T","description":"","publisher":{"@id":"https:\/\/redamlo.com\/#organization"},"potentialAction":[{"@type":"SearchAction","target":{"@type":"EntryPoint","urlTemplate":"https:\/\/redamlo.com\/?s={search_term_string}"},"query-input":{"@type":"PropertyValueSpecification","valueRequired":true,"valueName":"search_term_string"}}],"inLanguage":"es"},{"@type":"Organization","@id":"https:\/\/redamlo.com\/#organization","name":"NOTICIAS DE LA 4T","url":"https:\/\/redamlo.com\/","logo":{"@type":"ImageObject","inLanguage":"es","@id":"https:\/\/redamlo.com\/#\/schema\/logo\/image\/","url":"https:\/\/redamlo.com\/wp-content\/uploads\/2024\/08\/cropped-RED-AMLO-logo-50.png","contentUrl":"https:\/\/redamlo.com\/wp-content\/uploads\/2024\/08\/cropped-RED-AMLO-logo-50.png","width":256,"height":256,"caption":"NOTICIAS DE LA 4T"},"image":{"@id":"https:\/\/redamlo.com\/#\/schema\/logo\/image\/"}},{"@type":"Person","@id":"https:\/\/redamlo.com\/#\/schema\/person\/7223a4375eb8f1a782fcae010a7115cf","name":"Blanca","image":{"@type":"ImageObject","inLanguage":"es","@id":"https:\/\/secure.gravatar.com\/avatar\/3f79bc8336367a4e6093eae8757acaaf61d1124834b905616de7829b0273426d?s=96&d=mm&r=g","url":"https:\/\/secure.gravatar.com\/avatar\/3f79bc8336367a4e6093eae8757acaaf61d1124834b905616de7829b0273426d?s=96&d=mm&r=g","contentUrl":"https:\/\/secure.gravatar.com\/avatar\/3f79bc8336367a4e6093eae8757acaaf61d1124834b905616de7829b0273426d?s=96&d=mm&r=g","caption":"Blanca"},"url":"https:\/\/redamlo.com\/index.php\/author\/blanca\/"}]}},"_links":{"self":[{"href":"https:\/\/redamlo.com\/index.php\/wp-json\/wp\/v2\/posts\/3401","targetHints":{"allow":["GET"]}}],"collection":[{"href":"https:\/\/redamlo.com\/index.php\/wp-json\/wp\/v2\/posts"}],"about":[{"href":"https:\/\/redamlo.com\/index.php\/wp-json\/wp\/v2\/types\/post"}],"author":[{"embeddable":true,"href":"https:\/\/redamlo.com\/index.php\/wp-json\/wp\/v2\/users\/2"}],"replies":[{"embeddable":true,"href":"https:\/\/redamlo.com\/index.php\/wp-json\/wp\/v2\/comments?post=3401"}],"version-history":[{"count":0,"href":"https:\/\/redamlo.com\/index.php\/wp-json\/wp\/v2\/posts\/3401\/revisions"}],"wp:featuredmedia":[{"embeddable":true,"href":"https:\/\/redamlo.com\/index.php\/wp-json\/wp\/v2\/media\/3404"}],"wp:attachment":[{"href":"https:\/\/redamlo.com\/index.php\/wp-json\/wp\/v2\/media?parent=3401"}],"wp:term":[{"taxonomy":"category","embeddable":true,"href":"https:\/\/redamlo.com\/index.php\/wp-json\/wp\/v2\/categories?post=3401"},{"taxonomy":"post_tag","embeddable":true,"href":"https:\/\/redamlo.com\/index.php\/wp-json\/wp\/v2\/tags?post=3401"}],"curies":[{"name":"wp","href":"https:\/\/api.w.org\/{rel}","templated":true}]}}