{"id":3398,"date":"2020-12-27T19:16:10","date_gmt":"2020-12-28T01:16:10","guid":{"rendered":"https:\/\/redamlo.com\/?p=3398"},"modified":"2020-12-27T19:16:10","modified_gmt":"2020-12-28T01:16:10","slug":"mario-delgado-anuncio-que-se-aplazara-el-registro-de-candidaturas-para-las-y-los-aspirantes-a-diputaciones-federales","status":"publish","type":"post","link":"https:\/\/redamlo.com\/index.php\/2020\/12\/27\/mario-delgado-anuncio-que-se-aplazara-el-registro-de-candidaturas-para-las-y-los-aspirantes-a-diputaciones-federales\/","title":{"rendered":"Mario Delgado,  anunci\u00f3 que se aplazar\u00e1 el registro de candidaturas para las y los aspirantes a diputaciones federales"},"content":{"rendered":"<p>\u201cCon el objetivo de favorecer la planeaci\u00f3n y participaci\u00f3n de todas y todos los aspirantes a diputaciones federales, hemos decidido aplazar las fechas de registro de candidaturas\u201d, destac\u00f3 Delgado.<\/p>\n<p>El registro de aspirantes a diputaciones de mayor\u00eda relativa ser\u00e1 a partir del 5 de enero y hasta el 21 dependiendo del estado, mientras que para las diputaciones federales por el principio de representaci\u00f3n proporcional, se har\u00e1 por circunscripci\u00f3n a partir del 12 de enero.<\/p>\n<p>La convocatoria se\u00f1ala que el registro de aspirantes para ocupar las candidaturas se realizar\u00e1 ante la Comisi\u00f3n Nacional de Elecciones; en la sede ubicada en el Deportivo Reynosa, avenida San Pablo Xalpa, sin n\u00famero, esquina Eje 5 Norte, colonia Santa B\u00e1rbara, Azcapotzalco.<\/p>\n<p>Morena explic\u00f3 que ante la emergencia sanitaria por coronavirus o Covid-19 se contin\u00faa modificando las din\u00e1micas sociales, inclusive, lo relacionado con el desarrollo del proceso electoral federal, por lo que se estima necesario ajustar las fechas de los registros de aspirantes a diputaciones federales.<\/p>\n","protected":false},"excerpt":{"rendered":"<p>\u201cCon el objetivo de favorecer la planeaci\u00f3n y participaci\u00f3n de todas y todos los aspirantes&#8230;<\/p>\n","protected":false},"author":2,"featured_media":3400,"comment_status":"open","ping_status":"closed","sticky":false,"template":"","format":"standard","meta":{"footnotes":""},"categories":[25],"tags":[],"class_list":["post-3398","post","type-post","status-publish","format-standard","has-post-thumbnail","hentry","category-4t"],"yoast_head":"<!-- This site is optimized with the Yoast SEO plugin v27.5 - https:\/\/yoast.com\/product\/yoast-seo-wordpress\/ -->\n<title>Mario Delgado, anunci\u00f3 que se aplazar\u00e1 el registro de candidaturas para las y los aspirantes a diputaciones federales - NOTICIAS DE LA 4T<\/title>\n<meta name=\"robots\" content=\"noindex, follow, max-snippet:-1, max-image-preview:large, max-video-preview:-1\" \/>\n<meta property=\"og:locale\" content=\"es_MX\" \/>\n<meta property=\"og:type\" content=\"article\" \/>\n<meta property=\"og:title\" content=\"Mario Delgado, anunci\u00f3 que se aplazar\u00e1 el registro de candidaturas para las y los aspirantes a diputaciones federales - NOTICIAS DE LA 4T\" \/>\n<meta property=\"og:description\" content=\"\u201cCon el objetivo de favorecer la planeaci\u00f3n y participaci\u00f3n de todas y todos los aspirantes...\" \/>\n<meta property=\"og:url\" content=\"https:\/\/redamlo.com\/index.php\/2020\/12\/27\/mario-delgado-anuncio-que-se-aplazara-el-registro-de-candidaturas-para-las-y-los-aspirantes-a-diputaciones-federales\/\" \/>\n<meta property=\"og:site_name\" content=\"NOTICIAS DE LA 4T\" \/>\n<meta property=\"article:published_time\" content=\"2020-12-28T01:16:10+00:00\" \/>\n<meta property=\"og:image\" content=\"https:\/\/redamlo.com\/wp-content\/uploads\/2020\/12\/mario-delgado-aplaza-fechas.jpg\" \/>\n\t<meta property=\"og:image:width\" content=\"1200\" \/>\n\t<meta property=\"og:image:height\" content=\"850\" \/>\n\t<meta property=\"og:image:type\" content=\"image\/jpeg\" \/>\n<meta name=\"author\" content=\"Blanca\" \/>\n<meta name=\"twitter:card\" content=\"summary_large_image\" \/>\n<meta name=\"twitter:label1\" content=\"Escrito por\" \/>\n\t<meta name=\"twitter:data1\" content=\"Blanca\" \/>\n\t<meta name=\"twitter:label2\" content=\"Tiempo de lectura\" \/>\n\t<meta name=\"twitter:data2\" content=\"1 minuto\" \/>\n<script type=\"application\/ld+json\" class=\"yoast-schema-graph\">{\"@context\":\"https:\\\/\\\/schema.org\",\"@graph\":[{\"@type\":\"Article\",\"@id\":\"https:\\\/\\\/redamlo.com\\\/index.php\\\/2020\\\/12\\\/27\\\/mario-delgado-anuncio-que-se-aplazara-el-registro-de-candidaturas-para-las-y-los-aspirantes-a-diputaciones-federales\\\/#article\",\"isPartOf\":{\"@id\":\"https:\\\/\\\/redamlo.com\\\/index.php\\\/2020\\\/12\\\/27\\\/mario-delgado-anuncio-que-se-aplazara-el-registro-de-candidaturas-para-las-y-los-aspirantes-a-diputaciones-federales\\\/\"},\"author\":{\"name\":\"Blanca\",\"@id\":\"https:\\\/\\\/redamlo.com\\\/#\\\/schema\\\/person\\\/7223a4375eb8f1a782fcae010a7115cf\"},\"headline\":\"Mario Delgado, anunci\u00f3 que se aplazar\u00e1 el registro de candidaturas para las y los aspirantes a diputaciones federales\",\"datePublished\":\"2020-12-28T01:16:10+00:00\",\"mainEntityOfPage\":{\"@id\":\"https:\\\/\\\/redamlo.com\\\/index.php\\\/2020\\\/12\\\/27\\\/mario-delgado-anuncio-que-se-aplazara-el-registro-de-candidaturas-para-las-y-los-aspirantes-a-diputaciones-federales\\\/\"},\"wordCount\":185,\"commentCount\":0,\"publisher\":{\"@id\":\"https:\\\/\\\/redamlo.com\\\/#organization\"},\"image\":{\"@id\":\"https:\\\/\\\/redamlo.com\\\/index.php\\\/2020\\\/12\\\/27\\\/mario-delgado-anuncio-que-se-aplazara-el-registro-de-candidaturas-para-las-y-los-aspirantes-a-diputaciones-federales\\\/#primaryimage\"},\"thumbnailUrl\":\"https:\\\/\\\/redamlo.com\\\/wp-content\\\/uploads\\\/2020\\\/12\\\/mario-delgado-aplaza-fechas.jpg\",\"articleSection\":[\"4T\"],\"inLanguage\":\"es\",\"potentialAction\":[{\"@type\":\"CommentAction\",\"name\":\"Comment\",\"target\":[\"https:\\\/\\\/redamlo.com\\\/index.php\\\/2020\\\/12\\\/27\\\/mario-delgado-anuncio-que-se-aplazara-el-registro-de-candidaturas-para-las-y-los-aspirantes-a-diputaciones-federales\\\/#respond\"]}]},{\"@type\":\"WebPage\",\"@id\":\"https:\\\/\\\/redamlo.com\\\/index.php\\\/2020\\\/12\\\/27\\\/mario-delgado-anuncio-que-se-aplazara-el-registro-de-candidaturas-para-las-y-los-aspirantes-a-diputaciones-federales\\\/\",\"url\":\"https:\\\/\\\/redamlo.com\\\/index.php\\\/2020\\\/12\\\/27\\\/mario-delgado-anuncio-que-se-aplazara-el-registro-de-candidaturas-para-las-y-los-aspirantes-a-diputaciones-federales\\\/\",\"name\":\"Mario Delgado, anunci\u00f3 que se aplazar\u00e1 el registro de candidaturas para las y los aspirantes a diputaciones federales - NOTICIAS DE LA 4T\",\"isPartOf\":{\"@id\":\"https:\\\/\\\/redamlo.com\\\/#website\"},\"primaryImageOfPage\":{\"@id\":\"https:\\\/\\\/redamlo.com\\\/index.php\\\/2020\\\/12\\\/27\\\/mario-delgado-anuncio-que-se-aplazara-el-registro-de-candidaturas-para-las-y-los-aspirantes-a-diputaciones-federales\\\/#primaryimage\"},\"image\":{\"@id\":\"https:\\\/\\\/redamlo.com\\\/index.php\\\/2020\\\/12\\\/27\\\/mario-delgado-anuncio-que-se-aplazara-el-registro-de-candidaturas-para-las-y-los-aspirantes-a-diputaciones-federales\\\/#primaryimage\"},\"thumbnailUrl\":\"https:\\\/\\\/redamlo.com\\\/wp-content\\\/uploads\\\/2020\\\/12\\\/mario-delgado-aplaza-fechas.jpg\",\"datePublished\":\"2020-12-28T01:16:10+00:00\",\"breadcrumb\":{\"@id\":\"https:\\\/\\\/redamlo.com\\\/index.php\\\/2020\\\/12\\\/27\\\/mario-delgado-anuncio-que-se-aplazara-el-registro-de-candidaturas-para-las-y-los-aspirantes-a-diputaciones-federales\\\/#breadcrumb\"},\"inLanguage\":\"es\",\"potentialAction\":[{\"@type\":\"ReadAction\",\"target\":[\"https:\\\/\\\/redamlo.com\\\/index.php\\\/2020\\\/12\\\/27\\\/mario-delgado-anuncio-que-se-aplazara-el-registro-de-candidaturas-para-las-y-los-aspirantes-a-diputaciones-federales\\\/\"]}]},{\"@type\":\"ImageObject\",\"inLanguage\":\"es\",\"@id\":\"https:\\\/\\\/redamlo.com\\\/index.php\\\/2020\\\/12\\\/27\\\/mario-delgado-anuncio-que-se-aplazara-el-registro-de-candidaturas-para-las-y-los-aspirantes-a-diputaciones-federales\\\/#primaryimage\",\"url\":\"https:\\\/\\\/redamlo.com\\\/wp-content\\\/uploads\\\/2020\\\/12\\\/mario-delgado-aplaza-fechas.jpg\",\"contentUrl\":\"https:\\\/\\\/redamlo.com\\\/wp-content\\\/uploads\\\/2020\\\/12\\\/mario-delgado-aplaza-fechas.jpg\",\"width\":1200,\"height\":850},{\"@type\":\"BreadcrumbList\",\"@id\":\"https:\\\/\\\/redamlo.com\\\/index.php\\\/2020\\\/12\\\/27\\\/mario-delgado-anuncio-que-se-aplazara-el-registro-de-candidaturas-para-las-y-los-aspirantes-a-diputaciones-federales\\\/#breadcrumb\",\"itemListElement\":[{\"@type\":\"ListItem\",\"position\":1,\"name\":\"Inicio\",\"item\":\"https:\\\/\\\/redamlo.com\\\/\"},{\"@type\":\"ListItem\",\"position\":2,\"name\":\"Mario Delgado, anunci\u00f3 que se aplazar\u00e1 el registro de candidaturas para las y los aspirantes a diputaciones federales\"}]},{\"@type\":\"WebSite\",\"@id\":\"https:\\\/\\\/redamlo.com\\\/#website\",\"url\":\"https:\\\/\\\/redamlo.com\\\/\",\"name\":\"NOTICIAS DE LA 4T\",\"description\":\"\",\"publisher\":{\"@id\":\"https:\\\/\\\/redamlo.com\\\/#organization\"},\"potentialAction\":[{\"@type\":\"SearchAction\",\"target\":{\"@type\":\"EntryPoint\",\"urlTemplate\":\"https:\\\/\\\/redamlo.com\\\/?s={search_term_string}\"},\"query-input\":{\"@type\":\"PropertyValueSpecification\",\"valueRequired\":true,\"valueName\":\"search_term_string\"}}],\"inLanguage\":\"es\"},{\"@type\":\"Organization\",\"@id\":\"https:\\\/\\\/redamlo.com\\\/#organization\",\"name\":\"NOTICIAS DE LA 4T\",\"url\":\"https:\\\/\\\/redamlo.com\\\/\",\"logo\":{\"@type\":\"ImageObject\",\"inLanguage\":\"es\",\"@id\":\"https:\\\/\\\/redamlo.com\\\/#\\\/schema\\\/logo\\\/image\\\/\",\"url\":\"https:\\\/\\\/redamlo.com\\\/wp-content\\\/uploads\\\/2024\\\/08\\\/cropped-RED-AMLO-logo-50.png\",\"contentUrl\":\"https:\\\/\\\/redamlo.com\\\/wp-content\\\/uploads\\\/2024\\\/08\\\/cropped-RED-AMLO-logo-50.png\",\"width\":256,\"height\":256,\"caption\":\"NOTICIAS DE LA 4T\"},\"image\":{\"@id\":\"https:\\\/\\\/redamlo.com\\\/#\\\/schema\\\/logo\\\/image\\\/\"}},{\"@type\":\"Person\",\"@id\":\"https:\\\/\\\/redamlo.com\\\/#\\\/schema\\\/person\\\/7223a4375eb8f1a782fcae010a7115cf\",\"name\":\"Blanca\",\"image\":{\"@type\":\"ImageObject\",\"inLanguage\":\"es\",\"@id\":\"https:\\\/\\\/secure.gravatar.com\\\/avatar\\\/3f79bc8336367a4e6093eae8757acaaf61d1124834b905616de7829b0273426d?s=96&d=mm&r=g\",\"url\":\"https:\\\/\\\/secure.gravatar.com\\\/avatar\\\/3f79bc8336367a4e6093eae8757acaaf61d1124834b905616de7829b0273426d?s=96&d=mm&r=g\",\"contentUrl\":\"https:\\\/\\\/secure.gravatar.com\\\/avatar\\\/3f79bc8336367a4e6093eae8757acaaf61d1124834b905616de7829b0273426d?s=96&d=mm&r=g\",\"caption\":\"Blanca\"},\"url\":\"https:\\\/\\\/redamlo.com\\\/index.php\\\/author\\\/blanca\\\/\"}]}<\/script>\n<!-- \/ Yoast SEO plugin. -->","yoast_head_json":{"title":"Mario Delgado, anunci\u00f3 que se aplazar\u00e1 el registro de candidaturas para las y los aspirantes a diputaciones federales - NOTICIAS DE LA 4T","robots":{"index":"noindex","follow":"follow","max-snippet":"max-snippet:-1","max-image-preview":"max-image-preview:large","max-video-preview":"max-video-preview:-1"},"og_locale":"es_MX","og_type":"article","og_title":"Mario Delgado, anunci\u00f3 que se aplazar\u00e1 el registro de candidaturas para las y los aspirantes a diputaciones federales - NOTICIAS DE LA 4T","og_description":"\u201cCon el objetivo de favorecer la planeaci\u00f3n y participaci\u00f3n de todas y todos los aspirantes...","og_url":"https:\/\/redamlo.com\/index.php\/2020\/12\/27\/mario-delgado-anuncio-que-se-aplazara-el-registro-de-candidaturas-para-las-y-los-aspirantes-a-diputaciones-federales\/","og_site_name":"NOTICIAS DE LA 4T","article_published_time":"2020-12-28T01:16:10+00:00","og_image":[{"width":1200,"height":850,"url":"https:\/\/redamlo.com\/wp-content\/uploads\/2020\/12\/mario-delgado-aplaza-fechas.jpg","type":"image\/jpeg"}],"author":"Blanca","twitter_card":"summary_large_image","twitter_misc":{"Escrito por":"Blanca","Tiempo de lectura":"1 minuto"},"schema":{"@context":"https:\/\/schema.org","@graph":[{"@type":"Article","@id":"https:\/\/redamlo.com\/index.php\/2020\/12\/27\/mario-delgado-anuncio-que-se-aplazara-el-registro-de-candidaturas-para-las-y-los-aspirantes-a-diputaciones-federales\/#article","isPartOf":{"@id":"https:\/\/redamlo.com\/index.php\/2020\/12\/27\/mario-delgado-anuncio-que-se-aplazara-el-registro-de-candidaturas-para-las-y-los-aspirantes-a-diputaciones-federales\/"},"author":{"name":"Blanca","@id":"https:\/\/redamlo.com\/#\/schema\/person\/7223a4375eb8f1a782fcae010a7115cf"},"headline":"Mario Delgado, anunci\u00f3 que se aplazar\u00e1 el registro de candidaturas para las y los aspirantes a diputaciones federales","datePublished":"2020-12-28T01:16:10+00:00","mainEntityOfPage":{"@id":"https:\/\/redamlo.com\/index.php\/2020\/12\/27\/mario-delgado-anuncio-que-se-aplazara-el-registro-de-candidaturas-para-las-y-los-aspirantes-a-diputaciones-federales\/"},"wordCount":185,"commentCount":0,"publisher":{"@id":"https:\/\/redamlo.com\/#organization"},"image":{"@id":"https:\/\/redamlo.com\/index.php\/2020\/12\/27\/mario-delgado-anuncio-que-se-aplazara-el-registro-de-candidaturas-para-las-y-los-aspirantes-a-diputaciones-federales\/#primaryimage"},"thumbnailUrl":"https:\/\/redamlo.com\/wp-content\/uploads\/2020\/12\/mario-delgado-aplaza-fechas.jpg","articleSection":["4T"],"inLanguage":"es","potentialAction":[{"@type":"CommentAction","name":"Comment","target":["https:\/\/redamlo.com\/index.php\/2020\/12\/27\/mario-delgado-anuncio-que-se-aplazara-el-registro-de-candidaturas-para-las-y-los-aspirantes-a-diputaciones-federales\/#respond"]}]},{"@type":"WebPage","@id":"https:\/\/redamlo.com\/index.php\/2020\/12\/27\/mario-delgado-anuncio-que-se-aplazara-el-registro-de-candidaturas-para-las-y-los-aspirantes-a-diputaciones-federales\/","url":"https:\/\/redamlo.com\/index.php\/2020\/12\/27\/mario-delgado-anuncio-que-se-aplazara-el-registro-de-candidaturas-para-las-y-los-aspirantes-a-diputaciones-federales\/","name":"Mario Delgado, anunci\u00f3 que se aplazar\u00e1 el registro de candidaturas para las y los aspirantes a diputaciones federales - NOTICIAS DE LA 4T","isPartOf":{"@id":"https:\/\/redamlo.com\/#website"},"primaryImageOfPage":{"@id":"https:\/\/redamlo.com\/index.php\/2020\/12\/27\/mario-delgado-anuncio-que-se-aplazara-el-registro-de-candidaturas-para-las-y-los-aspirantes-a-diputaciones-federales\/#primaryimage"},"image":{"@id":"https:\/\/redamlo.com\/index.php\/2020\/12\/27\/mario-delgado-anuncio-que-se-aplazara-el-registro-de-candidaturas-para-las-y-los-aspirantes-a-diputaciones-federales\/#primaryimage"},"thumbnailUrl":"https:\/\/redamlo.com\/wp-content\/uploads\/2020\/12\/mario-delgado-aplaza-fechas.jpg","datePublished":"2020-12-28T01:16:10+00:00","breadcrumb":{"@id":"https:\/\/redamlo.com\/index.php\/2020\/12\/27\/mario-delgado-anuncio-que-se-aplazara-el-registro-de-candidaturas-para-las-y-los-aspirantes-a-diputaciones-federales\/#breadcrumb"},"inLanguage":"es","potentialAction":[{"@type":"ReadAction","target":["https:\/\/redamlo.com\/index.php\/2020\/12\/27\/mario-delgado-anuncio-que-se-aplazara-el-registro-de-candidaturas-para-las-y-los-aspirantes-a-diputaciones-federales\/"]}]},{"@type":"ImageObject","inLanguage":"es","@id":"https:\/\/redamlo.com\/index.php\/2020\/12\/27\/mario-delgado-anuncio-que-se-aplazara-el-registro-de-candidaturas-para-las-y-los-aspirantes-a-diputaciones-federales\/#primaryimage","url":"https:\/\/redamlo.com\/wp-content\/uploads\/2020\/12\/mario-delgado-aplaza-fechas.jpg","contentUrl":"https:\/\/redamlo.com\/wp-content\/uploads\/2020\/12\/mario-delgado-aplaza-fechas.jpg","width":1200,"height":850},{"@type":"BreadcrumbList","@id":"https:\/\/redamlo.com\/index.php\/2020\/12\/27\/mario-delgado-anuncio-que-se-aplazara-el-registro-de-candidaturas-para-las-y-los-aspirantes-a-diputaciones-federales\/#breadcrumb","itemListElement":[{"@type":"ListItem","position":1,"name":"Inicio","item":"https:\/\/redamlo.com\/"},{"@type":"ListItem","position":2,"name":"Mario Delgado, anunci\u00f3 que se aplazar\u00e1 el registro de candidaturas para las y los aspirantes a diputaciones federales"}]},{"@type":"WebSite","@id":"https:\/\/redamlo.com\/#website","url":"https:\/\/redamlo.com\/","name":"NOTICIAS DE LA 4T","description":"","publisher":{"@id":"https:\/\/redamlo.com\/#organization"},"potentialAction":[{"@type":"SearchAction","target":{"@type":"EntryPoint","urlTemplate":"https:\/\/redamlo.com\/?s={search_term_string}"},"query-input":{"@type":"PropertyValueSpecification","valueRequired":true,"valueName":"search_term_string"}}],"inLanguage":"es"},{"@type":"Organization","@id":"https:\/\/redamlo.com\/#organization","name":"NOTICIAS DE LA 4T","url":"https:\/\/redamlo.com\/","logo":{"@type":"ImageObject","inLanguage":"es","@id":"https:\/\/redamlo.com\/#\/schema\/logo\/image\/","url":"https:\/\/redamlo.com\/wp-content\/uploads\/2024\/08\/cropped-RED-AMLO-logo-50.png","contentUrl":"https:\/\/redamlo.com\/wp-content\/uploads\/2024\/08\/cropped-RED-AMLO-logo-50.png","width":256,"height":256,"caption":"NOTICIAS DE LA 4T"},"image":{"@id":"https:\/\/redamlo.com\/#\/schema\/logo\/image\/"}},{"@type":"Person","@id":"https:\/\/redamlo.com\/#\/schema\/person\/7223a4375eb8f1a782fcae010a7115cf","name":"Blanca","image":{"@type":"ImageObject","inLanguage":"es","@id":"https:\/\/secure.gravatar.com\/avatar\/3f79bc8336367a4e6093eae8757acaaf61d1124834b905616de7829b0273426d?s=96&d=mm&r=g","url":"https:\/\/secure.gravatar.com\/avatar\/3f79bc8336367a4e6093eae8757acaaf61d1124834b905616de7829b0273426d?s=96&d=mm&r=g","contentUrl":"https:\/\/secure.gravatar.com\/avatar\/3f79bc8336367a4e6093eae8757acaaf61d1124834b905616de7829b0273426d?s=96&d=mm&r=g","caption":"Blanca"},"url":"https:\/\/redamlo.com\/index.php\/author\/blanca\/"}]}},"_links":{"self":[{"href":"https:\/\/redamlo.com\/index.php\/wp-json\/wp\/v2\/posts\/3398","targetHints":{"allow":["GET"]}}],"collection":[{"href":"https:\/\/redamlo.com\/index.php\/wp-json\/wp\/v2\/posts"}],"about":[{"href":"https:\/\/redamlo.com\/index.php\/wp-json\/wp\/v2\/types\/post"}],"author":[{"embeddable":true,"href":"https:\/\/redamlo.com\/index.php\/wp-json\/wp\/v2\/users\/2"}],"replies":[{"embeddable":true,"href":"https:\/\/redamlo.com\/index.php\/wp-json\/wp\/v2\/comments?post=3398"}],"version-history":[{"count":0,"href":"https:\/\/redamlo.com\/index.php\/wp-json\/wp\/v2\/posts\/3398\/revisions"}],"wp:featuredmedia":[{"embeddable":true,"href":"https:\/\/redamlo.com\/index.php\/wp-json\/wp\/v2\/media\/3400"}],"wp:attachment":[{"href":"https:\/\/redamlo.com\/index.php\/wp-json\/wp\/v2\/media?parent=3398"}],"wp:term":[{"taxonomy":"category","embeddable":true,"href":"https:\/\/redamlo.com\/index.php\/wp-json\/wp\/v2\/categories?post=3398"},{"taxonomy":"post_tag","embeddable":true,"href":"https:\/\/redamlo.com\/index.php\/wp-json\/wp\/v2\/tags?post=3398"}],"curies":[{"name":"wp","href":"https:\/\/api.w.org\/{rel}","templated":true}]}}