{"id":3368,"date":"2020-12-24T10:25:09","date_gmt":"2020-12-24T16:25:09","guid":{"rendered":"https:\/\/redamlo.com\/?p=3368"},"modified":"2020-12-24T10:25:09","modified_gmt":"2020-12-24T16:25:09","slug":"morena-pt-y-pvem-presentan-la-alianza","status":"publish","type":"post","link":"https:\/\/redamlo.com\/index.php\/2020\/12\/24\/morena-pt-y-pvem-presentan-la-alianza\/","title":{"rendered":"Morena, PT y PVEM presentan la alianza"},"content":{"rendered":"<p>El presidente nacional de <strong>Movimiento de Regeneraci\u00f3n Nacional (Morena)<\/strong>, <strong>Mario Delgado<\/strong>, anunci\u00f3 una coalici\u00f3n con el <strong>Partido Verde Ecologista de M\u00e9xico (PVEM) y el Partido del Trabajo (PT)<\/strong>, cuyo objetivo central es refrendar en los comicios de 2021 la mayor\u00eda en el Congreso de la Uni\u00f3n para consolidar la transformaci\u00f3n del pa\u00eds. \u201cHoy la gente sabe que tenemos un gobierno diferente y que nuestro pa\u00eds est\u00e1 cambiando.<\/p>\n<p>En el 2021 la disyuntiva ser\u00e1 entre la corrupci\u00f3n o la transformaci\u00f3n\u201d, se\u00f1al\u00f3.<\/p>\n<p><strong>Morena<\/strong>\u00a0&#8211;\u00a0<strong>PT<\/strong>\u00a0y<strong>\u00a0PVEM<\/strong>, lograron concretar la alianza<strong>\u00a0Juntos Hacemos Historia<\/strong>.<\/p>\n<p>Los dirigentes nacionales del PVEM,\u00a0<strong>Karen Castrej\u00f3n<\/strong>;<strong>\u00a0<\/strong>\u00a0<strong>Mario Delgado<\/strong>,<strong>\u00a0<\/strong>Morena y la senadora <strong>Geovana Ba\u00f1uelos<\/strong> del PT dieron a conocer esta noche la conclusi\u00f3n de la alianza, misma que ser\u00e1 registrada ante el INE antes de la media noche.<\/p>\n","protected":false},"excerpt":{"rendered":"<p>El presidente nacional de Movimiento de Regeneraci\u00f3n Nacional (Morena), Mario Delgado, anunci\u00f3 una coalici\u00f3n con&#8230;<\/p>\n","protected":false},"author":2,"featured_media":3370,"comment_status":"open","ping_status":"closed","sticky":false,"template":"","format":"standard","meta":{"footnotes":""},"categories":[25],"tags":[366,387,388,308,24,389,390],"class_list":["post-3368","post","type-post","status-publish","format-standard","has-post-thumbnail","hentry","category-4t","tag-elecciones-2021","tag-geovana-banuelos","tag-karen-castrejon","tag-mario-delgado","tag-morena","tag-pt","tag-pvem"],"yoast_head":"<!-- This site is optimized with the Yoast SEO plugin v27.5 - https:\/\/yoast.com\/product\/yoast-seo-wordpress\/ -->\n<title>Morena, PT y PVEM presentan la alianza - NOTICIAS DE LA 4T<\/title>\n<meta name=\"robots\" content=\"noindex, follow, max-snippet:-1, max-image-preview:large, max-video-preview:-1\" \/>\n<meta property=\"og:locale\" content=\"es_MX\" \/>\n<meta property=\"og:type\" content=\"article\" \/>\n<meta property=\"og:title\" content=\"Morena, PT y PVEM presentan la alianza - NOTICIAS DE LA 4T\" \/>\n<meta property=\"og:description\" content=\"El presidente nacional de Movimiento de Regeneraci\u00f3n Nacional (Morena), Mario Delgado, anunci\u00f3 una coalici\u00f3n con...\" \/>\n<meta property=\"og:url\" content=\"https:\/\/redamlo.com\/index.php\/2020\/12\/24\/morena-pt-y-pvem-presentan-la-alianza\/\" \/>\n<meta property=\"og:site_name\" content=\"NOTICIAS DE LA 4T\" \/>\n<meta property=\"article:published_time\" content=\"2020-12-24T16:25:09+00:00\" \/>\n<meta property=\"og:image\" content=\"https:\/\/redamlo.com\/wp-content\/uploads\/2020\/12\/alianza-morena.jpg\" \/>\n\t<meta property=\"og:image:width\" content=\"1515\" \/>\n\t<meta property=\"og:image:height\" content=\"936\" \/>\n\t<meta property=\"og:image:type\" content=\"image\/jpeg\" \/>\n<meta name=\"author\" content=\"Blanca\" \/>\n<meta name=\"twitter:card\" content=\"summary_large_image\" \/>\n<meta name=\"twitter:label1\" content=\"Escrito por\" \/>\n\t<meta name=\"twitter:data1\" content=\"Blanca\" \/>\n\t<meta name=\"twitter:label2\" content=\"Tiempo de lectura\" \/>\n\t<meta name=\"twitter:data2\" content=\"1 minuto\" \/>\n<script type=\"application\/ld+json\" class=\"yoast-schema-graph\">{\"@context\":\"https:\\\/\\\/schema.org\",\"@graph\":[{\"@type\":\"Article\",\"@id\":\"https:\\\/\\\/redamlo.com\\\/index.php\\\/2020\\\/12\\\/24\\\/morena-pt-y-pvem-presentan-la-alianza\\\/#article\",\"isPartOf\":{\"@id\":\"https:\\\/\\\/redamlo.com\\\/index.php\\\/2020\\\/12\\\/24\\\/morena-pt-y-pvem-presentan-la-alianza\\\/\"},\"author\":{\"name\":\"Blanca\",\"@id\":\"https:\\\/\\\/redamlo.com\\\/#\\\/schema\\\/person\\\/7223a4375eb8f1a782fcae010a7115cf\"},\"headline\":\"Morena, PT y PVEM presentan la alianza\",\"datePublished\":\"2020-12-24T16:25:09+00:00\",\"mainEntityOfPage\":{\"@id\":\"https:\\\/\\\/redamlo.com\\\/index.php\\\/2020\\\/12\\\/24\\\/morena-pt-y-pvem-presentan-la-alianza\\\/\"},\"wordCount\":150,\"commentCount\":0,\"publisher\":{\"@id\":\"https:\\\/\\\/redamlo.com\\\/#organization\"},\"image\":{\"@id\":\"https:\\\/\\\/redamlo.com\\\/index.php\\\/2020\\\/12\\\/24\\\/morena-pt-y-pvem-presentan-la-alianza\\\/#primaryimage\"},\"thumbnailUrl\":\"https:\\\/\\\/redamlo.com\\\/wp-content\\\/uploads\\\/2020\\\/12\\\/alianza-morena.jpg\",\"keywords\":[\"Elecciones 2021\",\"Geovana Ba\u00f1uelos\",\"Karen Castrej\u00f3n\",\"Mario Delgado\",\"Morena\",\"PT\",\"PVEM\"],\"articleSection\":[\"4T\"],\"inLanguage\":\"es\",\"potentialAction\":[{\"@type\":\"CommentAction\",\"name\":\"Comment\",\"target\":[\"https:\\\/\\\/redamlo.com\\\/index.php\\\/2020\\\/12\\\/24\\\/morena-pt-y-pvem-presentan-la-alianza\\\/#respond\"]}]},{\"@type\":\"WebPage\",\"@id\":\"https:\\\/\\\/redamlo.com\\\/index.php\\\/2020\\\/12\\\/24\\\/morena-pt-y-pvem-presentan-la-alianza\\\/\",\"url\":\"https:\\\/\\\/redamlo.com\\\/index.php\\\/2020\\\/12\\\/24\\\/morena-pt-y-pvem-presentan-la-alianza\\\/\",\"name\":\"Morena, PT y PVEM presentan la alianza - NOTICIAS DE LA 4T\",\"isPartOf\":{\"@id\":\"https:\\\/\\\/redamlo.com\\\/#website\"},\"primaryImageOfPage\":{\"@id\":\"https:\\\/\\\/redamlo.com\\\/index.php\\\/2020\\\/12\\\/24\\\/morena-pt-y-pvem-presentan-la-alianza\\\/#primaryimage\"},\"image\":{\"@id\":\"https:\\\/\\\/redamlo.com\\\/index.php\\\/2020\\\/12\\\/24\\\/morena-pt-y-pvem-presentan-la-alianza\\\/#primaryimage\"},\"thumbnailUrl\":\"https:\\\/\\\/redamlo.com\\\/wp-content\\\/uploads\\\/2020\\\/12\\\/alianza-morena.jpg\",\"datePublished\":\"2020-12-24T16:25:09+00:00\",\"breadcrumb\":{\"@id\":\"https:\\\/\\\/redamlo.com\\\/index.php\\\/2020\\\/12\\\/24\\\/morena-pt-y-pvem-presentan-la-alianza\\\/#breadcrumb\"},\"inLanguage\":\"es\",\"potentialAction\":[{\"@type\":\"ReadAction\",\"target\":[\"https:\\\/\\\/redamlo.com\\\/index.php\\\/2020\\\/12\\\/24\\\/morena-pt-y-pvem-presentan-la-alianza\\\/\"]}]},{\"@type\":\"ImageObject\",\"inLanguage\":\"es\",\"@id\":\"https:\\\/\\\/redamlo.com\\\/index.php\\\/2020\\\/12\\\/24\\\/morena-pt-y-pvem-presentan-la-alianza\\\/#primaryimage\",\"url\":\"https:\\\/\\\/redamlo.com\\\/wp-content\\\/uploads\\\/2020\\\/12\\\/alianza-morena.jpg\",\"contentUrl\":\"https:\\\/\\\/redamlo.com\\\/wp-content\\\/uploads\\\/2020\\\/12\\\/alianza-morena.jpg\",\"width\":1515,\"height\":936},{\"@type\":\"BreadcrumbList\",\"@id\":\"https:\\\/\\\/redamlo.com\\\/index.php\\\/2020\\\/12\\\/24\\\/morena-pt-y-pvem-presentan-la-alianza\\\/#breadcrumb\",\"itemListElement\":[{\"@type\":\"ListItem\",\"position\":1,\"name\":\"Inicio\",\"item\":\"https:\\\/\\\/redamlo.com\\\/\"},{\"@type\":\"ListItem\",\"position\":2,\"name\":\"Morena, PT y PVEM presentan la alianza\"}]},{\"@type\":\"WebSite\",\"@id\":\"https:\\\/\\\/redamlo.com\\\/#website\",\"url\":\"https:\\\/\\\/redamlo.com\\\/\",\"name\":\"NOTICIAS DE LA 4T\",\"description\":\"\",\"publisher\":{\"@id\":\"https:\\\/\\\/redamlo.com\\\/#organization\"},\"potentialAction\":[{\"@type\":\"SearchAction\",\"target\":{\"@type\":\"EntryPoint\",\"urlTemplate\":\"https:\\\/\\\/redamlo.com\\\/?s={search_term_string}\"},\"query-input\":{\"@type\":\"PropertyValueSpecification\",\"valueRequired\":true,\"valueName\":\"search_term_string\"}}],\"inLanguage\":\"es\"},{\"@type\":\"Organization\",\"@id\":\"https:\\\/\\\/redamlo.com\\\/#organization\",\"name\":\"NOTICIAS DE LA 4T\",\"url\":\"https:\\\/\\\/redamlo.com\\\/\",\"logo\":{\"@type\":\"ImageObject\",\"inLanguage\":\"es\",\"@id\":\"https:\\\/\\\/redamlo.com\\\/#\\\/schema\\\/logo\\\/image\\\/\",\"url\":\"https:\\\/\\\/redamlo.com\\\/wp-content\\\/uploads\\\/2024\\\/08\\\/cropped-RED-AMLO-logo-50.png\",\"contentUrl\":\"https:\\\/\\\/redamlo.com\\\/wp-content\\\/uploads\\\/2024\\\/08\\\/cropped-RED-AMLO-logo-50.png\",\"width\":256,\"height\":256,\"caption\":\"NOTICIAS DE LA 4T\"},\"image\":{\"@id\":\"https:\\\/\\\/redamlo.com\\\/#\\\/schema\\\/logo\\\/image\\\/\"}},{\"@type\":\"Person\",\"@id\":\"https:\\\/\\\/redamlo.com\\\/#\\\/schema\\\/person\\\/7223a4375eb8f1a782fcae010a7115cf\",\"name\":\"Blanca\",\"image\":{\"@type\":\"ImageObject\",\"inLanguage\":\"es\",\"@id\":\"https:\\\/\\\/secure.gravatar.com\\\/avatar\\\/3f79bc8336367a4e6093eae8757acaaf61d1124834b905616de7829b0273426d?s=96&d=mm&r=g\",\"url\":\"https:\\\/\\\/secure.gravatar.com\\\/avatar\\\/3f79bc8336367a4e6093eae8757acaaf61d1124834b905616de7829b0273426d?s=96&d=mm&r=g\",\"contentUrl\":\"https:\\\/\\\/secure.gravatar.com\\\/avatar\\\/3f79bc8336367a4e6093eae8757acaaf61d1124834b905616de7829b0273426d?s=96&d=mm&r=g\",\"caption\":\"Blanca\"},\"url\":\"https:\\\/\\\/redamlo.com\\\/index.php\\\/author\\\/blanca\\\/\"}]}<\/script>\n<!-- \/ Yoast SEO plugin. -->","yoast_head_json":{"title":"Morena, PT y PVEM presentan la alianza - NOTICIAS DE LA 4T","robots":{"index":"noindex","follow":"follow","max-snippet":"max-snippet:-1","max-image-preview":"max-image-preview:large","max-video-preview":"max-video-preview:-1"},"og_locale":"es_MX","og_type":"article","og_title":"Morena, PT y PVEM presentan la alianza - NOTICIAS DE LA 4T","og_description":"El presidente nacional de Movimiento de Regeneraci\u00f3n Nacional (Morena), Mario Delgado, anunci\u00f3 una coalici\u00f3n con...","og_url":"https:\/\/redamlo.com\/index.php\/2020\/12\/24\/morena-pt-y-pvem-presentan-la-alianza\/","og_site_name":"NOTICIAS DE LA 4T","article_published_time":"2020-12-24T16:25:09+00:00","og_image":[{"width":1515,"height":936,"url":"https:\/\/redamlo.com\/wp-content\/uploads\/2020\/12\/alianza-morena.jpg","type":"image\/jpeg"}],"author":"Blanca","twitter_card":"summary_large_image","twitter_misc":{"Escrito por":"Blanca","Tiempo de lectura":"1 minuto"},"schema":{"@context":"https:\/\/schema.org","@graph":[{"@type":"Article","@id":"https:\/\/redamlo.com\/index.php\/2020\/12\/24\/morena-pt-y-pvem-presentan-la-alianza\/#article","isPartOf":{"@id":"https:\/\/redamlo.com\/index.php\/2020\/12\/24\/morena-pt-y-pvem-presentan-la-alianza\/"},"author":{"name":"Blanca","@id":"https:\/\/redamlo.com\/#\/schema\/person\/7223a4375eb8f1a782fcae010a7115cf"},"headline":"Morena, PT y PVEM presentan la alianza","datePublished":"2020-12-24T16:25:09+00:00","mainEntityOfPage":{"@id":"https:\/\/redamlo.com\/index.php\/2020\/12\/24\/morena-pt-y-pvem-presentan-la-alianza\/"},"wordCount":150,"commentCount":0,"publisher":{"@id":"https:\/\/redamlo.com\/#organization"},"image":{"@id":"https:\/\/redamlo.com\/index.php\/2020\/12\/24\/morena-pt-y-pvem-presentan-la-alianza\/#primaryimage"},"thumbnailUrl":"https:\/\/redamlo.com\/wp-content\/uploads\/2020\/12\/alianza-morena.jpg","keywords":["Elecciones 2021","Geovana Ba\u00f1uelos","Karen Castrej\u00f3n","Mario Delgado","Morena","PT","PVEM"],"articleSection":["4T"],"inLanguage":"es","potentialAction":[{"@type":"CommentAction","name":"Comment","target":["https:\/\/redamlo.com\/index.php\/2020\/12\/24\/morena-pt-y-pvem-presentan-la-alianza\/#respond"]}]},{"@type":"WebPage","@id":"https:\/\/redamlo.com\/index.php\/2020\/12\/24\/morena-pt-y-pvem-presentan-la-alianza\/","url":"https:\/\/redamlo.com\/index.php\/2020\/12\/24\/morena-pt-y-pvem-presentan-la-alianza\/","name":"Morena, PT y PVEM presentan la alianza - NOTICIAS DE LA 4T","isPartOf":{"@id":"https:\/\/redamlo.com\/#website"},"primaryImageOfPage":{"@id":"https:\/\/redamlo.com\/index.php\/2020\/12\/24\/morena-pt-y-pvem-presentan-la-alianza\/#primaryimage"},"image":{"@id":"https:\/\/redamlo.com\/index.php\/2020\/12\/24\/morena-pt-y-pvem-presentan-la-alianza\/#primaryimage"},"thumbnailUrl":"https:\/\/redamlo.com\/wp-content\/uploads\/2020\/12\/alianza-morena.jpg","datePublished":"2020-12-24T16:25:09+00:00","breadcrumb":{"@id":"https:\/\/redamlo.com\/index.php\/2020\/12\/24\/morena-pt-y-pvem-presentan-la-alianza\/#breadcrumb"},"inLanguage":"es","potentialAction":[{"@type":"ReadAction","target":["https:\/\/redamlo.com\/index.php\/2020\/12\/24\/morena-pt-y-pvem-presentan-la-alianza\/"]}]},{"@type":"ImageObject","inLanguage":"es","@id":"https:\/\/redamlo.com\/index.php\/2020\/12\/24\/morena-pt-y-pvem-presentan-la-alianza\/#primaryimage","url":"https:\/\/redamlo.com\/wp-content\/uploads\/2020\/12\/alianza-morena.jpg","contentUrl":"https:\/\/redamlo.com\/wp-content\/uploads\/2020\/12\/alianza-morena.jpg","width":1515,"height":936},{"@type":"BreadcrumbList","@id":"https:\/\/redamlo.com\/index.php\/2020\/12\/24\/morena-pt-y-pvem-presentan-la-alianza\/#breadcrumb","itemListElement":[{"@type":"ListItem","position":1,"name":"Inicio","item":"https:\/\/redamlo.com\/"},{"@type":"ListItem","position":2,"name":"Morena, PT y PVEM presentan la alianza"}]},{"@type":"WebSite","@id":"https:\/\/redamlo.com\/#website","url":"https:\/\/redamlo.com\/","name":"NOTICIAS DE LA 4T","description":"","publisher":{"@id":"https:\/\/redamlo.com\/#organization"},"potentialAction":[{"@type":"SearchAction","target":{"@type":"EntryPoint","urlTemplate":"https:\/\/redamlo.com\/?s={search_term_string}"},"query-input":{"@type":"PropertyValueSpecification","valueRequired":true,"valueName":"search_term_string"}}],"inLanguage":"es"},{"@type":"Organization","@id":"https:\/\/redamlo.com\/#organization","name":"NOTICIAS DE LA 4T","url":"https:\/\/redamlo.com\/","logo":{"@type":"ImageObject","inLanguage":"es","@id":"https:\/\/redamlo.com\/#\/schema\/logo\/image\/","url":"https:\/\/redamlo.com\/wp-content\/uploads\/2024\/08\/cropped-RED-AMLO-logo-50.png","contentUrl":"https:\/\/redamlo.com\/wp-content\/uploads\/2024\/08\/cropped-RED-AMLO-logo-50.png","width":256,"height":256,"caption":"NOTICIAS DE LA 4T"},"image":{"@id":"https:\/\/redamlo.com\/#\/schema\/logo\/image\/"}},{"@type":"Person","@id":"https:\/\/redamlo.com\/#\/schema\/person\/7223a4375eb8f1a782fcae010a7115cf","name":"Blanca","image":{"@type":"ImageObject","inLanguage":"es","@id":"https:\/\/secure.gravatar.com\/avatar\/3f79bc8336367a4e6093eae8757acaaf61d1124834b905616de7829b0273426d?s=96&d=mm&r=g","url":"https:\/\/secure.gravatar.com\/avatar\/3f79bc8336367a4e6093eae8757acaaf61d1124834b905616de7829b0273426d?s=96&d=mm&r=g","contentUrl":"https:\/\/secure.gravatar.com\/avatar\/3f79bc8336367a4e6093eae8757acaaf61d1124834b905616de7829b0273426d?s=96&d=mm&r=g","caption":"Blanca"},"url":"https:\/\/redamlo.com\/index.php\/author\/blanca\/"}]}},"_links":{"self":[{"href":"https:\/\/redamlo.com\/index.php\/wp-json\/wp\/v2\/posts\/3368","targetHints":{"allow":["GET"]}}],"collection":[{"href":"https:\/\/redamlo.com\/index.php\/wp-json\/wp\/v2\/posts"}],"about":[{"href":"https:\/\/redamlo.com\/index.php\/wp-json\/wp\/v2\/types\/post"}],"author":[{"embeddable":true,"href":"https:\/\/redamlo.com\/index.php\/wp-json\/wp\/v2\/users\/2"}],"replies":[{"embeddable":true,"href":"https:\/\/redamlo.com\/index.php\/wp-json\/wp\/v2\/comments?post=3368"}],"version-history":[{"count":0,"href":"https:\/\/redamlo.com\/index.php\/wp-json\/wp\/v2\/posts\/3368\/revisions"}],"wp:featuredmedia":[{"embeddable":true,"href":"https:\/\/redamlo.com\/index.php\/wp-json\/wp\/v2\/media\/3370"}],"wp:attachment":[{"href":"https:\/\/redamlo.com\/index.php\/wp-json\/wp\/v2\/media?parent=3368"}],"wp:term":[{"taxonomy":"category","embeddable":true,"href":"https:\/\/redamlo.com\/index.php\/wp-json\/wp\/v2\/categories?post=3368"},{"taxonomy":"post_tag","embeddable":true,"href":"https:\/\/redamlo.com\/index.php\/wp-json\/wp\/v2\/tags?post=3368"}],"curies":[{"name":"wp","href":"https:\/\/api.w.org\/{rel}","templated":true}]}}