{"id":3327,"date":"2020-12-18T15:38:16","date_gmt":"2020-12-18T21:38:16","guid":{"rendered":"https:\/\/redamlo.com\/?p=3327"},"modified":"2020-12-18T15:38:16","modified_gmt":"2020-12-18T21:38:16","slug":"regidor-elio-lara-morales-sale-puntero-en-encuesta-de-posicionamiento-en-playa-del-carmen-con-el-36-5","status":"publish","type":"post","link":"https:\/\/redamlo.com\/index.php\/2020\/12\/18\/regidor-elio-lara-morales-sale-puntero-en-encuesta-de-posicionamiento-en-playa-del-carmen-con-el-36-5\/","title":{"rendered":"Regidor Elio Lara Morales sale puntero en encuesta de posicionamiento en Playa del Carmen con el 36.5%"},"content":{"rendered":"<p>RedAMLO.- El Municipio de Solidaridad, Quintana Roo se prepara para el proceso electoral de 2021 donde se elegir\u00e1 la administraci\u00f3n 2021-2024 y el partido de MORENA es amplio favorito por la tradici\u00f3n lopezobradorista de Playa del Carmen.<\/p>\n<p>Sin embargo la elecci\u00f3n del candidato es estrat\u00e9gica y en ese sentido se realiz\u00f3 la siguiente encuesta de manera abierta y org\u00e1nica a trav\u00e9s de la herramienta de <a href=\"https:\/\/analytics.withgoogle.com\/\" target=\"_blank\" rel=\"noopener\"><strong>Google Analytics<\/strong><\/a> que permite participar en la encuesta a toda persona que se identifique a trav\u00e9s de un correo electr\u00f3nico para hacer v\u00e1lida la participaci\u00f3n en este ejercicio ciudadano.<\/p>\n<p>En la encuesta participaron 6,771 personas con correos electr\u00f3nicos v\u00e1lidos en un periodo de tiempo de 5 d\u00edas comprendido del 13 al 18 de diciembre del a\u00f1o 2020.<\/p>\n<p><a href=\"https:\/\/cdmxpress.com\/capitan-del-ejercito-mexicano-podria-ser-el-nuevo-presidente-municipal-de-playa-del-carmen\/\"><img loading=\"lazy\" decoding=\"async\" class=\"aligncenter wp-image-3302 \" src=\"https:\/\/redamlo.com\/wp-content\/uploads\/2020\/12\/CANDIDATOS-MORENA-SOLIDARIDAD-QUINTANA-ROO-1024x683.jpg\" alt=\"\" width=\"552\" height=\"368\" srcset=\"https:\/\/redamlo.com\/wp-content\/uploads\/2020\/12\/CANDIDATOS-MORENA-SOLIDARIDAD-QUINTANA-ROO-1024x683.jpg 1024w, https:\/\/redamlo.com\/wp-content\/uploads\/2020\/12\/CANDIDATOS-MORENA-SOLIDARIDAD-QUINTANA-ROO-300x200.jpg 300w, https:\/\/redamlo.com\/wp-content\/uploads\/2020\/12\/CANDIDATOS-MORENA-SOLIDARIDAD-QUINTANA-ROO-768x512.jpg 768w, https:\/\/redamlo.com\/wp-content\/uploads\/2020\/12\/CANDIDATOS-MORENA-SOLIDARIDAD-QUINTANA-ROO.jpg 1200w\" sizes=\"auto, (max-width: 552px) 100vw, 552px\" \/><\/a><\/p>\n<p>El resultado posiciona al <strong>Regidor Elio Lara Morales<\/strong> en primer lugar con 36.5% de la preferencia de los encuestados.<\/p>\n<p><img loading=\"lazy\" decoding=\"async\" class=\" wp-image-3335 aligncenter\" src=\"https:\/\/redamlo.com\/wp-content\/uploads\/2020\/12\/Elio_Militar-300x243.jpeg\" alt=\"\" width=\"453\" height=\"367\" srcset=\"https:\/\/redamlo.com\/wp-content\/uploads\/2020\/12\/Elio_Militar-300x243.jpeg 300w, https:\/\/redamlo.com\/wp-content\/uploads\/2020\/12\/Elio_Militar-768x622.jpeg 768w, https:\/\/redamlo.com\/wp-content\/uploads\/2020\/12\/Elio_Militar.jpeg 928w\" sizes=\"auto, (max-width: 453px) 100vw, 453px\" \/><\/p>\n<p>&nbsp;<\/p>\n<p>En segunda posici\u00f3n lo sigue de cerca la actual presidente municipal <strong>Laura Beristain Navarrete con el 34.1%<\/strong> de las intenciones manifestadas. En tercer lugar, se ubic\u00f3 la Regidora Luz Elena Mu\u00f1oz con el 24.8% de las intenciones. Los dem\u00e1s aspirantes no alcanzaron un promedio de doble d\u00edgito y quedaron rezagados en la encuesta.<\/p>\n<p>Esta encuesta tiene como objetivo ser un sensor latente de la preferencia social entre los posibles aspirantes a la candidatura de MORENA y PT por la presidencia Municipal de Solidaridad, Quintana Roo.<\/p>\n<p><strong>Elio Lara Morales<\/strong><br \/>\n<strong>36.5%<\/strong><br \/>\n<strong>2470 Votos<\/strong><\/p>\n<p><strong>Laura Beristain Navarrete<\/strong><br \/>\n<strong>34.1%<\/strong><br \/>\n<strong>2308 Votos<\/strong><\/p>\n<p><strong>Luz Elena Mu\u00f1oz C<\/strong><br \/>\n<strong>24.8%<\/strong><br \/>\n<strong>1680 Votos<\/strong><\/p>\n<p><strong>Barbara Delgado<\/strong><br \/>\n<strong>2.5%<\/strong><br \/>\n<strong>170 votos<\/strong><\/p>\n<p><strong>Alberto Farfan<\/strong><br \/>\n<strong>0.9%<\/strong><br \/>\n<strong>59 Votos<\/strong><\/p>\n<p><strong>William Ferrer<\/strong><br \/>\n<strong>0.7%<\/strong><br \/>\n<strong>50 Votos<\/strong><\/p>\n<p>\u00a0<\/p>\n<blockquote class=\"wp-embedded-content\" data-secret=\"RxxC3bd41I\"><p><a href=\"https:\/\/redamlo.com\/quien-considera-debe-ser-el-candidato-de-morena-pt-rumbo-a-la-eleccion-de-2021-en-la-presidencia-municipal-de-solidaridad\/\">\u00bfQui\u00e9n considera debe ser el candidato de Morena\/PT rumbo a la elecci\u00f3n de 2021 en la Presidencia Municipal de Solidaridad?<\/a><\/p><\/blockquote>\n<p><iframe loading=\"lazy\" class=\"wp-embedded-content\" sandbox=\"allow-scripts\" security=\"restricted\" style=\"position: absolute; visibility: hidden;\" title=\"\u00ab\u00bfQui\u00e9n considera debe ser el candidato de Morena\/PT rumbo a la elecci\u00f3n de 2021 en la Presidencia Municipal de Solidaridad?\u00bb \u2014 \" src=\"https:\/\/redamlo.com\/quien-considera-debe-ser-el-candidato-de-morena-pt-rumbo-a-la-eleccion-de-2021-en-la-presidencia-municipal-de-solidaridad\/embed\/#?secret=lxbsqPTXiH#?secret=RxxC3bd41I\" data-secret=\"RxxC3bd41I\" width=\"600\" height=\"338\" frameborder=\"0\" marginwidth=\"0\" marginheight=\"0\" scrolling=\"no\"><\/iframe><\/p>\n<p>\u00a0<\/p>\n<p><script data-ad-client=\"ca-pub-1047776808608055\" async src=\"https:\/\/pagead2.googlesyndication.com\/pagead\/js\/adsbygoogle.js\"><\/script><\/p>\n","protected":false},"excerpt":{"rendered":"<p>RedAMLO.- El Municipio de Solidaridad, Quintana Roo se prepara para el proceso electoral de 2021&#8230;<\/p>\n","protected":false},"author":2,"featured_media":3331,"comment_status":"open","ping_status":"closed","sticky":false,"template":"","format":"standard","meta":{"footnotes":""},"categories":[25],"tags":[379,24,117,380],"class_list":["post-3327","post","type-post","status-publish","format-standard","has-post-thumbnail","hentry","category-4t","tag-ecuesta","tag-morena","tag-playa-del-carmen","tag-regidor-elio-lara"],"yoast_head":"<!-- This site is optimized with the Yoast SEO plugin v27.5 - https:\/\/yoast.com\/product\/yoast-seo-wordpress\/ -->\n<title>Regidor Elio Lara Morales sale puntero en encuesta de posicionamiento en Playa del Carmen con el 36.5% - NOTICIAS DE LA 4T<\/title>\n<meta name=\"robots\" content=\"noindex, follow, max-snippet:-1, max-image-preview:large, max-video-preview:-1\" \/>\n<meta property=\"og:locale\" content=\"es_MX\" \/>\n<meta property=\"og:type\" content=\"article\" \/>\n<meta property=\"og:title\" content=\"Regidor Elio Lara Morales sale puntero en encuesta de posicionamiento en Playa del Carmen con el 36.5% - NOTICIAS DE LA 4T\" \/>\n<meta property=\"og:description\" content=\"RedAMLO.- El Municipio de Solidaridad, Quintana Roo se prepara para el proceso electoral de 2021...\" \/>\n<meta property=\"og:url\" content=\"https:\/\/redamlo.com\/index.php\/2020\/12\/18\/regidor-elio-lara-morales-sale-puntero-en-encuesta-de-posicionamiento-en-playa-del-carmen-con-el-36-5\/\" \/>\n<meta property=\"og:site_name\" content=\"NOTICIAS DE LA 4T\" \/>\n<meta property=\"article:published_time\" content=\"2020-12-18T21:38:16+00:00\" \/>\n<meta property=\"og:image\" content=\"https:\/\/redamlo.com\/wp-content\/uploads\/2020\/12\/red_amlo_encuesta_2020.jpg\" \/>\n\t<meta property=\"og:image:width\" content=\"886\" \/>\n\t<meta property=\"og:image:height\" content=\"1280\" \/>\n\t<meta property=\"og:image:type\" content=\"image\/jpeg\" \/>\n<meta name=\"author\" content=\"Blanca\" \/>\n<meta name=\"twitter:card\" content=\"summary_large_image\" \/>\n<meta name=\"twitter:label1\" content=\"Escrito por\" \/>\n\t<meta name=\"twitter:data1\" content=\"Blanca\" \/>\n\t<meta name=\"twitter:label2\" content=\"Tiempo de lectura\" \/>\n\t<meta name=\"twitter:data2\" content=\"1 minuto\" \/>\n<script type=\"application\/ld+json\" class=\"yoast-schema-graph\">{\"@context\":\"https:\\\/\\\/schema.org\",\"@graph\":[{\"@type\":\"Article\",\"@id\":\"https:\\\/\\\/redamlo.com\\\/index.php\\\/2020\\\/12\\\/18\\\/regidor-elio-lara-morales-sale-puntero-en-encuesta-de-posicionamiento-en-playa-del-carmen-con-el-36-5\\\/#article\",\"isPartOf\":{\"@id\":\"https:\\\/\\\/redamlo.com\\\/index.php\\\/2020\\\/12\\\/18\\\/regidor-elio-lara-morales-sale-puntero-en-encuesta-de-posicionamiento-en-playa-del-carmen-con-el-36-5\\\/\"},\"author\":{\"name\":\"Blanca\",\"@id\":\"https:\\\/\\\/redamlo.com\\\/#\\\/schema\\\/person\\\/7223a4375eb8f1a782fcae010a7115cf\"},\"headline\":\"Regidor Elio Lara Morales sale puntero en encuesta de posicionamiento en Playa del Carmen con el 36.5%\",\"datePublished\":\"2020-12-18T21:38:16+00:00\",\"mainEntityOfPage\":{\"@id\":\"https:\\\/\\\/redamlo.com\\\/index.php\\\/2020\\\/12\\\/18\\\/regidor-elio-lara-morales-sale-puntero-en-encuesta-de-posicionamiento-en-playa-del-carmen-con-el-36-5\\\/\"},\"wordCount\":281,\"commentCount\":0,\"publisher\":{\"@id\":\"https:\\\/\\\/redamlo.com\\\/#organization\"},\"image\":{\"@id\":\"https:\\\/\\\/redamlo.com\\\/index.php\\\/2020\\\/12\\\/18\\\/regidor-elio-lara-morales-sale-puntero-en-encuesta-de-posicionamiento-en-playa-del-carmen-con-el-36-5\\\/#primaryimage\"},\"thumbnailUrl\":\"https:\\\/\\\/redamlo.com\\\/wp-content\\\/uploads\\\/2020\\\/12\\\/red_amlo_encuesta_2020.jpg\",\"keywords\":[\"Ecuesta\",\"Morena\",\"playa del carmen\",\"Regidor Elio Lara\"],\"articleSection\":[\"4T\"],\"inLanguage\":\"es\",\"potentialAction\":[{\"@type\":\"CommentAction\",\"name\":\"Comment\",\"target\":[\"https:\\\/\\\/redamlo.com\\\/index.php\\\/2020\\\/12\\\/18\\\/regidor-elio-lara-morales-sale-puntero-en-encuesta-de-posicionamiento-en-playa-del-carmen-con-el-36-5\\\/#respond\"]}]},{\"@type\":\"WebPage\",\"@id\":\"https:\\\/\\\/redamlo.com\\\/index.php\\\/2020\\\/12\\\/18\\\/regidor-elio-lara-morales-sale-puntero-en-encuesta-de-posicionamiento-en-playa-del-carmen-con-el-36-5\\\/\",\"url\":\"https:\\\/\\\/redamlo.com\\\/index.php\\\/2020\\\/12\\\/18\\\/regidor-elio-lara-morales-sale-puntero-en-encuesta-de-posicionamiento-en-playa-del-carmen-con-el-36-5\\\/\",\"name\":\"Regidor Elio Lara Morales sale puntero en encuesta de posicionamiento en Playa del Carmen con el 36.5% - NOTICIAS DE LA 4T\",\"isPartOf\":{\"@id\":\"https:\\\/\\\/redamlo.com\\\/#website\"},\"primaryImageOfPage\":{\"@id\":\"https:\\\/\\\/redamlo.com\\\/index.php\\\/2020\\\/12\\\/18\\\/regidor-elio-lara-morales-sale-puntero-en-encuesta-de-posicionamiento-en-playa-del-carmen-con-el-36-5\\\/#primaryimage\"},\"image\":{\"@id\":\"https:\\\/\\\/redamlo.com\\\/index.php\\\/2020\\\/12\\\/18\\\/regidor-elio-lara-morales-sale-puntero-en-encuesta-de-posicionamiento-en-playa-del-carmen-con-el-36-5\\\/#primaryimage\"},\"thumbnailUrl\":\"https:\\\/\\\/redamlo.com\\\/wp-content\\\/uploads\\\/2020\\\/12\\\/red_amlo_encuesta_2020.jpg\",\"datePublished\":\"2020-12-18T21:38:16+00:00\",\"breadcrumb\":{\"@id\":\"https:\\\/\\\/redamlo.com\\\/index.php\\\/2020\\\/12\\\/18\\\/regidor-elio-lara-morales-sale-puntero-en-encuesta-de-posicionamiento-en-playa-del-carmen-con-el-36-5\\\/#breadcrumb\"},\"inLanguage\":\"es\",\"potentialAction\":[{\"@type\":\"ReadAction\",\"target\":[\"https:\\\/\\\/redamlo.com\\\/index.php\\\/2020\\\/12\\\/18\\\/regidor-elio-lara-morales-sale-puntero-en-encuesta-de-posicionamiento-en-playa-del-carmen-con-el-36-5\\\/\"]}]},{\"@type\":\"ImageObject\",\"inLanguage\":\"es\",\"@id\":\"https:\\\/\\\/redamlo.com\\\/index.php\\\/2020\\\/12\\\/18\\\/regidor-elio-lara-morales-sale-puntero-en-encuesta-de-posicionamiento-en-playa-del-carmen-con-el-36-5\\\/#primaryimage\",\"url\":\"https:\\\/\\\/redamlo.com\\\/wp-content\\\/uploads\\\/2020\\\/12\\\/red_amlo_encuesta_2020.jpg\",\"contentUrl\":\"https:\\\/\\\/redamlo.com\\\/wp-content\\\/uploads\\\/2020\\\/12\\\/red_amlo_encuesta_2020.jpg\",\"width\":886,\"height\":1280},{\"@type\":\"BreadcrumbList\",\"@id\":\"https:\\\/\\\/redamlo.com\\\/index.php\\\/2020\\\/12\\\/18\\\/regidor-elio-lara-morales-sale-puntero-en-encuesta-de-posicionamiento-en-playa-del-carmen-con-el-36-5\\\/#breadcrumb\",\"itemListElement\":[{\"@type\":\"ListItem\",\"position\":1,\"name\":\"Inicio\",\"item\":\"https:\\\/\\\/redamlo.com\\\/\"},{\"@type\":\"ListItem\",\"position\":2,\"name\":\"Regidor Elio Lara Morales sale puntero en encuesta de posicionamiento en Playa del Carmen con el 36.5%\"}]},{\"@type\":\"WebSite\",\"@id\":\"https:\\\/\\\/redamlo.com\\\/#website\",\"url\":\"https:\\\/\\\/redamlo.com\\\/\",\"name\":\"NOTICIAS DE LA 4T\",\"description\":\"\",\"publisher\":{\"@id\":\"https:\\\/\\\/redamlo.com\\\/#organization\"},\"potentialAction\":[{\"@type\":\"SearchAction\",\"target\":{\"@type\":\"EntryPoint\",\"urlTemplate\":\"https:\\\/\\\/redamlo.com\\\/?s={search_term_string}\"},\"query-input\":{\"@type\":\"PropertyValueSpecification\",\"valueRequired\":true,\"valueName\":\"search_term_string\"}}],\"inLanguage\":\"es\"},{\"@type\":\"Organization\",\"@id\":\"https:\\\/\\\/redamlo.com\\\/#organization\",\"name\":\"NOTICIAS DE LA 4T\",\"url\":\"https:\\\/\\\/redamlo.com\\\/\",\"logo\":{\"@type\":\"ImageObject\",\"inLanguage\":\"es\",\"@id\":\"https:\\\/\\\/redamlo.com\\\/#\\\/schema\\\/logo\\\/image\\\/\",\"url\":\"https:\\\/\\\/redamlo.com\\\/wp-content\\\/uploads\\\/2024\\\/08\\\/cropped-RED-AMLO-logo-50.png\",\"contentUrl\":\"https:\\\/\\\/redamlo.com\\\/wp-content\\\/uploads\\\/2024\\\/08\\\/cropped-RED-AMLO-logo-50.png\",\"width\":256,\"height\":256,\"caption\":\"NOTICIAS DE LA 4T\"},\"image\":{\"@id\":\"https:\\\/\\\/redamlo.com\\\/#\\\/schema\\\/logo\\\/image\\\/\"}},{\"@type\":\"Person\",\"@id\":\"https:\\\/\\\/redamlo.com\\\/#\\\/schema\\\/person\\\/7223a4375eb8f1a782fcae010a7115cf\",\"name\":\"Blanca\",\"image\":{\"@type\":\"ImageObject\",\"inLanguage\":\"es\",\"@id\":\"https:\\\/\\\/secure.gravatar.com\\\/avatar\\\/3f79bc8336367a4e6093eae8757acaaf61d1124834b905616de7829b0273426d?s=96&d=mm&r=g\",\"url\":\"https:\\\/\\\/secure.gravatar.com\\\/avatar\\\/3f79bc8336367a4e6093eae8757acaaf61d1124834b905616de7829b0273426d?s=96&d=mm&r=g\",\"contentUrl\":\"https:\\\/\\\/secure.gravatar.com\\\/avatar\\\/3f79bc8336367a4e6093eae8757acaaf61d1124834b905616de7829b0273426d?s=96&d=mm&r=g\",\"caption\":\"Blanca\"},\"url\":\"https:\\\/\\\/redamlo.com\\\/index.php\\\/author\\\/blanca\\\/\"}]}<\/script>\n<!-- \/ Yoast SEO plugin. -->","yoast_head_json":{"title":"Regidor Elio Lara Morales sale puntero en encuesta de posicionamiento en Playa del Carmen con el 36.5% - NOTICIAS DE LA 4T","robots":{"index":"noindex","follow":"follow","max-snippet":"max-snippet:-1","max-image-preview":"max-image-preview:large","max-video-preview":"max-video-preview:-1"},"og_locale":"es_MX","og_type":"article","og_title":"Regidor Elio Lara Morales sale puntero en encuesta de posicionamiento en Playa del Carmen con el 36.5% - NOTICIAS DE LA 4T","og_description":"RedAMLO.- El Municipio de Solidaridad, Quintana Roo se prepara para el proceso electoral de 2021...","og_url":"https:\/\/redamlo.com\/index.php\/2020\/12\/18\/regidor-elio-lara-morales-sale-puntero-en-encuesta-de-posicionamiento-en-playa-del-carmen-con-el-36-5\/","og_site_name":"NOTICIAS DE LA 4T","article_published_time":"2020-12-18T21:38:16+00:00","og_image":[{"width":886,"height":1280,"url":"https:\/\/redamlo.com\/wp-content\/uploads\/2020\/12\/red_amlo_encuesta_2020.jpg","type":"image\/jpeg"}],"author":"Blanca","twitter_card":"summary_large_image","twitter_misc":{"Escrito por":"Blanca","Tiempo de lectura":"1 minuto"},"schema":{"@context":"https:\/\/schema.org","@graph":[{"@type":"Article","@id":"https:\/\/redamlo.com\/index.php\/2020\/12\/18\/regidor-elio-lara-morales-sale-puntero-en-encuesta-de-posicionamiento-en-playa-del-carmen-con-el-36-5\/#article","isPartOf":{"@id":"https:\/\/redamlo.com\/index.php\/2020\/12\/18\/regidor-elio-lara-morales-sale-puntero-en-encuesta-de-posicionamiento-en-playa-del-carmen-con-el-36-5\/"},"author":{"name":"Blanca","@id":"https:\/\/redamlo.com\/#\/schema\/person\/7223a4375eb8f1a782fcae010a7115cf"},"headline":"Regidor Elio Lara Morales sale puntero en encuesta de posicionamiento en Playa del Carmen con el 36.5%","datePublished":"2020-12-18T21:38:16+00:00","mainEntityOfPage":{"@id":"https:\/\/redamlo.com\/index.php\/2020\/12\/18\/regidor-elio-lara-morales-sale-puntero-en-encuesta-de-posicionamiento-en-playa-del-carmen-con-el-36-5\/"},"wordCount":281,"commentCount":0,"publisher":{"@id":"https:\/\/redamlo.com\/#organization"},"image":{"@id":"https:\/\/redamlo.com\/index.php\/2020\/12\/18\/regidor-elio-lara-morales-sale-puntero-en-encuesta-de-posicionamiento-en-playa-del-carmen-con-el-36-5\/#primaryimage"},"thumbnailUrl":"https:\/\/redamlo.com\/wp-content\/uploads\/2020\/12\/red_amlo_encuesta_2020.jpg","keywords":["Ecuesta","Morena","playa del carmen","Regidor Elio Lara"],"articleSection":["4T"],"inLanguage":"es","potentialAction":[{"@type":"CommentAction","name":"Comment","target":["https:\/\/redamlo.com\/index.php\/2020\/12\/18\/regidor-elio-lara-morales-sale-puntero-en-encuesta-de-posicionamiento-en-playa-del-carmen-con-el-36-5\/#respond"]}]},{"@type":"WebPage","@id":"https:\/\/redamlo.com\/index.php\/2020\/12\/18\/regidor-elio-lara-morales-sale-puntero-en-encuesta-de-posicionamiento-en-playa-del-carmen-con-el-36-5\/","url":"https:\/\/redamlo.com\/index.php\/2020\/12\/18\/regidor-elio-lara-morales-sale-puntero-en-encuesta-de-posicionamiento-en-playa-del-carmen-con-el-36-5\/","name":"Regidor Elio Lara Morales sale puntero en encuesta de posicionamiento en Playa del Carmen con el 36.5% - NOTICIAS DE LA 4T","isPartOf":{"@id":"https:\/\/redamlo.com\/#website"},"primaryImageOfPage":{"@id":"https:\/\/redamlo.com\/index.php\/2020\/12\/18\/regidor-elio-lara-morales-sale-puntero-en-encuesta-de-posicionamiento-en-playa-del-carmen-con-el-36-5\/#primaryimage"},"image":{"@id":"https:\/\/redamlo.com\/index.php\/2020\/12\/18\/regidor-elio-lara-morales-sale-puntero-en-encuesta-de-posicionamiento-en-playa-del-carmen-con-el-36-5\/#primaryimage"},"thumbnailUrl":"https:\/\/redamlo.com\/wp-content\/uploads\/2020\/12\/red_amlo_encuesta_2020.jpg","datePublished":"2020-12-18T21:38:16+00:00","breadcrumb":{"@id":"https:\/\/redamlo.com\/index.php\/2020\/12\/18\/regidor-elio-lara-morales-sale-puntero-en-encuesta-de-posicionamiento-en-playa-del-carmen-con-el-36-5\/#breadcrumb"},"inLanguage":"es","potentialAction":[{"@type":"ReadAction","target":["https:\/\/redamlo.com\/index.php\/2020\/12\/18\/regidor-elio-lara-morales-sale-puntero-en-encuesta-de-posicionamiento-en-playa-del-carmen-con-el-36-5\/"]}]},{"@type":"ImageObject","inLanguage":"es","@id":"https:\/\/redamlo.com\/index.php\/2020\/12\/18\/regidor-elio-lara-morales-sale-puntero-en-encuesta-de-posicionamiento-en-playa-del-carmen-con-el-36-5\/#primaryimage","url":"https:\/\/redamlo.com\/wp-content\/uploads\/2020\/12\/red_amlo_encuesta_2020.jpg","contentUrl":"https:\/\/redamlo.com\/wp-content\/uploads\/2020\/12\/red_amlo_encuesta_2020.jpg","width":886,"height":1280},{"@type":"BreadcrumbList","@id":"https:\/\/redamlo.com\/index.php\/2020\/12\/18\/regidor-elio-lara-morales-sale-puntero-en-encuesta-de-posicionamiento-en-playa-del-carmen-con-el-36-5\/#breadcrumb","itemListElement":[{"@type":"ListItem","position":1,"name":"Inicio","item":"https:\/\/redamlo.com\/"},{"@type":"ListItem","position":2,"name":"Regidor Elio Lara Morales sale puntero en encuesta de posicionamiento en Playa del Carmen con el 36.5%"}]},{"@type":"WebSite","@id":"https:\/\/redamlo.com\/#website","url":"https:\/\/redamlo.com\/","name":"NOTICIAS DE LA 4T","description":"","publisher":{"@id":"https:\/\/redamlo.com\/#organization"},"potentialAction":[{"@type":"SearchAction","target":{"@type":"EntryPoint","urlTemplate":"https:\/\/redamlo.com\/?s={search_term_string}"},"query-input":{"@type":"PropertyValueSpecification","valueRequired":true,"valueName":"search_term_string"}}],"inLanguage":"es"},{"@type":"Organization","@id":"https:\/\/redamlo.com\/#organization","name":"NOTICIAS DE LA 4T","url":"https:\/\/redamlo.com\/","logo":{"@type":"ImageObject","inLanguage":"es","@id":"https:\/\/redamlo.com\/#\/schema\/logo\/image\/","url":"https:\/\/redamlo.com\/wp-content\/uploads\/2024\/08\/cropped-RED-AMLO-logo-50.png","contentUrl":"https:\/\/redamlo.com\/wp-content\/uploads\/2024\/08\/cropped-RED-AMLO-logo-50.png","width":256,"height":256,"caption":"NOTICIAS DE LA 4T"},"image":{"@id":"https:\/\/redamlo.com\/#\/schema\/logo\/image\/"}},{"@type":"Person","@id":"https:\/\/redamlo.com\/#\/schema\/person\/7223a4375eb8f1a782fcae010a7115cf","name":"Blanca","image":{"@type":"ImageObject","inLanguage":"es","@id":"https:\/\/secure.gravatar.com\/avatar\/3f79bc8336367a4e6093eae8757acaaf61d1124834b905616de7829b0273426d?s=96&d=mm&r=g","url":"https:\/\/secure.gravatar.com\/avatar\/3f79bc8336367a4e6093eae8757acaaf61d1124834b905616de7829b0273426d?s=96&d=mm&r=g","contentUrl":"https:\/\/secure.gravatar.com\/avatar\/3f79bc8336367a4e6093eae8757acaaf61d1124834b905616de7829b0273426d?s=96&d=mm&r=g","caption":"Blanca"},"url":"https:\/\/redamlo.com\/index.php\/author\/blanca\/"}]}},"_links":{"self":[{"href":"https:\/\/redamlo.com\/index.php\/wp-json\/wp\/v2\/posts\/3327","targetHints":{"allow":["GET"]}}],"collection":[{"href":"https:\/\/redamlo.com\/index.php\/wp-json\/wp\/v2\/posts"}],"about":[{"href":"https:\/\/redamlo.com\/index.php\/wp-json\/wp\/v2\/types\/post"}],"author":[{"embeddable":true,"href":"https:\/\/redamlo.com\/index.php\/wp-json\/wp\/v2\/users\/2"}],"replies":[{"embeddable":true,"href":"https:\/\/redamlo.com\/index.php\/wp-json\/wp\/v2\/comments?post=3327"}],"version-history":[{"count":0,"href":"https:\/\/redamlo.com\/index.php\/wp-json\/wp\/v2\/posts\/3327\/revisions"}],"wp:featuredmedia":[{"embeddable":true,"href":"https:\/\/redamlo.com\/index.php\/wp-json\/wp\/v2\/media\/3331"}],"wp:attachment":[{"href":"https:\/\/redamlo.com\/index.php\/wp-json\/wp\/v2\/media?parent=3327"}],"wp:term":[{"taxonomy":"category","embeddable":true,"href":"https:\/\/redamlo.com\/index.php\/wp-json\/wp\/v2\/categories?post=3327"},{"taxonomy":"post_tag","embeddable":true,"href":"https:\/\/redamlo.com\/index.php\/wp-json\/wp\/v2\/tags?post=3327"}],"curies":[{"name":"wp","href":"https:\/\/api.w.org\/{rel}","templated":true}]}}