{"id":3320,"date":"2020-12-11T15:50:11","date_gmt":"2020-12-11T21:50:11","guid":{"rendered":"https:\/\/redamlo.com\/?p=3320"},"modified":"2020-12-11T15:50:11","modified_gmt":"2020-12-11T21:50:11","slug":"victor-manuel-castro-cosio-gana-para-contender-por-bcs","status":"publish","type":"post","link":"https:\/\/redamlo.com\/index.php\/2020\/12\/11\/victor-manuel-castro-cosio-gana-para-contender-por-bcs\/","title":{"rendered":"V\u00edctor Manuel Castro Cos\u00edo gana para contender por BCS"},"content":{"rendered":"<p><strong>V\u00edctor Manuel Castro Cos\u00edo<\/strong>, ser\u00e1 el candidato de Morena para la gubernatura del estado, seg\u00fan se dio a conocer este viernes.<\/p>\n<div id=\"bb-iawr-inarticle-antipodes_expansion_politica_dk_mw_outstream_inarticle\" class=\"bb_iawr\">\n<div id=\"bb-wr-inarticle-antipodes_expansion_politica_dk_mw_outstream_inarticle\" class=\"bb-media bb_wrapper bb-muted bb-mode-commercial bb-pendingplay bb-phase-exit bb-state-idle\" data-sid=\"XC7cMGx0NwWx\" data-currenttime=\"0\" data-duration=\"0\" data-isready=\"true\" data-autoplaynextremainingtime=\"0\">\n<div class=\"bb-layer bb-error-layer\">El dirigente de Morena, Mario Delgado, inform\u00f3 ante medios que, a trav\u00e9s de una encuesta, el tambi\u00e9n senador con licencia fue electo para ser el abanderado morenista.<\/div>\n<\/div>\n<\/div>\n<div>\n<p>Al tomar la palabra, Castro Cos\u00edo pidi\u00f3 la unidad del partido para hacer frente al proceso electoral de 2021.<\/p>\n<p><strong>\u201cNos toca fortalecer la unidad\u2026 nada hay m\u00e1s importante que (estar) todos juntos, que unir esfuerzos para hacer la cuarta transformaci\u00f3n una realidad, que enraice bien la cuarta transformaci\u00f3n\u201d, dijo el futuro candidato<\/strong><\/p>\n<\/div>\n","protected":false},"excerpt":{"rendered":"<p>V\u00edctor Manuel Castro Cos\u00edo, ser\u00e1 el candidato de Morena para la gubernatura del estado, seg\u00fan&#8230;<\/p>\n","protected":false},"author":2,"featured_media":3322,"comment_status":"open","ping_status":"closed","sticky":false,"template":"","format":"standard","meta":{"footnotes":""},"categories":[6],"tags":[260,378],"class_list":["post-3320","post","type-post","status-publish","format-standard","has-post-thumbnail","hentry","category-estados","tag-baja-california","tag-victor-manuel-castro-cosio"],"yoast_head":"<!-- This site is optimized with the Yoast SEO plugin v27.5 - https:\/\/yoast.com\/product\/yoast-seo-wordpress\/ -->\n<title>V\u00edctor Manuel Castro Cos\u00edo gana para contender por BCS - NOTICIAS DE LA 4T<\/title>\n<meta name=\"robots\" content=\"noindex, follow, max-snippet:-1, max-image-preview:large, max-video-preview:-1\" \/>\n<meta property=\"og:locale\" content=\"es_MX\" \/>\n<meta property=\"og:type\" content=\"article\" \/>\n<meta property=\"og:title\" content=\"V\u00edctor Manuel Castro Cos\u00edo gana para contender por BCS - NOTICIAS DE LA 4T\" \/>\n<meta property=\"og:description\" content=\"V\u00edctor Manuel Castro Cos\u00edo, ser\u00e1 el candidato de Morena para la gubernatura del estado, seg\u00fan...\" \/>\n<meta property=\"og:url\" content=\"https:\/\/redamlo.com\/index.php\/2020\/12\/11\/victor-manuel-castro-cosio-gana-para-contender-por-bcs\/\" \/>\n<meta property=\"og:site_name\" content=\"NOTICIAS DE LA 4T\" \/>\n<meta property=\"article:published_time\" content=\"2020-12-11T21:50:11+00:00\" \/>\n<meta property=\"og:image\" content=\"https:\/\/redamlo.com\/wp-content\/uploads\/2020\/12\/Victor-Castro.jpg\" \/>\n\t<meta property=\"og:image:width\" content=\"1140\" \/>\n\t<meta property=\"og:image:height\" content=\"712\" \/>\n\t<meta property=\"og:image:type\" content=\"image\/jpeg\" \/>\n<meta name=\"author\" content=\"Blanca\" \/>\n<meta name=\"twitter:card\" content=\"summary_large_image\" \/>\n<meta name=\"twitter:label1\" content=\"Escrito por\" \/>\n\t<meta name=\"twitter:data1\" content=\"Blanca\" \/>\n\t<meta name=\"twitter:label2\" content=\"Tiempo de lectura\" \/>\n\t<meta name=\"twitter:data2\" content=\"1 minuto\" \/>\n<script type=\"application\/ld+json\" class=\"yoast-schema-graph\">{\"@context\":\"https:\\\/\\\/schema.org\",\"@graph\":[{\"@type\":\"Article\",\"@id\":\"https:\\\/\\\/redamlo.com\\\/index.php\\\/2020\\\/12\\\/11\\\/victor-manuel-castro-cosio-gana-para-contender-por-bcs\\\/#article\",\"isPartOf\":{\"@id\":\"https:\\\/\\\/redamlo.com\\\/index.php\\\/2020\\\/12\\\/11\\\/victor-manuel-castro-cosio-gana-para-contender-por-bcs\\\/\"},\"author\":{\"name\":\"Blanca\",\"@id\":\"https:\\\/\\\/redamlo.com\\\/#\\\/schema\\\/person\\\/7223a4375eb8f1a782fcae010a7115cf\"},\"headline\":\"V\u00edctor Manuel Castro Cos\u00edo gana para contender por BCS\",\"datePublished\":\"2020-12-11T21:50:11+00:00\",\"mainEntityOfPage\":{\"@id\":\"https:\\\/\\\/redamlo.com\\\/index.php\\\/2020\\\/12\\\/11\\\/victor-manuel-castro-cosio-gana-para-contender-por-bcs\\\/\"},\"wordCount\":119,\"commentCount\":0,\"publisher\":{\"@id\":\"https:\\\/\\\/redamlo.com\\\/#organization\"},\"image\":{\"@id\":\"https:\\\/\\\/redamlo.com\\\/index.php\\\/2020\\\/12\\\/11\\\/victor-manuel-castro-cosio-gana-para-contender-por-bcs\\\/#primaryimage\"},\"thumbnailUrl\":\"https:\\\/\\\/redamlo.com\\\/wp-content\\\/uploads\\\/2020\\\/12\\\/Victor-Castro.jpg\",\"keywords\":[\"Baja California\",\"V\u00edctor Manuel Castro Cos\u00edo\"],\"articleSection\":[\"Estados\"],\"inLanguage\":\"es\",\"potentialAction\":[{\"@type\":\"CommentAction\",\"name\":\"Comment\",\"target\":[\"https:\\\/\\\/redamlo.com\\\/index.php\\\/2020\\\/12\\\/11\\\/victor-manuel-castro-cosio-gana-para-contender-por-bcs\\\/#respond\"]}]},{\"@type\":\"WebPage\",\"@id\":\"https:\\\/\\\/redamlo.com\\\/index.php\\\/2020\\\/12\\\/11\\\/victor-manuel-castro-cosio-gana-para-contender-por-bcs\\\/\",\"url\":\"https:\\\/\\\/redamlo.com\\\/index.php\\\/2020\\\/12\\\/11\\\/victor-manuel-castro-cosio-gana-para-contender-por-bcs\\\/\",\"name\":\"V\u00edctor Manuel Castro Cos\u00edo gana para contender por BCS - NOTICIAS DE LA 4T\",\"isPartOf\":{\"@id\":\"https:\\\/\\\/redamlo.com\\\/#website\"},\"primaryImageOfPage\":{\"@id\":\"https:\\\/\\\/redamlo.com\\\/index.php\\\/2020\\\/12\\\/11\\\/victor-manuel-castro-cosio-gana-para-contender-por-bcs\\\/#primaryimage\"},\"image\":{\"@id\":\"https:\\\/\\\/redamlo.com\\\/index.php\\\/2020\\\/12\\\/11\\\/victor-manuel-castro-cosio-gana-para-contender-por-bcs\\\/#primaryimage\"},\"thumbnailUrl\":\"https:\\\/\\\/redamlo.com\\\/wp-content\\\/uploads\\\/2020\\\/12\\\/Victor-Castro.jpg\",\"datePublished\":\"2020-12-11T21:50:11+00:00\",\"breadcrumb\":{\"@id\":\"https:\\\/\\\/redamlo.com\\\/index.php\\\/2020\\\/12\\\/11\\\/victor-manuel-castro-cosio-gana-para-contender-por-bcs\\\/#breadcrumb\"},\"inLanguage\":\"es\",\"potentialAction\":[{\"@type\":\"ReadAction\",\"target\":[\"https:\\\/\\\/redamlo.com\\\/index.php\\\/2020\\\/12\\\/11\\\/victor-manuel-castro-cosio-gana-para-contender-por-bcs\\\/\"]}]},{\"@type\":\"ImageObject\",\"inLanguage\":\"es\",\"@id\":\"https:\\\/\\\/redamlo.com\\\/index.php\\\/2020\\\/12\\\/11\\\/victor-manuel-castro-cosio-gana-para-contender-por-bcs\\\/#primaryimage\",\"url\":\"https:\\\/\\\/redamlo.com\\\/wp-content\\\/uploads\\\/2020\\\/12\\\/Victor-Castro.jpg\",\"contentUrl\":\"https:\\\/\\\/redamlo.com\\\/wp-content\\\/uploads\\\/2020\\\/12\\\/Victor-Castro.jpg\",\"width\":1140,\"height\":712},{\"@type\":\"BreadcrumbList\",\"@id\":\"https:\\\/\\\/redamlo.com\\\/index.php\\\/2020\\\/12\\\/11\\\/victor-manuel-castro-cosio-gana-para-contender-por-bcs\\\/#breadcrumb\",\"itemListElement\":[{\"@type\":\"ListItem\",\"position\":1,\"name\":\"Inicio\",\"item\":\"https:\\\/\\\/redamlo.com\\\/\"},{\"@type\":\"ListItem\",\"position\":2,\"name\":\"V\u00edctor Manuel Castro Cos\u00edo gana para contender por BCS\"}]},{\"@type\":\"WebSite\",\"@id\":\"https:\\\/\\\/redamlo.com\\\/#website\",\"url\":\"https:\\\/\\\/redamlo.com\\\/\",\"name\":\"NOTICIAS DE LA 4T\",\"description\":\"\",\"publisher\":{\"@id\":\"https:\\\/\\\/redamlo.com\\\/#organization\"},\"potentialAction\":[{\"@type\":\"SearchAction\",\"target\":{\"@type\":\"EntryPoint\",\"urlTemplate\":\"https:\\\/\\\/redamlo.com\\\/?s={search_term_string}\"},\"query-input\":{\"@type\":\"PropertyValueSpecification\",\"valueRequired\":true,\"valueName\":\"search_term_string\"}}],\"inLanguage\":\"es\"},{\"@type\":\"Organization\",\"@id\":\"https:\\\/\\\/redamlo.com\\\/#organization\",\"name\":\"NOTICIAS DE LA 4T\",\"url\":\"https:\\\/\\\/redamlo.com\\\/\",\"logo\":{\"@type\":\"ImageObject\",\"inLanguage\":\"es\",\"@id\":\"https:\\\/\\\/redamlo.com\\\/#\\\/schema\\\/logo\\\/image\\\/\",\"url\":\"https:\\\/\\\/redamlo.com\\\/wp-content\\\/uploads\\\/2024\\\/08\\\/cropped-RED-AMLO-logo-50.png\",\"contentUrl\":\"https:\\\/\\\/redamlo.com\\\/wp-content\\\/uploads\\\/2024\\\/08\\\/cropped-RED-AMLO-logo-50.png\",\"width\":256,\"height\":256,\"caption\":\"NOTICIAS DE LA 4T\"},\"image\":{\"@id\":\"https:\\\/\\\/redamlo.com\\\/#\\\/schema\\\/logo\\\/image\\\/\"}},{\"@type\":\"Person\",\"@id\":\"https:\\\/\\\/redamlo.com\\\/#\\\/schema\\\/person\\\/7223a4375eb8f1a782fcae010a7115cf\",\"name\":\"Blanca\",\"image\":{\"@type\":\"ImageObject\",\"inLanguage\":\"es\",\"@id\":\"https:\\\/\\\/secure.gravatar.com\\\/avatar\\\/3f79bc8336367a4e6093eae8757acaaf61d1124834b905616de7829b0273426d?s=96&d=mm&r=g\",\"url\":\"https:\\\/\\\/secure.gravatar.com\\\/avatar\\\/3f79bc8336367a4e6093eae8757acaaf61d1124834b905616de7829b0273426d?s=96&d=mm&r=g\",\"contentUrl\":\"https:\\\/\\\/secure.gravatar.com\\\/avatar\\\/3f79bc8336367a4e6093eae8757acaaf61d1124834b905616de7829b0273426d?s=96&d=mm&r=g\",\"caption\":\"Blanca\"},\"url\":\"https:\\\/\\\/redamlo.com\\\/index.php\\\/author\\\/blanca\\\/\"}]}<\/script>\n<!-- \/ Yoast SEO plugin. -->","yoast_head_json":{"title":"V\u00edctor Manuel Castro Cos\u00edo gana para contender por BCS - NOTICIAS DE LA 4T","robots":{"index":"noindex","follow":"follow","max-snippet":"max-snippet:-1","max-image-preview":"max-image-preview:large","max-video-preview":"max-video-preview:-1"},"og_locale":"es_MX","og_type":"article","og_title":"V\u00edctor Manuel Castro Cos\u00edo gana para contender por BCS - NOTICIAS DE LA 4T","og_description":"V\u00edctor Manuel Castro Cos\u00edo, ser\u00e1 el candidato de Morena para la gubernatura del estado, seg\u00fan...","og_url":"https:\/\/redamlo.com\/index.php\/2020\/12\/11\/victor-manuel-castro-cosio-gana-para-contender-por-bcs\/","og_site_name":"NOTICIAS DE LA 4T","article_published_time":"2020-12-11T21:50:11+00:00","og_image":[{"width":1140,"height":712,"url":"https:\/\/redamlo.com\/wp-content\/uploads\/2020\/12\/Victor-Castro.jpg","type":"image\/jpeg"}],"author":"Blanca","twitter_card":"summary_large_image","twitter_misc":{"Escrito por":"Blanca","Tiempo de lectura":"1 minuto"},"schema":{"@context":"https:\/\/schema.org","@graph":[{"@type":"Article","@id":"https:\/\/redamlo.com\/index.php\/2020\/12\/11\/victor-manuel-castro-cosio-gana-para-contender-por-bcs\/#article","isPartOf":{"@id":"https:\/\/redamlo.com\/index.php\/2020\/12\/11\/victor-manuel-castro-cosio-gana-para-contender-por-bcs\/"},"author":{"name":"Blanca","@id":"https:\/\/redamlo.com\/#\/schema\/person\/7223a4375eb8f1a782fcae010a7115cf"},"headline":"V\u00edctor Manuel Castro Cos\u00edo gana para contender por BCS","datePublished":"2020-12-11T21:50:11+00:00","mainEntityOfPage":{"@id":"https:\/\/redamlo.com\/index.php\/2020\/12\/11\/victor-manuel-castro-cosio-gana-para-contender-por-bcs\/"},"wordCount":119,"commentCount":0,"publisher":{"@id":"https:\/\/redamlo.com\/#organization"},"image":{"@id":"https:\/\/redamlo.com\/index.php\/2020\/12\/11\/victor-manuel-castro-cosio-gana-para-contender-por-bcs\/#primaryimage"},"thumbnailUrl":"https:\/\/redamlo.com\/wp-content\/uploads\/2020\/12\/Victor-Castro.jpg","keywords":["Baja California","V\u00edctor Manuel Castro Cos\u00edo"],"articleSection":["Estados"],"inLanguage":"es","potentialAction":[{"@type":"CommentAction","name":"Comment","target":["https:\/\/redamlo.com\/index.php\/2020\/12\/11\/victor-manuel-castro-cosio-gana-para-contender-por-bcs\/#respond"]}]},{"@type":"WebPage","@id":"https:\/\/redamlo.com\/index.php\/2020\/12\/11\/victor-manuel-castro-cosio-gana-para-contender-por-bcs\/","url":"https:\/\/redamlo.com\/index.php\/2020\/12\/11\/victor-manuel-castro-cosio-gana-para-contender-por-bcs\/","name":"V\u00edctor Manuel Castro Cos\u00edo gana para contender por BCS - NOTICIAS DE LA 4T","isPartOf":{"@id":"https:\/\/redamlo.com\/#website"},"primaryImageOfPage":{"@id":"https:\/\/redamlo.com\/index.php\/2020\/12\/11\/victor-manuel-castro-cosio-gana-para-contender-por-bcs\/#primaryimage"},"image":{"@id":"https:\/\/redamlo.com\/index.php\/2020\/12\/11\/victor-manuel-castro-cosio-gana-para-contender-por-bcs\/#primaryimage"},"thumbnailUrl":"https:\/\/redamlo.com\/wp-content\/uploads\/2020\/12\/Victor-Castro.jpg","datePublished":"2020-12-11T21:50:11+00:00","breadcrumb":{"@id":"https:\/\/redamlo.com\/index.php\/2020\/12\/11\/victor-manuel-castro-cosio-gana-para-contender-por-bcs\/#breadcrumb"},"inLanguage":"es","potentialAction":[{"@type":"ReadAction","target":["https:\/\/redamlo.com\/index.php\/2020\/12\/11\/victor-manuel-castro-cosio-gana-para-contender-por-bcs\/"]}]},{"@type":"ImageObject","inLanguage":"es","@id":"https:\/\/redamlo.com\/index.php\/2020\/12\/11\/victor-manuel-castro-cosio-gana-para-contender-por-bcs\/#primaryimage","url":"https:\/\/redamlo.com\/wp-content\/uploads\/2020\/12\/Victor-Castro.jpg","contentUrl":"https:\/\/redamlo.com\/wp-content\/uploads\/2020\/12\/Victor-Castro.jpg","width":1140,"height":712},{"@type":"BreadcrumbList","@id":"https:\/\/redamlo.com\/index.php\/2020\/12\/11\/victor-manuel-castro-cosio-gana-para-contender-por-bcs\/#breadcrumb","itemListElement":[{"@type":"ListItem","position":1,"name":"Inicio","item":"https:\/\/redamlo.com\/"},{"@type":"ListItem","position":2,"name":"V\u00edctor Manuel Castro Cos\u00edo gana para contender por BCS"}]},{"@type":"WebSite","@id":"https:\/\/redamlo.com\/#website","url":"https:\/\/redamlo.com\/","name":"NOTICIAS DE LA 4T","description":"","publisher":{"@id":"https:\/\/redamlo.com\/#organization"},"potentialAction":[{"@type":"SearchAction","target":{"@type":"EntryPoint","urlTemplate":"https:\/\/redamlo.com\/?s={search_term_string}"},"query-input":{"@type":"PropertyValueSpecification","valueRequired":true,"valueName":"search_term_string"}}],"inLanguage":"es"},{"@type":"Organization","@id":"https:\/\/redamlo.com\/#organization","name":"NOTICIAS DE LA 4T","url":"https:\/\/redamlo.com\/","logo":{"@type":"ImageObject","inLanguage":"es","@id":"https:\/\/redamlo.com\/#\/schema\/logo\/image\/","url":"https:\/\/redamlo.com\/wp-content\/uploads\/2024\/08\/cropped-RED-AMLO-logo-50.png","contentUrl":"https:\/\/redamlo.com\/wp-content\/uploads\/2024\/08\/cropped-RED-AMLO-logo-50.png","width":256,"height":256,"caption":"NOTICIAS DE LA 4T"},"image":{"@id":"https:\/\/redamlo.com\/#\/schema\/logo\/image\/"}},{"@type":"Person","@id":"https:\/\/redamlo.com\/#\/schema\/person\/7223a4375eb8f1a782fcae010a7115cf","name":"Blanca","image":{"@type":"ImageObject","inLanguage":"es","@id":"https:\/\/secure.gravatar.com\/avatar\/3f79bc8336367a4e6093eae8757acaaf61d1124834b905616de7829b0273426d?s=96&d=mm&r=g","url":"https:\/\/secure.gravatar.com\/avatar\/3f79bc8336367a4e6093eae8757acaaf61d1124834b905616de7829b0273426d?s=96&d=mm&r=g","contentUrl":"https:\/\/secure.gravatar.com\/avatar\/3f79bc8336367a4e6093eae8757acaaf61d1124834b905616de7829b0273426d?s=96&d=mm&r=g","caption":"Blanca"},"url":"https:\/\/redamlo.com\/index.php\/author\/blanca\/"}]}},"_links":{"self":[{"href":"https:\/\/redamlo.com\/index.php\/wp-json\/wp\/v2\/posts\/3320","targetHints":{"allow":["GET"]}}],"collection":[{"href":"https:\/\/redamlo.com\/index.php\/wp-json\/wp\/v2\/posts"}],"about":[{"href":"https:\/\/redamlo.com\/index.php\/wp-json\/wp\/v2\/types\/post"}],"author":[{"embeddable":true,"href":"https:\/\/redamlo.com\/index.php\/wp-json\/wp\/v2\/users\/2"}],"replies":[{"embeddable":true,"href":"https:\/\/redamlo.com\/index.php\/wp-json\/wp\/v2\/comments?post=3320"}],"version-history":[{"count":0,"href":"https:\/\/redamlo.com\/index.php\/wp-json\/wp\/v2\/posts\/3320\/revisions"}],"wp:featuredmedia":[{"embeddable":true,"href":"https:\/\/redamlo.com\/index.php\/wp-json\/wp\/v2\/media\/3322"}],"wp:attachment":[{"href":"https:\/\/redamlo.com\/index.php\/wp-json\/wp\/v2\/media?parent=3320"}],"wp:term":[{"taxonomy":"category","embeddable":true,"href":"https:\/\/redamlo.com\/index.php\/wp-json\/wp\/v2\/categories?post=3320"},{"taxonomy":"post_tag","embeddable":true,"href":"https:\/\/redamlo.com\/index.php\/wp-json\/wp\/v2\/tags?post=3320"}],"curies":[{"name":"wp","href":"https:\/\/api.w.org\/{rel}","templated":true}]}}