{"id":3312,"date":"2020-12-10T22:46:54","date_gmt":"2020-12-11T04:46:54","guid":{"rendered":"https:\/\/redamlo.com\/?p=3312"},"modified":"2020-12-10T22:46:54","modified_gmt":"2020-12-11T04:46:54","slug":"sea-edomex-consideran-que-se-estan-sentando-las-bases-de-la-lucha-contra-el-abuso-de-poder","status":"publish","type":"post","link":"https:\/\/redamlo.com\/index.php\/2020\/12\/10\/sea-edomex-consideran-que-se-estan-sentando-las-bases-de-la-lucha-contra-el-abuso-de-poder\/","title":{"rendered":"SEA Edomex consideran que se est\u00e1n sentando las bases de la lucha contra el abuso de poder"},"content":{"rendered":"<p><strong><em>Aunque las judicializaciones y las sentencias son reducidas en comparaci\u00f3n con las miles de denuncias, integrantes del SEA Edomex consideran que se est\u00e1n sentando las bases de la lucha contra el abuso de poder. Por lo pronto destacan las sanciones contra polic\u00edas corruptos.<\/em><\/strong><\/p>\n<p><em><strong>Por Alejandro Melgoza Rocha \/ Ethos Especiales<\/strong><\/em><\/p>\n<p><strong>Toluca, Estado de M\u00e9xico.\u2013<\/strong>\u00a0El agente mexiquense\u00a0<strong><em>David Ram\u00edrez<\/em>\u00a0<\/strong>no siente remordimiento alguno cuando le achaca un delito a una persona inocente y, menos a\u00fan, si se trata de un funcionario que presuntamente comete un acto criminal o un supuesto delincuente, pues dice que no tienen derechos. Por ejemplo, explica que, si detecta a alg\u00fan sicario \u201ccalentando un punto\u201d, es decir, cometiendo ejecuciones en un \u00e1rea por el control de la venta de droga, primero hace un trabajo de reconocimiento en terreno e infiltraci\u00f3n y luego ya planea la detenci\u00f3n.<\/p>\n<p>Desde una oficina localizada en<strong>\u00a0Ecatepec, Estado de M\u00e9xico<\/strong>, el polic\u00eda solicita el anonimato para poder contar su caso. \u00c9l relata que cuando no hallan evidencias para inculparlos, entonces les \u201ccuadran\u201d una carpeta de investigaci\u00f3n para lograr \u201ccuota\u201d en la estad\u00edstica de casos resueltos. Es decir, buscan alg\u00fan asunto no resuelto que pueda embonar en el perfil de esa persona, desde los aspectos f\u00edsicos, el \u00e1rea de operaci\u00f3n o alg\u00fan otro detalle. Tambi\u00e9n dice que recurre a la tortura, aunque aclara que ya no es tan frecuente desde que se implement\u00f3 el Nuevo Sistema Penal Acusatorio.<\/p>\n<p>Cuando los detienen, a veces los presuntos criminales logran pagar un soborno para librarse, aunque dice que s\u00f3lo con 25 mil pesos hacia arriba se hace el trato, dependiendo del delito o si se trata de una orden de sus superiores. Si se trata de lo segundo, no importa la cantidad; deben \u201ccuadrar\u201d el delito por instrucciones, seguido de manipular el testimonio del familiar de la v\u00edctima o conseguir testigos y darles dinero a cambio de que memoricen detalles para el juicio oral.<\/p>\n<p>Por pr\u00e1cticas como la relatada donde se descubren sobornos, falsos testimonios, tortura y otros tantos hechos que pueden constituir un delito de corrupci\u00f3n, el Edomex se gan\u00f3 una fama inusual a nivel nacional por abusos policiacos. Tan solo en 2018 la Fiscal\u00eda\u00a0<em><strong>Especializada Contra la Corrupci\u00f3n (FECC)<\/strong><\/em><a href=\"https:\/\/vocesdelperiodista.mx\/destacados\/denuncian-en-edomex-a-5-mil-514-policias-ante-fiscalia-anticorrupcion\/\">\u00a0integr\u00f3 5 mil 275 carpetas de investigaci\u00f3n, de las cuales tres mil 670<\/a>\u00a0fueron contra polic\u00edas. De estas miles de denuncias se lograron 11 sentencias condenatorias contra 15 polic\u00edas por violaciones, homicidios y extorsiones, as\u00ed como otros asuntos en los que se denuncia a servidores mexiquenses.<\/p>\n<p>La\u00a0<strong>Fiscal\u00eda Anticorrupci\u00f3n<\/strong>\u00a0se encarga de obtener evidencias para sostener sus imputaciones y, de ser necesario, se apoya en el\u00a0<strong>\u00d3rgano Superior de Fiscalizaci\u00f3n (OSFEM)<\/strong>\u00a0y el Poder Judicial. Las tres integran el Sistema Estatal Anticorrupci\u00f3n (SEA) desde el 31 de marzo del 2017 y tambi\u00e9n se apoyan del\u00a0<strong>Comit\u00e9 de Participaci\u00f3n Ciudadana (CPC)<\/strong>, la\u00a0<strong>Secretar\u00eda de la Contralor\u00eda estatal (SECOGEM)<\/strong>\u00a0y el Tribunal de Justicia Administrativa (TJAEM). Uno de los objetivos del Sistema es trabajar en conjunto para castigar a los funcionarios que se han corrompido, aunque esta triada es la m\u00e1s indispensable.<\/p>\n<p>Las fuentes consultadas por\u00a0<strong><em>Ethos Laboratorio de Pol\u00edticas P\u00fablicas<\/em><\/strong>\u00a0explican que el tiempo transcurrido se ocup\u00f3 para la coordinaci\u00f3n entre las instituciones competentes en materia fiscal; establecer una pol\u00edtica criminal en delitos de corrupci\u00f3n; fortalecer las capacidades de investigaci\u00f3n, sustanciaci\u00f3n y resoluci\u00f3n; y construir andamiaje jur\u00eddico, el cual es necesario para juzgar a funcionarios. Sin embargo, desde la Fiscal\u00eda Anticorrupci\u00f3n consideran que los casos m\u00e1s victoriosos son los integrados contra polic\u00edas.<\/p>\n<p>El mayor logro del SEA hasta el momento \u2013coinciden los entrevistados\u2013 fue la aprobaci\u00f3n de la pol\u00edtica anticorrupci\u00f3n el pasado 21 de julio, cuya prioridad son los delitos de desv\u00edo de recursos p\u00fablicos, delitos electorales vinculados a hechos de corrupci\u00f3n, lavado de dinero y conflicto de inter\u00e9s. \u201cSe definieron las 60 prioridades en la materia. El Edomex fue el tercer estado de la Rep\u00fablica en emitirla\u201d, matiza el fiscal anticorrupci\u00f3n, Jos\u00e9 de la Luz Vi\u00f1as.<\/p>\n<p>Para\u00a0<strong>Mirosvala Carrillo<\/strong>, auditora superior del OSFEM, \u201ces poco el tiempo en el que posiblemente pueda ver resultados un ciudadano, porque el andamiaje institucional no es por separado (\u2026) Desde el punto de vista jur\u00eddico todav\u00eda est\u00e1 en pa\u00f1ales\u201d.<\/p>\n<p>A su vez agregan que el factor de la pandemia le quit\u00f3 ritmo al SEA. \u201cEn esta \u00e9poca de pandemia hemos tenido que ser imaginativos para continuar atendiendo la demanda ciudadana a trav\u00e9s de recursos tecnol\u00f3gicos como la aplicaci\u00f3n para recibir denuncias y la celebraci\u00f3n de audiencias en l\u00ednea, gracias a la iniciativa del Poder Judicial\u201d, a\u00f1ade el fiscal anticorrupci\u00f3n.<\/p>\n<p>Contrario a lo se\u00f1alado por algunos miembros del SEA Edomex, la extitular del CPC, Palmira Tapia, y la representante de la Comisi\u00f3n Anticorrupci\u00f3n del Congreso, la diputada del PAN, Brenda Escamilla, coinciden en que si bien hace falta construir andamiaje jur\u00eddico, los avances no son alentadores en la coordinaci\u00f3n, en la capacitaci\u00f3n y en el aseguramiento de activos.<\/p>\n<p>&nbsp;<\/p>\n<p><strong>Polic\u00edas, en la mira<\/strong><\/p>\n<p>Para poder echar a andar el SEA Edomex se han asignado 15 mil millones de pesos durante el periodo 2018-2020:4 mil 811 en 2018; 5 mil 583 en 2019 y 5 mil 190 en este a\u00f1o. Pero, el grueso de los recursos se va hacia la Fiscal\u00eda General de Justicia del Estado de M\u00e9xico (FGJEM) debido a sus facultades investigadoras y sustanciadoras.<\/p>\n<p><strong>La FECC del Estado de M\u00e9xico<\/strong>\u00a0registr\u00f3 4 mil 287 denuncias durante 2019, de las cuales 444 se judicializaron \u201cpor la probable comisi\u00f3n de conductas que la ley se\u00f1ala como delito en materia de corrupci\u00f3n, cometidas por alg\u00fan servidor p\u00fablico en el ejercicio de su empleo, cargo o comisi\u00f3n\u201d, se\u00f1ala el Cuarto Informe de Gesti\u00f3n de la FGJEM.<\/p>\n<p>De dichas judicializaciones se lograron 126 vinculaciones a proceso, aunque solo 23 casos tuvieron pruebas s\u00f3lidas para que el juez dictara sentencias condenatorias (35 personas sentenciadas). Los casos m\u00e1s exitosos para la Fiscal\u00eda Anticorrupci\u00f3n, seg\u00fan su propio informe, fueron 11 por abuso de autoridad y uno por cohecho; tambi\u00e9n se suman dos por secuestro, dos por homicidio y uno por violaci\u00f3n.<\/p>\n<p>Es decir, la FECC recibe delitos cometidos por servidores p\u00fablicos sin importar que sean del fuero com\u00fan, como robos y homicidios; incluso, el fiscal anticorrupci\u00f3n se\u00f1ala que los casos m\u00e1s exitosos son los de polic\u00edas que \u201cincurrieron en alguna pr\u00e1ctica ajena a las obligaciones que tienen conferidas\u201d. Es decir, la Fiscal\u00eda Anticorrupci\u00f3n no tiene \u00e9xitos en casos relativos a la corrupci\u00f3n.<\/p>\n<p>\u201cEntonces, casos de alto impacto, considero que tienen un doble mensaje, que se puede denunciar con resultados y que atacamos la impunidad. El a\u00f1o pasado conseguimos tres sentencias por secuestro expr\u00e9s cuya pena oscil\u00f3 entre cincuenta y sesenta a\u00f1os de prisi\u00f3n\u201d, a\u00f1ade Vi\u00f1as sobre los agentes.<\/p>\n<p>Cuestionado sobre el n\u00famero bajo de sentencias en contraste con las denuncias, Vi\u00f1as argumenta tres razones; la primera se debe a que el sistema penal mexiquense \u201ccontempla que algunos delitos pueden culminar mediante la celebraci\u00f3n de mecanismos alternos de soluci\u00f3n de conflictos, por lo que el procedimiento no llega a una sentencia condenatoria\u201d. Eso significa que llegan a sanciones econ\u00f3micas e inhabilitaciones.<\/p>\n<p>\u201cAquellos que se sienten agraviados por ciertas conductas pretenden que se sancione dr\u00e1sticamente a quienes las cometieron, pero en diversas ocasiones la acci\u00f3n no est\u00e1 contemplada como delito. Las v\u00edas para atender estas conductas abusivas o indebidas no son necesariamente a trav\u00e9s de la integraci\u00f3n de una carpeta de investigaci\u00f3n, sino que son conductas que se encuentran sancionadas en el \u00e1mbito administrativo, civil o incluso laboral\u201d, refiere.<\/p>\n<p>Vi\u00f1as menciona que otro componente para los retrasos es la integraci\u00f3n de una carpeta de investigaci\u00f3n de acuerdo con su complejidad, pese a que no aclara el lapso que tarda. \u201cHay que tomar en cuenta el tiempo que tardan los medios de impugnaci\u00f3n\u201d. Por ejemplo, un imputado solicitando un amparo.<\/p>\n<p>\u2013\u00bfConsidera que los recursos econ\u00f3micos y el n\u00famero de personal de la Fiscal\u00eda Anticorrupci\u00f3n son suficientes? \u2013se le pregunta al fiscal.<\/p>\n<p>\u2013En t\u00e9rminos generales se puede afirmar que no se cuenta con los recursos materiales y humanos ideales para el combate a la corrupci\u00f3n. Para un estado tan grande y complejo solo tenemos seis sedes:<strong>\u00a0Toluca, Naucalpan, Ecatepec, Nezahualc\u00f3yotl, Texcoco<\/strong>\u00a0y\u00a0<strong>Amecameca,<\/strong>\u00a0por tanto, el personal se tiene que distribuir en cada una de ellas. Sin embargo, hemos tenido que potenciar su presencia en donde quiera que se les requiera.<\/p>\n<p>En estos cuatro puntos, concuerda Israel Alvarado, doctor en ciencias penales y pol\u00edtica criminal del<strong>\u00a0Instituto Nacional de Ciencias Penales (Inacipe)<\/strong>. Alvarado a\u00f1ade otros de car\u00e1cter t\u00e9cnico: la acumulaci\u00f3n, cuando varias personas presentan denuncias sobre un mismo hecho y sujeto; acusaciones en las instancias inadecuadas; y de igual manera eventos de corrupci\u00f3n cuyos delitos hayan prescrito.<\/p>\n<p>Alvarado aclara que estos son problemas de los que adolece cualquier Fiscal\u00eda Anticorrupci\u00f3n, por lo que matiza fallas de origen; una de ellas tiene que ver con el cambio de nombre, pero no del personal. \u201cSon los mismos que estaban atendiendo los delitos en la Fiscal\u00eda de Delitos Contra Servidores P\u00fablicos (\u2026) tienen procesos de selecci\u00f3n poco efectivos, poco grado de autonom\u00eda, tienen exactamente los mismos problemas de corrupci\u00f3n\u201d.<\/p>\n<p>Seg\u00fan el penalista, aunque la FECC se allegue a una denuncia bien hecha, no logran nada en el juicio por la falta de capacitaci\u00f3n. Tampoco para apoyarse con evidencia que podr\u00edan brindarles los dem\u00e1s integrantes del SEA Edomex. \u201cAh\u00ed se ve la descoordinaci\u00f3n\u201d; afirma.<\/p>\n<p>Alvarado dice que no solo es una particularidad del Edomex, sino del resto de los estados, donde sin importar que el fiscal litigue el caso, \u201cse le cae el juicio\u201d. \u201cAdem\u00e1s traen buenas defensas a los servidores p\u00fablicos. Luego (los fiscales) tienen problemas de capacitaci\u00f3n, salarios y pierden los asuntos\u201d, comenta.<\/p>\n<p>\u201cResulta que son cuestiones relativamente complejas o t\u00e9cnicas que tienen que argumentar en el juicio y no tienen la capacidad. En la mayor\u00eda de los casos que se denuncia de importancia, son cuestiones donde est\u00e1 involucrado dinero, desv\u00edo de recursos, peculado, que necesitan tener experiencia en materia fiscal-contable\u201d.<\/p>\n<p>Sumado a lo anterior, el fiscal anticorrupci\u00f3n mexiquense asume que los obst\u00e1culos para que la FECC funcione son la falta de capacitaci\u00f3n y de recursos econ\u00f3micos; la desconfianza de la ciudadan\u00eda, ya que la mayor parte de las veces los denunciantes no quieren participar en las audiencias; y, por \u00faltimo, que la Fiscal\u00eda Anticorrupci\u00f3n no inici\u00f3 actividades con \u201cbase cero\u201d, en contraste con otros sistemas estatales.<\/p>\n<p>Es decir, arrastr\u00f3 las carpetas de investigaci\u00f3n y averiguaciones previas de la antigua oficina de combate a delitos de funcionarios. \u201cPor tanto, la reorganizaci\u00f3n y reordenaci\u00f3n de las actividades fueron de las primeras dificultades que tuvieron que atenderse\u201d, concluye el alto funcionario.<\/p>\n<p>A su vez, la titular de la\u00a0<strong>Comisi\u00f3n Anticorrupci\u00f3n en el Congreso<\/strong>,\u00a0<em><strong>Brenda Escamilla<\/strong><\/em>, as\u00ed como la ex titular del CPC, Palmira Tapia, consideraron que, en consonancia con las sentencias, lo m\u00e1s importante es recuperar el dinero desfalcado.\u201cInsisto, tienen que regresar lo que ya se llevaron. La soluci\u00f3n no solo est\u00e1 en detenerlos, sino en que regresen los recursos\u201d, agrega Escamilla, diputada del\u00a0<strong>Partido Acci\u00f3n Nacional (PAN) en el Edomex.<\/strong>\u00a0Tapia la secunda: \u201cEs un fen\u00f3meno muy complejo, sobre todo en la recuperaci\u00f3n de activos (\u2026) Hasta la fecha no se ha traducido\u201d.<\/p>\n<p>&nbsp;<\/p>\n<p><strong>Criterios \u201cen pa\u00f1ales\u201d<\/strong><\/p>\n<p>El OSFEM proporcion\u00f3 a\u00a0<strong><em>Ethos<\/em><\/strong>\u00a0la informaci\u00f3n de los expedientes iniciados y los gastos espec\u00edficos para estos procedimientos, tanto del viejo como del nuevo sistema penal. En el pasado fueron 770 expedientes traducidos en 2,600 millones de pesos, mientras que con el nuevo sistema, van 130 expedientes, los cuales implicaron 300.2 mdp. Lo anterior con corte al 21 de julio.<\/p>\n<p>De acuerdo con la auditora superior, los expedientes resarcitorios de las cuentas p\u00fablicas de los a\u00f1os 2016, 2017 y 2018 han sido favorables en 90% en los juicios de amparos promovidos por servidores p\u00fablicos involucrados. \u201cEse 90% lo hemos ganado y ha sido uno de los casos m\u00e1s exitosos\u201d, a\u00f1ade.\u00a0 \u201cLas auditor\u00edas est\u00e1n sustentadas y por eso el \u00e9xito es del 90%\u201d, dice Rogelio Padr\u00f3n, encargado del despacho jur\u00eddico del OSFEM.<\/p>\n<p>Sin embargo, tanto la auditora superior como el encargado jur\u00eddico del despacho del OSFEM coinciden en que los obst\u00e1culos o \u00e1reas de oportunidad se reflejan en el andamiaje jur\u00eddico, pues esto llevar\u00e1 tiempo construirlo, como sucedi\u00f3 con el Nuevo Sistema Penal Acusatorio. \u201cTodav\u00eda se est\u00e1n formando los criterios jurisprudenciales\u201d, aclara Padr\u00f3n.<\/p>\n<p>Uno de los obst\u00e1culos jur\u00eddicos que les ha \u201ccomplicado la implementaci\u00f3n de los procedimientos\u201d \u2013a\u00f1ade el funcionario\u2013 es la resoluci\u00f3n emitida por la Suprema Corte de Justicia de la Naci\u00f3n el pasado 8 de julio, sobre el papel de la Secretar\u00eda de la Funci\u00f3n P\u00fablica.<\/p>\n<p>\u201cLa sentencia confirma que la Funci\u00f3n P\u00fablica es la autoridad competente para sancionar faltas graves que hayan cometido servidores p\u00fablicos antes del 19 de julio de 2017; no obstante, deben aplicarse las reglas procedimentales de la Ley General de Responsabilidades Administrativas\u201d, apunta el comunicado.<\/p>\n<p>Por otra parte, la auditora superior agrega que no hubo \u201cuna curva de aprendizaje\u201d para el OSFEM. \u201cEstamos ante la implementaci\u00f3n de nuevos ordenamientos, t\u00fa recordar\u00e1s que para el Nuevo Sistema de Justicia Penal, pasaron 8 a\u00f1os para que se implementara en la Rep\u00fablica (\u2026). Con esta Ley General de Responsabilidades,\u00a0<em>ni agua va<\/em>\u00a0nos dijeron a las entidades, nadie nos instruy\u00f3, nadie nos capacit\u00f3 para saber c\u00f3mo tendr\u00edamos que hacer\u201d.<\/p>\n<p>Como participantes en el Sistema Estatal de Fiscalizaci\u00f3n, el OSFEM se coordina con las contralor\u00edas del poder ejecutivo y legislativo, as\u00ed como con los titulares de los \u00d3rganos Internos de Control (OIC) de los 125 municipios. La auditora se\u00f1ala que las primeras reuniones sucedieron en diciembre de 2019; sin embargo, la que se proyectaba para abril de este a\u00f1o no ocurri\u00f3 por la pandemia.<\/p>\n<p>Seg\u00fan la auditora, urge coordinarse con los titulares de los OIC, pues son el primer eslab\u00f3n en revisar que los procedimientos se ejecuten. \u201cVuelvo a leer la ley del sistema y me pregunto: \u00bfpor qu\u00e9 est\u00e1n fuera los OIC de los organismos aut\u00f3nomos? Por ejemplo, eso va a ser muy importante que nos pongamos de acuerdo para revisar la conveniencia de que propongamos en nuestra pr\u00f3xima reuni\u00f3n del sistema una posible modificaci\u00f3n a la ley\u201d, refiere.<\/p>\n<p>Tan solo en 2019, la SECOGEM realiz\u00f3 293 informes ante el OIC, de los cuales 277 corresponden a faltas administrativas y 16 a actos de corrupci\u00f3n. De estos, al TJAEM llegaron 18 casos pendientes por resolver y seis fueron sancionados por cohecho, actuaci\u00f3n bajo conflicto de intereses y abuso de funciones. Se trat\u00f3 de seis agentes del MP de los cuales uno fue destituido y el resto, inhabilitado. \u201cA\u00fan estamos al ensayo y error, porque incluso el Tribunal est\u00e1 tambi\u00e9n revisando la sustanciaci\u00f3n\u201d, abona.<\/p>\n<p>Respecto a ello, la expresidenta del CPC mexiquense, Palmira Tapia, se\u00f1ala: \u201cEl Tribunal de Justicia Administrativa tiene sus jueces anticorrupci\u00f3n, pero, aun as\u00ed, vemos que los n\u00fameros no hablan de que funciona como un sistema\u201d.<\/p>\n<p>Recientemente el Edomex public\u00f3 la Pol\u00edtica Estatal Anticorrupci\u00f3n que circunscribe cinco ejes entre los integrantes del SEA. \u201cSomos l\u00edderes como OSFEM de implementaci\u00f3n de esta Pol\u00edtica Estatal Anticorrupci\u00f3n, nosotros en esta pol\u00edtica lo que hicimos fue alinearnos al dise\u00f1o de la nacional, porque debe haber una combinaci\u00f3n de federaci\u00f3n y estado\u201d.<\/p>\n<p>Pese a la falta de judicializaciones y sentencias, los integrantes del SEA insisten en que los logros hasta el momento son una victoria. Sin embargo, todav\u00eda hay servidores p\u00fablicos, especialmente polic\u00edas, quienes contin\u00faan estas pr\u00e1cticas.\u00a0<em>Claudio<\/em>\u00a0es uno de ellos, y se le mira tranquilo porque se siente respaldado por sus superiores, sin que le cause temor alguno la Fiscal\u00eda Anticorrupci\u00f3n.<\/p>\n<p><img loading=\"lazy\" decoding=\"async\" class=\"alignnone size-medium wp-image-3314\" src=\"https:\/\/redamlo.com\/wp-content\/uploads\/2020\/12\/alfredo-del-mazo-300x201.jpg\" alt=\"\" width=\"300\" height=\"201\" srcset=\"https:\/\/redamlo.com\/wp-content\/uploads\/2020\/12\/alfredo-del-mazo-300x201.jpg 300w, https:\/\/redamlo.com\/wp-content\/uploads\/2020\/12\/alfredo-del-mazo-1024x686.jpg 1024w, https:\/\/redamlo.com\/wp-content\/uploads\/2020\/12\/alfredo-del-mazo-768x514.jpg 768w, https:\/\/redamlo.com\/wp-content\/uploads\/2020\/12\/alfredo-del-mazo-1536x1029.jpg 1536w, https:\/\/redamlo.com\/wp-content\/uploads\/2020\/12\/alfredo-del-mazo.jpg 1911w\" sizes=\"auto, (max-width: 300px) 100vw, 300px\" \/><\/p>\n","protected":false},"excerpt":{"rendered":"<p>Aunque las judicializaciones y las sentencias son reducidas en comparaci\u00f3n con las miles de denuncias,&#8230;<\/p>\n","protected":false},"author":2,"featured_media":3315,"comment_status":"open","ping_status":"closed","sticky":false,"template":"","format":"standard","meta":{"footnotes":""},"categories":[3,33],"tags":[59,60,51],"class_list":["post-3312","post","type-post","status-publish","format-standard","has-post-thumbnail","hentry","category-estado-de-mexico","category-seguridad","tag-edomex","tag-estado-de-mexico","tag-seguridad"],"yoast_head":"<!-- This site is optimized with the Yoast SEO plugin v27.5 - https:\/\/yoast.com\/product\/yoast-seo-wordpress\/ -->\n<title>SEA Edomex consideran que se est\u00e1n sentando las bases de la lucha contra el abuso de poder - NOTICIAS DE LA 4T<\/title>\n<meta name=\"robots\" content=\"noindex, follow, max-snippet:-1, max-image-preview:large, max-video-preview:-1\" \/>\n<meta property=\"og:locale\" content=\"es_MX\" \/>\n<meta property=\"og:type\" content=\"article\" \/>\n<meta property=\"og:title\" content=\"SEA Edomex consideran que se est\u00e1n sentando las bases de la lucha contra el abuso de poder - NOTICIAS DE LA 4T\" \/>\n<meta property=\"og:description\" content=\"Aunque las judicializaciones y las sentencias son reducidas en comparaci\u00f3n con las miles de denuncias,...\" \/>\n<meta property=\"og:url\" content=\"https:\/\/redamlo.com\/index.php\/2020\/12\/10\/sea-edomex-consideran-que-se-estan-sentando-las-bases-de-la-lucha-contra-el-abuso-de-poder\/\" \/>\n<meta property=\"og:site_name\" content=\"NOTICIAS DE LA 4T\" \/>\n<meta property=\"article:published_time\" content=\"2020-12-11T04:46:54+00:00\" \/>\n<meta property=\"og:image\" content=\"https:\/\/redamlo.com\/wp-content\/uploads\/2020\/12\/gobierno-cdmx.jpg\" \/>\n\t<meta property=\"og:image:width\" content=\"1280\" \/>\n\t<meta property=\"og:image:height\" content=\"960\" \/>\n\t<meta property=\"og:image:type\" content=\"image\/jpeg\" \/>\n<meta name=\"author\" content=\"Blanca\" \/>\n<meta name=\"twitter:card\" content=\"summary_large_image\" \/>\n<meta name=\"twitter:label1\" content=\"Escrito por\" \/>\n\t<meta name=\"twitter:data1\" content=\"Blanca\" \/>\n\t<meta name=\"twitter:label2\" content=\"Tiempo de lectura\" \/>\n\t<meta name=\"twitter:data2\" content=\"14 minutos\" \/>\n<script type=\"application\/ld+json\" class=\"yoast-schema-graph\">{\"@context\":\"https:\\\/\\\/schema.org\",\"@graph\":[{\"@type\":\"Article\",\"@id\":\"https:\\\/\\\/redamlo.com\\\/index.php\\\/2020\\\/12\\\/10\\\/sea-edomex-consideran-que-se-estan-sentando-las-bases-de-la-lucha-contra-el-abuso-de-poder\\\/#article\",\"isPartOf\":{\"@id\":\"https:\\\/\\\/redamlo.com\\\/index.php\\\/2020\\\/12\\\/10\\\/sea-edomex-consideran-que-se-estan-sentando-las-bases-de-la-lucha-contra-el-abuso-de-poder\\\/\"},\"author\":{\"name\":\"Blanca\",\"@id\":\"https:\\\/\\\/redamlo.com\\\/#\\\/schema\\\/person\\\/7223a4375eb8f1a782fcae010a7115cf\"},\"headline\":\"SEA Edomex consideran que se est\u00e1n sentando las bases de la lucha contra el abuso de poder\",\"datePublished\":\"2020-12-11T04:46:54+00:00\",\"mainEntityOfPage\":{\"@id\":\"https:\\\/\\\/redamlo.com\\\/index.php\\\/2020\\\/12\\\/10\\\/sea-edomex-consideran-que-se-estan-sentando-las-bases-de-la-lucha-contra-el-abuso-de-poder\\\/\"},\"wordCount\":2768,\"commentCount\":0,\"publisher\":{\"@id\":\"https:\\\/\\\/redamlo.com\\\/#organization\"},\"image\":{\"@id\":\"https:\\\/\\\/redamlo.com\\\/index.php\\\/2020\\\/12\\\/10\\\/sea-edomex-consideran-que-se-estan-sentando-las-bases-de-la-lucha-contra-el-abuso-de-poder\\\/#primaryimage\"},\"thumbnailUrl\":\"https:\\\/\\\/redamlo.com\\\/wp-content\\\/uploads\\\/2020\\\/12\\\/gobierno-cdmx.jpg\",\"keywords\":[\"edomex\",\"estado de mexico\",\"seguridad\"],\"articleSection\":[\"Estado de M\u00e9xico\",\"Seguridad\"],\"inLanguage\":\"es\",\"potentialAction\":[{\"@type\":\"CommentAction\",\"name\":\"Comment\",\"target\":[\"https:\\\/\\\/redamlo.com\\\/index.php\\\/2020\\\/12\\\/10\\\/sea-edomex-consideran-que-se-estan-sentando-las-bases-de-la-lucha-contra-el-abuso-de-poder\\\/#respond\"]}]},{\"@type\":\"WebPage\",\"@id\":\"https:\\\/\\\/redamlo.com\\\/index.php\\\/2020\\\/12\\\/10\\\/sea-edomex-consideran-que-se-estan-sentando-las-bases-de-la-lucha-contra-el-abuso-de-poder\\\/\",\"url\":\"https:\\\/\\\/redamlo.com\\\/index.php\\\/2020\\\/12\\\/10\\\/sea-edomex-consideran-que-se-estan-sentando-las-bases-de-la-lucha-contra-el-abuso-de-poder\\\/\",\"name\":\"SEA Edomex consideran que se est\u00e1n sentando las bases de la lucha contra el abuso de poder - NOTICIAS DE LA 4T\",\"isPartOf\":{\"@id\":\"https:\\\/\\\/redamlo.com\\\/#website\"},\"primaryImageOfPage\":{\"@id\":\"https:\\\/\\\/redamlo.com\\\/index.php\\\/2020\\\/12\\\/10\\\/sea-edomex-consideran-que-se-estan-sentando-las-bases-de-la-lucha-contra-el-abuso-de-poder\\\/#primaryimage\"},\"image\":{\"@id\":\"https:\\\/\\\/redamlo.com\\\/index.php\\\/2020\\\/12\\\/10\\\/sea-edomex-consideran-que-se-estan-sentando-las-bases-de-la-lucha-contra-el-abuso-de-poder\\\/#primaryimage\"},\"thumbnailUrl\":\"https:\\\/\\\/redamlo.com\\\/wp-content\\\/uploads\\\/2020\\\/12\\\/gobierno-cdmx.jpg\",\"datePublished\":\"2020-12-11T04:46:54+00:00\",\"breadcrumb\":{\"@id\":\"https:\\\/\\\/redamlo.com\\\/index.php\\\/2020\\\/12\\\/10\\\/sea-edomex-consideran-que-se-estan-sentando-las-bases-de-la-lucha-contra-el-abuso-de-poder\\\/#breadcrumb\"},\"inLanguage\":\"es\",\"potentialAction\":[{\"@type\":\"ReadAction\",\"target\":[\"https:\\\/\\\/redamlo.com\\\/index.php\\\/2020\\\/12\\\/10\\\/sea-edomex-consideran-que-se-estan-sentando-las-bases-de-la-lucha-contra-el-abuso-de-poder\\\/\"]}]},{\"@type\":\"ImageObject\",\"inLanguage\":\"es\",\"@id\":\"https:\\\/\\\/redamlo.com\\\/index.php\\\/2020\\\/12\\\/10\\\/sea-edomex-consideran-que-se-estan-sentando-las-bases-de-la-lucha-contra-el-abuso-de-poder\\\/#primaryimage\",\"url\":\"https:\\\/\\\/redamlo.com\\\/wp-content\\\/uploads\\\/2020\\\/12\\\/gobierno-cdmx.jpg\",\"contentUrl\":\"https:\\\/\\\/redamlo.com\\\/wp-content\\\/uploads\\\/2020\\\/12\\\/gobierno-cdmx.jpg\",\"width\":1280,\"height\":960},{\"@type\":\"BreadcrumbList\",\"@id\":\"https:\\\/\\\/redamlo.com\\\/index.php\\\/2020\\\/12\\\/10\\\/sea-edomex-consideran-que-se-estan-sentando-las-bases-de-la-lucha-contra-el-abuso-de-poder\\\/#breadcrumb\",\"itemListElement\":[{\"@type\":\"ListItem\",\"position\":1,\"name\":\"Inicio\",\"item\":\"https:\\\/\\\/redamlo.com\\\/\"},{\"@type\":\"ListItem\",\"position\":2,\"name\":\"SEA Edomex consideran que se est\u00e1n sentando las bases de la lucha contra el abuso de poder\"}]},{\"@type\":\"WebSite\",\"@id\":\"https:\\\/\\\/redamlo.com\\\/#website\",\"url\":\"https:\\\/\\\/redamlo.com\\\/\",\"name\":\"NOTICIAS DE LA 4T\",\"description\":\"\",\"publisher\":{\"@id\":\"https:\\\/\\\/redamlo.com\\\/#organization\"},\"potentialAction\":[{\"@type\":\"SearchAction\",\"target\":{\"@type\":\"EntryPoint\",\"urlTemplate\":\"https:\\\/\\\/redamlo.com\\\/?s={search_term_string}\"},\"query-input\":{\"@type\":\"PropertyValueSpecification\",\"valueRequired\":true,\"valueName\":\"search_term_string\"}}],\"inLanguage\":\"es\"},{\"@type\":\"Organization\",\"@id\":\"https:\\\/\\\/redamlo.com\\\/#organization\",\"name\":\"NOTICIAS DE LA 4T\",\"url\":\"https:\\\/\\\/redamlo.com\\\/\",\"logo\":{\"@type\":\"ImageObject\",\"inLanguage\":\"es\",\"@id\":\"https:\\\/\\\/redamlo.com\\\/#\\\/schema\\\/logo\\\/image\\\/\",\"url\":\"https:\\\/\\\/redamlo.com\\\/wp-content\\\/uploads\\\/2024\\\/08\\\/cropped-RED-AMLO-logo-50.png\",\"contentUrl\":\"https:\\\/\\\/redamlo.com\\\/wp-content\\\/uploads\\\/2024\\\/08\\\/cropped-RED-AMLO-logo-50.png\",\"width\":256,\"height\":256,\"caption\":\"NOTICIAS DE LA 4T\"},\"image\":{\"@id\":\"https:\\\/\\\/redamlo.com\\\/#\\\/schema\\\/logo\\\/image\\\/\"}},{\"@type\":\"Person\",\"@id\":\"https:\\\/\\\/redamlo.com\\\/#\\\/schema\\\/person\\\/7223a4375eb8f1a782fcae010a7115cf\",\"name\":\"Blanca\",\"image\":{\"@type\":\"ImageObject\",\"inLanguage\":\"es\",\"@id\":\"https:\\\/\\\/secure.gravatar.com\\\/avatar\\\/3f79bc8336367a4e6093eae8757acaaf61d1124834b905616de7829b0273426d?s=96&d=mm&r=g\",\"url\":\"https:\\\/\\\/secure.gravatar.com\\\/avatar\\\/3f79bc8336367a4e6093eae8757acaaf61d1124834b905616de7829b0273426d?s=96&d=mm&r=g\",\"contentUrl\":\"https:\\\/\\\/secure.gravatar.com\\\/avatar\\\/3f79bc8336367a4e6093eae8757acaaf61d1124834b905616de7829b0273426d?s=96&d=mm&r=g\",\"caption\":\"Blanca\"},\"url\":\"https:\\\/\\\/redamlo.com\\\/index.php\\\/author\\\/blanca\\\/\"}]}<\/script>\n<!-- \/ Yoast SEO plugin. -->","yoast_head_json":{"title":"SEA Edomex consideran que se est\u00e1n sentando las bases de la lucha contra el abuso de poder - NOTICIAS DE LA 4T","robots":{"index":"noindex","follow":"follow","max-snippet":"max-snippet:-1","max-image-preview":"max-image-preview:large","max-video-preview":"max-video-preview:-1"},"og_locale":"es_MX","og_type":"article","og_title":"SEA Edomex consideran que se est\u00e1n sentando las bases de la lucha contra el abuso de poder - NOTICIAS DE LA 4T","og_description":"Aunque las judicializaciones y las sentencias son reducidas en comparaci\u00f3n con las miles de denuncias,...","og_url":"https:\/\/redamlo.com\/index.php\/2020\/12\/10\/sea-edomex-consideran-que-se-estan-sentando-las-bases-de-la-lucha-contra-el-abuso-de-poder\/","og_site_name":"NOTICIAS DE LA 4T","article_published_time":"2020-12-11T04:46:54+00:00","og_image":[{"width":1280,"height":960,"url":"https:\/\/redamlo.com\/wp-content\/uploads\/2020\/12\/gobierno-cdmx.jpg","type":"image\/jpeg"}],"author":"Blanca","twitter_card":"summary_large_image","twitter_misc":{"Escrito por":"Blanca","Tiempo de lectura":"14 minutos"},"schema":{"@context":"https:\/\/schema.org","@graph":[{"@type":"Article","@id":"https:\/\/redamlo.com\/index.php\/2020\/12\/10\/sea-edomex-consideran-que-se-estan-sentando-las-bases-de-la-lucha-contra-el-abuso-de-poder\/#article","isPartOf":{"@id":"https:\/\/redamlo.com\/index.php\/2020\/12\/10\/sea-edomex-consideran-que-se-estan-sentando-las-bases-de-la-lucha-contra-el-abuso-de-poder\/"},"author":{"name":"Blanca","@id":"https:\/\/redamlo.com\/#\/schema\/person\/7223a4375eb8f1a782fcae010a7115cf"},"headline":"SEA Edomex consideran que se est\u00e1n sentando las bases de la lucha contra el abuso de poder","datePublished":"2020-12-11T04:46:54+00:00","mainEntityOfPage":{"@id":"https:\/\/redamlo.com\/index.php\/2020\/12\/10\/sea-edomex-consideran-que-se-estan-sentando-las-bases-de-la-lucha-contra-el-abuso-de-poder\/"},"wordCount":2768,"commentCount":0,"publisher":{"@id":"https:\/\/redamlo.com\/#organization"},"image":{"@id":"https:\/\/redamlo.com\/index.php\/2020\/12\/10\/sea-edomex-consideran-que-se-estan-sentando-las-bases-de-la-lucha-contra-el-abuso-de-poder\/#primaryimage"},"thumbnailUrl":"https:\/\/redamlo.com\/wp-content\/uploads\/2020\/12\/gobierno-cdmx.jpg","keywords":["edomex","estado de mexico","seguridad"],"articleSection":["Estado de M\u00e9xico","Seguridad"],"inLanguage":"es","potentialAction":[{"@type":"CommentAction","name":"Comment","target":["https:\/\/redamlo.com\/index.php\/2020\/12\/10\/sea-edomex-consideran-que-se-estan-sentando-las-bases-de-la-lucha-contra-el-abuso-de-poder\/#respond"]}]},{"@type":"WebPage","@id":"https:\/\/redamlo.com\/index.php\/2020\/12\/10\/sea-edomex-consideran-que-se-estan-sentando-las-bases-de-la-lucha-contra-el-abuso-de-poder\/","url":"https:\/\/redamlo.com\/index.php\/2020\/12\/10\/sea-edomex-consideran-que-se-estan-sentando-las-bases-de-la-lucha-contra-el-abuso-de-poder\/","name":"SEA Edomex consideran que se est\u00e1n sentando las bases de la lucha contra el abuso de poder - NOTICIAS DE LA 4T","isPartOf":{"@id":"https:\/\/redamlo.com\/#website"},"primaryImageOfPage":{"@id":"https:\/\/redamlo.com\/index.php\/2020\/12\/10\/sea-edomex-consideran-que-se-estan-sentando-las-bases-de-la-lucha-contra-el-abuso-de-poder\/#primaryimage"},"image":{"@id":"https:\/\/redamlo.com\/index.php\/2020\/12\/10\/sea-edomex-consideran-que-se-estan-sentando-las-bases-de-la-lucha-contra-el-abuso-de-poder\/#primaryimage"},"thumbnailUrl":"https:\/\/redamlo.com\/wp-content\/uploads\/2020\/12\/gobierno-cdmx.jpg","datePublished":"2020-12-11T04:46:54+00:00","breadcrumb":{"@id":"https:\/\/redamlo.com\/index.php\/2020\/12\/10\/sea-edomex-consideran-que-se-estan-sentando-las-bases-de-la-lucha-contra-el-abuso-de-poder\/#breadcrumb"},"inLanguage":"es","potentialAction":[{"@type":"ReadAction","target":["https:\/\/redamlo.com\/index.php\/2020\/12\/10\/sea-edomex-consideran-que-se-estan-sentando-las-bases-de-la-lucha-contra-el-abuso-de-poder\/"]}]},{"@type":"ImageObject","inLanguage":"es","@id":"https:\/\/redamlo.com\/index.php\/2020\/12\/10\/sea-edomex-consideran-que-se-estan-sentando-las-bases-de-la-lucha-contra-el-abuso-de-poder\/#primaryimage","url":"https:\/\/redamlo.com\/wp-content\/uploads\/2020\/12\/gobierno-cdmx.jpg","contentUrl":"https:\/\/redamlo.com\/wp-content\/uploads\/2020\/12\/gobierno-cdmx.jpg","width":1280,"height":960},{"@type":"BreadcrumbList","@id":"https:\/\/redamlo.com\/index.php\/2020\/12\/10\/sea-edomex-consideran-que-se-estan-sentando-las-bases-de-la-lucha-contra-el-abuso-de-poder\/#breadcrumb","itemListElement":[{"@type":"ListItem","position":1,"name":"Inicio","item":"https:\/\/redamlo.com\/"},{"@type":"ListItem","position":2,"name":"SEA Edomex consideran que se est\u00e1n sentando las bases de la lucha contra el abuso de poder"}]},{"@type":"WebSite","@id":"https:\/\/redamlo.com\/#website","url":"https:\/\/redamlo.com\/","name":"NOTICIAS DE LA 4T","description":"","publisher":{"@id":"https:\/\/redamlo.com\/#organization"},"potentialAction":[{"@type":"SearchAction","target":{"@type":"EntryPoint","urlTemplate":"https:\/\/redamlo.com\/?s={search_term_string}"},"query-input":{"@type":"PropertyValueSpecification","valueRequired":true,"valueName":"search_term_string"}}],"inLanguage":"es"},{"@type":"Organization","@id":"https:\/\/redamlo.com\/#organization","name":"NOTICIAS DE LA 4T","url":"https:\/\/redamlo.com\/","logo":{"@type":"ImageObject","inLanguage":"es","@id":"https:\/\/redamlo.com\/#\/schema\/logo\/image\/","url":"https:\/\/redamlo.com\/wp-content\/uploads\/2024\/08\/cropped-RED-AMLO-logo-50.png","contentUrl":"https:\/\/redamlo.com\/wp-content\/uploads\/2024\/08\/cropped-RED-AMLO-logo-50.png","width":256,"height":256,"caption":"NOTICIAS DE LA 4T"},"image":{"@id":"https:\/\/redamlo.com\/#\/schema\/logo\/image\/"}},{"@type":"Person","@id":"https:\/\/redamlo.com\/#\/schema\/person\/7223a4375eb8f1a782fcae010a7115cf","name":"Blanca","image":{"@type":"ImageObject","inLanguage":"es","@id":"https:\/\/secure.gravatar.com\/avatar\/3f79bc8336367a4e6093eae8757acaaf61d1124834b905616de7829b0273426d?s=96&d=mm&r=g","url":"https:\/\/secure.gravatar.com\/avatar\/3f79bc8336367a4e6093eae8757acaaf61d1124834b905616de7829b0273426d?s=96&d=mm&r=g","contentUrl":"https:\/\/secure.gravatar.com\/avatar\/3f79bc8336367a4e6093eae8757acaaf61d1124834b905616de7829b0273426d?s=96&d=mm&r=g","caption":"Blanca"},"url":"https:\/\/redamlo.com\/index.php\/author\/blanca\/"}]}},"_links":{"self":[{"href":"https:\/\/redamlo.com\/index.php\/wp-json\/wp\/v2\/posts\/3312","targetHints":{"allow":["GET"]}}],"collection":[{"href":"https:\/\/redamlo.com\/index.php\/wp-json\/wp\/v2\/posts"}],"about":[{"href":"https:\/\/redamlo.com\/index.php\/wp-json\/wp\/v2\/types\/post"}],"author":[{"embeddable":true,"href":"https:\/\/redamlo.com\/index.php\/wp-json\/wp\/v2\/users\/2"}],"replies":[{"embeddable":true,"href":"https:\/\/redamlo.com\/index.php\/wp-json\/wp\/v2\/comments?post=3312"}],"version-history":[{"count":0,"href":"https:\/\/redamlo.com\/index.php\/wp-json\/wp\/v2\/posts\/3312\/revisions"}],"wp:featuredmedia":[{"embeddable":true,"href":"https:\/\/redamlo.com\/index.php\/wp-json\/wp\/v2\/media\/3315"}],"wp:attachment":[{"href":"https:\/\/redamlo.com\/index.php\/wp-json\/wp\/v2\/media?parent=3312"}],"wp:term":[{"taxonomy":"category","embeddable":true,"href":"https:\/\/redamlo.com\/index.php\/wp-json\/wp\/v2\/categories?post=3312"},{"taxonomy":"post_tag","embeddable":true,"href":"https:\/\/redamlo.com\/index.php\/wp-json\/wp\/v2\/tags?post=3312"}],"curies":[{"name":"wp","href":"https:\/\/api.w.org\/{rel}","templated":true}]}}