{"id":3283,"date":"2020-12-06T13:44:47","date_gmt":"2020-12-06T19:44:47","guid":{"rendered":"https:\/\/redamlo.com\/?p=3283"},"modified":"2020-12-06T13:44:47","modified_gmt":"2020-12-06T19:44:47","slug":"revolucionaria-propuesta-pacifica-de-genaro-vazquez-solis-para-gobernar-guerrero-la-comunidad-al-poder","status":"publish","type":"post","link":"https:\/\/redamlo.com\/index.php\/2020\/12\/06\/revolucionaria-propuesta-pacifica-de-genaro-vazquez-solis-para-gobernar-guerrero-la-comunidad-al-poder\/","title":{"rendered":"Revolucionaria propuesta pac\u00edfica de Genaro V\u00e1zquez Sol\u00eds para gobernar Guerrero: La comunidad al poder"},"content":{"rendered":"<p><strong>Rams\u00e9s Ancira<\/strong><\/p>\n<p><strong>E<\/strong>n una dif\u00edcil contienda en la que participar\u00e1n 18 precandidatos, <strong>Genaro V\u00e1zquez Sol\u00eds<\/strong> intentar\u00e1 continuar la lucha que su padre Genaro V\u00e1zquez Rojas inici\u00f3 de manera pac\u00edfica hace 60 a\u00f1os: hacer un gobierno comunitario, con una democracia aut\u00e9ntica, en la que los servicios p\u00fablicos tengan presupuestos garantizados y no tengan que depender de quien gane la elecci\u00f3n, como hasta ahora ocurre con el gobierno de Guerrero.<\/p>\n<p>El reto es descomunal, no solo por los que junto con Genaro tienen una aspiraci\u00f3n leg\u00edtima de gobernar la entidad como candidatos de MORENA, sino porque est\u00e1 de sobra demostrado que este partido no ha sido diferente a la hora de cargar los dados, de privilegiar a un precandidato sobre otros y porque el piso no est\u00e1 parejo, pues el peso del dinero cuenta. Los \u201cdonativos\u201d para hacer campa\u00f1a y puestos como los de los \u201cdelegados especiales\u201d para representar al gobierno federal en los estados, hace como dice el refr\u00e1n popular, \u201cque aunque todos sean del mismo barro, no sea lo mismo bac\u00edn que jarro\u201d.<\/p>\n<p>Entre esos 18 precandidatos hay sin duda varios que tienen los m\u00e9ritos para competir, pero adem\u00e1s de Genaro V\u00e1zquez Sol\u00eds, no hay otro que tenga una historia familiar de tantas d\u00e9cadas por el beneficio de las comunidades m\u00e1s explotadas de Guerrero.<\/p>\n<p>A diferencia del tambi\u00e9n pre candidato Pablo Sandoval, Genaro no tiene prosapia en MORENA, aunque s\u00ed en la izquierda;\u00a0 no tiene una hermana como Irma Er\u00e9ndira Sandoval que hace la funci\u00f3n de vigilante de la Funci\u00f3n P\u00fablica, (obviamente no fue ella quien descubri\u00f3 los robos en el Instituto para devolverle al Pueblo lo Robado) siempre y cuando esos funcionarios no sean los que pertenecen a la familia del Movimiento, tampoco tiene los espacios de difusi\u00f3n que el cu\u00f1ado, John Ackerman, comunicador de una de las facciones del Partido ha podido ganar durante la 4T.<\/p>\n<p>Genaro V\u00e1zquez Sol\u00eds tiene la ventaja, pero tambi\u00e9n el peso del nombre de su padre. Algunos solo piensan en su padre Genaro V\u00e1zquez Rojas como un revolucionario que acudi\u00f3 a la lucha armada para sacar del poder a la dictadura priista: muy pocos saben que m\u00e1s de 10 a\u00f1os antes, desde mediados de la d\u00e9cada de los cincuenta, trabaj\u00f3 en la creaci\u00f3n de la Uni\u00f3n C\u00edvica Guerrerense y la Central Campesina Independiente, organizaciones que desde la pol\u00edtica y no por la v\u00eda armada intentaron oponerse a los caciques y terratenientes.<\/p>\n<p>Incluso el sitio Wikipedia, la fuente de informaci\u00f3n m\u00e1s r\u00e1pida y m\u00e1s consultada, tiene errores sobre Genaro V\u00e1zquez Rojas, el m\u00e1s importante y m\u00e1s ampliamente difundido es que el maestro egres\u00f3 de la Normal Isidro Burgos de Ayotzinapa.<\/p>\n<p>No fue as\u00ed, V\u00e1zquez Rojas viaj\u00f3 a la Ciudad de M\u00e9xico, donde inici\u00f3 los estudios de derecho en la Universidad Nacional Aut\u00f3noma de M\u00e9xico. Por razones que no es indispensable precisar abandon\u00f3 la Universidad, pensando que ser\u00eda un asunto temporal e ingres\u00f3 a la Escuela Normal de Maestros, de donde egres\u00f3 con varios diplomas por sus capacidades oratorias.<\/p>\n<p>V\u00e1zquez Rojas, tambi\u00e9n democratiz\u00f3 el gobierno de la Escuela Normal de Maestros d\u00e1ndole diversas comisiones a los estudiantes de los estados, la educaci\u00f3n f\u00edsica y la biblioteca, por ejemplo; quedaron asignados a los estudiantes de la Ciudad de M\u00e9xico y otras tareas como el otorgamiento de alimentos a estudiantes provenientes de otros estados de la Rep\u00fablica.<\/p>\n<p>Ya en la lucha armada y a diferencia de otros movimientos, Genaro fue un combatiente que respetaba la \u00e9tica del combate \u00bfC\u00f3mo puede ser esto posible? Simplemente el no \u201cajusticiaba\u201d a los soldados prisioneros. Por dolidos que estuvieran sus hombres por la p\u00e9rdida de sus compa\u00f1eros en enfrentamientos armados, V\u00e1zquez Rojas les recordaba que esos soldados eran hijos, sobrinos o primos de muchos de sus propios compatriotas.<\/p>\n<p>\u00bfEn que se diferenciar\u00e1 Genaro V\u00e1zquez Sol\u00eds de los otros precandidatos de MORENA y la muy probable alianza PAN-PRD-PRI? En que su propuesta est\u00e1 basada en una tradici\u00f3n de esta regi\u00f3n del pa\u00eds: el trabajo y las decisiones comunitarias.<\/p>\n<p>Ese sue\u00f1o que no ha podido cumplirse y al que siempre hemos aspirado los votantes de todo el espectro pol\u00edtico, centro, izquierda o derecha. La oportunidad de ser escuchados, de ser consultados para saber qu\u00e9 obras representan el mayor bien para el mayor n\u00famero.<\/p>\n<p>En el caso de Guerrero, devolverle la seguridad que hizo de Acapulco el primer paradigma de M\u00e9xico para el turismo extranjero, pero esta vez sin despojar de sus bienes a los propietarios.\u00a0 Realizar grandes, peque\u00f1as y medianas obras de infraestructura, pero no solo con el criterio de asignarlas a quien d\u00e9 el precio m\u00e1s barato, sino al que cree el mayor n\u00famero de empleos, al que ponga en los contratos su compromiso de reinvertir sus ganancias en el mismo estado.<\/p>\n<p>La tarea pues es continuar con la labor que realiz\u00f3 su padre, incluso con el apoyo poco documentado del entonces ex presidente L\u00e1zaro C\u00e1rdenas, para que los terratenientes no continuaran con el despojo de tierras y el asesinato de estudiantes, como lo hizo en 1960 el general Ra\u00fal Caballero Aburto.<\/p>\n<p>El hijo de la tambi\u00e9n maestra Concepci\u00f3n Sol\u00eds, es el m\u00e1s apropiado para elevar el nivel educativo en el Estado, que en promedio solo llega a ser de primero de secundaria, aunque Guerrero es tambi\u00e9n el lugar de nacimiento de uno los profesionistas m\u00e1s destacados que ha tenido M\u00e9xico, su \u00fanico cosmonauta, Rodolfo Neri Vela.<\/p>\n<p>Abrir la convocatoria para que todos los que desearan competir por la gubernatura de Guerrero pudieran registrarse, es un acierto que no se le debe escatimar a MORENA, pero hay que garantizar que desde las secretar\u00edas de Estado o los poderes legislativos no se financien los anuncios en radio, televisi\u00f3n y redes sociales de algunos precandidatos y dejen a los otros a su suerte.<\/p>\n<p>Para empezar Genaro V\u00e1zquez Sol\u00eds es el \u00fanico que ha ofrecido gobernar con la comunidad. Si \u00e9sta no es la mejor oferta pol\u00edtica que pueda recibir un elector, pues entonces la democracia social no tiene sentido. \u00c9sta s\u00ed es una manera posible de gobernar con una pol\u00edtica progresista, ecologista, de protecci\u00f3n al ambiente, representativa y econom\u00eda mixta. Un gobierno que funcione al menos en su intenci\u00f3n, como el de Dinamarca, como comprender\u00e1n los que conozcan el ejemplo aspiracional enunciado en materia de salud por el presidente L\u00f3pez Obrador.<\/p>\n","protected":false},"excerpt":{"rendered":"<p>Rams\u00e9s Ancira En una dif\u00edcil contienda en la que participar\u00e1n 18 precandidatos, Genaro V\u00e1zquez Sol\u00eds&#8230;<\/p>\n","protected":false},"author":2,"featured_media":3284,"comment_status":"open","ping_status":"closed","sticky":false,"template":"","format":"standard","meta":{"footnotes":""},"categories":[25],"tags":[368,119,24],"class_list":["post-3283","post","type-post","status-publish","format-standard","has-post-thumbnail","hentry","category-4t","tag-genaro-vazquez-solis","tag-guerrero","tag-morena"],"yoast_head":"<!-- This site is optimized with the Yoast SEO plugin v27.5 - https:\/\/yoast.com\/product\/yoast-seo-wordpress\/ -->\n<title>Revolucionaria propuesta pac\u00edfica de Genaro V\u00e1zquez Sol\u00eds para gobernar Guerrero: La comunidad al poder - NOTICIAS DE LA 4T<\/title>\n<meta name=\"robots\" content=\"noindex, follow, max-snippet:-1, max-image-preview:large, max-video-preview:-1\" \/>\n<meta property=\"og:locale\" content=\"es_MX\" \/>\n<meta property=\"og:type\" content=\"article\" \/>\n<meta property=\"og:title\" content=\"Revolucionaria propuesta pac\u00edfica de Genaro V\u00e1zquez Sol\u00eds para gobernar Guerrero: La comunidad al poder - NOTICIAS DE LA 4T\" \/>\n<meta property=\"og:description\" content=\"Rams\u00e9s Ancira En una dif\u00edcil contienda en la que participar\u00e1n 18 precandidatos, Genaro V\u00e1zquez Sol\u00eds...\" \/>\n<meta property=\"og:url\" content=\"https:\/\/redamlo.com\/index.php\/2020\/12\/06\/revolucionaria-propuesta-pacifica-de-genaro-vazquez-solis-para-gobernar-guerrero-la-comunidad-al-poder\/\" \/>\n<meta property=\"og:site_name\" content=\"NOTICIAS DE LA 4T\" \/>\n<meta property=\"article:published_time\" content=\"2020-12-06T19:44:47+00:00\" \/>\n<meta property=\"og:image\" content=\"https:\/\/redamlo.com\/wp-content\/uploads\/2020\/12\/genaro-vazquez-RED-AMLO-LOS-ANGELES-PRESS.jpg\" \/>\n\t<meta property=\"og:image:width\" content=\"954\" \/>\n\t<meta property=\"og:image:height\" content=\"763\" \/>\n\t<meta property=\"og:image:type\" content=\"image\/jpeg\" \/>\n<meta name=\"author\" content=\"Blanca\" \/>\n<meta name=\"twitter:card\" content=\"summary_large_image\" \/>\n<meta name=\"twitter:label1\" content=\"Escrito por\" \/>\n\t<meta name=\"twitter:data1\" content=\"Blanca\" \/>\n\t<meta name=\"twitter:label2\" content=\"Tiempo de lectura\" \/>\n\t<meta name=\"twitter:data2\" content=\"6 minutos\" \/>\n<script type=\"application\/ld+json\" class=\"yoast-schema-graph\">{\"@context\":\"https:\\\/\\\/schema.org\",\"@graph\":[{\"@type\":\"Article\",\"@id\":\"https:\\\/\\\/redamlo.com\\\/index.php\\\/2020\\\/12\\\/06\\\/revolucionaria-propuesta-pacifica-de-genaro-vazquez-solis-para-gobernar-guerrero-la-comunidad-al-poder\\\/#article\",\"isPartOf\":{\"@id\":\"https:\\\/\\\/redamlo.com\\\/index.php\\\/2020\\\/12\\\/06\\\/revolucionaria-propuesta-pacifica-de-genaro-vazquez-solis-para-gobernar-guerrero-la-comunidad-al-poder\\\/\"},\"author\":{\"name\":\"Blanca\",\"@id\":\"https:\\\/\\\/redamlo.com\\\/#\\\/schema\\\/person\\\/7223a4375eb8f1a782fcae010a7115cf\"},\"headline\":\"Revolucionaria propuesta pac\u00edfica de Genaro V\u00e1zquez Sol\u00eds para gobernar Guerrero: La comunidad al poder\",\"datePublished\":\"2020-12-06T19:44:47+00:00\",\"mainEntityOfPage\":{\"@id\":\"https:\\\/\\\/redamlo.com\\\/index.php\\\/2020\\\/12\\\/06\\\/revolucionaria-propuesta-pacifica-de-genaro-vazquez-solis-para-gobernar-guerrero-la-comunidad-al-poder\\\/\"},\"wordCount\":1146,\"commentCount\":0,\"publisher\":{\"@id\":\"https:\\\/\\\/redamlo.com\\\/#organization\"},\"image\":{\"@id\":\"https:\\\/\\\/redamlo.com\\\/index.php\\\/2020\\\/12\\\/06\\\/revolucionaria-propuesta-pacifica-de-genaro-vazquez-solis-para-gobernar-guerrero-la-comunidad-al-poder\\\/#primaryimage\"},\"thumbnailUrl\":\"https:\\\/\\\/redamlo.com\\\/wp-content\\\/uploads\\\/2020\\\/12\\\/genaro-vazquez-RED-AMLO-LOS-ANGELES-PRESS.jpg\",\"keywords\":[\"Genaro V\u00e1zquez Sol\u00eds\",\"Guerrero\",\"Morena\"],\"articleSection\":[\"4T\"],\"inLanguage\":\"es\",\"potentialAction\":[{\"@type\":\"CommentAction\",\"name\":\"Comment\",\"target\":[\"https:\\\/\\\/redamlo.com\\\/index.php\\\/2020\\\/12\\\/06\\\/revolucionaria-propuesta-pacifica-de-genaro-vazquez-solis-para-gobernar-guerrero-la-comunidad-al-poder\\\/#respond\"]}]},{\"@type\":\"WebPage\",\"@id\":\"https:\\\/\\\/redamlo.com\\\/index.php\\\/2020\\\/12\\\/06\\\/revolucionaria-propuesta-pacifica-de-genaro-vazquez-solis-para-gobernar-guerrero-la-comunidad-al-poder\\\/\",\"url\":\"https:\\\/\\\/redamlo.com\\\/index.php\\\/2020\\\/12\\\/06\\\/revolucionaria-propuesta-pacifica-de-genaro-vazquez-solis-para-gobernar-guerrero-la-comunidad-al-poder\\\/\",\"name\":\"Revolucionaria propuesta pac\u00edfica de Genaro V\u00e1zquez Sol\u00eds para gobernar Guerrero: La comunidad al poder - NOTICIAS DE LA 4T\",\"isPartOf\":{\"@id\":\"https:\\\/\\\/redamlo.com\\\/#website\"},\"primaryImageOfPage\":{\"@id\":\"https:\\\/\\\/redamlo.com\\\/index.php\\\/2020\\\/12\\\/06\\\/revolucionaria-propuesta-pacifica-de-genaro-vazquez-solis-para-gobernar-guerrero-la-comunidad-al-poder\\\/#primaryimage\"},\"image\":{\"@id\":\"https:\\\/\\\/redamlo.com\\\/index.php\\\/2020\\\/12\\\/06\\\/revolucionaria-propuesta-pacifica-de-genaro-vazquez-solis-para-gobernar-guerrero-la-comunidad-al-poder\\\/#primaryimage\"},\"thumbnailUrl\":\"https:\\\/\\\/redamlo.com\\\/wp-content\\\/uploads\\\/2020\\\/12\\\/genaro-vazquez-RED-AMLO-LOS-ANGELES-PRESS.jpg\",\"datePublished\":\"2020-12-06T19:44:47+00:00\",\"breadcrumb\":{\"@id\":\"https:\\\/\\\/redamlo.com\\\/index.php\\\/2020\\\/12\\\/06\\\/revolucionaria-propuesta-pacifica-de-genaro-vazquez-solis-para-gobernar-guerrero-la-comunidad-al-poder\\\/#breadcrumb\"},\"inLanguage\":\"es\",\"potentialAction\":[{\"@type\":\"ReadAction\",\"target\":[\"https:\\\/\\\/redamlo.com\\\/index.php\\\/2020\\\/12\\\/06\\\/revolucionaria-propuesta-pacifica-de-genaro-vazquez-solis-para-gobernar-guerrero-la-comunidad-al-poder\\\/\"]}]},{\"@type\":\"ImageObject\",\"inLanguage\":\"es\",\"@id\":\"https:\\\/\\\/redamlo.com\\\/index.php\\\/2020\\\/12\\\/06\\\/revolucionaria-propuesta-pacifica-de-genaro-vazquez-solis-para-gobernar-guerrero-la-comunidad-al-poder\\\/#primaryimage\",\"url\":\"https:\\\/\\\/redamlo.com\\\/wp-content\\\/uploads\\\/2020\\\/12\\\/genaro-vazquez-RED-AMLO-LOS-ANGELES-PRESS.jpg\",\"contentUrl\":\"https:\\\/\\\/redamlo.com\\\/wp-content\\\/uploads\\\/2020\\\/12\\\/genaro-vazquez-RED-AMLO-LOS-ANGELES-PRESS.jpg\",\"width\":954,\"height\":763},{\"@type\":\"BreadcrumbList\",\"@id\":\"https:\\\/\\\/redamlo.com\\\/index.php\\\/2020\\\/12\\\/06\\\/revolucionaria-propuesta-pacifica-de-genaro-vazquez-solis-para-gobernar-guerrero-la-comunidad-al-poder\\\/#breadcrumb\",\"itemListElement\":[{\"@type\":\"ListItem\",\"position\":1,\"name\":\"Inicio\",\"item\":\"https:\\\/\\\/redamlo.com\\\/\"},{\"@type\":\"ListItem\",\"position\":2,\"name\":\"Revolucionaria propuesta pac\u00edfica de Genaro V\u00e1zquez Sol\u00eds para gobernar Guerrero: La comunidad al poder\"}]},{\"@type\":\"WebSite\",\"@id\":\"https:\\\/\\\/redamlo.com\\\/#website\",\"url\":\"https:\\\/\\\/redamlo.com\\\/\",\"name\":\"NOTICIAS DE LA 4T\",\"description\":\"\",\"publisher\":{\"@id\":\"https:\\\/\\\/redamlo.com\\\/#organization\"},\"potentialAction\":[{\"@type\":\"SearchAction\",\"target\":{\"@type\":\"EntryPoint\",\"urlTemplate\":\"https:\\\/\\\/redamlo.com\\\/?s={search_term_string}\"},\"query-input\":{\"@type\":\"PropertyValueSpecification\",\"valueRequired\":true,\"valueName\":\"search_term_string\"}}],\"inLanguage\":\"es\"},{\"@type\":\"Organization\",\"@id\":\"https:\\\/\\\/redamlo.com\\\/#organization\",\"name\":\"NOTICIAS DE LA 4T\",\"url\":\"https:\\\/\\\/redamlo.com\\\/\",\"logo\":{\"@type\":\"ImageObject\",\"inLanguage\":\"es\",\"@id\":\"https:\\\/\\\/redamlo.com\\\/#\\\/schema\\\/logo\\\/image\\\/\",\"url\":\"https:\\\/\\\/redamlo.com\\\/wp-content\\\/uploads\\\/2024\\\/08\\\/cropped-RED-AMLO-logo-50.png\",\"contentUrl\":\"https:\\\/\\\/redamlo.com\\\/wp-content\\\/uploads\\\/2024\\\/08\\\/cropped-RED-AMLO-logo-50.png\",\"width\":256,\"height\":256,\"caption\":\"NOTICIAS DE LA 4T\"},\"image\":{\"@id\":\"https:\\\/\\\/redamlo.com\\\/#\\\/schema\\\/logo\\\/image\\\/\"}},{\"@type\":\"Person\",\"@id\":\"https:\\\/\\\/redamlo.com\\\/#\\\/schema\\\/person\\\/7223a4375eb8f1a782fcae010a7115cf\",\"name\":\"Blanca\",\"image\":{\"@type\":\"ImageObject\",\"inLanguage\":\"es\",\"@id\":\"https:\\\/\\\/secure.gravatar.com\\\/avatar\\\/3f79bc8336367a4e6093eae8757acaaf61d1124834b905616de7829b0273426d?s=96&d=mm&r=g\",\"url\":\"https:\\\/\\\/secure.gravatar.com\\\/avatar\\\/3f79bc8336367a4e6093eae8757acaaf61d1124834b905616de7829b0273426d?s=96&d=mm&r=g\",\"contentUrl\":\"https:\\\/\\\/secure.gravatar.com\\\/avatar\\\/3f79bc8336367a4e6093eae8757acaaf61d1124834b905616de7829b0273426d?s=96&d=mm&r=g\",\"caption\":\"Blanca\"},\"url\":\"https:\\\/\\\/redamlo.com\\\/index.php\\\/author\\\/blanca\\\/\"}]}<\/script>\n<!-- \/ Yoast SEO plugin. -->","yoast_head_json":{"title":"Revolucionaria propuesta pac\u00edfica de Genaro V\u00e1zquez Sol\u00eds para gobernar Guerrero: La comunidad al poder - NOTICIAS DE LA 4T","robots":{"index":"noindex","follow":"follow","max-snippet":"max-snippet:-1","max-image-preview":"max-image-preview:large","max-video-preview":"max-video-preview:-1"},"og_locale":"es_MX","og_type":"article","og_title":"Revolucionaria propuesta pac\u00edfica de Genaro V\u00e1zquez Sol\u00eds para gobernar Guerrero: La comunidad al poder - NOTICIAS DE LA 4T","og_description":"Rams\u00e9s Ancira En una dif\u00edcil contienda en la que participar\u00e1n 18 precandidatos, Genaro V\u00e1zquez Sol\u00eds...","og_url":"https:\/\/redamlo.com\/index.php\/2020\/12\/06\/revolucionaria-propuesta-pacifica-de-genaro-vazquez-solis-para-gobernar-guerrero-la-comunidad-al-poder\/","og_site_name":"NOTICIAS DE LA 4T","article_published_time":"2020-12-06T19:44:47+00:00","og_image":[{"width":954,"height":763,"url":"https:\/\/redamlo.com\/wp-content\/uploads\/2020\/12\/genaro-vazquez-RED-AMLO-LOS-ANGELES-PRESS.jpg","type":"image\/jpeg"}],"author":"Blanca","twitter_card":"summary_large_image","twitter_misc":{"Escrito por":"Blanca","Tiempo de lectura":"6 minutos"},"schema":{"@context":"https:\/\/schema.org","@graph":[{"@type":"Article","@id":"https:\/\/redamlo.com\/index.php\/2020\/12\/06\/revolucionaria-propuesta-pacifica-de-genaro-vazquez-solis-para-gobernar-guerrero-la-comunidad-al-poder\/#article","isPartOf":{"@id":"https:\/\/redamlo.com\/index.php\/2020\/12\/06\/revolucionaria-propuesta-pacifica-de-genaro-vazquez-solis-para-gobernar-guerrero-la-comunidad-al-poder\/"},"author":{"name":"Blanca","@id":"https:\/\/redamlo.com\/#\/schema\/person\/7223a4375eb8f1a782fcae010a7115cf"},"headline":"Revolucionaria propuesta pac\u00edfica de Genaro V\u00e1zquez Sol\u00eds para gobernar Guerrero: La comunidad al poder","datePublished":"2020-12-06T19:44:47+00:00","mainEntityOfPage":{"@id":"https:\/\/redamlo.com\/index.php\/2020\/12\/06\/revolucionaria-propuesta-pacifica-de-genaro-vazquez-solis-para-gobernar-guerrero-la-comunidad-al-poder\/"},"wordCount":1146,"commentCount":0,"publisher":{"@id":"https:\/\/redamlo.com\/#organization"},"image":{"@id":"https:\/\/redamlo.com\/index.php\/2020\/12\/06\/revolucionaria-propuesta-pacifica-de-genaro-vazquez-solis-para-gobernar-guerrero-la-comunidad-al-poder\/#primaryimage"},"thumbnailUrl":"https:\/\/redamlo.com\/wp-content\/uploads\/2020\/12\/genaro-vazquez-RED-AMLO-LOS-ANGELES-PRESS.jpg","keywords":["Genaro V\u00e1zquez Sol\u00eds","Guerrero","Morena"],"articleSection":["4T"],"inLanguage":"es","potentialAction":[{"@type":"CommentAction","name":"Comment","target":["https:\/\/redamlo.com\/index.php\/2020\/12\/06\/revolucionaria-propuesta-pacifica-de-genaro-vazquez-solis-para-gobernar-guerrero-la-comunidad-al-poder\/#respond"]}]},{"@type":"WebPage","@id":"https:\/\/redamlo.com\/index.php\/2020\/12\/06\/revolucionaria-propuesta-pacifica-de-genaro-vazquez-solis-para-gobernar-guerrero-la-comunidad-al-poder\/","url":"https:\/\/redamlo.com\/index.php\/2020\/12\/06\/revolucionaria-propuesta-pacifica-de-genaro-vazquez-solis-para-gobernar-guerrero-la-comunidad-al-poder\/","name":"Revolucionaria propuesta pac\u00edfica de Genaro V\u00e1zquez Sol\u00eds para gobernar Guerrero: La comunidad al poder - NOTICIAS DE LA 4T","isPartOf":{"@id":"https:\/\/redamlo.com\/#website"},"primaryImageOfPage":{"@id":"https:\/\/redamlo.com\/index.php\/2020\/12\/06\/revolucionaria-propuesta-pacifica-de-genaro-vazquez-solis-para-gobernar-guerrero-la-comunidad-al-poder\/#primaryimage"},"image":{"@id":"https:\/\/redamlo.com\/index.php\/2020\/12\/06\/revolucionaria-propuesta-pacifica-de-genaro-vazquez-solis-para-gobernar-guerrero-la-comunidad-al-poder\/#primaryimage"},"thumbnailUrl":"https:\/\/redamlo.com\/wp-content\/uploads\/2020\/12\/genaro-vazquez-RED-AMLO-LOS-ANGELES-PRESS.jpg","datePublished":"2020-12-06T19:44:47+00:00","breadcrumb":{"@id":"https:\/\/redamlo.com\/index.php\/2020\/12\/06\/revolucionaria-propuesta-pacifica-de-genaro-vazquez-solis-para-gobernar-guerrero-la-comunidad-al-poder\/#breadcrumb"},"inLanguage":"es","potentialAction":[{"@type":"ReadAction","target":["https:\/\/redamlo.com\/index.php\/2020\/12\/06\/revolucionaria-propuesta-pacifica-de-genaro-vazquez-solis-para-gobernar-guerrero-la-comunidad-al-poder\/"]}]},{"@type":"ImageObject","inLanguage":"es","@id":"https:\/\/redamlo.com\/index.php\/2020\/12\/06\/revolucionaria-propuesta-pacifica-de-genaro-vazquez-solis-para-gobernar-guerrero-la-comunidad-al-poder\/#primaryimage","url":"https:\/\/redamlo.com\/wp-content\/uploads\/2020\/12\/genaro-vazquez-RED-AMLO-LOS-ANGELES-PRESS.jpg","contentUrl":"https:\/\/redamlo.com\/wp-content\/uploads\/2020\/12\/genaro-vazquez-RED-AMLO-LOS-ANGELES-PRESS.jpg","width":954,"height":763},{"@type":"BreadcrumbList","@id":"https:\/\/redamlo.com\/index.php\/2020\/12\/06\/revolucionaria-propuesta-pacifica-de-genaro-vazquez-solis-para-gobernar-guerrero-la-comunidad-al-poder\/#breadcrumb","itemListElement":[{"@type":"ListItem","position":1,"name":"Inicio","item":"https:\/\/redamlo.com\/"},{"@type":"ListItem","position":2,"name":"Revolucionaria propuesta pac\u00edfica de Genaro V\u00e1zquez Sol\u00eds para gobernar Guerrero: La comunidad al poder"}]},{"@type":"WebSite","@id":"https:\/\/redamlo.com\/#website","url":"https:\/\/redamlo.com\/","name":"NOTICIAS DE LA 4T","description":"","publisher":{"@id":"https:\/\/redamlo.com\/#organization"},"potentialAction":[{"@type":"SearchAction","target":{"@type":"EntryPoint","urlTemplate":"https:\/\/redamlo.com\/?s={search_term_string}"},"query-input":{"@type":"PropertyValueSpecification","valueRequired":true,"valueName":"search_term_string"}}],"inLanguage":"es"},{"@type":"Organization","@id":"https:\/\/redamlo.com\/#organization","name":"NOTICIAS DE LA 4T","url":"https:\/\/redamlo.com\/","logo":{"@type":"ImageObject","inLanguage":"es","@id":"https:\/\/redamlo.com\/#\/schema\/logo\/image\/","url":"https:\/\/redamlo.com\/wp-content\/uploads\/2024\/08\/cropped-RED-AMLO-logo-50.png","contentUrl":"https:\/\/redamlo.com\/wp-content\/uploads\/2024\/08\/cropped-RED-AMLO-logo-50.png","width":256,"height":256,"caption":"NOTICIAS DE LA 4T"},"image":{"@id":"https:\/\/redamlo.com\/#\/schema\/logo\/image\/"}},{"@type":"Person","@id":"https:\/\/redamlo.com\/#\/schema\/person\/7223a4375eb8f1a782fcae010a7115cf","name":"Blanca","image":{"@type":"ImageObject","inLanguage":"es","@id":"https:\/\/secure.gravatar.com\/avatar\/3f79bc8336367a4e6093eae8757acaaf61d1124834b905616de7829b0273426d?s=96&d=mm&r=g","url":"https:\/\/secure.gravatar.com\/avatar\/3f79bc8336367a4e6093eae8757acaaf61d1124834b905616de7829b0273426d?s=96&d=mm&r=g","contentUrl":"https:\/\/secure.gravatar.com\/avatar\/3f79bc8336367a4e6093eae8757acaaf61d1124834b905616de7829b0273426d?s=96&d=mm&r=g","caption":"Blanca"},"url":"https:\/\/redamlo.com\/index.php\/author\/blanca\/"}]}},"_links":{"self":[{"href":"https:\/\/redamlo.com\/index.php\/wp-json\/wp\/v2\/posts\/3283","targetHints":{"allow":["GET"]}}],"collection":[{"href":"https:\/\/redamlo.com\/index.php\/wp-json\/wp\/v2\/posts"}],"about":[{"href":"https:\/\/redamlo.com\/index.php\/wp-json\/wp\/v2\/types\/post"}],"author":[{"embeddable":true,"href":"https:\/\/redamlo.com\/index.php\/wp-json\/wp\/v2\/users\/2"}],"replies":[{"embeddable":true,"href":"https:\/\/redamlo.com\/index.php\/wp-json\/wp\/v2\/comments?post=3283"}],"version-history":[{"count":0,"href":"https:\/\/redamlo.com\/index.php\/wp-json\/wp\/v2\/posts\/3283\/revisions"}],"wp:featuredmedia":[{"embeddable":true,"href":"https:\/\/redamlo.com\/index.php\/wp-json\/wp\/v2\/media\/3284"}],"wp:attachment":[{"href":"https:\/\/redamlo.com\/index.php\/wp-json\/wp\/v2\/media?parent=3283"}],"wp:term":[{"taxonomy":"category","embeddable":true,"href":"https:\/\/redamlo.com\/index.php\/wp-json\/wp\/v2\/categories?post=3283"},{"taxonomy":"post_tag","embeddable":true,"href":"https:\/\/redamlo.com\/index.php\/wp-json\/wp\/v2\/tags?post=3283"}],"curies":[{"name":"wp","href":"https:\/\/api.w.org\/{rel}","templated":true}]}}