{"id":316,"date":"2019-08-29T09:46:25","date_gmt":"2019-08-29T14:46:25","guid":{"rendered":"http:\/\/redamlo.com\/?p=316"},"modified":"2019-08-29T09:46:25","modified_gmt":"2019-08-29T14:46:25","slug":"batres-v-s-monreal-y-alejandro-rojas-diaz-duran-morena-un-partido-que-se-pudre-desde-las-entranas","status":"publish","type":"post","link":"https:\/\/redamlo.com\/index.php\/2019\/08\/29\/batres-v-s-monreal-y-alejandro-rojas-diaz-duran-morena-un-partido-que-se-pudre-desde-las-entranas\/","title":{"rendered":"Batres V.S. Monreal  y Alejandro Rojas D\u00edaz Dur\u00e1n Morena un partido que se pudre desde las entra\u00f1as"},"content":{"rendered":"<p><strong>CIUDAD DE M\u00c9XICO (CDMXPRESS.- CDMX News.-)<\/strong> .- \u00a0El actual conflicto entre el coordinador de los senadores de ese partido, Ricardo Monreal, y el expresidente de esa c\u00e1mara y primer presidente del partido, Mart\u00ed Batres, es s\u00f3lo una de las evidencias en que esos y otros l\u00edderes buscan reafirmarse y colocar sus piezas en gobierno, las c\u00e1maras y la burocracia partidista.<\/p>\n<p>\u201cGolpismo\u201d, concepto asociado a la toma del poder pol\u00edtico de un modo repentino y violento que vulnera la legitimidad de un Estado, fue la met\u00e1fora con la que el presidente de la C\u00e1mara de Diputados, <strong>Porfirio Mu\u00f1oz Ledo<\/strong>, define la maniobra de<strong> Ricardo Monrea<\/strong>l para frustrar la reelecci\u00f3n de <strong>Mart\u00ed Batres<\/strong> en el Senado.<\/p>\n<p>\u201cEl diputado Porfirio Mu\u00f1oz Ledo dijo que en la C\u00e1mara de Diputados no hay golpismo ni levantismo ni movimientos levantiscos.<\/p>\n<p>Y es que el lunes 19, en la elecci\u00f3n interna de los senadores de Morena para definir su propuesta a presidir el Senado, que gan\u00f3 la tabasque\u00f1a<strong> M\u00f3nica Fern\u00e1ndez Balboa,<\/strong> Monreal cometi\u00f3 fraude, acus\u00f3 Batres, quien aspiraba a la reelecci\u00f3n.<\/p>\n<p>\u2013\u00bfQu\u00e9 consecuencias tiene este fraude?<\/p>\n<p>Las v\u00edctimas de \u201clos golpes permanentes\u201d de Monreal han sido la secretaria de Gobernaci\u00f3n, <strong>Olga S\u00e1nchez Cordero; la jefa de Gobierno, Claudia Sheinbaum, y la presidenta de Morena, Yeidckol Polevnsky,<\/strong> todo ello en colaboracion con el senador suplente <strong>Alejandro Rojas D\u00edaz Dur\u00e1n<\/strong><\/p>\n<p>\u2013Es una ambici\u00f3n sin l\u00edmites, una ambici\u00f3n irrefrenable. Debe ponerse l\u00edmites.<\/p>\n<p>Batres record\u00f3 que Monreal lleg\u00f3 a la coordinaci\u00f3n de Morena despu\u00e9s de \u201cchantajear\u201d a <strong>Andr\u00e9s Manuel L\u00f3pez Obrado<\/strong>r tras perder la postulaci\u00f3n a jefe de gobierno de la capital, y \u201cproducto de eso entr\u00f3 al Senado por la puerta de atr\u00e1s\u201d.<\/p>\n<p>El viernes 23 Batres, el primer presidente nacional que tuvo el partido Morena, present\u00f3 una queja contra el \u201cfraudulento\u201d proceso interno del grupo parlamentario en el Senado ante la Comisi\u00f3n Nacional de Honestidad y Justicia.<\/p>\n<p>Monreal,\u00a0 es identificado en Morena como el personaje detr\u00e1s de la estrategia para que renuncie S\u00e1nchez Cordero como secretaria de Gobernaci\u00f3n y colocar en su lugar a su amigo Manuel Velasco, exgobernador de Chiapas, acusado de corrupci\u00f3n.<\/p>\n<p>Ademas se le responsabiliza del golpeteo a Sheinbaum, debido a su relaci\u00f3n con Miguel \u00c1ngel Mancera, exjefe de gobierno y coordinador del grupo parlamentario del PRD (cargo que no debe existir porque s\u00f3lo tiene cuatro senadores, si bien pronto se sumar\u00e1 la panista X\u00f3chitl G\u00e1lvez).<\/p>\n<p><strong>Rojas D\u00edaz Dur\u00e1n<\/strong>, quien tiene meses en campa\u00f1a por todo el pa\u00eds, es el m\u00e1s rijoso de los aspirantes a dirigir Morena, entre los que se encuentran tambi\u00e9n Bertha Luj\u00e1n, presidenta del Consejo Nacional y quien fue contralora en el gobierno de L\u00f3pez Obrador, y la propia Polevnsky.<\/p>\n<p>\u201cPara nosotros la unidad est\u00e1 por encima de todo\u201d, subray\u00f3 Polevnsky, la secretaria general en funciones de presidenta de Morena.<\/p>\n<p>\u201cSe har\u00e1 una auditor\u00eda integral que nos d\u00e9 certeza a todos de que el padr\u00f3n y el sistema son v\u00e1lidos. La empresa ser\u00e1 la encargada de decirnos cu\u00e1ntos militantes hay exactamente, si 1.7 o 3.1 millones\u201d, subray\u00f3 Polevnsky.<\/p>\n<p>La dirigente tambi\u00e9n inform\u00f3 que Leonel Godoy Rangel ser\u00e1 secretario de Organizaci\u00f3n, un cargo que era fuente de conflictos, porque el anterior, Gabriel Garc\u00eda, coordinador de delegados federales, dej\u00f3 como \u201cencargado de despacho\u201d a Francisco de la Huerta, una figura que no existe estatutariamente.<\/p>\n<p><strong>Rojas D\u00edaz Dur\u00e1n,<\/strong> achichincle de Monreal, anunci\u00f3 el viernes 23 que impugnar\u00e1 la convocatoria, porque \u201ces un pacto cupular de la nomenclatura que excluye a millones de lopezobradoristas\u201d.<\/p>\n<p>Trepadores<\/p>\n<p>El ca\u00f3tico estado en el Senado y la guerra entre grupos en Morena no pas\u00f3 inadvertida para L\u00f3pez Obrador, quien el mi\u00e9rcoles 21 descalific\u00f3, sin dar nombres, a los pol\u00edticos trepadores.<\/p>\n<p>\u201cEl pol\u00edtico tradicional, el que est\u00e1 pensando c\u00f3mo colarse, no ayuda en nada y no tiene futuro, porque el pueblo de M\u00e9xico ya es otro, hubo un cambio de mentalidad y cuando cambia la mentalidad del pueblo cambia todo\u201d, subray\u00f3.<\/p>\n<p>Y censur\u00f3: \u201cEl pueblo de M\u00e9xico tiene un instinto certero, sabe qui\u00e9n habla con la verdad, qui\u00e9n tiene buenos sentimientos, qui\u00e9n se preocupa por ayudarlos y qui\u00e9n es un trepador, un oportunista, un politiquero\u201d.<\/p>\n<h1 class=\"BlocksPage-headline\">Si Morena se echa a perder renunciar\u00e9 al partido: AMLO<\/h1>\n<div class=\"BlocksPage-subHeadline\">El presidente L\u00f3pez Obrador dijo que adem\u00e1s de que renunciar\u00eda a Morena, tambi\u00e9n pedir\u00eda que le cambiaran el nombre al partido.<\/div>\n<p>&nbsp;<\/p>\n","protected":false},"excerpt":{"rendered":"<p>CIUDAD DE M\u00c9XICO (CDMXPRESS.- CDMX News.-) .- \u00a0El actual conflicto entre el coordinador de los&#8230;<\/p>\n","protected":false},"author":2,"featured_media":318,"comment_status":"open","ping_status":"closed","sticky":false,"template":"","format":"standard","meta":{"footnotes":""},"categories":[20,5],"tags":[],"class_list":["post-316","post","type-post","status-publish","format-standard","has-post-thumbnail","hentry","category-nacionales","category-politica"],"yoast_head":"<!-- This site is optimized with the Yoast SEO plugin v27.5 - https:\/\/yoast.com\/product\/yoast-seo-wordpress\/ -->\n<title>Batres V.S. Monreal y Alejandro Rojas D\u00edaz Dur\u00e1n Morena un partido que se pudre desde las entra\u00f1as - NOTICIAS DE LA 4T<\/title>\n<meta name=\"robots\" content=\"noindex, follow, max-snippet:-1, max-image-preview:large, max-video-preview:-1\" \/>\n<meta property=\"og:locale\" content=\"es_MX\" \/>\n<meta property=\"og:type\" content=\"article\" \/>\n<meta property=\"og:title\" content=\"Batres V.S. Monreal y Alejandro Rojas D\u00edaz Dur\u00e1n Morena un partido que se pudre desde las entra\u00f1as - NOTICIAS DE LA 4T\" \/>\n<meta property=\"og:description\" content=\"CIUDAD DE M\u00c9XICO (CDMXPRESS.- CDMX News.-) .- \u00a0El actual conflicto entre el coordinador de los...\" \/>\n<meta property=\"og:url\" content=\"https:\/\/redamlo.com\/index.php\/2019\/08\/29\/batres-v-s-monreal-y-alejandro-rojas-diaz-duran-morena-un-partido-que-se-pudre-desde-las-entranas\/\" \/>\n<meta property=\"og:site_name\" content=\"NOTICIAS DE LA 4T\" \/>\n<meta property=\"article:published_time\" content=\"2019-08-29T14:46:25+00:00\" \/>\n<meta property=\"og:image\" content=\"https:\/\/redamlo.com\/wp-content\/uploads\/2019\/08\/Batres-VS-Monreal.jpeg\" \/>\n\t<meta property=\"og:image:width\" content=\"870\" \/>\n\t<meta property=\"og:image:height\" content=\"522\" \/>\n\t<meta property=\"og:image:type\" content=\"image\/jpeg\" \/>\n<meta name=\"author\" content=\"Blanca\" \/>\n<meta name=\"twitter:card\" content=\"summary_large_image\" \/>\n<meta name=\"twitter:label1\" content=\"Escrito por\" \/>\n\t<meta name=\"twitter:data1\" content=\"Blanca\" \/>\n\t<meta name=\"twitter:label2\" content=\"Tiempo de lectura\" \/>\n\t<meta name=\"twitter:data2\" content=\"4 minutos\" \/>\n<script type=\"application\/ld+json\" class=\"yoast-schema-graph\">{\"@context\":\"https:\\\/\\\/schema.org\",\"@graph\":[{\"@type\":\"Article\",\"@id\":\"https:\\\/\\\/redamlo.com\\\/index.php\\\/2019\\\/08\\\/29\\\/batres-v-s-monreal-y-alejandro-rojas-diaz-duran-morena-un-partido-que-se-pudre-desde-las-entranas\\\/#article\",\"isPartOf\":{\"@id\":\"https:\\\/\\\/redamlo.com\\\/index.php\\\/2019\\\/08\\\/29\\\/batres-v-s-monreal-y-alejandro-rojas-diaz-duran-morena-un-partido-que-se-pudre-desde-las-entranas\\\/\"},\"author\":{\"name\":\"Blanca\",\"@id\":\"https:\\\/\\\/redamlo.com\\\/#\\\/schema\\\/person\\\/7223a4375eb8f1a782fcae010a7115cf\"},\"headline\":\"Batres V.S. Monreal y Alejandro Rojas D\u00edaz Dur\u00e1n Morena un partido que se pudre desde las entra\u00f1as\",\"datePublished\":\"2019-08-29T14:46:25+00:00\",\"mainEntityOfPage\":{\"@id\":\"https:\\\/\\\/redamlo.com\\\/index.php\\\/2019\\\/08\\\/29\\\/batres-v-s-monreal-y-alejandro-rojas-diaz-duran-morena-un-partido-que-se-pudre-desde-las-entranas\\\/\"},\"wordCount\":798,\"commentCount\":0,\"publisher\":{\"@id\":\"https:\\\/\\\/redamlo.com\\\/#organization\"},\"image\":{\"@id\":\"https:\\\/\\\/redamlo.com\\\/index.php\\\/2019\\\/08\\\/29\\\/batres-v-s-monreal-y-alejandro-rojas-diaz-duran-morena-un-partido-que-se-pudre-desde-las-entranas\\\/#primaryimage\"},\"thumbnailUrl\":\"https:\\\/\\\/redamlo.com\\\/wp-content\\\/uploads\\\/2019\\\/08\\\/Batres-VS-Monreal.jpeg\",\"articleSection\":[\"Nacionales\",\"Pol\u00edtica\"],\"inLanguage\":\"es\",\"potentialAction\":[{\"@type\":\"CommentAction\",\"name\":\"Comment\",\"target\":[\"https:\\\/\\\/redamlo.com\\\/index.php\\\/2019\\\/08\\\/29\\\/batres-v-s-monreal-y-alejandro-rojas-diaz-duran-morena-un-partido-que-se-pudre-desde-las-entranas\\\/#respond\"]}]},{\"@type\":\"WebPage\",\"@id\":\"https:\\\/\\\/redamlo.com\\\/index.php\\\/2019\\\/08\\\/29\\\/batres-v-s-monreal-y-alejandro-rojas-diaz-duran-morena-un-partido-que-se-pudre-desde-las-entranas\\\/\",\"url\":\"https:\\\/\\\/redamlo.com\\\/index.php\\\/2019\\\/08\\\/29\\\/batres-v-s-monreal-y-alejandro-rojas-diaz-duran-morena-un-partido-que-se-pudre-desde-las-entranas\\\/\",\"name\":\"Batres V.S. Monreal y Alejandro Rojas D\u00edaz Dur\u00e1n Morena un partido que se pudre desde las entra\u00f1as - NOTICIAS DE LA 4T\",\"isPartOf\":{\"@id\":\"https:\\\/\\\/redamlo.com\\\/#website\"},\"primaryImageOfPage\":{\"@id\":\"https:\\\/\\\/redamlo.com\\\/index.php\\\/2019\\\/08\\\/29\\\/batres-v-s-monreal-y-alejandro-rojas-diaz-duran-morena-un-partido-que-se-pudre-desde-las-entranas\\\/#primaryimage\"},\"image\":{\"@id\":\"https:\\\/\\\/redamlo.com\\\/index.php\\\/2019\\\/08\\\/29\\\/batres-v-s-monreal-y-alejandro-rojas-diaz-duran-morena-un-partido-que-se-pudre-desde-las-entranas\\\/#primaryimage\"},\"thumbnailUrl\":\"https:\\\/\\\/redamlo.com\\\/wp-content\\\/uploads\\\/2019\\\/08\\\/Batres-VS-Monreal.jpeg\",\"datePublished\":\"2019-08-29T14:46:25+00:00\",\"breadcrumb\":{\"@id\":\"https:\\\/\\\/redamlo.com\\\/index.php\\\/2019\\\/08\\\/29\\\/batres-v-s-monreal-y-alejandro-rojas-diaz-duran-morena-un-partido-que-se-pudre-desde-las-entranas\\\/#breadcrumb\"},\"inLanguage\":\"es\",\"potentialAction\":[{\"@type\":\"ReadAction\",\"target\":[\"https:\\\/\\\/redamlo.com\\\/index.php\\\/2019\\\/08\\\/29\\\/batres-v-s-monreal-y-alejandro-rojas-diaz-duran-morena-un-partido-que-se-pudre-desde-las-entranas\\\/\"]}]},{\"@type\":\"ImageObject\",\"inLanguage\":\"es\",\"@id\":\"https:\\\/\\\/redamlo.com\\\/index.php\\\/2019\\\/08\\\/29\\\/batres-v-s-monreal-y-alejandro-rojas-diaz-duran-morena-un-partido-que-se-pudre-desde-las-entranas\\\/#primaryimage\",\"url\":\"https:\\\/\\\/redamlo.com\\\/wp-content\\\/uploads\\\/2019\\\/08\\\/Batres-VS-Monreal.jpeg\",\"contentUrl\":\"https:\\\/\\\/redamlo.com\\\/wp-content\\\/uploads\\\/2019\\\/08\\\/Batres-VS-Monreal.jpeg\",\"width\":870,\"height\":522},{\"@type\":\"BreadcrumbList\",\"@id\":\"https:\\\/\\\/redamlo.com\\\/index.php\\\/2019\\\/08\\\/29\\\/batres-v-s-monreal-y-alejandro-rojas-diaz-duran-morena-un-partido-que-se-pudre-desde-las-entranas\\\/#breadcrumb\",\"itemListElement\":[{\"@type\":\"ListItem\",\"position\":1,\"name\":\"Inicio\",\"item\":\"https:\\\/\\\/redamlo.com\\\/\"},{\"@type\":\"ListItem\",\"position\":2,\"name\":\"Batres V.S. Monreal y Alejandro Rojas D\u00edaz Dur\u00e1n Morena un partido que se pudre desde las entra\u00f1as\"}]},{\"@type\":\"WebSite\",\"@id\":\"https:\\\/\\\/redamlo.com\\\/#website\",\"url\":\"https:\\\/\\\/redamlo.com\\\/\",\"name\":\"NOTICIAS DE LA 4T\",\"description\":\"\",\"publisher\":{\"@id\":\"https:\\\/\\\/redamlo.com\\\/#organization\"},\"potentialAction\":[{\"@type\":\"SearchAction\",\"target\":{\"@type\":\"EntryPoint\",\"urlTemplate\":\"https:\\\/\\\/redamlo.com\\\/?s={search_term_string}\"},\"query-input\":{\"@type\":\"PropertyValueSpecification\",\"valueRequired\":true,\"valueName\":\"search_term_string\"}}],\"inLanguage\":\"es\"},{\"@type\":\"Organization\",\"@id\":\"https:\\\/\\\/redamlo.com\\\/#organization\",\"name\":\"NOTICIAS DE LA 4T\",\"url\":\"https:\\\/\\\/redamlo.com\\\/\",\"logo\":{\"@type\":\"ImageObject\",\"inLanguage\":\"es\",\"@id\":\"https:\\\/\\\/redamlo.com\\\/#\\\/schema\\\/logo\\\/image\\\/\",\"url\":\"https:\\\/\\\/redamlo.com\\\/wp-content\\\/uploads\\\/2024\\\/08\\\/cropped-RED-AMLO-logo-50.png\",\"contentUrl\":\"https:\\\/\\\/redamlo.com\\\/wp-content\\\/uploads\\\/2024\\\/08\\\/cropped-RED-AMLO-logo-50.png\",\"width\":256,\"height\":256,\"caption\":\"NOTICIAS DE LA 4T\"},\"image\":{\"@id\":\"https:\\\/\\\/redamlo.com\\\/#\\\/schema\\\/logo\\\/image\\\/\"}},{\"@type\":\"Person\",\"@id\":\"https:\\\/\\\/redamlo.com\\\/#\\\/schema\\\/person\\\/7223a4375eb8f1a782fcae010a7115cf\",\"name\":\"Blanca\",\"image\":{\"@type\":\"ImageObject\",\"inLanguage\":\"es\",\"@id\":\"https:\\\/\\\/secure.gravatar.com\\\/avatar\\\/3f79bc8336367a4e6093eae8757acaaf61d1124834b905616de7829b0273426d?s=96&d=mm&r=g\",\"url\":\"https:\\\/\\\/secure.gravatar.com\\\/avatar\\\/3f79bc8336367a4e6093eae8757acaaf61d1124834b905616de7829b0273426d?s=96&d=mm&r=g\",\"contentUrl\":\"https:\\\/\\\/secure.gravatar.com\\\/avatar\\\/3f79bc8336367a4e6093eae8757acaaf61d1124834b905616de7829b0273426d?s=96&d=mm&r=g\",\"caption\":\"Blanca\"},\"url\":\"https:\\\/\\\/redamlo.com\\\/index.php\\\/author\\\/blanca\\\/\"}]}<\/script>\n<!-- \/ Yoast SEO plugin. -->","yoast_head_json":{"title":"Batres V.S. Monreal y Alejandro Rojas D\u00edaz Dur\u00e1n Morena un partido que se pudre desde las entra\u00f1as - NOTICIAS DE LA 4T","robots":{"index":"noindex","follow":"follow","max-snippet":"max-snippet:-1","max-image-preview":"max-image-preview:large","max-video-preview":"max-video-preview:-1"},"og_locale":"es_MX","og_type":"article","og_title":"Batres V.S. Monreal y Alejandro Rojas D\u00edaz Dur\u00e1n Morena un partido que se pudre desde las entra\u00f1as - NOTICIAS DE LA 4T","og_description":"CIUDAD DE M\u00c9XICO (CDMXPRESS.- CDMX News.-) .- \u00a0El actual conflicto entre el coordinador de los...","og_url":"https:\/\/redamlo.com\/index.php\/2019\/08\/29\/batres-v-s-monreal-y-alejandro-rojas-diaz-duran-morena-un-partido-que-se-pudre-desde-las-entranas\/","og_site_name":"NOTICIAS DE LA 4T","article_published_time":"2019-08-29T14:46:25+00:00","og_image":[{"width":870,"height":522,"url":"https:\/\/redamlo.com\/wp-content\/uploads\/2019\/08\/Batres-VS-Monreal.jpeg","type":"image\/jpeg"}],"author":"Blanca","twitter_card":"summary_large_image","twitter_misc":{"Escrito por":"Blanca","Tiempo de lectura":"4 minutos"},"schema":{"@context":"https:\/\/schema.org","@graph":[{"@type":"Article","@id":"https:\/\/redamlo.com\/index.php\/2019\/08\/29\/batres-v-s-monreal-y-alejandro-rojas-diaz-duran-morena-un-partido-que-se-pudre-desde-las-entranas\/#article","isPartOf":{"@id":"https:\/\/redamlo.com\/index.php\/2019\/08\/29\/batres-v-s-monreal-y-alejandro-rojas-diaz-duran-morena-un-partido-que-se-pudre-desde-las-entranas\/"},"author":{"name":"Blanca","@id":"https:\/\/redamlo.com\/#\/schema\/person\/7223a4375eb8f1a782fcae010a7115cf"},"headline":"Batres V.S. Monreal y Alejandro Rojas D\u00edaz Dur\u00e1n Morena un partido que se pudre desde las entra\u00f1as","datePublished":"2019-08-29T14:46:25+00:00","mainEntityOfPage":{"@id":"https:\/\/redamlo.com\/index.php\/2019\/08\/29\/batres-v-s-monreal-y-alejandro-rojas-diaz-duran-morena-un-partido-que-se-pudre-desde-las-entranas\/"},"wordCount":798,"commentCount":0,"publisher":{"@id":"https:\/\/redamlo.com\/#organization"},"image":{"@id":"https:\/\/redamlo.com\/index.php\/2019\/08\/29\/batres-v-s-monreal-y-alejandro-rojas-diaz-duran-morena-un-partido-que-se-pudre-desde-las-entranas\/#primaryimage"},"thumbnailUrl":"https:\/\/redamlo.com\/wp-content\/uploads\/2019\/08\/Batres-VS-Monreal.jpeg","articleSection":["Nacionales","Pol\u00edtica"],"inLanguage":"es","potentialAction":[{"@type":"CommentAction","name":"Comment","target":["https:\/\/redamlo.com\/index.php\/2019\/08\/29\/batres-v-s-monreal-y-alejandro-rojas-diaz-duran-morena-un-partido-que-se-pudre-desde-las-entranas\/#respond"]}]},{"@type":"WebPage","@id":"https:\/\/redamlo.com\/index.php\/2019\/08\/29\/batres-v-s-monreal-y-alejandro-rojas-diaz-duran-morena-un-partido-que-se-pudre-desde-las-entranas\/","url":"https:\/\/redamlo.com\/index.php\/2019\/08\/29\/batres-v-s-monreal-y-alejandro-rojas-diaz-duran-morena-un-partido-que-se-pudre-desde-las-entranas\/","name":"Batres V.S. Monreal y Alejandro Rojas D\u00edaz Dur\u00e1n Morena un partido que se pudre desde las entra\u00f1as - NOTICIAS DE LA 4T","isPartOf":{"@id":"https:\/\/redamlo.com\/#website"},"primaryImageOfPage":{"@id":"https:\/\/redamlo.com\/index.php\/2019\/08\/29\/batres-v-s-monreal-y-alejandro-rojas-diaz-duran-morena-un-partido-que-se-pudre-desde-las-entranas\/#primaryimage"},"image":{"@id":"https:\/\/redamlo.com\/index.php\/2019\/08\/29\/batres-v-s-monreal-y-alejandro-rojas-diaz-duran-morena-un-partido-que-se-pudre-desde-las-entranas\/#primaryimage"},"thumbnailUrl":"https:\/\/redamlo.com\/wp-content\/uploads\/2019\/08\/Batres-VS-Monreal.jpeg","datePublished":"2019-08-29T14:46:25+00:00","breadcrumb":{"@id":"https:\/\/redamlo.com\/index.php\/2019\/08\/29\/batres-v-s-monreal-y-alejandro-rojas-diaz-duran-morena-un-partido-que-se-pudre-desde-las-entranas\/#breadcrumb"},"inLanguage":"es","potentialAction":[{"@type":"ReadAction","target":["https:\/\/redamlo.com\/index.php\/2019\/08\/29\/batres-v-s-monreal-y-alejandro-rojas-diaz-duran-morena-un-partido-que-se-pudre-desde-las-entranas\/"]}]},{"@type":"ImageObject","inLanguage":"es","@id":"https:\/\/redamlo.com\/index.php\/2019\/08\/29\/batres-v-s-monreal-y-alejandro-rojas-diaz-duran-morena-un-partido-que-se-pudre-desde-las-entranas\/#primaryimage","url":"https:\/\/redamlo.com\/wp-content\/uploads\/2019\/08\/Batres-VS-Monreal.jpeg","contentUrl":"https:\/\/redamlo.com\/wp-content\/uploads\/2019\/08\/Batres-VS-Monreal.jpeg","width":870,"height":522},{"@type":"BreadcrumbList","@id":"https:\/\/redamlo.com\/index.php\/2019\/08\/29\/batres-v-s-monreal-y-alejandro-rojas-diaz-duran-morena-un-partido-que-se-pudre-desde-las-entranas\/#breadcrumb","itemListElement":[{"@type":"ListItem","position":1,"name":"Inicio","item":"https:\/\/redamlo.com\/"},{"@type":"ListItem","position":2,"name":"Batres V.S. Monreal y Alejandro Rojas D\u00edaz Dur\u00e1n Morena un partido que se pudre desde las entra\u00f1as"}]},{"@type":"WebSite","@id":"https:\/\/redamlo.com\/#website","url":"https:\/\/redamlo.com\/","name":"NOTICIAS DE LA 4T","description":"","publisher":{"@id":"https:\/\/redamlo.com\/#organization"},"potentialAction":[{"@type":"SearchAction","target":{"@type":"EntryPoint","urlTemplate":"https:\/\/redamlo.com\/?s={search_term_string}"},"query-input":{"@type":"PropertyValueSpecification","valueRequired":true,"valueName":"search_term_string"}}],"inLanguage":"es"},{"@type":"Organization","@id":"https:\/\/redamlo.com\/#organization","name":"NOTICIAS DE LA 4T","url":"https:\/\/redamlo.com\/","logo":{"@type":"ImageObject","inLanguage":"es","@id":"https:\/\/redamlo.com\/#\/schema\/logo\/image\/","url":"https:\/\/redamlo.com\/wp-content\/uploads\/2024\/08\/cropped-RED-AMLO-logo-50.png","contentUrl":"https:\/\/redamlo.com\/wp-content\/uploads\/2024\/08\/cropped-RED-AMLO-logo-50.png","width":256,"height":256,"caption":"NOTICIAS DE LA 4T"},"image":{"@id":"https:\/\/redamlo.com\/#\/schema\/logo\/image\/"}},{"@type":"Person","@id":"https:\/\/redamlo.com\/#\/schema\/person\/7223a4375eb8f1a782fcae010a7115cf","name":"Blanca","image":{"@type":"ImageObject","inLanguage":"es","@id":"https:\/\/secure.gravatar.com\/avatar\/3f79bc8336367a4e6093eae8757acaaf61d1124834b905616de7829b0273426d?s=96&d=mm&r=g","url":"https:\/\/secure.gravatar.com\/avatar\/3f79bc8336367a4e6093eae8757acaaf61d1124834b905616de7829b0273426d?s=96&d=mm&r=g","contentUrl":"https:\/\/secure.gravatar.com\/avatar\/3f79bc8336367a4e6093eae8757acaaf61d1124834b905616de7829b0273426d?s=96&d=mm&r=g","caption":"Blanca"},"url":"https:\/\/redamlo.com\/index.php\/author\/blanca\/"}]}},"_links":{"self":[{"href":"https:\/\/redamlo.com\/index.php\/wp-json\/wp\/v2\/posts\/316","targetHints":{"allow":["GET"]}}],"collection":[{"href":"https:\/\/redamlo.com\/index.php\/wp-json\/wp\/v2\/posts"}],"about":[{"href":"https:\/\/redamlo.com\/index.php\/wp-json\/wp\/v2\/types\/post"}],"author":[{"embeddable":true,"href":"https:\/\/redamlo.com\/index.php\/wp-json\/wp\/v2\/users\/2"}],"replies":[{"embeddable":true,"href":"https:\/\/redamlo.com\/index.php\/wp-json\/wp\/v2\/comments?post=316"}],"version-history":[{"count":0,"href":"https:\/\/redamlo.com\/index.php\/wp-json\/wp\/v2\/posts\/316\/revisions"}],"wp:featuredmedia":[{"embeddable":true,"href":"https:\/\/redamlo.com\/index.php\/wp-json\/wp\/v2\/media\/318"}],"wp:attachment":[{"href":"https:\/\/redamlo.com\/index.php\/wp-json\/wp\/v2\/media?parent=316"}],"wp:term":[{"taxonomy":"category","embeddable":true,"href":"https:\/\/redamlo.com\/index.php\/wp-json\/wp\/v2\/categories?post=316"},{"taxonomy":"post_tag","embeddable":true,"href":"https:\/\/redamlo.com\/index.php\/wp-json\/wp\/v2\/tags?post=316"}],"curies":[{"name":"wp","href":"https:\/\/api.w.org\/{rel}","templated":true}]}}