{"id":301,"date":"2019-08-26T17:13:06","date_gmt":"2019-08-26T22:13:06","guid":{"rendered":"http:\/\/redamlo.com\/?p=301"},"modified":"2019-08-26T17:13:06","modified_gmt":"2019-08-26T22:13:06","slug":"loret-de-mola-vs-amlo","status":"publish","type":"post","link":"https:\/\/redamlo.com\/index.php\/2019\/08\/26\/loret-de-mola-vs-amlo\/","title":{"rendered":"Loret de Mola vs AMLO"},"content":{"rendered":"<p><strong>CDMX News.- CDMX Press.- Ciudad de M\u00e9xico Noticias<\/strong><\/p>\n<p class=\"parrafo\"><strong>Carlos Loret de Mola<\/strong> <strong class=\"CabezaDescanso\">critica nuevamente al gobierno <\/strong>de <strong>Andr\u00e9s Manuel L\u00f3pez Obrador.<\/strong><\/p>\n<p class=\"parrafo\">En redes sociales, el periodista lanz\u00f3 un <strong class=\"CabezaDescanso\">&#8220;contra-spot&#8221;<\/strong>\u00a0para hablar sobre los logros econ\u00f3micos del primer a\u00f1o de gobierno del presidente.<\/p>\n<p class=\"parrafo\">Utilizando la misma frase que el presidente en sus spots de gobierno, Loret de Mola dijo que &#8220;<strong class=\"CabezaDescanso\">no es para presumir<\/strong>&#8220;, pero la econom\u00eda no ha crecido y aument\u00f3 el desempleo en estos meses de gobierno.<\/p>\n<blockquote>\n<p class=\"parrafo\"><strong>&#8220;La econom\u00eda est\u00e1 estancada, el crecimiento durante el \u00faltimo trimestre fue cero, no ha subido la inversi\u00f3n, no ha subido la confianza, no ha subido el consumo, no ha subido la actividad industrial&#8221;,\u00a0<\/strong><\/p>\n<\/blockquote>\n<p>&nbsp;<\/p>\n<blockquote class=\"twitter-tweet\">\n<p dir=\"ltr\" lang=\"es\">Esto es como el contra-spot ? \u201cEn 30 segundos resumo lo econ\u00f3mico\u201d: <a href=\"https:\/\/t.co\/gFA9SQtdvp\">pic.twitter.com\/gFA9SQtdvp<\/a><\/p>\n<p>\u2014 Carlos Loret de Mola (@CarlosLoret) <a href=\"https:\/\/twitter.com\/CarlosLoret\/status\/1165990552749465600?ref_src=twsrc%5Etfw\">August 26, 2019<\/a><\/p><\/blockquote>\n<p><script async src=\"https:\/\/platform.twitter.com\/widgets.js\" charset=\"utf-8\"><\/script><\/p>\n<p>El gobierno federal liber\u00f3 los primeros spots para promocionar el primer informe de Gobierno del presidente Andr\u00e9s Manuel L\u00f3pez Obrador. Los temas de los que habla son econom\u00eda y austeridad.<\/p>\n<p>&#8220;No es para presumir, pero soy un hombre de palabra. No han aumentado los impuestos, no ha aumentado el precio de las gasolinas, el di\u00e9sel, el gas, la luz, no ha aumentado la deuda p\u00fablica&#8221;, se\u00f1ala L\u00f3pez Obrador en el primero de los materiales.<\/p>\n","protected":false},"excerpt":{"rendered":"<p>CDMX News.- CDMX Press.- Ciudad de M\u00e9xico Noticias Carlos Loret de Mola critica nuevamente al&#8230;<\/p>\n","protected":false},"author":2,"featured_media":303,"comment_status":"open","ping_status":"closed","sticky":false,"template":"","format":"standard","meta":{"footnotes":""},"categories":[20,5],"tags":[84,178],"class_list":["post-301","post","type-post","status-publish","format-standard","has-post-thumbnail","hentry","category-nacionales","category-politica","tag-amlo","tag-carlos-loret-de-mola"],"yoast_head":"<!-- This site is optimized with the Yoast SEO plugin v27.5 - https:\/\/yoast.com\/product\/yoast-seo-wordpress\/ -->\n<title>Loret de Mola vs AMLO - NOTICIAS DE LA 4T<\/title>\n<meta name=\"robots\" content=\"noindex, follow, max-snippet:-1, max-image-preview:large, max-video-preview:-1\" \/>\n<meta property=\"og:locale\" content=\"es_MX\" \/>\n<meta property=\"og:type\" content=\"article\" \/>\n<meta property=\"og:title\" content=\"Loret de Mola vs AMLO - NOTICIAS DE LA 4T\" \/>\n<meta property=\"og:description\" content=\"CDMX News.- CDMX Press.- Ciudad de M\u00e9xico Noticias Carlos Loret de Mola critica nuevamente al...\" \/>\n<meta property=\"og:url\" content=\"https:\/\/redamlo.com\/index.php\/2019\/08\/26\/loret-de-mola-vs-amlo\/\" \/>\n<meta property=\"og:site_name\" content=\"NOTICIAS DE LA 4T\" \/>\n<meta property=\"article:published_time\" content=\"2019-08-26T22:13:06+00:00\" \/>\n<meta property=\"og:image\" content=\"https:\/\/redamlo.com\/wp-content\/uploads\/2019\/08\/AMLO-VS-LORET-DE-MOLA.jpg\" \/>\n\t<meta property=\"og:image:width\" content=\"1397\" \/>\n\t<meta property=\"og:image:height\" content=\"891\" \/>\n\t<meta property=\"og:image:type\" content=\"image\/jpeg\" \/>\n<meta name=\"author\" content=\"Blanca\" \/>\n<meta name=\"twitter:card\" content=\"summary_large_image\" \/>\n<meta name=\"twitter:label1\" content=\"Escrito por\" \/>\n\t<meta name=\"twitter:data1\" content=\"Blanca\" \/>\n\t<meta name=\"twitter:label2\" content=\"Tiempo de lectura\" \/>\n\t<meta name=\"twitter:data2\" content=\"1 minuto\" \/>\n<script type=\"application\/ld+json\" class=\"yoast-schema-graph\">{\"@context\":\"https:\\\/\\\/schema.org\",\"@graph\":[{\"@type\":\"Article\",\"@id\":\"https:\\\/\\\/redamlo.com\\\/index.php\\\/2019\\\/08\\\/26\\\/loret-de-mola-vs-amlo\\\/#article\",\"isPartOf\":{\"@id\":\"https:\\\/\\\/redamlo.com\\\/index.php\\\/2019\\\/08\\\/26\\\/loret-de-mola-vs-amlo\\\/\"},\"author\":{\"name\":\"Blanca\",\"@id\":\"https:\\\/\\\/redamlo.com\\\/#\\\/schema\\\/person\\\/7223a4375eb8f1a782fcae010a7115cf\"},\"headline\":\"Loret de Mola vs AMLO\",\"datePublished\":\"2019-08-26T22:13:06+00:00\",\"mainEntityOfPage\":{\"@id\":\"https:\\\/\\\/redamlo.com\\\/index.php\\\/2019\\\/08\\\/26\\\/loret-de-mola-vs-amlo\\\/\"},\"wordCount\":230,\"commentCount\":0,\"publisher\":{\"@id\":\"https:\\\/\\\/redamlo.com\\\/#organization\"},\"image\":{\"@id\":\"https:\\\/\\\/redamlo.com\\\/index.php\\\/2019\\\/08\\\/26\\\/loret-de-mola-vs-amlo\\\/#primaryimage\"},\"thumbnailUrl\":\"https:\\\/\\\/redamlo.com\\\/wp-content\\\/uploads\\\/2019\\\/08\\\/AMLO-VS-LORET-DE-MOLA.jpg\",\"keywords\":[\"AMLO\",\"Carlos Loret de Mola\"],\"articleSection\":[\"Nacionales\",\"Pol\u00edtica\"],\"inLanguage\":\"es\",\"potentialAction\":[{\"@type\":\"CommentAction\",\"name\":\"Comment\",\"target\":[\"https:\\\/\\\/redamlo.com\\\/index.php\\\/2019\\\/08\\\/26\\\/loret-de-mola-vs-amlo\\\/#respond\"]}]},{\"@type\":\"WebPage\",\"@id\":\"https:\\\/\\\/redamlo.com\\\/index.php\\\/2019\\\/08\\\/26\\\/loret-de-mola-vs-amlo\\\/\",\"url\":\"https:\\\/\\\/redamlo.com\\\/index.php\\\/2019\\\/08\\\/26\\\/loret-de-mola-vs-amlo\\\/\",\"name\":\"Loret de Mola vs AMLO - NOTICIAS DE LA 4T\",\"isPartOf\":{\"@id\":\"https:\\\/\\\/redamlo.com\\\/#website\"},\"primaryImageOfPage\":{\"@id\":\"https:\\\/\\\/redamlo.com\\\/index.php\\\/2019\\\/08\\\/26\\\/loret-de-mola-vs-amlo\\\/#primaryimage\"},\"image\":{\"@id\":\"https:\\\/\\\/redamlo.com\\\/index.php\\\/2019\\\/08\\\/26\\\/loret-de-mola-vs-amlo\\\/#primaryimage\"},\"thumbnailUrl\":\"https:\\\/\\\/redamlo.com\\\/wp-content\\\/uploads\\\/2019\\\/08\\\/AMLO-VS-LORET-DE-MOLA.jpg\",\"datePublished\":\"2019-08-26T22:13:06+00:00\",\"breadcrumb\":{\"@id\":\"https:\\\/\\\/redamlo.com\\\/index.php\\\/2019\\\/08\\\/26\\\/loret-de-mola-vs-amlo\\\/#breadcrumb\"},\"inLanguage\":\"es\",\"potentialAction\":[{\"@type\":\"ReadAction\",\"target\":[\"https:\\\/\\\/redamlo.com\\\/index.php\\\/2019\\\/08\\\/26\\\/loret-de-mola-vs-amlo\\\/\"]}]},{\"@type\":\"ImageObject\",\"inLanguage\":\"es\",\"@id\":\"https:\\\/\\\/redamlo.com\\\/index.php\\\/2019\\\/08\\\/26\\\/loret-de-mola-vs-amlo\\\/#primaryimage\",\"url\":\"https:\\\/\\\/redamlo.com\\\/wp-content\\\/uploads\\\/2019\\\/08\\\/AMLO-VS-LORET-DE-MOLA.jpg\",\"contentUrl\":\"https:\\\/\\\/redamlo.com\\\/wp-content\\\/uploads\\\/2019\\\/08\\\/AMLO-VS-LORET-DE-MOLA.jpg\",\"width\":1397,\"height\":891},{\"@type\":\"BreadcrumbList\",\"@id\":\"https:\\\/\\\/redamlo.com\\\/index.php\\\/2019\\\/08\\\/26\\\/loret-de-mola-vs-amlo\\\/#breadcrumb\",\"itemListElement\":[{\"@type\":\"ListItem\",\"position\":1,\"name\":\"Inicio\",\"item\":\"https:\\\/\\\/redamlo.com\\\/\"},{\"@type\":\"ListItem\",\"position\":2,\"name\":\"Loret de Mola vs AMLO\"}]},{\"@type\":\"WebSite\",\"@id\":\"https:\\\/\\\/redamlo.com\\\/#website\",\"url\":\"https:\\\/\\\/redamlo.com\\\/\",\"name\":\"NOTICIAS DE LA 4T\",\"description\":\"\",\"publisher\":{\"@id\":\"https:\\\/\\\/redamlo.com\\\/#organization\"},\"potentialAction\":[{\"@type\":\"SearchAction\",\"target\":{\"@type\":\"EntryPoint\",\"urlTemplate\":\"https:\\\/\\\/redamlo.com\\\/?s={search_term_string}\"},\"query-input\":{\"@type\":\"PropertyValueSpecification\",\"valueRequired\":true,\"valueName\":\"search_term_string\"}}],\"inLanguage\":\"es\"},{\"@type\":\"Organization\",\"@id\":\"https:\\\/\\\/redamlo.com\\\/#organization\",\"name\":\"NOTICIAS DE LA 4T\",\"url\":\"https:\\\/\\\/redamlo.com\\\/\",\"logo\":{\"@type\":\"ImageObject\",\"inLanguage\":\"es\",\"@id\":\"https:\\\/\\\/redamlo.com\\\/#\\\/schema\\\/logo\\\/image\\\/\",\"url\":\"https:\\\/\\\/redamlo.com\\\/wp-content\\\/uploads\\\/2024\\\/08\\\/cropped-RED-AMLO-logo-50.png\",\"contentUrl\":\"https:\\\/\\\/redamlo.com\\\/wp-content\\\/uploads\\\/2024\\\/08\\\/cropped-RED-AMLO-logo-50.png\",\"width\":256,\"height\":256,\"caption\":\"NOTICIAS DE LA 4T\"},\"image\":{\"@id\":\"https:\\\/\\\/redamlo.com\\\/#\\\/schema\\\/logo\\\/image\\\/\"}},{\"@type\":\"Person\",\"@id\":\"https:\\\/\\\/redamlo.com\\\/#\\\/schema\\\/person\\\/7223a4375eb8f1a782fcae010a7115cf\",\"name\":\"Blanca\",\"image\":{\"@type\":\"ImageObject\",\"inLanguage\":\"es\",\"@id\":\"https:\\\/\\\/secure.gravatar.com\\\/avatar\\\/3f79bc8336367a4e6093eae8757acaaf61d1124834b905616de7829b0273426d?s=96&d=mm&r=g\",\"url\":\"https:\\\/\\\/secure.gravatar.com\\\/avatar\\\/3f79bc8336367a4e6093eae8757acaaf61d1124834b905616de7829b0273426d?s=96&d=mm&r=g\",\"contentUrl\":\"https:\\\/\\\/secure.gravatar.com\\\/avatar\\\/3f79bc8336367a4e6093eae8757acaaf61d1124834b905616de7829b0273426d?s=96&d=mm&r=g\",\"caption\":\"Blanca\"},\"url\":\"https:\\\/\\\/redamlo.com\\\/index.php\\\/author\\\/blanca\\\/\"}]}<\/script>\n<!-- \/ Yoast SEO plugin. -->","yoast_head_json":{"title":"Loret de Mola vs AMLO - NOTICIAS DE LA 4T","robots":{"index":"noindex","follow":"follow","max-snippet":"max-snippet:-1","max-image-preview":"max-image-preview:large","max-video-preview":"max-video-preview:-1"},"og_locale":"es_MX","og_type":"article","og_title":"Loret de Mola vs AMLO - NOTICIAS DE LA 4T","og_description":"CDMX News.- CDMX Press.- Ciudad de M\u00e9xico Noticias Carlos Loret de Mola critica nuevamente al...","og_url":"https:\/\/redamlo.com\/index.php\/2019\/08\/26\/loret-de-mola-vs-amlo\/","og_site_name":"NOTICIAS DE LA 4T","article_published_time":"2019-08-26T22:13:06+00:00","og_image":[{"width":1397,"height":891,"url":"https:\/\/redamlo.com\/wp-content\/uploads\/2019\/08\/AMLO-VS-LORET-DE-MOLA.jpg","type":"image\/jpeg"}],"author":"Blanca","twitter_card":"summary_large_image","twitter_misc":{"Escrito por":"Blanca","Tiempo de lectura":"1 minuto"},"schema":{"@context":"https:\/\/schema.org","@graph":[{"@type":"Article","@id":"https:\/\/redamlo.com\/index.php\/2019\/08\/26\/loret-de-mola-vs-amlo\/#article","isPartOf":{"@id":"https:\/\/redamlo.com\/index.php\/2019\/08\/26\/loret-de-mola-vs-amlo\/"},"author":{"name":"Blanca","@id":"https:\/\/redamlo.com\/#\/schema\/person\/7223a4375eb8f1a782fcae010a7115cf"},"headline":"Loret de Mola vs AMLO","datePublished":"2019-08-26T22:13:06+00:00","mainEntityOfPage":{"@id":"https:\/\/redamlo.com\/index.php\/2019\/08\/26\/loret-de-mola-vs-amlo\/"},"wordCount":230,"commentCount":0,"publisher":{"@id":"https:\/\/redamlo.com\/#organization"},"image":{"@id":"https:\/\/redamlo.com\/index.php\/2019\/08\/26\/loret-de-mola-vs-amlo\/#primaryimage"},"thumbnailUrl":"https:\/\/redamlo.com\/wp-content\/uploads\/2019\/08\/AMLO-VS-LORET-DE-MOLA.jpg","keywords":["AMLO","Carlos Loret de Mola"],"articleSection":["Nacionales","Pol\u00edtica"],"inLanguage":"es","potentialAction":[{"@type":"CommentAction","name":"Comment","target":["https:\/\/redamlo.com\/index.php\/2019\/08\/26\/loret-de-mola-vs-amlo\/#respond"]}]},{"@type":"WebPage","@id":"https:\/\/redamlo.com\/index.php\/2019\/08\/26\/loret-de-mola-vs-amlo\/","url":"https:\/\/redamlo.com\/index.php\/2019\/08\/26\/loret-de-mola-vs-amlo\/","name":"Loret de Mola vs AMLO - NOTICIAS DE LA 4T","isPartOf":{"@id":"https:\/\/redamlo.com\/#website"},"primaryImageOfPage":{"@id":"https:\/\/redamlo.com\/index.php\/2019\/08\/26\/loret-de-mola-vs-amlo\/#primaryimage"},"image":{"@id":"https:\/\/redamlo.com\/index.php\/2019\/08\/26\/loret-de-mola-vs-amlo\/#primaryimage"},"thumbnailUrl":"https:\/\/redamlo.com\/wp-content\/uploads\/2019\/08\/AMLO-VS-LORET-DE-MOLA.jpg","datePublished":"2019-08-26T22:13:06+00:00","breadcrumb":{"@id":"https:\/\/redamlo.com\/index.php\/2019\/08\/26\/loret-de-mola-vs-amlo\/#breadcrumb"},"inLanguage":"es","potentialAction":[{"@type":"ReadAction","target":["https:\/\/redamlo.com\/index.php\/2019\/08\/26\/loret-de-mola-vs-amlo\/"]}]},{"@type":"ImageObject","inLanguage":"es","@id":"https:\/\/redamlo.com\/index.php\/2019\/08\/26\/loret-de-mola-vs-amlo\/#primaryimage","url":"https:\/\/redamlo.com\/wp-content\/uploads\/2019\/08\/AMLO-VS-LORET-DE-MOLA.jpg","contentUrl":"https:\/\/redamlo.com\/wp-content\/uploads\/2019\/08\/AMLO-VS-LORET-DE-MOLA.jpg","width":1397,"height":891},{"@type":"BreadcrumbList","@id":"https:\/\/redamlo.com\/index.php\/2019\/08\/26\/loret-de-mola-vs-amlo\/#breadcrumb","itemListElement":[{"@type":"ListItem","position":1,"name":"Inicio","item":"https:\/\/redamlo.com\/"},{"@type":"ListItem","position":2,"name":"Loret de Mola vs AMLO"}]},{"@type":"WebSite","@id":"https:\/\/redamlo.com\/#website","url":"https:\/\/redamlo.com\/","name":"NOTICIAS DE LA 4T","description":"","publisher":{"@id":"https:\/\/redamlo.com\/#organization"},"potentialAction":[{"@type":"SearchAction","target":{"@type":"EntryPoint","urlTemplate":"https:\/\/redamlo.com\/?s={search_term_string}"},"query-input":{"@type":"PropertyValueSpecification","valueRequired":true,"valueName":"search_term_string"}}],"inLanguage":"es"},{"@type":"Organization","@id":"https:\/\/redamlo.com\/#organization","name":"NOTICIAS DE LA 4T","url":"https:\/\/redamlo.com\/","logo":{"@type":"ImageObject","inLanguage":"es","@id":"https:\/\/redamlo.com\/#\/schema\/logo\/image\/","url":"https:\/\/redamlo.com\/wp-content\/uploads\/2024\/08\/cropped-RED-AMLO-logo-50.png","contentUrl":"https:\/\/redamlo.com\/wp-content\/uploads\/2024\/08\/cropped-RED-AMLO-logo-50.png","width":256,"height":256,"caption":"NOTICIAS DE LA 4T"},"image":{"@id":"https:\/\/redamlo.com\/#\/schema\/logo\/image\/"}},{"@type":"Person","@id":"https:\/\/redamlo.com\/#\/schema\/person\/7223a4375eb8f1a782fcae010a7115cf","name":"Blanca","image":{"@type":"ImageObject","inLanguage":"es","@id":"https:\/\/secure.gravatar.com\/avatar\/3f79bc8336367a4e6093eae8757acaaf61d1124834b905616de7829b0273426d?s=96&d=mm&r=g","url":"https:\/\/secure.gravatar.com\/avatar\/3f79bc8336367a4e6093eae8757acaaf61d1124834b905616de7829b0273426d?s=96&d=mm&r=g","contentUrl":"https:\/\/secure.gravatar.com\/avatar\/3f79bc8336367a4e6093eae8757acaaf61d1124834b905616de7829b0273426d?s=96&d=mm&r=g","caption":"Blanca"},"url":"https:\/\/redamlo.com\/index.php\/author\/blanca\/"}]}},"_links":{"self":[{"href":"https:\/\/redamlo.com\/index.php\/wp-json\/wp\/v2\/posts\/301","targetHints":{"allow":["GET"]}}],"collection":[{"href":"https:\/\/redamlo.com\/index.php\/wp-json\/wp\/v2\/posts"}],"about":[{"href":"https:\/\/redamlo.com\/index.php\/wp-json\/wp\/v2\/types\/post"}],"author":[{"embeddable":true,"href":"https:\/\/redamlo.com\/index.php\/wp-json\/wp\/v2\/users\/2"}],"replies":[{"embeddable":true,"href":"https:\/\/redamlo.com\/index.php\/wp-json\/wp\/v2\/comments?post=301"}],"version-history":[{"count":0,"href":"https:\/\/redamlo.com\/index.php\/wp-json\/wp\/v2\/posts\/301\/revisions"}],"wp:featuredmedia":[{"embeddable":true,"href":"https:\/\/redamlo.com\/index.php\/wp-json\/wp\/v2\/media\/303"}],"wp:attachment":[{"href":"https:\/\/redamlo.com\/index.php\/wp-json\/wp\/v2\/media?parent=301"}],"wp:term":[{"taxonomy":"category","embeddable":true,"href":"https:\/\/redamlo.com\/index.php\/wp-json\/wp\/v2\/categories?post=301"},{"taxonomy":"post_tag","embeddable":true,"href":"https:\/\/redamlo.com\/index.php\/wp-json\/wp\/v2\/tags?post=301"}],"curies":[{"name":"wp","href":"https:\/\/api.w.org\/{rel}","templated":true}]}}