{"id":287,"date":"2019-08-23T10:57:12","date_gmt":"2019-08-23T15:57:12","guid":{"rendered":"http:\/\/redamlo.com\/?p=287"},"modified":"2019-08-23T10:57:12","modified_gmt":"2019-08-23T15:57:12","slug":"el-gobierno-respeta-el-trabajo-de-los-periodistas-el-gobierno-respeta-el-trabajo-de-los-periodistas","status":"publish","type":"post","link":"https:\/\/redamlo.com\/index.php\/2019\/08\/23\/el-gobierno-respeta-el-trabajo-de-los-periodistas-el-gobierno-respeta-el-trabajo-de-los-periodistas\/","title":{"rendered":"El gobierno respeta el trabajo de los periodistas el gobierno respeta el trabajo de los periodistas"},"content":{"rendered":"<p>CDMX News.- El vocero Presidencial,\u00a0<b>Jes\u00fas Ram\u00edrez Cuevas<\/b>, asegur\u00f3 que el gobierno respeta el trabajo de los periodistas y no promueve despidos en ning\u00fan medio.<\/p>\n<p>Lo anterior surge gracias a que el Periodista<strong> Carlos Loret<\/strong> de Mola saliera de Televisa y al comentario de <strong>Vicente Fox\u00a0 quien<\/strong><\/p>\n<p><strong>&#8220;intu\u00eda de d\u00f3nde ven\u00eda la orden&#8221; de la salida del periodista.\u00a0<\/strong><\/p>\n<blockquote class=\"twitter-tweet\">\n<p dir=\"ltr\" lang=\"es\">El <a href=\"https:\/\/twitter.com\/GobiernoMX?ref_src=twsrc%5Etfw\">@GobiernoMX<\/a> respeta el trabajo de los y las periodistas y defiende la libertad de expresi\u00f3n. Por tanto, no censura, ni reconviene, ni pide el despido o remoci\u00f3n de nadie en ning\u00fan medio. Afirmar lo contrario es una noticia falsa.<\/p>\n<p>\u2014 Jes\u00fas Ram\u00edrez Cuevas (@JesusRCuevas) <a href=\"https:\/\/twitter.com\/JesusRCuevas\/status\/1164695155821174784?ref_src=twsrc%5Etfw\">August 23, 2019<\/a><\/p><\/blockquote>\n<p><script async src=\"https:\/\/platform.twitter.com\/widgets.js\" charset=\"utf-8\"><\/script><\/p>\n","protected":false},"excerpt":{"rendered":"<p>CDMX News.- El vocero Presidencial,\u00a0Jes\u00fas Ram\u00edrez Cuevas, asegur\u00f3 que el gobierno respeta el trabajo de&#8230;<\/p>\n","protected":false},"author":2,"featured_media":289,"comment_status":"open","ping_status":"closed","sticky":false,"template":"","format":"standard","meta":{"footnotes":""},"categories":[1],"tags":[175,40,176],"class_list":["post-287","post","type-post","status-publish","format-standard","has-post-thumbnail","hentry","category-uncategorized","tag-libertad-de-expresion","tag-noticias","tag-periodismo"],"yoast_head":"<!-- This site is optimized with the Yoast SEO plugin v27.5 - https:\/\/yoast.com\/product\/yoast-seo-wordpress\/ -->\n<title>El gobierno respeta el trabajo de los periodistas el gobierno respeta el trabajo de los periodistas - NOTICIAS DE LA 4T<\/title>\n<meta name=\"robots\" content=\"noindex, follow, max-snippet:-1, max-image-preview:large, max-video-preview:-1\" \/>\n<meta property=\"og:locale\" content=\"es_MX\" \/>\n<meta property=\"og:type\" content=\"article\" \/>\n<meta property=\"og:title\" content=\"El gobierno respeta el trabajo de los periodistas el gobierno respeta el trabajo de los periodistas - NOTICIAS DE LA 4T\" \/>\n<meta property=\"og:description\" content=\"CDMX News.- El vocero Presidencial,\u00a0Jes\u00fas Ram\u00edrez Cuevas, asegur\u00f3 que el gobierno respeta el trabajo de...\" \/>\n<meta property=\"og:url\" content=\"https:\/\/redamlo.com\/index.php\/2019\/08\/23\/el-gobierno-respeta-el-trabajo-de-los-periodistas-el-gobierno-respeta-el-trabajo-de-los-periodistas\/\" \/>\n<meta property=\"og:site_name\" content=\"NOTICIAS DE LA 4T\" \/>\n<meta property=\"article:published_time\" content=\"2019-08-23T15:57:12+00:00\" \/>\n<meta property=\"og:image\" content=\"https:\/\/redamlo.com\/wp-content\/uploads\/2019\/08\/jesus-ramirez-cuevas.jpeg\" \/>\n\t<meta property=\"og:image:width\" content=\"1280\" \/>\n\t<meta property=\"og:image:height\" content=\"853\" \/>\n\t<meta property=\"og:image:type\" content=\"image\/jpeg\" \/>\n<meta name=\"author\" content=\"Blanca\" \/>\n<meta name=\"twitter:card\" content=\"summary_large_image\" \/>\n<meta name=\"twitter:label1\" content=\"Escrito por\" \/>\n\t<meta name=\"twitter:data1\" content=\"Blanca\" \/>\n\t<meta name=\"twitter:label2\" content=\"Tiempo de lectura\" \/>\n\t<meta name=\"twitter:data2\" content=\"1 minuto\" \/>\n<script type=\"application\/ld+json\" class=\"yoast-schema-graph\">{\"@context\":\"https:\\\/\\\/schema.org\",\"@graph\":[{\"@type\":\"Article\",\"@id\":\"https:\\\/\\\/redamlo.com\\\/index.php\\\/2019\\\/08\\\/23\\\/el-gobierno-respeta-el-trabajo-de-los-periodistas-el-gobierno-respeta-el-trabajo-de-los-periodistas\\\/#article\",\"isPartOf\":{\"@id\":\"https:\\\/\\\/redamlo.com\\\/index.php\\\/2019\\\/08\\\/23\\\/el-gobierno-respeta-el-trabajo-de-los-periodistas-el-gobierno-respeta-el-trabajo-de-los-periodistas\\\/\"},\"author\":{\"name\":\"Blanca\",\"@id\":\"https:\\\/\\\/redamlo.com\\\/#\\\/schema\\\/person\\\/7223a4375eb8f1a782fcae010a7115cf\"},\"headline\":\"El gobierno respeta el trabajo de los periodistas el gobierno respeta el trabajo de los periodistas\",\"datePublished\":\"2019-08-23T15:57:12+00:00\",\"mainEntityOfPage\":{\"@id\":\"https:\\\/\\\/redamlo.com\\\/index.php\\\/2019\\\/08\\\/23\\\/el-gobierno-respeta-el-trabajo-de-los-periodistas-el-gobierno-respeta-el-trabajo-de-los-periodistas\\\/\"},\"wordCount\":131,\"commentCount\":0,\"publisher\":{\"@id\":\"https:\\\/\\\/redamlo.com\\\/#organization\"},\"image\":{\"@id\":\"https:\\\/\\\/redamlo.com\\\/index.php\\\/2019\\\/08\\\/23\\\/el-gobierno-respeta-el-trabajo-de-los-periodistas-el-gobierno-respeta-el-trabajo-de-los-periodistas\\\/#primaryimage\"},\"thumbnailUrl\":\"https:\\\/\\\/redamlo.com\\\/wp-content\\\/uploads\\\/2019\\\/08\\\/jesus-ramirez-cuevas.jpeg\",\"keywords\":[\"Libertad de Expresion\",\"noticias\",\"Periodismo\"],\"articleSection\":[\"Uncategorized\"],\"inLanguage\":\"es\",\"potentialAction\":[{\"@type\":\"CommentAction\",\"name\":\"Comment\",\"target\":[\"https:\\\/\\\/redamlo.com\\\/index.php\\\/2019\\\/08\\\/23\\\/el-gobierno-respeta-el-trabajo-de-los-periodistas-el-gobierno-respeta-el-trabajo-de-los-periodistas\\\/#respond\"]}]},{\"@type\":\"WebPage\",\"@id\":\"https:\\\/\\\/redamlo.com\\\/index.php\\\/2019\\\/08\\\/23\\\/el-gobierno-respeta-el-trabajo-de-los-periodistas-el-gobierno-respeta-el-trabajo-de-los-periodistas\\\/\",\"url\":\"https:\\\/\\\/redamlo.com\\\/index.php\\\/2019\\\/08\\\/23\\\/el-gobierno-respeta-el-trabajo-de-los-periodistas-el-gobierno-respeta-el-trabajo-de-los-periodistas\\\/\",\"name\":\"El gobierno respeta el trabajo de los periodistas el gobierno respeta el trabajo de los periodistas - NOTICIAS DE LA 4T\",\"isPartOf\":{\"@id\":\"https:\\\/\\\/redamlo.com\\\/#website\"},\"primaryImageOfPage\":{\"@id\":\"https:\\\/\\\/redamlo.com\\\/index.php\\\/2019\\\/08\\\/23\\\/el-gobierno-respeta-el-trabajo-de-los-periodistas-el-gobierno-respeta-el-trabajo-de-los-periodistas\\\/#primaryimage\"},\"image\":{\"@id\":\"https:\\\/\\\/redamlo.com\\\/index.php\\\/2019\\\/08\\\/23\\\/el-gobierno-respeta-el-trabajo-de-los-periodistas-el-gobierno-respeta-el-trabajo-de-los-periodistas\\\/#primaryimage\"},\"thumbnailUrl\":\"https:\\\/\\\/redamlo.com\\\/wp-content\\\/uploads\\\/2019\\\/08\\\/jesus-ramirez-cuevas.jpeg\",\"datePublished\":\"2019-08-23T15:57:12+00:00\",\"breadcrumb\":{\"@id\":\"https:\\\/\\\/redamlo.com\\\/index.php\\\/2019\\\/08\\\/23\\\/el-gobierno-respeta-el-trabajo-de-los-periodistas-el-gobierno-respeta-el-trabajo-de-los-periodistas\\\/#breadcrumb\"},\"inLanguage\":\"es\",\"potentialAction\":[{\"@type\":\"ReadAction\",\"target\":[\"https:\\\/\\\/redamlo.com\\\/index.php\\\/2019\\\/08\\\/23\\\/el-gobierno-respeta-el-trabajo-de-los-periodistas-el-gobierno-respeta-el-trabajo-de-los-periodistas\\\/\"]}]},{\"@type\":\"ImageObject\",\"inLanguage\":\"es\",\"@id\":\"https:\\\/\\\/redamlo.com\\\/index.php\\\/2019\\\/08\\\/23\\\/el-gobierno-respeta-el-trabajo-de-los-periodistas-el-gobierno-respeta-el-trabajo-de-los-periodistas\\\/#primaryimage\",\"url\":\"https:\\\/\\\/redamlo.com\\\/wp-content\\\/uploads\\\/2019\\\/08\\\/jesus-ramirez-cuevas.jpeg\",\"contentUrl\":\"https:\\\/\\\/redamlo.com\\\/wp-content\\\/uploads\\\/2019\\\/08\\\/jesus-ramirez-cuevas.jpeg\",\"width\":1280,\"height\":853},{\"@type\":\"BreadcrumbList\",\"@id\":\"https:\\\/\\\/redamlo.com\\\/index.php\\\/2019\\\/08\\\/23\\\/el-gobierno-respeta-el-trabajo-de-los-periodistas-el-gobierno-respeta-el-trabajo-de-los-periodistas\\\/#breadcrumb\",\"itemListElement\":[{\"@type\":\"ListItem\",\"position\":1,\"name\":\"Inicio\",\"item\":\"https:\\\/\\\/redamlo.com\\\/\"},{\"@type\":\"ListItem\",\"position\":2,\"name\":\"El gobierno respeta el trabajo de los periodistas el gobierno respeta el trabajo de los periodistas\"}]},{\"@type\":\"WebSite\",\"@id\":\"https:\\\/\\\/redamlo.com\\\/#website\",\"url\":\"https:\\\/\\\/redamlo.com\\\/\",\"name\":\"NOTICIAS DE LA 4T\",\"description\":\"\",\"publisher\":{\"@id\":\"https:\\\/\\\/redamlo.com\\\/#organization\"},\"potentialAction\":[{\"@type\":\"SearchAction\",\"target\":{\"@type\":\"EntryPoint\",\"urlTemplate\":\"https:\\\/\\\/redamlo.com\\\/?s={search_term_string}\"},\"query-input\":{\"@type\":\"PropertyValueSpecification\",\"valueRequired\":true,\"valueName\":\"search_term_string\"}}],\"inLanguage\":\"es\"},{\"@type\":\"Organization\",\"@id\":\"https:\\\/\\\/redamlo.com\\\/#organization\",\"name\":\"NOTICIAS DE LA 4T\",\"url\":\"https:\\\/\\\/redamlo.com\\\/\",\"logo\":{\"@type\":\"ImageObject\",\"inLanguage\":\"es\",\"@id\":\"https:\\\/\\\/redamlo.com\\\/#\\\/schema\\\/logo\\\/image\\\/\",\"url\":\"https:\\\/\\\/redamlo.com\\\/wp-content\\\/uploads\\\/2024\\\/08\\\/cropped-RED-AMLO-logo-50.png\",\"contentUrl\":\"https:\\\/\\\/redamlo.com\\\/wp-content\\\/uploads\\\/2024\\\/08\\\/cropped-RED-AMLO-logo-50.png\",\"width\":256,\"height\":256,\"caption\":\"NOTICIAS DE LA 4T\"},\"image\":{\"@id\":\"https:\\\/\\\/redamlo.com\\\/#\\\/schema\\\/logo\\\/image\\\/\"}},{\"@type\":\"Person\",\"@id\":\"https:\\\/\\\/redamlo.com\\\/#\\\/schema\\\/person\\\/7223a4375eb8f1a782fcae010a7115cf\",\"name\":\"Blanca\",\"image\":{\"@type\":\"ImageObject\",\"inLanguage\":\"es\",\"@id\":\"https:\\\/\\\/secure.gravatar.com\\\/avatar\\\/3f79bc8336367a4e6093eae8757acaaf61d1124834b905616de7829b0273426d?s=96&d=mm&r=g\",\"url\":\"https:\\\/\\\/secure.gravatar.com\\\/avatar\\\/3f79bc8336367a4e6093eae8757acaaf61d1124834b905616de7829b0273426d?s=96&d=mm&r=g\",\"contentUrl\":\"https:\\\/\\\/secure.gravatar.com\\\/avatar\\\/3f79bc8336367a4e6093eae8757acaaf61d1124834b905616de7829b0273426d?s=96&d=mm&r=g\",\"caption\":\"Blanca\"},\"url\":\"https:\\\/\\\/redamlo.com\\\/index.php\\\/author\\\/blanca\\\/\"}]}<\/script>\n<!-- \/ Yoast SEO plugin. -->","yoast_head_json":{"title":"El gobierno respeta el trabajo de los periodistas el gobierno respeta el trabajo de los periodistas - NOTICIAS DE LA 4T","robots":{"index":"noindex","follow":"follow","max-snippet":"max-snippet:-1","max-image-preview":"max-image-preview:large","max-video-preview":"max-video-preview:-1"},"og_locale":"es_MX","og_type":"article","og_title":"El gobierno respeta el trabajo de los periodistas el gobierno respeta el trabajo de los periodistas - NOTICIAS DE LA 4T","og_description":"CDMX News.- El vocero Presidencial,\u00a0Jes\u00fas Ram\u00edrez Cuevas, asegur\u00f3 que el gobierno respeta el trabajo de...","og_url":"https:\/\/redamlo.com\/index.php\/2019\/08\/23\/el-gobierno-respeta-el-trabajo-de-los-periodistas-el-gobierno-respeta-el-trabajo-de-los-periodistas\/","og_site_name":"NOTICIAS DE LA 4T","article_published_time":"2019-08-23T15:57:12+00:00","og_image":[{"width":1280,"height":853,"url":"https:\/\/redamlo.com\/wp-content\/uploads\/2019\/08\/jesus-ramirez-cuevas.jpeg","type":"image\/jpeg"}],"author":"Blanca","twitter_card":"summary_large_image","twitter_misc":{"Escrito por":"Blanca","Tiempo de lectura":"1 minuto"},"schema":{"@context":"https:\/\/schema.org","@graph":[{"@type":"Article","@id":"https:\/\/redamlo.com\/index.php\/2019\/08\/23\/el-gobierno-respeta-el-trabajo-de-los-periodistas-el-gobierno-respeta-el-trabajo-de-los-periodistas\/#article","isPartOf":{"@id":"https:\/\/redamlo.com\/index.php\/2019\/08\/23\/el-gobierno-respeta-el-trabajo-de-los-periodistas-el-gobierno-respeta-el-trabajo-de-los-periodistas\/"},"author":{"name":"Blanca","@id":"https:\/\/redamlo.com\/#\/schema\/person\/7223a4375eb8f1a782fcae010a7115cf"},"headline":"El gobierno respeta el trabajo de los periodistas el gobierno respeta el trabajo de los periodistas","datePublished":"2019-08-23T15:57:12+00:00","mainEntityOfPage":{"@id":"https:\/\/redamlo.com\/index.php\/2019\/08\/23\/el-gobierno-respeta-el-trabajo-de-los-periodistas-el-gobierno-respeta-el-trabajo-de-los-periodistas\/"},"wordCount":131,"commentCount":0,"publisher":{"@id":"https:\/\/redamlo.com\/#organization"},"image":{"@id":"https:\/\/redamlo.com\/index.php\/2019\/08\/23\/el-gobierno-respeta-el-trabajo-de-los-periodistas-el-gobierno-respeta-el-trabajo-de-los-periodistas\/#primaryimage"},"thumbnailUrl":"https:\/\/redamlo.com\/wp-content\/uploads\/2019\/08\/jesus-ramirez-cuevas.jpeg","keywords":["Libertad de Expresion","noticias","Periodismo"],"articleSection":["Uncategorized"],"inLanguage":"es","potentialAction":[{"@type":"CommentAction","name":"Comment","target":["https:\/\/redamlo.com\/index.php\/2019\/08\/23\/el-gobierno-respeta-el-trabajo-de-los-periodistas-el-gobierno-respeta-el-trabajo-de-los-periodistas\/#respond"]}]},{"@type":"WebPage","@id":"https:\/\/redamlo.com\/index.php\/2019\/08\/23\/el-gobierno-respeta-el-trabajo-de-los-periodistas-el-gobierno-respeta-el-trabajo-de-los-periodistas\/","url":"https:\/\/redamlo.com\/index.php\/2019\/08\/23\/el-gobierno-respeta-el-trabajo-de-los-periodistas-el-gobierno-respeta-el-trabajo-de-los-periodistas\/","name":"El gobierno respeta el trabajo de los periodistas el gobierno respeta el trabajo de los periodistas - NOTICIAS DE LA 4T","isPartOf":{"@id":"https:\/\/redamlo.com\/#website"},"primaryImageOfPage":{"@id":"https:\/\/redamlo.com\/index.php\/2019\/08\/23\/el-gobierno-respeta-el-trabajo-de-los-periodistas-el-gobierno-respeta-el-trabajo-de-los-periodistas\/#primaryimage"},"image":{"@id":"https:\/\/redamlo.com\/index.php\/2019\/08\/23\/el-gobierno-respeta-el-trabajo-de-los-periodistas-el-gobierno-respeta-el-trabajo-de-los-periodistas\/#primaryimage"},"thumbnailUrl":"https:\/\/redamlo.com\/wp-content\/uploads\/2019\/08\/jesus-ramirez-cuevas.jpeg","datePublished":"2019-08-23T15:57:12+00:00","breadcrumb":{"@id":"https:\/\/redamlo.com\/index.php\/2019\/08\/23\/el-gobierno-respeta-el-trabajo-de-los-periodistas-el-gobierno-respeta-el-trabajo-de-los-periodistas\/#breadcrumb"},"inLanguage":"es","potentialAction":[{"@type":"ReadAction","target":["https:\/\/redamlo.com\/index.php\/2019\/08\/23\/el-gobierno-respeta-el-trabajo-de-los-periodistas-el-gobierno-respeta-el-trabajo-de-los-periodistas\/"]}]},{"@type":"ImageObject","inLanguage":"es","@id":"https:\/\/redamlo.com\/index.php\/2019\/08\/23\/el-gobierno-respeta-el-trabajo-de-los-periodistas-el-gobierno-respeta-el-trabajo-de-los-periodistas\/#primaryimage","url":"https:\/\/redamlo.com\/wp-content\/uploads\/2019\/08\/jesus-ramirez-cuevas.jpeg","contentUrl":"https:\/\/redamlo.com\/wp-content\/uploads\/2019\/08\/jesus-ramirez-cuevas.jpeg","width":1280,"height":853},{"@type":"BreadcrumbList","@id":"https:\/\/redamlo.com\/index.php\/2019\/08\/23\/el-gobierno-respeta-el-trabajo-de-los-periodistas-el-gobierno-respeta-el-trabajo-de-los-periodistas\/#breadcrumb","itemListElement":[{"@type":"ListItem","position":1,"name":"Inicio","item":"https:\/\/redamlo.com\/"},{"@type":"ListItem","position":2,"name":"El gobierno respeta el trabajo de los periodistas el gobierno respeta el trabajo de los periodistas"}]},{"@type":"WebSite","@id":"https:\/\/redamlo.com\/#website","url":"https:\/\/redamlo.com\/","name":"NOTICIAS DE LA 4T","description":"","publisher":{"@id":"https:\/\/redamlo.com\/#organization"},"potentialAction":[{"@type":"SearchAction","target":{"@type":"EntryPoint","urlTemplate":"https:\/\/redamlo.com\/?s={search_term_string}"},"query-input":{"@type":"PropertyValueSpecification","valueRequired":true,"valueName":"search_term_string"}}],"inLanguage":"es"},{"@type":"Organization","@id":"https:\/\/redamlo.com\/#organization","name":"NOTICIAS DE LA 4T","url":"https:\/\/redamlo.com\/","logo":{"@type":"ImageObject","inLanguage":"es","@id":"https:\/\/redamlo.com\/#\/schema\/logo\/image\/","url":"https:\/\/redamlo.com\/wp-content\/uploads\/2024\/08\/cropped-RED-AMLO-logo-50.png","contentUrl":"https:\/\/redamlo.com\/wp-content\/uploads\/2024\/08\/cropped-RED-AMLO-logo-50.png","width":256,"height":256,"caption":"NOTICIAS DE LA 4T"},"image":{"@id":"https:\/\/redamlo.com\/#\/schema\/logo\/image\/"}},{"@type":"Person","@id":"https:\/\/redamlo.com\/#\/schema\/person\/7223a4375eb8f1a782fcae010a7115cf","name":"Blanca","image":{"@type":"ImageObject","inLanguage":"es","@id":"https:\/\/secure.gravatar.com\/avatar\/3f79bc8336367a4e6093eae8757acaaf61d1124834b905616de7829b0273426d?s=96&d=mm&r=g","url":"https:\/\/secure.gravatar.com\/avatar\/3f79bc8336367a4e6093eae8757acaaf61d1124834b905616de7829b0273426d?s=96&d=mm&r=g","contentUrl":"https:\/\/secure.gravatar.com\/avatar\/3f79bc8336367a4e6093eae8757acaaf61d1124834b905616de7829b0273426d?s=96&d=mm&r=g","caption":"Blanca"},"url":"https:\/\/redamlo.com\/index.php\/author\/blanca\/"}]}},"_links":{"self":[{"href":"https:\/\/redamlo.com\/index.php\/wp-json\/wp\/v2\/posts\/287","targetHints":{"allow":["GET"]}}],"collection":[{"href":"https:\/\/redamlo.com\/index.php\/wp-json\/wp\/v2\/posts"}],"about":[{"href":"https:\/\/redamlo.com\/index.php\/wp-json\/wp\/v2\/types\/post"}],"author":[{"embeddable":true,"href":"https:\/\/redamlo.com\/index.php\/wp-json\/wp\/v2\/users\/2"}],"replies":[{"embeddable":true,"href":"https:\/\/redamlo.com\/index.php\/wp-json\/wp\/v2\/comments?post=287"}],"version-history":[{"count":0,"href":"https:\/\/redamlo.com\/index.php\/wp-json\/wp\/v2\/posts\/287\/revisions"}],"wp:featuredmedia":[{"embeddable":true,"href":"https:\/\/redamlo.com\/index.php\/wp-json\/wp\/v2\/media\/289"}],"wp:attachment":[{"href":"https:\/\/redamlo.com\/index.php\/wp-json\/wp\/v2\/media?parent=287"}],"wp:term":[{"taxonomy":"category","embeddable":true,"href":"https:\/\/redamlo.com\/index.php\/wp-json\/wp\/v2\/categories?post=287"},{"taxonomy":"post_tag","embeddable":true,"href":"https:\/\/redamlo.com\/index.php\/wp-json\/wp\/v2\/tags?post=287"}],"curies":[{"name":"wp","href":"https:\/\/api.w.org\/{rel}","templated":true}]}}