{"id":284,"date":"2019-08-22T16:14:52","date_gmt":"2019-08-22T21:14:52","guid":{"rendered":"http:\/\/redamlo.com\/?p=284"},"modified":"2019-08-22T16:14:52","modified_gmt":"2019-08-22T21:14:52","slug":"encuentro-de-grafica-guanajuato-2019","status":"publish","type":"post","link":"https:\/\/redamlo.com\/index.php\/2019\/08\/22\/encuentro-de-grafica-guanajuato-2019\/","title":{"rendered":"Encuentro de Gr\u00e1fica Guanajuato 2019"},"content":{"rendered":"<p><strong>Guanajuato News.- <\/strong>Del 27 al 30 de agosto, se realizar\u00e1 la primera edici\u00f3n del Encuentro de Gr\u00e1fica, as\u00ed lo inform\u00f3 el Instituto Estatal de la Cultura.<\/p>\n<p>Grandes artistas gr\u00e1ficos, como Ricardo Sanabria, Marisol Guerrero, Francisco Romero y Shinzaburo Takeda, se dar\u00e1n cita para compartir sus conocimientos en este encuentro que tendr\u00e1 entre sus sedes en el Centro de las Artes de Guanajuato, de Salamanca, y la Escuela de Artes Pl\u00e1sticas, Antonio Segoviano, de Le\u00f3n.<\/p>\n<p>Se abrir\u00e1n tambi\u00e9n en el Museo del Pueblo de Guanajuato las exposiciones del artista mexicano Jonathan Miralda y \u201cMaestros del grabado. Colecci\u00f3n de la Universidad De La Salle Baj\u00edo\u201d, que re\u00fane obras de consagrados de la gr\u00e1fica mexicana, como Jos\u00e9 Guadalupe Posada, Jes\u00fas Gallardo, Jan Hendrix, Jos\u00e9 Luis Cuevas o Vicente Rojo.<\/p>\n<p>El Encuentro de Gr\u00e1fica iniciar\u00e1 el 27, en el Centro de las Artes de Guanajuato, con la mesa redonda \u201cCreaci\u00f3n y experimentaci\u00f3n de proyectos de la gr\u00e1fica y su importancia en la historia y el desarrollo social\u201d, en la que participar\u00e1n: Andr\u00e9s V\u00e1zquez Gloria, Andr\u00e9s Ordaz y Mercurio L\u00f3pez Casillas.<\/p>\n<p>Cerrar\u00e1 actividades la conferencia magistral que ofrecer\u00e1, en el Centro de las Artes de Salamanca, Shinzaburo Takeda, apreciado formador de artistas gr\u00e1ficos en Oaxaca desde hace m\u00e1s de 30 a\u00f1os y condecorado en 2012 por el emperador Akihito con la Orden del Tesoro Sagrado, en Jap\u00f3n.<\/p>\n<p>Todas las actividades del Encuentro de Gr\u00e1fica, incluyendo sus talleres son gratuitas.<\/p>\n","protected":false},"excerpt":{"rendered":"<p>Guanajuato News.- Del 27 al 30 de agosto, se realizar\u00e1 la primera edici\u00f3n del Encuentro&#8230;<\/p>\n","protected":false},"author":2,"featured_media":286,"comment_status":"open","ping_status":"closed","sticky":false,"template":"","format":"standard","meta":{"footnotes":""},"categories":[6],"tags":[173,174,55],"class_list":["post-284","post","type-post","status-publish","format-standard","has-post-thumbnail","hentry","category-estados","tag-arte","tag-grafica","tag-guanajuato"],"yoast_head":"<!-- This site is optimized with the Yoast SEO plugin v27.5 - https:\/\/yoast.com\/product\/yoast-seo-wordpress\/ -->\n<title>Encuentro de Gr\u00e1fica Guanajuato 2019 - NOTICIAS DE LA 4T<\/title>\n<meta name=\"robots\" content=\"noindex, follow, max-snippet:-1, max-image-preview:large, max-video-preview:-1\" \/>\n<meta property=\"og:locale\" content=\"es_MX\" \/>\n<meta property=\"og:type\" content=\"article\" \/>\n<meta property=\"og:title\" content=\"Encuentro de Gr\u00e1fica Guanajuato 2019 - NOTICIAS DE LA 4T\" \/>\n<meta property=\"og:description\" content=\"Guanajuato News.- Del 27 al 30 de agosto, se realizar\u00e1 la primera edici\u00f3n del Encuentro...\" \/>\n<meta property=\"og:url\" content=\"https:\/\/redamlo.com\/index.php\/2019\/08\/22\/encuentro-de-grafica-guanajuato-2019\/\" \/>\n<meta property=\"og:site_name\" content=\"NOTICIAS DE LA 4T\" \/>\n<meta property=\"article:published_time\" content=\"2019-08-22T21:14:52+00:00\" \/>\n<meta property=\"og:image\" content=\"https:\/\/redamlo.com\/wp-content\/uploads\/2019\/08\/encuentro-de-grafica-guanajuato-2019.png\" \/>\n\t<meta property=\"og:image:width\" content=\"660\" \/>\n\t<meta property=\"og:image:height\" content=\"370\" \/>\n\t<meta property=\"og:image:type\" content=\"image\/png\" \/>\n<meta name=\"author\" content=\"Blanca\" \/>\n<meta name=\"twitter:card\" content=\"summary_large_image\" \/>\n<meta name=\"twitter:label1\" content=\"Escrito por\" \/>\n\t<meta name=\"twitter:data1\" content=\"Blanca\" \/>\n\t<meta name=\"twitter:label2\" content=\"Tiempo de lectura\" \/>\n\t<meta name=\"twitter:data2\" content=\"1 minuto\" \/>\n<script type=\"application\/ld+json\" class=\"yoast-schema-graph\">{\"@context\":\"https:\\\/\\\/schema.org\",\"@graph\":[{\"@type\":\"Article\",\"@id\":\"https:\\\/\\\/redamlo.com\\\/index.php\\\/2019\\\/08\\\/22\\\/encuentro-de-grafica-guanajuato-2019\\\/#article\",\"isPartOf\":{\"@id\":\"https:\\\/\\\/redamlo.com\\\/index.php\\\/2019\\\/08\\\/22\\\/encuentro-de-grafica-guanajuato-2019\\\/\"},\"author\":{\"name\":\"Blanca\",\"@id\":\"https:\\\/\\\/redamlo.com\\\/#\\\/schema\\\/person\\\/7223a4375eb8f1a782fcae010a7115cf\"},\"headline\":\"Encuentro de Gr\u00e1fica Guanajuato 2019\",\"datePublished\":\"2019-08-22T21:14:52+00:00\",\"mainEntityOfPage\":{\"@id\":\"https:\\\/\\\/redamlo.com\\\/index.php\\\/2019\\\/08\\\/22\\\/encuentro-de-grafica-guanajuato-2019\\\/\"},\"wordCount\":262,\"commentCount\":0,\"publisher\":{\"@id\":\"https:\\\/\\\/redamlo.com\\\/#organization\"},\"image\":{\"@id\":\"https:\\\/\\\/redamlo.com\\\/index.php\\\/2019\\\/08\\\/22\\\/encuentro-de-grafica-guanajuato-2019\\\/#primaryimage\"},\"thumbnailUrl\":\"https:\\\/\\\/redamlo.com\\\/wp-content\\\/uploads\\\/2019\\\/08\\\/encuentro-de-grafica-guanajuato-2019.png\",\"keywords\":[\"Arte\",\"Grafica\",\"guanajuato\"],\"articleSection\":[\"Estados\"],\"inLanguage\":\"es\",\"potentialAction\":[{\"@type\":\"CommentAction\",\"name\":\"Comment\",\"target\":[\"https:\\\/\\\/redamlo.com\\\/index.php\\\/2019\\\/08\\\/22\\\/encuentro-de-grafica-guanajuato-2019\\\/#respond\"]}]},{\"@type\":\"WebPage\",\"@id\":\"https:\\\/\\\/redamlo.com\\\/index.php\\\/2019\\\/08\\\/22\\\/encuentro-de-grafica-guanajuato-2019\\\/\",\"url\":\"https:\\\/\\\/redamlo.com\\\/index.php\\\/2019\\\/08\\\/22\\\/encuentro-de-grafica-guanajuato-2019\\\/\",\"name\":\"Encuentro de Gr\u00e1fica Guanajuato 2019 - NOTICIAS DE LA 4T\",\"isPartOf\":{\"@id\":\"https:\\\/\\\/redamlo.com\\\/#website\"},\"primaryImageOfPage\":{\"@id\":\"https:\\\/\\\/redamlo.com\\\/index.php\\\/2019\\\/08\\\/22\\\/encuentro-de-grafica-guanajuato-2019\\\/#primaryimage\"},\"image\":{\"@id\":\"https:\\\/\\\/redamlo.com\\\/index.php\\\/2019\\\/08\\\/22\\\/encuentro-de-grafica-guanajuato-2019\\\/#primaryimage\"},\"thumbnailUrl\":\"https:\\\/\\\/redamlo.com\\\/wp-content\\\/uploads\\\/2019\\\/08\\\/encuentro-de-grafica-guanajuato-2019.png\",\"datePublished\":\"2019-08-22T21:14:52+00:00\",\"breadcrumb\":{\"@id\":\"https:\\\/\\\/redamlo.com\\\/index.php\\\/2019\\\/08\\\/22\\\/encuentro-de-grafica-guanajuato-2019\\\/#breadcrumb\"},\"inLanguage\":\"es\",\"potentialAction\":[{\"@type\":\"ReadAction\",\"target\":[\"https:\\\/\\\/redamlo.com\\\/index.php\\\/2019\\\/08\\\/22\\\/encuentro-de-grafica-guanajuato-2019\\\/\"]}]},{\"@type\":\"ImageObject\",\"inLanguage\":\"es\",\"@id\":\"https:\\\/\\\/redamlo.com\\\/index.php\\\/2019\\\/08\\\/22\\\/encuentro-de-grafica-guanajuato-2019\\\/#primaryimage\",\"url\":\"https:\\\/\\\/redamlo.com\\\/wp-content\\\/uploads\\\/2019\\\/08\\\/encuentro-de-grafica-guanajuato-2019.png\",\"contentUrl\":\"https:\\\/\\\/redamlo.com\\\/wp-content\\\/uploads\\\/2019\\\/08\\\/encuentro-de-grafica-guanajuato-2019.png\",\"width\":660,\"height\":370},{\"@type\":\"BreadcrumbList\",\"@id\":\"https:\\\/\\\/redamlo.com\\\/index.php\\\/2019\\\/08\\\/22\\\/encuentro-de-grafica-guanajuato-2019\\\/#breadcrumb\",\"itemListElement\":[{\"@type\":\"ListItem\",\"position\":1,\"name\":\"Inicio\",\"item\":\"https:\\\/\\\/redamlo.com\\\/\"},{\"@type\":\"ListItem\",\"position\":2,\"name\":\"Encuentro de Gr\u00e1fica Guanajuato 2019\"}]},{\"@type\":\"WebSite\",\"@id\":\"https:\\\/\\\/redamlo.com\\\/#website\",\"url\":\"https:\\\/\\\/redamlo.com\\\/\",\"name\":\"NOTICIAS DE LA 4T\",\"description\":\"\",\"publisher\":{\"@id\":\"https:\\\/\\\/redamlo.com\\\/#organization\"},\"potentialAction\":[{\"@type\":\"SearchAction\",\"target\":{\"@type\":\"EntryPoint\",\"urlTemplate\":\"https:\\\/\\\/redamlo.com\\\/?s={search_term_string}\"},\"query-input\":{\"@type\":\"PropertyValueSpecification\",\"valueRequired\":true,\"valueName\":\"search_term_string\"}}],\"inLanguage\":\"es\"},{\"@type\":\"Organization\",\"@id\":\"https:\\\/\\\/redamlo.com\\\/#organization\",\"name\":\"NOTICIAS DE LA 4T\",\"url\":\"https:\\\/\\\/redamlo.com\\\/\",\"logo\":{\"@type\":\"ImageObject\",\"inLanguage\":\"es\",\"@id\":\"https:\\\/\\\/redamlo.com\\\/#\\\/schema\\\/logo\\\/image\\\/\",\"url\":\"https:\\\/\\\/redamlo.com\\\/wp-content\\\/uploads\\\/2024\\\/08\\\/cropped-RED-AMLO-logo-50.png\",\"contentUrl\":\"https:\\\/\\\/redamlo.com\\\/wp-content\\\/uploads\\\/2024\\\/08\\\/cropped-RED-AMLO-logo-50.png\",\"width\":256,\"height\":256,\"caption\":\"NOTICIAS DE LA 4T\"},\"image\":{\"@id\":\"https:\\\/\\\/redamlo.com\\\/#\\\/schema\\\/logo\\\/image\\\/\"}},{\"@type\":\"Person\",\"@id\":\"https:\\\/\\\/redamlo.com\\\/#\\\/schema\\\/person\\\/7223a4375eb8f1a782fcae010a7115cf\",\"name\":\"Blanca\",\"image\":{\"@type\":\"ImageObject\",\"inLanguage\":\"es\",\"@id\":\"https:\\\/\\\/secure.gravatar.com\\\/avatar\\\/3f79bc8336367a4e6093eae8757acaaf61d1124834b905616de7829b0273426d?s=96&d=mm&r=g\",\"url\":\"https:\\\/\\\/secure.gravatar.com\\\/avatar\\\/3f79bc8336367a4e6093eae8757acaaf61d1124834b905616de7829b0273426d?s=96&d=mm&r=g\",\"contentUrl\":\"https:\\\/\\\/secure.gravatar.com\\\/avatar\\\/3f79bc8336367a4e6093eae8757acaaf61d1124834b905616de7829b0273426d?s=96&d=mm&r=g\",\"caption\":\"Blanca\"},\"url\":\"https:\\\/\\\/redamlo.com\\\/index.php\\\/author\\\/blanca\\\/\"}]}<\/script>\n<!-- \/ Yoast SEO plugin. -->","yoast_head_json":{"title":"Encuentro de Gr\u00e1fica Guanajuato 2019 - NOTICIAS DE LA 4T","robots":{"index":"noindex","follow":"follow","max-snippet":"max-snippet:-1","max-image-preview":"max-image-preview:large","max-video-preview":"max-video-preview:-1"},"og_locale":"es_MX","og_type":"article","og_title":"Encuentro de Gr\u00e1fica Guanajuato 2019 - NOTICIAS DE LA 4T","og_description":"Guanajuato News.- Del 27 al 30 de agosto, se realizar\u00e1 la primera edici\u00f3n del Encuentro...","og_url":"https:\/\/redamlo.com\/index.php\/2019\/08\/22\/encuentro-de-grafica-guanajuato-2019\/","og_site_name":"NOTICIAS DE LA 4T","article_published_time":"2019-08-22T21:14:52+00:00","og_image":[{"width":660,"height":370,"url":"https:\/\/redamlo.com\/wp-content\/uploads\/2019\/08\/encuentro-de-grafica-guanajuato-2019.png","type":"image\/png"}],"author":"Blanca","twitter_card":"summary_large_image","twitter_misc":{"Escrito por":"Blanca","Tiempo de lectura":"1 minuto"},"schema":{"@context":"https:\/\/schema.org","@graph":[{"@type":"Article","@id":"https:\/\/redamlo.com\/index.php\/2019\/08\/22\/encuentro-de-grafica-guanajuato-2019\/#article","isPartOf":{"@id":"https:\/\/redamlo.com\/index.php\/2019\/08\/22\/encuentro-de-grafica-guanajuato-2019\/"},"author":{"name":"Blanca","@id":"https:\/\/redamlo.com\/#\/schema\/person\/7223a4375eb8f1a782fcae010a7115cf"},"headline":"Encuentro de Gr\u00e1fica Guanajuato 2019","datePublished":"2019-08-22T21:14:52+00:00","mainEntityOfPage":{"@id":"https:\/\/redamlo.com\/index.php\/2019\/08\/22\/encuentro-de-grafica-guanajuato-2019\/"},"wordCount":262,"commentCount":0,"publisher":{"@id":"https:\/\/redamlo.com\/#organization"},"image":{"@id":"https:\/\/redamlo.com\/index.php\/2019\/08\/22\/encuentro-de-grafica-guanajuato-2019\/#primaryimage"},"thumbnailUrl":"https:\/\/redamlo.com\/wp-content\/uploads\/2019\/08\/encuentro-de-grafica-guanajuato-2019.png","keywords":["Arte","Grafica","guanajuato"],"articleSection":["Estados"],"inLanguage":"es","potentialAction":[{"@type":"CommentAction","name":"Comment","target":["https:\/\/redamlo.com\/index.php\/2019\/08\/22\/encuentro-de-grafica-guanajuato-2019\/#respond"]}]},{"@type":"WebPage","@id":"https:\/\/redamlo.com\/index.php\/2019\/08\/22\/encuentro-de-grafica-guanajuato-2019\/","url":"https:\/\/redamlo.com\/index.php\/2019\/08\/22\/encuentro-de-grafica-guanajuato-2019\/","name":"Encuentro de Gr\u00e1fica Guanajuato 2019 - NOTICIAS DE LA 4T","isPartOf":{"@id":"https:\/\/redamlo.com\/#website"},"primaryImageOfPage":{"@id":"https:\/\/redamlo.com\/index.php\/2019\/08\/22\/encuentro-de-grafica-guanajuato-2019\/#primaryimage"},"image":{"@id":"https:\/\/redamlo.com\/index.php\/2019\/08\/22\/encuentro-de-grafica-guanajuato-2019\/#primaryimage"},"thumbnailUrl":"https:\/\/redamlo.com\/wp-content\/uploads\/2019\/08\/encuentro-de-grafica-guanajuato-2019.png","datePublished":"2019-08-22T21:14:52+00:00","breadcrumb":{"@id":"https:\/\/redamlo.com\/index.php\/2019\/08\/22\/encuentro-de-grafica-guanajuato-2019\/#breadcrumb"},"inLanguage":"es","potentialAction":[{"@type":"ReadAction","target":["https:\/\/redamlo.com\/index.php\/2019\/08\/22\/encuentro-de-grafica-guanajuato-2019\/"]}]},{"@type":"ImageObject","inLanguage":"es","@id":"https:\/\/redamlo.com\/index.php\/2019\/08\/22\/encuentro-de-grafica-guanajuato-2019\/#primaryimage","url":"https:\/\/redamlo.com\/wp-content\/uploads\/2019\/08\/encuentro-de-grafica-guanajuato-2019.png","contentUrl":"https:\/\/redamlo.com\/wp-content\/uploads\/2019\/08\/encuentro-de-grafica-guanajuato-2019.png","width":660,"height":370},{"@type":"BreadcrumbList","@id":"https:\/\/redamlo.com\/index.php\/2019\/08\/22\/encuentro-de-grafica-guanajuato-2019\/#breadcrumb","itemListElement":[{"@type":"ListItem","position":1,"name":"Inicio","item":"https:\/\/redamlo.com\/"},{"@type":"ListItem","position":2,"name":"Encuentro de Gr\u00e1fica Guanajuato 2019"}]},{"@type":"WebSite","@id":"https:\/\/redamlo.com\/#website","url":"https:\/\/redamlo.com\/","name":"NOTICIAS DE LA 4T","description":"","publisher":{"@id":"https:\/\/redamlo.com\/#organization"},"potentialAction":[{"@type":"SearchAction","target":{"@type":"EntryPoint","urlTemplate":"https:\/\/redamlo.com\/?s={search_term_string}"},"query-input":{"@type":"PropertyValueSpecification","valueRequired":true,"valueName":"search_term_string"}}],"inLanguage":"es"},{"@type":"Organization","@id":"https:\/\/redamlo.com\/#organization","name":"NOTICIAS DE LA 4T","url":"https:\/\/redamlo.com\/","logo":{"@type":"ImageObject","inLanguage":"es","@id":"https:\/\/redamlo.com\/#\/schema\/logo\/image\/","url":"https:\/\/redamlo.com\/wp-content\/uploads\/2024\/08\/cropped-RED-AMLO-logo-50.png","contentUrl":"https:\/\/redamlo.com\/wp-content\/uploads\/2024\/08\/cropped-RED-AMLO-logo-50.png","width":256,"height":256,"caption":"NOTICIAS DE LA 4T"},"image":{"@id":"https:\/\/redamlo.com\/#\/schema\/logo\/image\/"}},{"@type":"Person","@id":"https:\/\/redamlo.com\/#\/schema\/person\/7223a4375eb8f1a782fcae010a7115cf","name":"Blanca","image":{"@type":"ImageObject","inLanguage":"es","@id":"https:\/\/secure.gravatar.com\/avatar\/3f79bc8336367a4e6093eae8757acaaf61d1124834b905616de7829b0273426d?s=96&d=mm&r=g","url":"https:\/\/secure.gravatar.com\/avatar\/3f79bc8336367a4e6093eae8757acaaf61d1124834b905616de7829b0273426d?s=96&d=mm&r=g","contentUrl":"https:\/\/secure.gravatar.com\/avatar\/3f79bc8336367a4e6093eae8757acaaf61d1124834b905616de7829b0273426d?s=96&d=mm&r=g","caption":"Blanca"},"url":"https:\/\/redamlo.com\/index.php\/author\/blanca\/"}]}},"_links":{"self":[{"href":"https:\/\/redamlo.com\/index.php\/wp-json\/wp\/v2\/posts\/284","targetHints":{"allow":["GET"]}}],"collection":[{"href":"https:\/\/redamlo.com\/index.php\/wp-json\/wp\/v2\/posts"}],"about":[{"href":"https:\/\/redamlo.com\/index.php\/wp-json\/wp\/v2\/types\/post"}],"author":[{"embeddable":true,"href":"https:\/\/redamlo.com\/index.php\/wp-json\/wp\/v2\/users\/2"}],"replies":[{"embeddable":true,"href":"https:\/\/redamlo.com\/index.php\/wp-json\/wp\/v2\/comments?post=284"}],"version-history":[{"count":0,"href":"https:\/\/redamlo.com\/index.php\/wp-json\/wp\/v2\/posts\/284\/revisions"}],"wp:featuredmedia":[{"embeddable":true,"href":"https:\/\/redamlo.com\/index.php\/wp-json\/wp\/v2\/media\/286"}],"wp:attachment":[{"href":"https:\/\/redamlo.com\/index.php\/wp-json\/wp\/v2\/media?parent=284"}],"wp:term":[{"taxonomy":"category","embeddable":true,"href":"https:\/\/redamlo.com\/index.php\/wp-json\/wp\/v2\/categories?post=284"},{"taxonomy":"post_tag","embeddable":true,"href":"https:\/\/redamlo.com\/index.php\/wp-json\/wp\/v2\/tags?post=284"}],"curies":[{"name":"wp","href":"https:\/\/api.w.org\/{rel}","templated":true}]}}