{"id":262,"date":"2019-08-19T10:22:04","date_gmt":"2019-08-19T15:22:04","guid":{"rendered":"http:\/\/redamlo.com\/?p=262"},"modified":"2019-08-19T10:22:04","modified_gmt":"2019-08-19T15:22:04","slug":"denuncian-concesionarios-del-metrobus-presion-de-su-director","status":"publish","type":"post","link":"https:\/\/redamlo.com\/index.php\/2019\/08\/19\/denuncian-concesionarios-del-metrobus-presion-de-su-director\/","title":{"rendered":"Denuncian concesionarios del Metrob\u00fas presi\u00f3n de su director"},"content":{"rendered":"<p>El director general del Metrob\u00fas, Roberto Capuano Tripp, presiona y amenaza a los concesionarios de la Fuerza Amplia de Transportistas (FAT) para que firmen un cheque en blanco a cambio de liberarles el incremento de 10.03 por ciento autorizado por la jefa de Gobierno, Claudia Sheinbaum Pardo a partir del pasado 1 de agosto.<\/p>\n<p>Nicol\u00e1s V\u00e1zquez Figueroa, vocero de los concesionarios integrados en la Fuerza Amplia de Transportistas (FAT), dijo que la semana pasada ofrecieron una conferencia de prensa en el Z\u00f3calo para denunciar p\u00fablicamente su situaci\u00f3n.<\/p>\n<p>El incremento ir\u00eda de 36.98 pesos que actualmente les paga el Fideicomiso Metrob\u00fas a 40.78 pesos, un aumento los pondr\u00eda en las condiciones de ingreso que ten\u00edamos en febrero de 2017, pero no les alcanza a cubrir los gastos y necesidades de las empresas, explic\u00f3 en entrevista.<\/p>\n<p>El transportista relat\u00f3 que desde el pasado 2 de agosto cuando delante del secretario de Movilidad, Andr\u00e9s Lajous Loaeza les dieron a conocer la noticia del incremento, Capuano les advirti\u00f3 que deber\u00edan firmar un cambio en el contrato del fideicomiso y sus reglas de operaci\u00f3n porque en este momento ya son insuficientes para poder contratar financiamiento o arrendamiento, con el fin de incrementar el parque vehicular o realizar el cambio de unidades.<\/p>\n<p>Sin embargo, los transportistas aseguran que los han venido presionando y amenazando con que el incremento llegar\u00e1 \u201cs\u00f3lo si firmamos una minuta de presuntos acuerdos donde nos condicionan a aceptar, sin mayor informaci\u00f3n de car\u00e1cter t\u00e9cnico, y sin la certeza jur\u00eddica, mucho menos econ\u00f3mica suficientes, cuatro temas de suma importancia para nosotros\u201d.<\/p>\n<p>En primer lugar los quieren obligar a contratar arrendamiento sin conocer si es de mayor beneficio para ellos que el financiamiento, y ya sucedi\u00f3 un caso donde una de las empresas solicit\u00f3 el ahorro que tiene para poder comprar las unidades de manera independiente y sin intervenci\u00f3n del fideicomiso, y le dijeron que no se lo entregar\u00edan.<\/p>\n<p>El representante legal de la empresa SETTSA, Mart\u00edn Ortiz Tejeda, dijo que el fondo de sustituci\u00f3n es un ahorro que llevamos realizando desde hace cinco a\u00f1os. \u201cEs un dinero de nosotros, no es un fondo que cre\u00f3 la autoridad. Entonces, ya basta de que adem\u00e1s de que est\u00e1n administrando nuestro dinero, todav\u00eda nos lo nieguen\u201d.<\/p>\n<p>Una de las reglas de operaci\u00f3n dice que a partir del mes 61 de vida de la unidad, el 50 por ciento de sus ingresos queda en el fideicomiso como un ahorro para la adquisici\u00f3n de una unidad de remplazo y el otro 50 por ciento se le entrega a la empresa operadora, pero al negarse a entregarlo, se preguntan si ese ahorro a\u00fan est\u00e1 o qu\u00e9 le pas\u00f3.<\/p>\n<p>Otro tema es la contrataci\u00f3n forzosa del servicio de mantenimiento presuntamente especializado, pero les ocurri\u00f3 tambi\u00e9n que han tenido malas experiencias porque, bajo la supervisi\u00f3n de Metrob\u00fas, cobraron trabajos no realizados y que afectaron su econom\u00eda.<\/p>\n<p>O en el caso de que las empresas operadoras tengan su propio servicio de mantenimiento, este deber\u00e1 pasar la supervisi\u00f3n que determine Metrob\u00fas, lo cual implicar\u00eda pagar tambi\u00e9n tal proceso de verificaci\u00f3n.<\/p>\n<p>\u201cNos est\u00e1n imponiendo aceptar, sin m\u00e1s informaci\u00f3n que su dicho de que se migrar\u00e1 a una tecnolog\u00eda de recaudaci\u00f3n de vanguardia, con la adopci\u00f3n de una tarjeta que aparentemente cuenta con mayor seguridad para evitar que la clonen como ha sucedido con la actual\u201d, declar\u00f3.<\/p>\n<p>Y el cuarto punto es la culminaci\u00f3n del proceso de emplacamiento y registro de los veh\u00edculos ante la SEMOVI. Sin embargo, \u201cpor m\u00e1s que les hemos pedido que nos den a conocer cu\u00e1nto es el monto por el pago de derechos que debemos cubrir, igualmente se niegan a darnos el costo que tendr\u00e1n\u201d.<\/p>\n","protected":false},"excerpt":{"rendered":"<p>Fuerza Amplia de Transportistas denunci\u00f3 que el director del Metrob\u00fas, Roberto Capuano Tripp, quiere hacerles firmar un cheque en blanco y oculta informaci\u00f3n<\/p>\n","protected":false},"author":2,"featured_media":264,"comment_status":"open","ping_status":"closed","sticky":false,"template":"","format":"standard","meta":{"footnotes":""},"categories":[17,5],"tags":[145,146,147,148,149,150,151,152],"class_list":["post-262","post","type-post","status-publish","format-standard","has-post-thumbnail","hentry","category-cdmx","category-politica","tag-andres-lajous-loaeza","tag-cencesionarios","tag-claudia-sheinbaum-pardo","tag-fuerza-amplia-de-transportistas","tag-metrobus","tag-roberto-capuano-tripp","tag-secretaria-de-movilidad","tag-transportistas"],"yoast_head":"<!-- This site is optimized with the Yoast SEO plugin v27.5 - https:\/\/yoast.com\/product\/yoast-seo-wordpress\/ -->\n<title>Denuncian concesionarios del Metrob\u00fas presi\u00f3n de su director - NOTICIAS DE LA 4T<\/title>\n<meta name=\"robots\" content=\"noindex, follow, max-snippet:-1, max-image-preview:large, max-video-preview:-1\" \/>\n<meta property=\"og:locale\" content=\"es_MX\" \/>\n<meta property=\"og:type\" content=\"article\" \/>\n<meta property=\"og:title\" content=\"Denuncian concesionarios del Metrob\u00fas presi\u00f3n de su director - NOTICIAS DE LA 4T\" \/>\n<meta property=\"og:description\" content=\"Fuerza Amplia de Transportistas denunci\u00f3 que el director del Metrob\u00fas, Roberto Capuano Tripp, quiere hacerles firmar un cheque en blanco y oculta informaci\u00f3n\" \/>\n<meta property=\"og:url\" content=\"https:\/\/redamlo.com\/index.php\/2019\/08\/19\/denuncian-concesionarios-del-metrobus-presion-de-su-director\/\" \/>\n<meta property=\"og:site_name\" content=\"NOTICIAS DE LA 4T\" \/>\n<meta property=\"article:published_time\" content=\"2019-08-19T15:22:04+00:00\" \/>\n<meta property=\"og:image\" content=\"https:\/\/redamlo.com\/wp-content\/uploads\/2019\/08\/z082.jpg\" \/>\n\t<meta property=\"og:image:width\" content=\"1280\" \/>\n\t<meta property=\"og:image:height\" content=\"854\" \/>\n\t<meta property=\"og:image:type\" content=\"image\/jpeg\" \/>\n<meta name=\"author\" content=\"Blanca\" \/>\n<meta name=\"twitter:card\" content=\"summary_large_image\" \/>\n<meta name=\"twitter:label1\" content=\"Escrito por\" \/>\n\t<meta name=\"twitter:data1\" content=\"Blanca\" \/>\n\t<meta name=\"twitter:label2\" content=\"Tiempo de lectura\" \/>\n\t<meta name=\"twitter:data2\" content=\"3 minutos\" \/>\n<script type=\"application\/ld+json\" class=\"yoast-schema-graph\">{\"@context\":\"https:\\\/\\\/schema.org\",\"@graph\":[{\"@type\":\"Article\",\"@id\":\"https:\\\/\\\/redamlo.com\\\/index.php\\\/2019\\\/08\\\/19\\\/denuncian-concesionarios-del-metrobus-presion-de-su-director\\\/#article\",\"isPartOf\":{\"@id\":\"https:\\\/\\\/redamlo.com\\\/index.php\\\/2019\\\/08\\\/19\\\/denuncian-concesionarios-del-metrobus-presion-de-su-director\\\/\"},\"author\":{\"name\":\"Blanca\",\"@id\":\"https:\\\/\\\/redamlo.com\\\/#\\\/schema\\\/person\\\/7223a4375eb8f1a782fcae010a7115cf\"},\"headline\":\"Denuncian concesionarios del Metrob\u00fas presi\u00f3n de su director\",\"datePublished\":\"2019-08-19T15:22:04+00:00\",\"mainEntityOfPage\":{\"@id\":\"https:\\\/\\\/redamlo.com\\\/index.php\\\/2019\\\/08\\\/19\\\/denuncian-concesionarios-del-metrobus-presion-de-su-director\\\/\"},\"wordCount\":657,\"commentCount\":0,\"publisher\":{\"@id\":\"https:\\\/\\\/redamlo.com\\\/#organization\"},\"image\":{\"@id\":\"https:\\\/\\\/redamlo.com\\\/index.php\\\/2019\\\/08\\\/19\\\/denuncian-concesionarios-del-metrobus-presion-de-su-director\\\/#primaryimage\"},\"thumbnailUrl\":\"https:\\\/\\\/redamlo.com\\\/wp-content\\\/uploads\\\/2019\\\/08\\\/z082.jpg\",\"keywords\":[\"Andr\u00e9s Lajous Loaeza\",\"cencesionarios\",\"Claudia Sheinbaum Pardo\",\"Fuerza Amplia de Transportistas\",\"Metrob\u00fas\",\"Roberto Capuano Tripp\",\"Secretar\u00eda de Movilidad\",\"transportistas\"],\"articleSection\":[\"CDMX\",\"Pol\u00edtica\"],\"inLanguage\":\"es\",\"potentialAction\":[{\"@type\":\"CommentAction\",\"name\":\"Comment\",\"target\":[\"https:\\\/\\\/redamlo.com\\\/index.php\\\/2019\\\/08\\\/19\\\/denuncian-concesionarios-del-metrobus-presion-de-su-director\\\/#respond\"]}]},{\"@type\":\"WebPage\",\"@id\":\"https:\\\/\\\/redamlo.com\\\/index.php\\\/2019\\\/08\\\/19\\\/denuncian-concesionarios-del-metrobus-presion-de-su-director\\\/\",\"url\":\"https:\\\/\\\/redamlo.com\\\/index.php\\\/2019\\\/08\\\/19\\\/denuncian-concesionarios-del-metrobus-presion-de-su-director\\\/\",\"name\":\"Denuncian concesionarios del Metrob\u00fas presi\u00f3n de su director - NOTICIAS DE LA 4T\",\"isPartOf\":{\"@id\":\"https:\\\/\\\/redamlo.com\\\/#website\"},\"primaryImageOfPage\":{\"@id\":\"https:\\\/\\\/redamlo.com\\\/index.php\\\/2019\\\/08\\\/19\\\/denuncian-concesionarios-del-metrobus-presion-de-su-director\\\/#primaryimage\"},\"image\":{\"@id\":\"https:\\\/\\\/redamlo.com\\\/index.php\\\/2019\\\/08\\\/19\\\/denuncian-concesionarios-del-metrobus-presion-de-su-director\\\/#primaryimage\"},\"thumbnailUrl\":\"https:\\\/\\\/redamlo.com\\\/wp-content\\\/uploads\\\/2019\\\/08\\\/z082.jpg\",\"datePublished\":\"2019-08-19T15:22:04+00:00\",\"breadcrumb\":{\"@id\":\"https:\\\/\\\/redamlo.com\\\/index.php\\\/2019\\\/08\\\/19\\\/denuncian-concesionarios-del-metrobus-presion-de-su-director\\\/#breadcrumb\"},\"inLanguage\":\"es\",\"potentialAction\":[{\"@type\":\"ReadAction\",\"target\":[\"https:\\\/\\\/redamlo.com\\\/index.php\\\/2019\\\/08\\\/19\\\/denuncian-concesionarios-del-metrobus-presion-de-su-director\\\/\"]}]},{\"@type\":\"ImageObject\",\"inLanguage\":\"es\",\"@id\":\"https:\\\/\\\/redamlo.com\\\/index.php\\\/2019\\\/08\\\/19\\\/denuncian-concesionarios-del-metrobus-presion-de-su-director\\\/#primaryimage\",\"url\":\"https:\\\/\\\/redamlo.com\\\/wp-content\\\/uploads\\\/2019\\\/08\\\/z082.jpg\",\"contentUrl\":\"https:\\\/\\\/redamlo.com\\\/wp-content\\\/uploads\\\/2019\\\/08\\\/z082.jpg\",\"width\":1280,\"height\":854,\"caption\":\"Transportistas en conferencia de prensa\"},{\"@type\":\"BreadcrumbList\",\"@id\":\"https:\\\/\\\/redamlo.com\\\/index.php\\\/2019\\\/08\\\/19\\\/denuncian-concesionarios-del-metrobus-presion-de-su-director\\\/#breadcrumb\",\"itemListElement\":[{\"@type\":\"ListItem\",\"position\":1,\"name\":\"Inicio\",\"item\":\"https:\\\/\\\/redamlo.com\\\/\"},{\"@type\":\"ListItem\",\"position\":2,\"name\":\"Denuncian concesionarios del Metrob\u00fas presi\u00f3n de su director\"}]},{\"@type\":\"WebSite\",\"@id\":\"https:\\\/\\\/redamlo.com\\\/#website\",\"url\":\"https:\\\/\\\/redamlo.com\\\/\",\"name\":\"NOTICIAS DE LA 4T\",\"description\":\"\",\"publisher\":{\"@id\":\"https:\\\/\\\/redamlo.com\\\/#organization\"},\"potentialAction\":[{\"@type\":\"SearchAction\",\"target\":{\"@type\":\"EntryPoint\",\"urlTemplate\":\"https:\\\/\\\/redamlo.com\\\/?s={search_term_string}\"},\"query-input\":{\"@type\":\"PropertyValueSpecification\",\"valueRequired\":true,\"valueName\":\"search_term_string\"}}],\"inLanguage\":\"es\"},{\"@type\":\"Organization\",\"@id\":\"https:\\\/\\\/redamlo.com\\\/#organization\",\"name\":\"NOTICIAS DE LA 4T\",\"url\":\"https:\\\/\\\/redamlo.com\\\/\",\"logo\":{\"@type\":\"ImageObject\",\"inLanguage\":\"es\",\"@id\":\"https:\\\/\\\/redamlo.com\\\/#\\\/schema\\\/logo\\\/image\\\/\",\"url\":\"https:\\\/\\\/redamlo.com\\\/wp-content\\\/uploads\\\/2024\\\/08\\\/cropped-RED-AMLO-logo-50.png\",\"contentUrl\":\"https:\\\/\\\/redamlo.com\\\/wp-content\\\/uploads\\\/2024\\\/08\\\/cropped-RED-AMLO-logo-50.png\",\"width\":256,\"height\":256,\"caption\":\"NOTICIAS DE LA 4T\"},\"image\":{\"@id\":\"https:\\\/\\\/redamlo.com\\\/#\\\/schema\\\/logo\\\/image\\\/\"}},{\"@type\":\"Person\",\"@id\":\"https:\\\/\\\/redamlo.com\\\/#\\\/schema\\\/person\\\/7223a4375eb8f1a782fcae010a7115cf\",\"name\":\"Blanca\",\"image\":{\"@type\":\"ImageObject\",\"inLanguage\":\"es\",\"@id\":\"https:\\\/\\\/secure.gravatar.com\\\/avatar\\\/3f79bc8336367a4e6093eae8757acaaf61d1124834b905616de7829b0273426d?s=96&d=mm&r=g\",\"url\":\"https:\\\/\\\/secure.gravatar.com\\\/avatar\\\/3f79bc8336367a4e6093eae8757acaaf61d1124834b905616de7829b0273426d?s=96&d=mm&r=g\",\"contentUrl\":\"https:\\\/\\\/secure.gravatar.com\\\/avatar\\\/3f79bc8336367a4e6093eae8757acaaf61d1124834b905616de7829b0273426d?s=96&d=mm&r=g\",\"caption\":\"Blanca\"},\"url\":\"https:\\\/\\\/redamlo.com\\\/index.php\\\/author\\\/blanca\\\/\"}]}<\/script>\n<!-- \/ Yoast SEO plugin. -->","yoast_head_json":{"title":"Denuncian concesionarios del Metrob\u00fas presi\u00f3n de su director - NOTICIAS DE LA 4T","robots":{"index":"noindex","follow":"follow","max-snippet":"max-snippet:-1","max-image-preview":"max-image-preview:large","max-video-preview":"max-video-preview:-1"},"og_locale":"es_MX","og_type":"article","og_title":"Denuncian concesionarios del Metrob\u00fas presi\u00f3n de su director - NOTICIAS DE LA 4T","og_description":"Fuerza Amplia de Transportistas denunci\u00f3 que el director del Metrob\u00fas, Roberto Capuano Tripp, quiere hacerles firmar un cheque en blanco y oculta informaci\u00f3n","og_url":"https:\/\/redamlo.com\/index.php\/2019\/08\/19\/denuncian-concesionarios-del-metrobus-presion-de-su-director\/","og_site_name":"NOTICIAS DE LA 4T","article_published_time":"2019-08-19T15:22:04+00:00","og_image":[{"width":1280,"height":854,"url":"https:\/\/redamlo.com\/wp-content\/uploads\/2019\/08\/z082.jpg","type":"image\/jpeg"}],"author":"Blanca","twitter_card":"summary_large_image","twitter_misc":{"Escrito por":"Blanca","Tiempo de lectura":"3 minutos"},"schema":{"@context":"https:\/\/schema.org","@graph":[{"@type":"Article","@id":"https:\/\/redamlo.com\/index.php\/2019\/08\/19\/denuncian-concesionarios-del-metrobus-presion-de-su-director\/#article","isPartOf":{"@id":"https:\/\/redamlo.com\/index.php\/2019\/08\/19\/denuncian-concesionarios-del-metrobus-presion-de-su-director\/"},"author":{"name":"Blanca","@id":"https:\/\/redamlo.com\/#\/schema\/person\/7223a4375eb8f1a782fcae010a7115cf"},"headline":"Denuncian concesionarios del Metrob\u00fas presi\u00f3n de su director","datePublished":"2019-08-19T15:22:04+00:00","mainEntityOfPage":{"@id":"https:\/\/redamlo.com\/index.php\/2019\/08\/19\/denuncian-concesionarios-del-metrobus-presion-de-su-director\/"},"wordCount":657,"commentCount":0,"publisher":{"@id":"https:\/\/redamlo.com\/#organization"},"image":{"@id":"https:\/\/redamlo.com\/index.php\/2019\/08\/19\/denuncian-concesionarios-del-metrobus-presion-de-su-director\/#primaryimage"},"thumbnailUrl":"https:\/\/redamlo.com\/wp-content\/uploads\/2019\/08\/z082.jpg","keywords":["Andr\u00e9s Lajous Loaeza","cencesionarios","Claudia Sheinbaum Pardo","Fuerza Amplia de Transportistas","Metrob\u00fas","Roberto Capuano Tripp","Secretar\u00eda de Movilidad","transportistas"],"articleSection":["CDMX","Pol\u00edtica"],"inLanguage":"es","potentialAction":[{"@type":"CommentAction","name":"Comment","target":["https:\/\/redamlo.com\/index.php\/2019\/08\/19\/denuncian-concesionarios-del-metrobus-presion-de-su-director\/#respond"]}]},{"@type":"WebPage","@id":"https:\/\/redamlo.com\/index.php\/2019\/08\/19\/denuncian-concesionarios-del-metrobus-presion-de-su-director\/","url":"https:\/\/redamlo.com\/index.php\/2019\/08\/19\/denuncian-concesionarios-del-metrobus-presion-de-su-director\/","name":"Denuncian concesionarios del Metrob\u00fas presi\u00f3n de su director - NOTICIAS DE LA 4T","isPartOf":{"@id":"https:\/\/redamlo.com\/#website"},"primaryImageOfPage":{"@id":"https:\/\/redamlo.com\/index.php\/2019\/08\/19\/denuncian-concesionarios-del-metrobus-presion-de-su-director\/#primaryimage"},"image":{"@id":"https:\/\/redamlo.com\/index.php\/2019\/08\/19\/denuncian-concesionarios-del-metrobus-presion-de-su-director\/#primaryimage"},"thumbnailUrl":"https:\/\/redamlo.com\/wp-content\/uploads\/2019\/08\/z082.jpg","datePublished":"2019-08-19T15:22:04+00:00","breadcrumb":{"@id":"https:\/\/redamlo.com\/index.php\/2019\/08\/19\/denuncian-concesionarios-del-metrobus-presion-de-su-director\/#breadcrumb"},"inLanguage":"es","potentialAction":[{"@type":"ReadAction","target":["https:\/\/redamlo.com\/index.php\/2019\/08\/19\/denuncian-concesionarios-del-metrobus-presion-de-su-director\/"]}]},{"@type":"ImageObject","inLanguage":"es","@id":"https:\/\/redamlo.com\/index.php\/2019\/08\/19\/denuncian-concesionarios-del-metrobus-presion-de-su-director\/#primaryimage","url":"https:\/\/redamlo.com\/wp-content\/uploads\/2019\/08\/z082.jpg","contentUrl":"https:\/\/redamlo.com\/wp-content\/uploads\/2019\/08\/z082.jpg","width":1280,"height":854,"caption":"Transportistas en conferencia de prensa"},{"@type":"BreadcrumbList","@id":"https:\/\/redamlo.com\/index.php\/2019\/08\/19\/denuncian-concesionarios-del-metrobus-presion-de-su-director\/#breadcrumb","itemListElement":[{"@type":"ListItem","position":1,"name":"Inicio","item":"https:\/\/redamlo.com\/"},{"@type":"ListItem","position":2,"name":"Denuncian concesionarios del Metrob\u00fas presi\u00f3n de su director"}]},{"@type":"WebSite","@id":"https:\/\/redamlo.com\/#website","url":"https:\/\/redamlo.com\/","name":"NOTICIAS DE LA 4T","description":"","publisher":{"@id":"https:\/\/redamlo.com\/#organization"},"potentialAction":[{"@type":"SearchAction","target":{"@type":"EntryPoint","urlTemplate":"https:\/\/redamlo.com\/?s={search_term_string}"},"query-input":{"@type":"PropertyValueSpecification","valueRequired":true,"valueName":"search_term_string"}}],"inLanguage":"es"},{"@type":"Organization","@id":"https:\/\/redamlo.com\/#organization","name":"NOTICIAS DE LA 4T","url":"https:\/\/redamlo.com\/","logo":{"@type":"ImageObject","inLanguage":"es","@id":"https:\/\/redamlo.com\/#\/schema\/logo\/image\/","url":"https:\/\/redamlo.com\/wp-content\/uploads\/2024\/08\/cropped-RED-AMLO-logo-50.png","contentUrl":"https:\/\/redamlo.com\/wp-content\/uploads\/2024\/08\/cropped-RED-AMLO-logo-50.png","width":256,"height":256,"caption":"NOTICIAS DE LA 4T"},"image":{"@id":"https:\/\/redamlo.com\/#\/schema\/logo\/image\/"}},{"@type":"Person","@id":"https:\/\/redamlo.com\/#\/schema\/person\/7223a4375eb8f1a782fcae010a7115cf","name":"Blanca","image":{"@type":"ImageObject","inLanguage":"es","@id":"https:\/\/secure.gravatar.com\/avatar\/3f79bc8336367a4e6093eae8757acaaf61d1124834b905616de7829b0273426d?s=96&d=mm&r=g","url":"https:\/\/secure.gravatar.com\/avatar\/3f79bc8336367a4e6093eae8757acaaf61d1124834b905616de7829b0273426d?s=96&d=mm&r=g","contentUrl":"https:\/\/secure.gravatar.com\/avatar\/3f79bc8336367a4e6093eae8757acaaf61d1124834b905616de7829b0273426d?s=96&d=mm&r=g","caption":"Blanca"},"url":"https:\/\/redamlo.com\/index.php\/author\/blanca\/"}]}},"_links":{"self":[{"href":"https:\/\/redamlo.com\/index.php\/wp-json\/wp\/v2\/posts\/262","targetHints":{"allow":["GET"]}}],"collection":[{"href":"https:\/\/redamlo.com\/index.php\/wp-json\/wp\/v2\/posts"}],"about":[{"href":"https:\/\/redamlo.com\/index.php\/wp-json\/wp\/v2\/types\/post"}],"author":[{"embeddable":true,"href":"https:\/\/redamlo.com\/index.php\/wp-json\/wp\/v2\/users\/2"}],"replies":[{"embeddable":true,"href":"https:\/\/redamlo.com\/index.php\/wp-json\/wp\/v2\/comments?post=262"}],"version-history":[{"count":0,"href":"https:\/\/redamlo.com\/index.php\/wp-json\/wp\/v2\/posts\/262\/revisions"}],"wp:featuredmedia":[{"embeddable":true,"href":"https:\/\/redamlo.com\/index.php\/wp-json\/wp\/v2\/media\/264"}],"wp:attachment":[{"href":"https:\/\/redamlo.com\/index.php\/wp-json\/wp\/v2\/media?parent=262"}],"wp:term":[{"taxonomy":"category","embeddable":true,"href":"https:\/\/redamlo.com\/index.php\/wp-json\/wp\/v2\/categories?post=262"},{"taxonomy":"post_tag","embeddable":true,"href":"https:\/\/redamlo.com\/index.php\/wp-json\/wp\/v2\/tags?post=262"}],"curies":[{"name":"wp","href":"https:\/\/api.w.org\/{rel}","templated":true}]}}