{"id":256,"date":"2019-08-07T10:56:36","date_gmt":"2019-08-07T15:56:36","guid":{"rendered":"http:\/\/redamlo.com\/?p=256"},"modified":"2019-08-07T10:56:36","modified_gmt":"2019-08-07T15:56:36","slug":"mexico-debe-denunciar-a-trump-genocidio-contra-mexicanos-alejandro-rojas","status":"publish","type":"post","link":"https:\/\/redamlo.com\/index.php\/2019\/08\/07\/mexico-debe-denunciar-a-trump-genocidio-contra-mexicanos-alejandro-rojas\/","title":{"rendered":"\u201cM\u00e9xico debe denunciar a Trump genocidio contra mexicanos\u201d: Alejandro Rojas\u00a0"},"content":{"rendered":"<p><i><span style=\"font-weight: 400;\">De acuerdo al Senador, M\u00e9xico tambi\u00e9n debe emitir una Alerta de Viaje, para que no viajen los mexicanos a ning\u00fan destino tur\u00edstico de los Estados Unidos.<\/span><\/i><\/p>\n<p><b>Quer\u00e9taro, Quer\u00e9taro, a 7 de agosto del 2019.<\/b><\/p>\n<p><span style=\"font-weight: 400;\">El Senador Alejandro Rojas D\u00edaz Dur\u00e1n fija una postura clara y objetiva sobre la postura que M\u00e9xico debe establecer frente al reciente tiroteo ocurrido en El Paso, Texas.\u00a0<\/span><\/p>\n<blockquote><p><span style=\"font-weight: 400;\">\u201cEl Presidente de Estados Unidos, Donald Trump, incit\u00f3 con su verborrea fascista y racista, los cr\u00edmenes de odio contra mexicanos inocentes y pac\u00edficos, por lo que e<strong>l Gobierno mexicano debe llevarlo ante el Tribunal de la Haya por genocidio<\/strong>, para que sea juzgado por el m\u00e1ximo Tribunal que fue instaurado contra los asesinatos de lesa humanidad, para que de una vez por todas, el Derecho Internacional lo obligue a detener su odio y racismo contra los mexicanos e hispanos, que hoy d\u00eda ya est\u00e1n en peligro de ser asesinados por fan\u00e1ticos que siguen y est\u00e1n organiz\u00e1ndose para tal efecto.<\/span><\/p>\n<p><span style=\"font-weight: 400;\">\u00c9sta matanza a sangre fr\u00eda no debi\u00f3 ser calificada como terrorismo. No lo es de ning\u00fan modo.\u00a0<\/span><\/p>\n<p><span style=\"font-weight: 400;\">El Derecho Internacional, aceptado por la ONU, distingue entre el terrorismo y el genocidio, en el cual hay delitos transnacionales e internacionales. El terrorismo est\u00e1 incluido en los delitos transnacionales que no se sujetan a tribunales internacionales, sino a las legislaciones nacionales.<\/span><\/p>\n<p style=\"text-align: left;\">El genocidio, por otro lado, es un delito de lesa humanidad, que es la persecuci\u00f3n criminal por motivos de nacionalidad, credo o raza, que se dirimen en tribunales o cortes internacionales.<\/p>\n<p style=\"text-align: center;\"><em><strong>Aunque el Presidente Trump ya lo calific\u00f3 como un crimen de odio, no es suficiente, mucho menos calificarlo como terrorismo. Eso es no decir las cosas por su nombre, dejando en riesgo letal a millones de mexicanos en los Estados Unidos.<\/strong><\/em><\/p>\n<p><span style=\"font-weight: 400;\">El <strong>Secretario de Relaciones Exteriores del Gobierno de M\u00e9xico, Marcelo Ebrard<\/strong>, tiene que reclasificar estos cr\u00edmenes arteros contra mexicanos, como genocidio, porque de no hacerlo, est\u00e1 en los hechos demeritando la gravedad de los mismos y, lo m\u00e1s delicado, est\u00e1 renunciando a que los tribunales internacionales tomen medidas y juzguen al Presidente Donald Trump, en defensa de los mexicanos que est\u00e1n en riesgo de ser asesinados en cualquier momento.\u00a0<\/span><\/p>\n<p style=\"text-align: center;\"><em><span style=\"font-weight: 400;\">No solicitar el castigo de quien promueve e incita el genocidio contra los mexicanos en territorio norteamericano, es dejar en la indefensi\u00f3n a millones de mexicanos que est\u00e1n en la mira &#8211;literalmente&#8211; por aquellos que se consideran superiores a nosotros y que buscan eliminarnos por la v\u00eda del genocidio.<\/span><\/em><\/p>\n<p><span style=\"font-weight: 400;\">Solicitar la extradici\u00f3n del criminal a M\u00e9xico no tiene ning\u00fan sentido relevante en relaci\u00f3n al crimen cometido, incluso, le salvar\u00eda la vida de ser juzgado en M\u00e9xico. Eso es inadmisible y no es un tema propagand\u00edstico ni medi\u00e1tico. Es un tema de la protecci\u00f3n y el salvar la vida a millones de mexicanos, porque la efectividad de los hechos, sin la m\u00e1s en\u00e9rgica de las protestas internacionales, seguir\u00e1 alentando a que se sigan cometiendo estos cr\u00edmenes.<\/span><\/p>\n<p><span style=\"font-weight: 400;\">Lo m\u00e1s delicado es que \u00e9ste sujeto, es uno m\u00e1s de una amplia organizaci\u00f3n de supremacistas, cuya misi\u00f3n es la persecuci\u00f3n y asesinato de mexicanos, con premeditaci\u00f3n, alevos\u00eda y ventaja, motivados por discurso racista de su admirado l\u00edder que los induce a cometer genocidio como consecuencia de haber incubado en ellos el odio racial contra los mexicanos.<\/span><\/p>\n<p><span style=\"font-weight: 400;\">\u00c9se l\u00edder tiene nombre y apellido:\u00a0 el Presidente Donald Trump.\u00a0<\/span><\/p>\n<p><span style=\"font-weight: 400;\">La historia se repite con las funestas consecuencias, tal como lo hiciera Hitler contra los jud\u00edos, tan s\u00f3lo por serlo.\u00a0<\/span><span style=\"font-weight: 400;\">Una barbarie que nunca m\u00e1s debi\u00f3 repetirse y es una verg\u00fcenza para la humanidad.<\/span><\/p>\n<p><span style=\"font-weight: 400;\">La ONU define claramente el genocidio como &#8220;un delito Internacional que comprende cualquiera de los actos perpetrados con la intenci\u00f3n de destruir, total o parcialmente, de manera sistem\u00e1tica, a un grupo nacional, \u00e9tnico, racial o religioso como tal. Estos actos comprenden la matanza y lesi\u00f3n grave a la integridad f\u00edsica o mental de los miembros del grupo, sometimiento Internacional del grupo a condiciones de existencia que hayan de acarrear su destrucci\u00f3n f\u00edsica, total o parcial, medidas destinadas a impedir nacimientos en el seno del grupo, traslado por la fuerza de ni\u00f1os del grupo a otro grupo&#8221;<\/span><\/p>\n<p><span style=\"font-weight: 400;\">M\u00e1s claro ni el agua.<\/span><\/p>\n<p><span style=\"font-weight: 400;\">El Presidente Trump debe ser acusado ante el m\u00e1ximo Tribunal de la Haya, que es la Corte Internacional de Justicia de la Organizaci\u00f3n de las Naciones Unidas, el cual fue instaurado por todos los pa\u00edses del mundo, para juzgar y evitar genocidio y cr\u00edmenes de lesa humanidad, como los que ya est\u00e1n ocurriendo contra los mexicanos.<\/span><\/p>\n<p style=\"text-align: center;\"><strong>No esperemos otro holocausto, porque ya est\u00e1 recorriendo el fantasma del fanatismo de odio racial, que tiene como fundamento la supremac\u00eda racial y la irracionalidad de los actos de aquellos que justifican su letal misi\u00f3n como un deber cumplido.<\/strong><\/p>\n<p style=\"text-align: center;\"><strong>El Gobierno de M\u00e9xico no puede ni debe permitirlo.\u00a0<\/strong><\/p>\n<p><span style=\"font-weight: 400;\">Est\u00e1n en riesgo millones de mexicanos que son hoy el blanco de las m\u00e1s est\u00fapidas ideas raciales que solo dejar\u00e1n una estela de muerte y genocidio contra nuestros hermanos.<\/span><\/p>\n<p><span style=\"font-weight: 400;\">Finalmente, el Gobierno de la Rep\u00fablica tambi\u00e9n debe emitir una Alerta de Viaje a todos los connacionales, para evitar ir a los Estados Unidos, si no hay necesidad y urgencia de hacerlo.\u00a0<\/span><\/p>\n<p><span style=\"font-weight: 400;\">Una Alerta de Viaje es algo muy com\u00fan y el Gobierno de los Estados Unidos se la pasa poni\u00e9ndonos alertas a varios destinos tur\u00edsticos. Hagamos lo mismo, por congruencia y por decencia.<\/span><\/p>\n<p><span style=\"font-weight: 400;\">Tenemos que emitir esa Alerta de Viaje para que ning\u00fan mexicano viaje a ning\u00fan destino tur\u00edstico de los Estados Unidos.\u00a0<\/span><\/p>\n<p><span style=\"font-weight: 400;\">\u00c9sa ser\u00eda una respuesta que impactar\u00e1 en su econom\u00eda y es una forma de presi\u00f3n para proteger a los mexicanos y que el Presidente Trump sea presionado por los mismos intereses que est\u00e1 defendiendo y que se ver\u00e1n realmente afectados por esta medida.<\/span><\/p>\n<p><span style=\"font-weight: 400;\">No podemos dejar pasar un d\u00eda m\u00e1s sin una respuesta m\u00e1s firme y decidida en favor de la protecci\u00f3n y de la vida de nuestros connacionales.\u00a0<\/span><\/p>\n<p><span style=\"font-weight: 400;\">No hay pretexto que valga.<\/span><\/p>\n<p><span style=\"font-weight: 400;\">La historia es clara y la verdad es la verdad. No hay de otra\u201d<\/span><\/p><\/blockquote>\n<p>&nbsp;<\/p>\n<p><strong>Alejandro Rojas D\u00edaz Dur\u00e1n,<\/strong><\/p>\n<p><strong>Senador Suplente del Senado de la Rep\u00fablica y Consejero de MORENA.<\/strong><\/p>\n","protected":false},"excerpt":{"rendered":"<p>De acuerdo al Senador, M\u00e9xico tambi\u00e9n debe emitir una Alerta de Viaje, para que no&#8230;<\/p>\n","protected":false},"author":2,"featured_media":258,"comment_status":"open","ping_status":"closed","sticky":false,"template":"","format":"standard","meta":{"footnotes":""},"categories":[1],"tags":[142,76,143,144],"class_list":["post-256","post","type-post","status-publish","format-standard","has-post-thumbnail","hentry","category-uncategorized","tag-alejandro-rojas-diaz-duran","tag-donald-trump","tag-el-paso","tag-texas"],"yoast_head":"<!-- This site is optimized with the Yoast SEO plugin v27.5 - https:\/\/yoast.com\/product\/yoast-seo-wordpress\/ -->\n<title>\u201cM\u00e9xico debe denunciar a Trump genocidio contra mexicanos\u201d: Alejandro Rojas\u00a0 - NOTICIAS DE LA 4T<\/title>\n<meta name=\"robots\" content=\"noindex, follow, max-snippet:-1, max-image-preview:large, max-video-preview:-1\" \/>\n<meta property=\"og:locale\" content=\"es_MX\" \/>\n<meta property=\"og:type\" content=\"article\" \/>\n<meta property=\"og:title\" content=\"\u201cM\u00e9xico debe denunciar a Trump genocidio contra mexicanos\u201d: Alejandro Rojas\u00a0 - NOTICIAS DE LA 4T\" \/>\n<meta property=\"og:description\" content=\"De acuerdo al Senador, M\u00e9xico tambi\u00e9n debe emitir una Alerta de Viaje, para que no...\" \/>\n<meta property=\"og:url\" content=\"https:\/\/redamlo.com\/index.php\/2019\/08\/07\/mexico-debe-denunciar-a-trump-genocidio-contra-mexicanos-alejandro-rojas\/\" \/>\n<meta property=\"og:site_name\" content=\"NOTICIAS DE LA 4T\" \/>\n<meta property=\"article:published_time\" content=\"2019-08-07T15:56:36+00:00\" \/>\n<meta property=\"og:image\" content=\"https:\/\/redamlo.com\/wp-content\/uploads\/2019\/08\/Mexico-debe-denunciar-a-Trump-genocidio-contra-mexicanos-Alejandro-Rojas-.jpg\" \/>\n\t<meta property=\"og:image:width\" content=\"800\" \/>\n\t<meta property=\"og:image:height\" content=\"533\" \/>\n\t<meta property=\"og:image:type\" content=\"image\/jpeg\" \/>\n<meta name=\"author\" content=\"Blanca\" \/>\n<meta name=\"twitter:card\" content=\"summary_large_image\" \/>\n<meta name=\"twitter:label1\" content=\"Escrito por\" \/>\n\t<meta name=\"twitter:data1\" content=\"Blanca\" \/>\n\t<meta name=\"twitter:label2\" content=\"Tiempo de lectura\" \/>\n\t<meta name=\"twitter:data2\" content=\"5 minutos\" \/>\n<script type=\"application\/ld+json\" class=\"yoast-schema-graph\">{\"@context\":\"https:\\\/\\\/schema.org\",\"@graph\":[{\"@type\":\"Article\",\"@id\":\"https:\\\/\\\/redamlo.com\\\/index.php\\\/2019\\\/08\\\/07\\\/mexico-debe-denunciar-a-trump-genocidio-contra-mexicanos-alejandro-rojas\\\/#article\",\"isPartOf\":{\"@id\":\"https:\\\/\\\/redamlo.com\\\/index.php\\\/2019\\\/08\\\/07\\\/mexico-debe-denunciar-a-trump-genocidio-contra-mexicanos-alejandro-rojas\\\/\"},\"author\":{\"name\":\"Blanca\",\"@id\":\"https:\\\/\\\/redamlo.com\\\/#\\\/schema\\\/person\\\/7223a4375eb8f1a782fcae010a7115cf\"},\"headline\":\"\u201cM\u00e9xico debe denunciar a Trump genocidio contra mexicanos\u201d: Alejandro Rojas\u00a0\",\"datePublished\":\"2019-08-07T15:56:36+00:00\",\"mainEntityOfPage\":{\"@id\":\"https:\\\/\\\/redamlo.com\\\/index.php\\\/2019\\\/08\\\/07\\\/mexico-debe-denunciar-a-trump-genocidio-contra-mexicanos-alejandro-rojas\\\/\"},\"wordCount\":1109,\"commentCount\":0,\"publisher\":{\"@id\":\"https:\\\/\\\/redamlo.com\\\/#organization\"},\"image\":{\"@id\":\"https:\\\/\\\/redamlo.com\\\/index.php\\\/2019\\\/08\\\/07\\\/mexico-debe-denunciar-a-trump-genocidio-contra-mexicanos-alejandro-rojas\\\/#primaryimage\"},\"thumbnailUrl\":\"https:\\\/\\\/redamlo.com\\\/wp-content\\\/uploads\\\/2019\\\/08\\\/Mexico-debe-denunciar-a-Trump-genocidio-contra-mexicanos-Alejandro-Rojas-.jpg\",\"keywords\":[\"Alejandro Rojas D\u00edaz Dur\u00e1n\",\"Donald Trump\",\"El Paso\",\"Texas\"],\"articleSection\":[\"Uncategorized\"],\"inLanguage\":\"es\",\"potentialAction\":[{\"@type\":\"CommentAction\",\"name\":\"Comment\",\"target\":[\"https:\\\/\\\/redamlo.com\\\/index.php\\\/2019\\\/08\\\/07\\\/mexico-debe-denunciar-a-trump-genocidio-contra-mexicanos-alejandro-rojas\\\/#respond\"]}]},{\"@type\":\"WebPage\",\"@id\":\"https:\\\/\\\/redamlo.com\\\/index.php\\\/2019\\\/08\\\/07\\\/mexico-debe-denunciar-a-trump-genocidio-contra-mexicanos-alejandro-rojas\\\/\",\"url\":\"https:\\\/\\\/redamlo.com\\\/index.php\\\/2019\\\/08\\\/07\\\/mexico-debe-denunciar-a-trump-genocidio-contra-mexicanos-alejandro-rojas\\\/\",\"name\":\"\u201cM\u00e9xico debe denunciar a Trump genocidio contra mexicanos\u201d: Alejandro Rojas\u00a0 - NOTICIAS DE LA 4T\",\"isPartOf\":{\"@id\":\"https:\\\/\\\/redamlo.com\\\/#website\"},\"primaryImageOfPage\":{\"@id\":\"https:\\\/\\\/redamlo.com\\\/index.php\\\/2019\\\/08\\\/07\\\/mexico-debe-denunciar-a-trump-genocidio-contra-mexicanos-alejandro-rojas\\\/#primaryimage\"},\"image\":{\"@id\":\"https:\\\/\\\/redamlo.com\\\/index.php\\\/2019\\\/08\\\/07\\\/mexico-debe-denunciar-a-trump-genocidio-contra-mexicanos-alejandro-rojas\\\/#primaryimage\"},\"thumbnailUrl\":\"https:\\\/\\\/redamlo.com\\\/wp-content\\\/uploads\\\/2019\\\/08\\\/Mexico-debe-denunciar-a-Trump-genocidio-contra-mexicanos-Alejandro-Rojas-.jpg\",\"datePublished\":\"2019-08-07T15:56:36+00:00\",\"breadcrumb\":{\"@id\":\"https:\\\/\\\/redamlo.com\\\/index.php\\\/2019\\\/08\\\/07\\\/mexico-debe-denunciar-a-trump-genocidio-contra-mexicanos-alejandro-rojas\\\/#breadcrumb\"},\"inLanguage\":\"es\",\"potentialAction\":[{\"@type\":\"ReadAction\",\"target\":[\"https:\\\/\\\/redamlo.com\\\/index.php\\\/2019\\\/08\\\/07\\\/mexico-debe-denunciar-a-trump-genocidio-contra-mexicanos-alejandro-rojas\\\/\"]}]},{\"@type\":\"ImageObject\",\"inLanguage\":\"es\",\"@id\":\"https:\\\/\\\/redamlo.com\\\/index.php\\\/2019\\\/08\\\/07\\\/mexico-debe-denunciar-a-trump-genocidio-contra-mexicanos-alejandro-rojas\\\/#primaryimage\",\"url\":\"https:\\\/\\\/redamlo.com\\\/wp-content\\\/uploads\\\/2019\\\/08\\\/Mexico-debe-denunciar-a-Trump-genocidio-contra-mexicanos-Alejandro-Rojas-.jpg\",\"contentUrl\":\"https:\\\/\\\/redamlo.com\\\/wp-content\\\/uploads\\\/2019\\\/08\\\/Mexico-debe-denunciar-a-Trump-genocidio-contra-mexicanos-Alejandro-Rojas-.jpg\",\"width\":800,\"height\":533},{\"@type\":\"BreadcrumbList\",\"@id\":\"https:\\\/\\\/redamlo.com\\\/index.php\\\/2019\\\/08\\\/07\\\/mexico-debe-denunciar-a-trump-genocidio-contra-mexicanos-alejandro-rojas\\\/#breadcrumb\",\"itemListElement\":[{\"@type\":\"ListItem\",\"position\":1,\"name\":\"Inicio\",\"item\":\"https:\\\/\\\/redamlo.com\\\/\"},{\"@type\":\"ListItem\",\"position\":2,\"name\":\"\u201cM\u00e9xico debe denunciar a Trump genocidio contra mexicanos\u201d: Alejandro Rojas\u00a0\"}]},{\"@type\":\"WebSite\",\"@id\":\"https:\\\/\\\/redamlo.com\\\/#website\",\"url\":\"https:\\\/\\\/redamlo.com\\\/\",\"name\":\"NOTICIAS DE LA 4T\",\"description\":\"\",\"publisher\":{\"@id\":\"https:\\\/\\\/redamlo.com\\\/#organization\"},\"potentialAction\":[{\"@type\":\"SearchAction\",\"target\":{\"@type\":\"EntryPoint\",\"urlTemplate\":\"https:\\\/\\\/redamlo.com\\\/?s={search_term_string}\"},\"query-input\":{\"@type\":\"PropertyValueSpecification\",\"valueRequired\":true,\"valueName\":\"search_term_string\"}}],\"inLanguage\":\"es\"},{\"@type\":\"Organization\",\"@id\":\"https:\\\/\\\/redamlo.com\\\/#organization\",\"name\":\"NOTICIAS DE LA 4T\",\"url\":\"https:\\\/\\\/redamlo.com\\\/\",\"logo\":{\"@type\":\"ImageObject\",\"inLanguage\":\"es\",\"@id\":\"https:\\\/\\\/redamlo.com\\\/#\\\/schema\\\/logo\\\/image\\\/\",\"url\":\"https:\\\/\\\/redamlo.com\\\/wp-content\\\/uploads\\\/2024\\\/08\\\/cropped-RED-AMLO-logo-50.png\",\"contentUrl\":\"https:\\\/\\\/redamlo.com\\\/wp-content\\\/uploads\\\/2024\\\/08\\\/cropped-RED-AMLO-logo-50.png\",\"width\":256,\"height\":256,\"caption\":\"NOTICIAS DE LA 4T\"},\"image\":{\"@id\":\"https:\\\/\\\/redamlo.com\\\/#\\\/schema\\\/logo\\\/image\\\/\"}},{\"@type\":\"Person\",\"@id\":\"https:\\\/\\\/redamlo.com\\\/#\\\/schema\\\/person\\\/7223a4375eb8f1a782fcae010a7115cf\",\"name\":\"Blanca\",\"image\":{\"@type\":\"ImageObject\",\"inLanguage\":\"es\",\"@id\":\"https:\\\/\\\/secure.gravatar.com\\\/avatar\\\/3f79bc8336367a4e6093eae8757acaaf61d1124834b905616de7829b0273426d?s=96&d=mm&r=g\",\"url\":\"https:\\\/\\\/secure.gravatar.com\\\/avatar\\\/3f79bc8336367a4e6093eae8757acaaf61d1124834b905616de7829b0273426d?s=96&d=mm&r=g\",\"contentUrl\":\"https:\\\/\\\/secure.gravatar.com\\\/avatar\\\/3f79bc8336367a4e6093eae8757acaaf61d1124834b905616de7829b0273426d?s=96&d=mm&r=g\",\"caption\":\"Blanca\"},\"url\":\"https:\\\/\\\/redamlo.com\\\/index.php\\\/author\\\/blanca\\\/\"}]}<\/script>\n<!-- \/ Yoast SEO plugin. -->","yoast_head_json":{"title":"\u201cM\u00e9xico debe denunciar a Trump genocidio contra mexicanos\u201d: Alejandro Rojas\u00a0 - NOTICIAS DE LA 4T","robots":{"index":"noindex","follow":"follow","max-snippet":"max-snippet:-1","max-image-preview":"max-image-preview:large","max-video-preview":"max-video-preview:-1"},"og_locale":"es_MX","og_type":"article","og_title":"\u201cM\u00e9xico debe denunciar a Trump genocidio contra mexicanos\u201d: Alejandro Rojas\u00a0 - NOTICIAS DE LA 4T","og_description":"De acuerdo al Senador, M\u00e9xico tambi\u00e9n debe emitir una Alerta de Viaje, para que no...","og_url":"https:\/\/redamlo.com\/index.php\/2019\/08\/07\/mexico-debe-denunciar-a-trump-genocidio-contra-mexicanos-alejandro-rojas\/","og_site_name":"NOTICIAS DE LA 4T","article_published_time":"2019-08-07T15:56:36+00:00","og_image":[{"width":800,"height":533,"url":"https:\/\/redamlo.com\/wp-content\/uploads\/2019\/08\/Mexico-debe-denunciar-a-Trump-genocidio-contra-mexicanos-Alejandro-Rojas-.jpg","type":"image\/jpeg"}],"author":"Blanca","twitter_card":"summary_large_image","twitter_misc":{"Escrito por":"Blanca","Tiempo de lectura":"5 minutos"},"schema":{"@context":"https:\/\/schema.org","@graph":[{"@type":"Article","@id":"https:\/\/redamlo.com\/index.php\/2019\/08\/07\/mexico-debe-denunciar-a-trump-genocidio-contra-mexicanos-alejandro-rojas\/#article","isPartOf":{"@id":"https:\/\/redamlo.com\/index.php\/2019\/08\/07\/mexico-debe-denunciar-a-trump-genocidio-contra-mexicanos-alejandro-rojas\/"},"author":{"name":"Blanca","@id":"https:\/\/redamlo.com\/#\/schema\/person\/7223a4375eb8f1a782fcae010a7115cf"},"headline":"\u201cM\u00e9xico debe denunciar a Trump genocidio contra mexicanos\u201d: Alejandro Rojas\u00a0","datePublished":"2019-08-07T15:56:36+00:00","mainEntityOfPage":{"@id":"https:\/\/redamlo.com\/index.php\/2019\/08\/07\/mexico-debe-denunciar-a-trump-genocidio-contra-mexicanos-alejandro-rojas\/"},"wordCount":1109,"commentCount":0,"publisher":{"@id":"https:\/\/redamlo.com\/#organization"},"image":{"@id":"https:\/\/redamlo.com\/index.php\/2019\/08\/07\/mexico-debe-denunciar-a-trump-genocidio-contra-mexicanos-alejandro-rojas\/#primaryimage"},"thumbnailUrl":"https:\/\/redamlo.com\/wp-content\/uploads\/2019\/08\/Mexico-debe-denunciar-a-Trump-genocidio-contra-mexicanos-Alejandro-Rojas-.jpg","keywords":["Alejandro Rojas D\u00edaz Dur\u00e1n","Donald Trump","El Paso","Texas"],"articleSection":["Uncategorized"],"inLanguage":"es","potentialAction":[{"@type":"CommentAction","name":"Comment","target":["https:\/\/redamlo.com\/index.php\/2019\/08\/07\/mexico-debe-denunciar-a-trump-genocidio-contra-mexicanos-alejandro-rojas\/#respond"]}]},{"@type":"WebPage","@id":"https:\/\/redamlo.com\/index.php\/2019\/08\/07\/mexico-debe-denunciar-a-trump-genocidio-contra-mexicanos-alejandro-rojas\/","url":"https:\/\/redamlo.com\/index.php\/2019\/08\/07\/mexico-debe-denunciar-a-trump-genocidio-contra-mexicanos-alejandro-rojas\/","name":"\u201cM\u00e9xico debe denunciar a Trump genocidio contra mexicanos\u201d: Alejandro Rojas\u00a0 - NOTICIAS DE LA 4T","isPartOf":{"@id":"https:\/\/redamlo.com\/#website"},"primaryImageOfPage":{"@id":"https:\/\/redamlo.com\/index.php\/2019\/08\/07\/mexico-debe-denunciar-a-trump-genocidio-contra-mexicanos-alejandro-rojas\/#primaryimage"},"image":{"@id":"https:\/\/redamlo.com\/index.php\/2019\/08\/07\/mexico-debe-denunciar-a-trump-genocidio-contra-mexicanos-alejandro-rojas\/#primaryimage"},"thumbnailUrl":"https:\/\/redamlo.com\/wp-content\/uploads\/2019\/08\/Mexico-debe-denunciar-a-Trump-genocidio-contra-mexicanos-Alejandro-Rojas-.jpg","datePublished":"2019-08-07T15:56:36+00:00","breadcrumb":{"@id":"https:\/\/redamlo.com\/index.php\/2019\/08\/07\/mexico-debe-denunciar-a-trump-genocidio-contra-mexicanos-alejandro-rojas\/#breadcrumb"},"inLanguage":"es","potentialAction":[{"@type":"ReadAction","target":["https:\/\/redamlo.com\/index.php\/2019\/08\/07\/mexico-debe-denunciar-a-trump-genocidio-contra-mexicanos-alejandro-rojas\/"]}]},{"@type":"ImageObject","inLanguage":"es","@id":"https:\/\/redamlo.com\/index.php\/2019\/08\/07\/mexico-debe-denunciar-a-trump-genocidio-contra-mexicanos-alejandro-rojas\/#primaryimage","url":"https:\/\/redamlo.com\/wp-content\/uploads\/2019\/08\/Mexico-debe-denunciar-a-Trump-genocidio-contra-mexicanos-Alejandro-Rojas-.jpg","contentUrl":"https:\/\/redamlo.com\/wp-content\/uploads\/2019\/08\/Mexico-debe-denunciar-a-Trump-genocidio-contra-mexicanos-Alejandro-Rojas-.jpg","width":800,"height":533},{"@type":"BreadcrumbList","@id":"https:\/\/redamlo.com\/index.php\/2019\/08\/07\/mexico-debe-denunciar-a-trump-genocidio-contra-mexicanos-alejandro-rojas\/#breadcrumb","itemListElement":[{"@type":"ListItem","position":1,"name":"Inicio","item":"https:\/\/redamlo.com\/"},{"@type":"ListItem","position":2,"name":"\u201cM\u00e9xico debe denunciar a Trump genocidio contra mexicanos\u201d: Alejandro Rojas\u00a0"}]},{"@type":"WebSite","@id":"https:\/\/redamlo.com\/#website","url":"https:\/\/redamlo.com\/","name":"NOTICIAS DE LA 4T","description":"","publisher":{"@id":"https:\/\/redamlo.com\/#organization"},"potentialAction":[{"@type":"SearchAction","target":{"@type":"EntryPoint","urlTemplate":"https:\/\/redamlo.com\/?s={search_term_string}"},"query-input":{"@type":"PropertyValueSpecification","valueRequired":true,"valueName":"search_term_string"}}],"inLanguage":"es"},{"@type":"Organization","@id":"https:\/\/redamlo.com\/#organization","name":"NOTICIAS DE LA 4T","url":"https:\/\/redamlo.com\/","logo":{"@type":"ImageObject","inLanguage":"es","@id":"https:\/\/redamlo.com\/#\/schema\/logo\/image\/","url":"https:\/\/redamlo.com\/wp-content\/uploads\/2024\/08\/cropped-RED-AMLO-logo-50.png","contentUrl":"https:\/\/redamlo.com\/wp-content\/uploads\/2024\/08\/cropped-RED-AMLO-logo-50.png","width":256,"height":256,"caption":"NOTICIAS DE LA 4T"},"image":{"@id":"https:\/\/redamlo.com\/#\/schema\/logo\/image\/"}},{"@type":"Person","@id":"https:\/\/redamlo.com\/#\/schema\/person\/7223a4375eb8f1a782fcae010a7115cf","name":"Blanca","image":{"@type":"ImageObject","inLanguage":"es","@id":"https:\/\/secure.gravatar.com\/avatar\/3f79bc8336367a4e6093eae8757acaaf61d1124834b905616de7829b0273426d?s=96&d=mm&r=g","url":"https:\/\/secure.gravatar.com\/avatar\/3f79bc8336367a4e6093eae8757acaaf61d1124834b905616de7829b0273426d?s=96&d=mm&r=g","contentUrl":"https:\/\/secure.gravatar.com\/avatar\/3f79bc8336367a4e6093eae8757acaaf61d1124834b905616de7829b0273426d?s=96&d=mm&r=g","caption":"Blanca"},"url":"https:\/\/redamlo.com\/index.php\/author\/blanca\/"}]}},"_links":{"self":[{"href":"https:\/\/redamlo.com\/index.php\/wp-json\/wp\/v2\/posts\/256","targetHints":{"allow":["GET"]}}],"collection":[{"href":"https:\/\/redamlo.com\/index.php\/wp-json\/wp\/v2\/posts"}],"about":[{"href":"https:\/\/redamlo.com\/index.php\/wp-json\/wp\/v2\/types\/post"}],"author":[{"embeddable":true,"href":"https:\/\/redamlo.com\/index.php\/wp-json\/wp\/v2\/users\/2"}],"replies":[{"embeddable":true,"href":"https:\/\/redamlo.com\/index.php\/wp-json\/wp\/v2\/comments?post=256"}],"version-history":[{"count":0,"href":"https:\/\/redamlo.com\/index.php\/wp-json\/wp\/v2\/posts\/256\/revisions"}],"wp:featuredmedia":[{"embeddable":true,"href":"https:\/\/redamlo.com\/index.php\/wp-json\/wp\/v2\/media\/258"}],"wp:attachment":[{"href":"https:\/\/redamlo.com\/index.php\/wp-json\/wp\/v2\/media?parent=256"}],"wp:term":[{"taxonomy":"category","embeddable":true,"href":"https:\/\/redamlo.com\/index.php\/wp-json\/wp\/v2\/categories?post=256"},{"taxonomy":"post_tag","embeddable":true,"href":"https:\/\/redamlo.com\/index.php\/wp-json\/wp\/v2\/tags?post=256"}],"curies":[{"name":"wp","href":"https:\/\/api.w.org\/{rel}","templated":true}]}}