{"id":250,"date":"2019-08-06T15:42:57","date_gmt":"2019-08-06T20:42:57","guid":{"rendered":"http:\/\/redamlo.com\/?p=250"},"modified":"2019-08-06T15:42:57","modified_gmt":"2019-08-06T20:42:57","slug":"cae-el-pantera-presunto-lider-de-los-pelones","status":"publish","type":"post","link":"https:\/\/redamlo.com\/index.php\/2019\/08\/06\/cae-el-pantera-presunto-lider-de-los-pelones\/","title":{"rendered":"Cae El Pantera presunto l\u00edder de \u201cLos Pelones\u201d"},"content":{"rendered":"<p><span style=\"font-weight: 400;\">Ayer por la tarde en el municipio de Solidaridad en Canc\u00fan fue detenido a bordo de una camioneta con vidrios polarizados Ernesto \u201cN\u201d tambi\u00e9n conocido como <strong>El Pantera<\/strong>, quien es se\u00f1alado como presunto l\u00edder de la banda <\/span><strong><i>Los Pelones<\/i><\/strong><span style=\"font-weight: 400;\">.<\/span><\/p>\n<p><span style=\"font-weight: 400;\">El sujeto de 43 a\u00f1os fue detenido en compa\u00f1\u00eda de una joven de 18 a\u00f1os en la calle Azulejos con Esp\u00e1tula por elementos policiales, quienes al realizar la inspecci\u00f3n obligatoria del veh\u00edculo hallaron una pistola tipo escuadra Beretta, de 9 mil\u00edmetros, con cuatro cargadores, y 250 gramos de marihuana, por lo que ambos fueron remitidos a la <strong>Fiscal\u00eda General de la Rep\u00fablica<\/strong>.<\/span><\/p>\n<p><span style=\"font-weight: 400;\">Al respecto, <strong>Alberto Capella Ibarra, Secretario estatal de Seguridad P\u00fablica de Quintana Roo<\/strong>, declar\u00f3 que la Fiscal\u00eda dar\u00e1 los pormenores sobre la detenci\u00f3n del cabecilla del grupo delictivo &#8221;Los Pelones&#8221;.<\/span><\/p>\n","protected":false},"excerpt":{"rendered":"<p>La banda delictiva es conocida en la zona del baj\u00edo por cometer il\u00edcitos con el crimen organizado.<\/p>\n","protected":false},"author":2,"featured_media":252,"comment_status":"open","ping_status":"closed","sticky":false,"template":"","format":"standard","meta":{"footnotes":""},"categories":[1],"tags":[],"class_list":["post-250","post","type-post","status-publish","format-standard","has-post-thumbnail","hentry","category-uncategorized"],"yoast_head":"<!-- This site is optimized with the Yoast SEO plugin v27.5 - https:\/\/yoast.com\/product\/yoast-seo-wordpress\/ -->\n<title>Cae El Pantera presunto l\u00edder de \u201cLos Pelones\u201d - NOTICIAS DE LA 4T<\/title>\n<meta name=\"robots\" content=\"noindex, follow, max-snippet:-1, max-image-preview:large, max-video-preview:-1\" \/>\n<meta property=\"og:locale\" content=\"es_MX\" \/>\n<meta property=\"og:type\" content=\"article\" \/>\n<meta property=\"og:title\" content=\"Cae El Pantera presunto l\u00edder de \u201cLos Pelones\u201d - NOTICIAS DE LA 4T\" \/>\n<meta property=\"og:description\" content=\"La banda delictiva es conocida en la zona del baj\u00edo por cometer il\u00edcitos con el crimen organizado.\" \/>\n<meta property=\"og:url\" content=\"https:\/\/redamlo.com\/index.php\/2019\/08\/06\/cae-el-pantera-presunto-lider-de-los-pelones\/\" \/>\n<meta property=\"og:site_name\" content=\"NOTICIAS DE LA 4T\" \/>\n<meta property=\"article:published_time\" content=\"2019-08-06T20:42:57+00:00\" \/>\n<meta property=\"og:image\" content=\"https:\/\/redamlo.com\/wp-content\/uploads\/2019\/08\/cae-presunto-lider-d-elos-pelones.jpg\" \/>\n\t<meta property=\"og:image:width\" content=\"800\" \/>\n\t<meta property=\"og:image:height\" content=\"533\" \/>\n\t<meta property=\"og:image:type\" content=\"image\/jpeg\" \/>\n<meta name=\"author\" content=\"Blanca\" \/>\n<meta name=\"twitter:card\" content=\"summary_large_image\" \/>\n<meta name=\"twitter:label1\" content=\"Escrito por\" \/>\n\t<meta name=\"twitter:data1\" content=\"Blanca\" \/>\n\t<meta name=\"twitter:label2\" content=\"Tiempo de lectura\" \/>\n\t<meta name=\"twitter:data2\" content=\"1 minuto\" \/>\n<script type=\"application\/ld+json\" class=\"yoast-schema-graph\">{\"@context\":\"https:\\\/\\\/schema.org\",\"@graph\":[{\"@type\":\"Article\",\"@id\":\"https:\\\/\\\/redamlo.com\\\/index.php\\\/2019\\\/08\\\/06\\\/cae-el-pantera-presunto-lider-de-los-pelones\\\/#article\",\"isPartOf\":{\"@id\":\"https:\\\/\\\/redamlo.com\\\/index.php\\\/2019\\\/08\\\/06\\\/cae-el-pantera-presunto-lider-de-los-pelones\\\/\"},\"author\":{\"name\":\"Blanca\",\"@id\":\"https:\\\/\\\/redamlo.com\\\/#\\\/schema\\\/person\\\/7223a4375eb8f1a782fcae010a7115cf\"},\"headline\":\"Cae El Pantera presunto l\u00edder de \u201cLos Pelones\u201d\",\"datePublished\":\"2019-08-06T20:42:57+00:00\",\"mainEntityOfPage\":{\"@id\":\"https:\\\/\\\/redamlo.com\\\/index.php\\\/2019\\\/08\\\/06\\\/cae-el-pantera-presunto-lider-de-los-pelones\\\/\"},\"wordCount\":152,\"commentCount\":0,\"publisher\":{\"@id\":\"https:\\\/\\\/redamlo.com\\\/#organization\"},\"image\":{\"@id\":\"https:\\\/\\\/redamlo.com\\\/index.php\\\/2019\\\/08\\\/06\\\/cae-el-pantera-presunto-lider-de-los-pelones\\\/#primaryimage\"},\"thumbnailUrl\":\"https:\\\/\\\/redamlo.com\\\/wp-content\\\/uploads\\\/2019\\\/08\\\/cae-presunto-lider-d-elos-pelones.jpg\",\"articleSection\":[\"Uncategorized\"],\"inLanguage\":\"es\",\"potentialAction\":[{\"@type\":\"CommentAction\",\"name\":\"Comment\",\"target\":[\"https:\\\/\\\/redamlo.com\\\/index.php\\\/2019\\\/08\\\/06\\\/cae-el-pantera-presunto-lider-de-los-pelones\\\/#respond\"]}]},{\"@type\":\"WebPage\",\"@id\":\"https:\\\/\\\/redamlo.com\\\/index.php\\\/2019\\\/08\\\/06\\\/cae-el-pantera-presunto-lider-de-los-pelones\\\/\",\"url\":\"https:\\\/\\\/redamlo.com\\\/index.php\\\/2019\\\/08\\\/06\\\/cae-el-pantera-presunto-lider-de-los-pelones\\\/\",\"name\":\"Cae El Pantera presunto l\u00edder de \u201cLos Pelones\u201d - NOTICIAS DE LA 4T\",\"isPartOf\":{\"@id\":\"https:\\\/\\\/redamlo.com\\\/#website\"},\"primaryImageOfPage\":{\"@id\":\"https:\\\/\\\/redamlo.com\\\/index.php\\\/2019\\\/08\\\/06\\\/cae-el-pantera-presunto-lider-de-los-pelones\\\/#primaryimage\"},\"image\":{\"@id\":\"https:\\\/\\\/redamlo.com\\\/index.php\\\/2019\\\/08\\\/06\\\/cae-el-pantera-presunto-lider-de-los-pelones\\\/#primaryimage\"},\"thumbnailUrl\":\"https:\\\/\\\/redamlo.com\\\/wp-content\\\/uploads\\\/2019\\\/08\\\/cae-presunto-lider-d-elos-pelones.jpg\",\"datePublished\":\"2019-08-06T20:42:57+00:00\",\"breadcrumb\":{\"@id\":\"https:\\\/\\\/redamlo.com\\\/index.php\\\/2019\\\/08\\\/06\\\/cae-el-pantera-presunto-lider-de-los-pelones\\\/#breadcrumb\"},\"inLanguage\":\"es\",\"potentialAction\":[{\"@type\":\"ReadAction\",\"target\":[\"https:\\\/\\\/redamlo.com\\\/index.php\\\/2019\\\/08\\\/06\\\/cae-el-pantera-presunto-lider-de-los-pelones\\\/\"]}]},{\"@type\":\"ImageObject\",\"inLanguage\":\"es\",\"@id\":\"https:\\\/\\\/redamlo.com\\\/index.php\\\/2019\\\/08\\\/06\\\/cae-el-pantera-presunto-lider-de-los-pelones\\\/#primaryimage\",\"url\":\"https:\\\/\\\/redamlo.com\\\/wp-content\\\/uploads\\\/2019\\\/08\\\/cae-presunto-lider-d-elos-pelones.jpg\",\"contentUrl\":\"https:\\\/\\\/redamlo.com\\\/wp-content\\\/uploads\\\/2019\\\/08\\\/cae-presunto-lider-d-elos-pelones.jpg\",\"width\":800,\"height\":533},{\"@type\":\"BreadcrumbList\",\"@id\":\"https:\\\/\\\/redamlo.com\\\/index.php\\\/2019\\\/08\\\/06\\\/cae-el-pantera-presunto-lider-de-los-pelones\\\/#breadcrumb\",\"itemListElement\":[{\"@type\":\"ListItem\",\"position\":1,\"name\":\"Inicio\",\"item\":\"https:\\\/\\\/redamlo.com\\\/\"},{\"@type\":\"ListItem\",\"position\":2,\"name\":\"Cae El Pantera presunto l\u00edder de \u201cLos Pelones\u201d\"}]},{\"@type\":\"WebSite\",\"@id\":\"https:\\\/\\\/redamlo.com\\\/#website\",\"url\":\"https:\\\/\\\/redamlo.com\\\/\",\"name\":\"NOTICIAS DE LA 4T\",\"description\":\"\",\"publisher\":{\"@id\":\"https:\\\/\\\/redamlo.com\\\/#organization\"},\"potentialAction\":[{\"@type\":\"SearchAction\",\"target\":{\"@type\":\"EntryPoint\",\"urlTemplate\":\"https:\\\/\\\/redamlo.com\\\/?s={search_term_string}\"},\"query-input\":{\"@type\":\"PropertyValueSpecification\",\"valueRequired\":true,\"valueName\":\"search_term_string\"}}],\"inLanguage\":\"es\"},{\"@type\":\"Organization\",\"@id\":\"https:\\\/\\\/redamlo.com\\\/#organization\",\"name\":\"NOTICIAS DE LA 4T\",\"url\":\"https:\\\/\\\/redamlo.com\\\/\",\"logo\":{\"@type\":\"ImageObject\",\"inLanguage\":\"es\",\"@id\":\"https:\\\/\\\/redamlo.com\\\/#\\\/schema\\\/logo\\\/image\\\/\",\"url\":\"https:\\\/\\\/redamlo.com\\\/wp-content\\\/uploads\\\/2024\\\/08\\\/cropped-RED-AMLO-logo-50.png\",\"contentUrl\":\"https:\\\/\\\/redamlo.com\\\/wp-content\\\/uploads\\\/2024\\\/08\\\/cropped-RED-AMLO-logo-50.png\",\"width\":256,\"height\":256,\"caption\":\"NOTICIAS DE LA 4T\"},\"image\":{\"@id\":\"https:\\\/\\\/redamlo.com\\\/#\\\/schema\\\/logo\\\/image\\\/\"}},{\"@type\":\"Person\",\"@id\":\"https:\\\/\\\/redamlo.com\\\/#\\\/schema\\\/person\\\/7223a4375eb8f1a782fcae010a7115cf\",\"name\":\"Blanca\",\"image\":{\"@type\":\"ImageObject\",\"inLanguage\":\"es\",\"@id\":\"https:\\\/\\\/secure.gravatar.com\\\/avatar\\\/3f79bc8336367a4e6093eae8757acaaf61d1124834b905616de7829b0273426d?s=96&d=mm&r=g\",\"url\":\"https:\\\/\\\/secure.gravatar.com\\\/avatar\\\/3f79bc8336367a4e6093eae8757acaaf61d1124834b905616de7829b0273426d?s=96&d=mm&r=g\",\"contentUrl\":\"https:\\\/\\\/secure.gravatar.com\\\/avatar\\\/3f79bc8336367a4e6093eae8757acaaf61d1124834b905616de7829b0273426d?s=96&d=mm&r=g\",\"caption\":\"Blanca\"},\"url\":\"https:\\\/\\\/redamlo.com\\\/index.php\\\/author\\\/blanca\\\/\"}]}<\/script>\n<!-- \/ Yoast SEO plugin. -->","yoast_head_json":{"title":"Cae El Pantera presunto l\u00edder de \u201cLos Pelones\u201d - NOTICIAS DE LA 4T","robots":{"index":"noindex","follow":"follow","max-snippet":"max-snippet:-1","max-image-preview":"max-image-preview:large","max-video-preview":"max-video-preview:-1"},"og_locale":"es_MX","og_type":"article","og_title":"Cae El Pantera presunto l\u00edder de \u201cLos Pelones\u201d - NOTICIAS DE LA 4T","og_description":"La banda delictiva es conocida en la zona del baj\u00edo por cometer il\u00edcitos con el crimen organizado.","og_url":"https:\/\/redamlo.com\/index.php\/2019\/08\/06\/cae-el-pantera-presunto-lider-de-los-pelones\/","og_site_name":"NOTICIAS DE LA 4T","article_published_time":"2019-08-06T20:42:57+00:00","og_image":[{"width":800,"height":533,"url":"https:\/\/redamlo.com\/wp-content\/uploads\/2019\/08\/cae-presunto-lider-d-elos-pelones.jpg","type":"image\/jpeg"}],"author":"Blanca","twitter_card":"summary_large_image","twitter_misc":{"Escrito por":"Blanca","Tiempo de lectura":"1 minuto"},"schema":{"@context":"https:\/\/schema.org","@graph":[{"@type":"Article","@id":"https:\/\/redamlo.com\/index.php\/2019\/08\/06\/cae-el-pantera-presunto-lider-de-los-pelones\/#article","isPartOf":{"@id":"https:\/\/redamlo.com\/index.php\/2019\/08\/06\/cae-el-pantera-presunto-lider-de-los-pelones\/"},"author":{"name":"Blanca","@id":"https:\/\/redamlo.com\/#\/schema\/person\/7223a4375eb8f1a782fcae010a7115cf"},"headline":"Cae El Pantera presunto l\u00edder de \u201cLos Pelones\u201d","datePublished":"2019-08-06T20:42:57+00:00","mainEntityOfPage":{"@id":"https:\/\/redamlo.com\/index.php\/2019\/08\/06\/cae-el-pantera-presunto-lider-de-los-pelones\/"},"wordCount":152,"commentCount":0,"publisher":{"@id":"https:\/\/redamlo.com\/#organization"},"image":{"@id":"https:\/\/redamlo.com\/index.php\/2019\/08\/06\/cae-el-pantera-presunto-lider-de-los-pelones\/#primaryimage"},"thumbnailUrl":"https:\/\/redamlo.com\/wp-content\/uploads\/2019\/08\/cae-presunto-lider-d-elos-pelones.jpg","articleSection":["Uncategorized"],"inLanguage":"es","potentialAction":[{"@type":"CommentAction","name":"Comment","target":["https:\/\/redamlo.com\/index.php\/2019\/08\/06\/cae-el-pantera-presunto-lider-de-los-pelones\/#respond"]}]},{"@type":"WebPage","@id":"https:\/\/redamlo.com\/index.php\/2019\/08\/06\/cae-el-pantera-presunto-lider-de-los-pelones\/","url":"https:\/\/redamlo.com\/index.php\/2019\/08\/06\/cae-el-pantera-presunto-lider-de-los-pelones\/","name":"Cae El Pantera presunto l\u00edder de \u201cLos Pelones\u201d - NOTICIAS DE LA 4T","isPartOf":{"@id":"https:\/\/redamlo.com\/#website"},"primaryImageOfPage":{"@id":"https:\/\/redamlo.com\/index.php\/2019\/08\/06\/cae-el-pantera-presunto-lider-de-los-pelones\/#primaryimage"},"image":{"@id":"https:\/\/redamlo.com\/index.php\/2019\/08\/06\/cae-el-pantera-presunto-lider-de-los-pelones\/#primaryimage"},"thumbnailUrl":"https:\/\/redamlo.com\/wp-content\/uploads\/2019\/08\/cae-presunto-lider-d-elos-pelones.jpg","datePublished":"2019-08-06T20:42:57+00:00","breadcrumb":{"@id":"https:\/\/redamlo.com\/index.php\/2019\/08\/06\/cae-el-pantera-presunto-lider-de-los-pelones\/#breadcrumb"},"inLanguage":"es","potentialAction":[{"@type":"ReadAction","target":["https:\/\/redamlo.com\/index.php\/2019\/08\/06\/cae-el-pantera-presunto-lider-de-los-pelones\/"]}]},{"@type":"ImageObject","inLanguage":"es","@id":"https:\/\/redamlo.com\/index.php\/2019\/08\/06\/cae-el-pantera-presunto-lider-de-los-pelones\/#primaryimage","url":"https:\/\/redamlo.com\/wp-content\/uploads\/2019\/08\/cae-presunto-lider-d-elos-pelones.jpg","contentUrl":"https:\/\/redamlo.com\/wp-content\/uploads\/2019\/08\/cae-presunto-lider-d-elos-pelones.jpg","width":800,"height":533},{"@type":"BreadcrumbList","@id":"https:\/\/redamlo.com\/index.php\/2019\/08\/06\/cae-el-pantera-presunto-lider-de-los-pelones\/#breadcrumb","itemListElement":[{"@type":"ListItem","position":1,"name":"Inicio","item":"https:\/\/redamlo.com\/"},{"@type":"ListItem","position":2,"name":"Cae El Pantera presunto l\u00edder de \u201cLos Pelones\u201d"}]},{"@type":"WebSite","@id":"https:\/\/redamlo.com\/#website","url":"https:\/\/redamlo.com\/","name":"NOTICIAS DE LA 4T","description":"","publisher":{"@id":"https:\/\/redamlo.com\/#organization"},"potentialAction":[{"@type":"SearchAction","target":{"@type":"EntryPoint","urlTemplate":"https:\/\/redamlo.com\/?s={search_term_string}"},"query-input":{"@type":"PropertyValueSpecification","valueRequired":true,"valueName":"search_term_string"}}],"inLanguage":"es"},{"@type":"Organization","@id":"https:\/\/redamlo.com\/#organization","name":"NOTICIAS DE LA 4T","url":"https:\/\/redamlo.com\/","logo":{"@type":"ImageObject","inLanguage":"es","@id":"https:\/\/redamlo.com\/#\/schema\/logo\/image\/","url":"https:\/\/redamlo.com\/wp-content\/uploads\/2024\/08\/cropped-RED-AMLO-logo-50.png","contentUrl":"https:\/\/redamlo.com\/wp-content\/uploads\/2024\/08\/cropped-RED-AMLO-logo-50.png","width":256,"height":256,"caption":"NOTICIAS DE LA 4T"},"image":{"@id":"https:\/\/redamlo.com\/#\/schema\/logo\/image\/"}},{"@type":"Person","@id":"https:\/\/redamlo.com\/#\/schema\/person\/7223a4375eb8f1a782fcae010a7115cf","name":"Blanca","image":{"@type":"ImageObject","inLanguage":"es","@id":"https:\/\/secure.gravatar.com\/avatar\/3f79bc8336367a4e6093eae8757acaaf61d1124834b905616de7829b0273426d?s=96&d=mm&r=g","url":"https:\/\/secure.gravatar.com\/avatar\/3f79bc8336367a4e6093eae8757acaaf61d1124834b905616de7829b0273426d?s=96&d=mm&r=g","contentUrl":"https:\/\/secure.gravatar.com\/avatar\/3f79bc8336367a4e6093eae8757acaaf61d1124834b905616de7829b0273426d?s=96&d=mm&r=g","caption":"Blanca"},"url":"https:\/\/redamlo.com\/index.php\/author\/blanca\/"}]}},"_links":{"self":[{"href":"https:\/\/redamlo.com\/index.php\/wp-json\/wp\/v2\/posts\/250","targetHints":{"allow":["GET"]}}],"collection":[{"href":"https:\/\/redamlo.com\/index.php\/wp-json\/wp\/v2\/posts"}],"about":[{"href":"https:\/\/redamlo.com\/index.php\/wp-json\/wp\/v2\/types\/post"}],"author":[{"embeddable":true,"href":"https:\/\/redamlo.com\/index.php\/wp-json\/wp\/v2\/users\/2"}],"replies":[{"embeddable":true,"href":"https:\/\/redamlo.com\/index.php\/wp-json\/wp\/v2\/comments?post=250"}],"version-history":[{"count":0,"href":"https:\/\/redamlo.com\/index.php\/wp-json\/wp\/v2\/posts\/250\/revisions"}],"wp:featuredmedia":[{"embeddable":true,"href":"https:\/\/redamlo.com\/index.php\/wp-json\/wp\/v2\/media\/252"}],"wp:attachment":[{"href":"https:\/\/redamlo.com\/index.php\/wp-json\/wp\/v2\/media?parent=250"}],"wp:term":[{"taxonomy":"category","embeddable":true,"href":"https:\/\/redamlo.com\/index.php\/wp-json\/wp\/v2\/categories?post=250"},{"taxonomy":"post_tag","embeddable":true,"href":"https:\/\/redamlo.com\/index.php\/wp-json\/wp\/v2\/tags?post=250"}],"curies":[{"name":"wp","href":"https:\/\/api.w.org\/{rel}","templated":true}]}}