{"id":247,"date":"2019-08-06T14:34:35","date_gmt":"2019-08-06T19:34:35","guid":{"rendered":"http:\/\/redamlo.com\/?p=247"},"modified":"2019-08-06T14:34:35","modified_gmt":"2019-08-06T19:34:35","slug":"a-donde-ira-a-parar-lo-recaudado-en-la-subasta-de-los-bienes-de-zhenli-ye-gon","status":"publish","type":"post","link":"https:\/\/redamlo.com\/index.php\/2019\/08\/06\/a-donde-ira-a-parar-lo-recaudado-en-la-subasta-de-los-bienes-de-zhenli-ye-gon\/","title":{"rendered":"\u00bfA d\u00f3nde ir\u00e1 a parar lo recaudado en la subasta de los bienes de Zhenli Ye Gon?"},"content":{"rendered":"<p><span style=\"font-weight: 400;\">Hace pocos d\u00edas el <\/span><b>Presidente Andr\u00e9s Manuel L\u00f3pez Obrador,<\/b><span style=\"font-weight: 400;\"> anunci\u00f3 durante su conferencia matutina que les ten\u00eda reservada \u201cuna sorpresa\u201d a los deportistas que representan a M\u00e9xico en los Juegos Panamericanos de Lima 2019; sin embargo, el d\u00eda de hoy\u00a0 fue revelado el secreto en voz de <\/span><b>Ricardo Rodr\u00edguez<\/b><span style=\"font-weight: 400;\">, titular del <\/span><b>Instituto para Devolverle al Pueblo lo Robado<\/b><span style=\"font-weight: 400;\">.<\/span><\/p>\n<blockquote><p><span style=\"font-weight: 400;\">\u201cSiguiendo la instrucci\u00f3n puntual que nuestro presidente de la Rep\u00fablica Mexicana le ha dado la instrucci\u00f3n al instituto de que los recursos que se destinen por la venta de dicha casa sean destinados a la brevedad posible\u00a0 alrededor de <\/span><b>150 becas de 20 mil pesos mensuales<\/b><span style=\"font-weight: 400;\"> para los atletas que est\u00e1n compitiendo en los <\/span><b>Juegos Panamericanos<\/b><span style=\"font-weight: 400;\">.<\/span><\/p>\n<p><span style=\"font-weight: 400;\">Este es un apoyo sin precedentes para lo que ser\u00eda el deporte de alto rendimiento. nunca se hab\u00eda dado este precedente de apoyar a los atletas de alto rendimiento. Son alrededor de m\u00e1s de 100 millones de pesos lo que destinar\u00eda para apoyar a estos atletas. insisto la instrucci\u00f3n del se\u00f1or Presidente es dar el apoyo a la brevedad posible en cuanto ellos regresen y cumplir con esa mandato en el que el Instituto para devolverle al pueblo lo robada dar\u00eda celeridad para otorgar el apoyo a dichos atletas\u201d dijo.<\/span><\/p><\/blockquote>\n<p><span style=\"font-weight: 400;\">Asimismo se anunci\u00f3 que habr\u00e1 un est\u00edmulo adicional para aquellos deportistas que hayan obtenido medallas en la justa deportiva:<\/span><\/p>\n<ul>\n<li style=\"font-weight: 400;\"><strong>Oro &#8211; 40 mil pesos<\/strong><\/li>\n<li style=\"font-weight: 400;\"><strong>Plata &#8211; 35 mil pesos<\/strong><\/li>\n<li style=\"font-weight: 400;\"><strong>Bronce &#8211; 25 mil<\/strong><\/li>\n<\/ul>\n<figure id=\"attachment_1956\" aria-describedby=\"caption-attachment-1956\" style=\"width: 353px\" class=\"wp-caption aligncenter\"><a href=\"http:\/\/redamlo.com\/wp-content\/uploads\/2019\/08\/descarga.jpeg\"><img loading=\"lazy\" decoding=\"async\" class=\" wp-image-1956\" src=\"http:\/\/redamlo.com\/wp-content\/uploads\/2019\/08\/descarga.jpeg\" alt=\"\" width=\"353\" height=\"198\" \/><\/a><figcaption id=\"caption-attachment-1956\" class=\"wp-caption-text\">Ricardo Rodriguez, titular del Instituto para <em>Devolverle al pueblo lo Robado<\/em>, coment\u00f3 que el gobierno federal buscar\u00e1 m\u00e1s fuentes de financiamiento para apoyar a entrenadores y deportistas paraol\u00edmpicos.<\/figcaption><\/figure>\n<h4><b>\u00bfQu\u00e9 dice el empresario de origen chino?<\/b><\/h4>\n<figure id=\"attachment_1957\" aria-describedby=\"caption-attachment-1957\" style=\"width: 1120px\" class=\"wp-caption aligncenter\"><a href=\"http:\/\/redamlo.com\/wp-content\/uploads\/2019\/08\/Zhenli-Ye-Gon.jpg\"><img loading=\"lazy\" decoding=\"async\" class=\"size-full wp-image-1957\" src=\"http:\/\/redamlo.com\/wp-content\/uploads\/2019\/08\/Zhenli-Ye-Gon.jpg\" alt=\"\" width=\"1120\" height=\"581\" \/><\/a><figcaption id=\"caption-attachment-1957\" class=\"wp-caption-text\">Zhenli Ye Gon escoltado por elementos de la entonces Procuradur\u00eda General de la Rep\u00fablica (PGR).<\/figcaption><\/figure>\n<p><span style=\"font-weight: 400;\">Esta ma\u00f1ana trascendi\u00f3 que el empresario chino que permanece encarcelado en un penal de m\u00e1xima seguridad del Altiplano en el Estado de M\u00e9xico interpuso una demanda de amparo en contra del aseguramiento y subasta que pretende realizar el Gobierno Federal de la que fuera su residencia en Bosques de las Lomas.<\/span><\/p>\n<p><span style=\"font-weight: 400;\">Cabe se\u00f1alar que la residencia de Ye Gon fue confiscada hace poco m\u00e1s de 10 a\u00f1os despu\u00e9s de un operativo donde la entonces llamada Procuradur\u00eda General de la Rep\u00fablica (PGR) aseguraron m\u00e1s de 205 millones de d\u00f3lares; 17 millones de pesos y cerca de 200 mil euros.<\/span><\/p>\n","protected":false},"excerpt":{"rendered":"<p>Se estima que se juntar\u00e1n cerca de 100 millones de pesos y su destino fue anunciado previamente hace pocos d\u00edas.<\/p>\n","protected":false},"author":2,"featured_media":249,"comment_status":"open","ping_status":"closed","sticky":false,"template":"","format":"standard","meta":{"footnotes":""},"categories":[1],"tags":[],"class_list":["post-247","post","type-post","status-publish","format-standard","has-post-thumbnail","hentry","category-uncategorized"],"yoast_head":"<!-- This site is optimized with the Yoast SEO plugin v27.5 - https:\/\/yoast.com\/product\/yoast-seo-wordpress\/ -->\n<title>\u00bfA d\u00f3nde ir\u00e1 a parar lo recaudado en la subasta de los bienes de Zhenli Ye Gon? - NOTICIAS DE LA 4T<\/title>\n<meta name=\"robots\" content=\"noindex, follow, max-snippet:-1, max-image-preview:large, max-video-preview:-1\" \/>\n<meta property=\"og:locale\" content=\"es_MX\" \/>\n<meta property=\"og:type\" content=\"article\" \/>\n<meta property=\"og:title\" content=\"\u00bfA d\u00f3nde ir\u00e1 a parar lo recaudado en la subasta de los bienes de Zhenli Ye Gon? - NOTICIAS DE LA 4T\" \/>\n<meta property=\"og:description\" content=\"Se estima que se juntar\u00e1n cerca de 100 millones de pesos y su destino fue anunciado previamente hace pocos d\u00edas.\" \/>\n<meta property=\"og:url\" content=\"https:\/\/redamlo.com\/index.php\/2019\/08\/06\/a-donde-ira-a-parar-lo-recaudado-en-la-subasta-de-los-bienes-de-zhenli-ye-gon\/\" \/>\n<meta property=\"og:site_name\" content=\"NOTICIAS DE LA 4T\" \/>\n<meta property=\"article:published_time\" content=\"2019-08-06T19:34:35+00:00\" \/>\n<meta property=\"og:image\" content=\"https:\/\/redamlo.com\/wp-content\/uploads\/2019\/08\/subasta-de-zhenli-ye-gon.jpg\" \/>\n\t<meta property=\"og:image:width\" content=\"800\" \/>\n\t<meta property=\"og:image:height\" content=\"533\" \/>\n\t<meta property=\"og:image:type\" content=\"image\/jpeg\" \/>\n<meta name=\"author\" content=\"Blanca\" \/>\n<meta name=\"twitter:card\" content=\"summary_large_image\" \/>\n<meta name=\"twitter:label1\" content=\"Escrito por\" \/>\n\t<meta name=\"twitter:data1\" content=\"Blanca\" \/>\n\t<meta name=\"twitter:label2\" content=\"Tiempo de lectura\" \/>\n\t<meta name=\"twitter:data2\" content=\"2 minutos\" \/>\n<script type=\"application\/ld+json\" class=\"yoast-schema-graph\">{\"@context\":\"https:\\\/\\\/schema.org\",\"@graph\":[{\"@type\":\"Article\",\"@id\":\"https:\\\/\\\/redamlo.com\\\/index.php\\\/2019\\\/08\\\/06\\\/a-donde-ira-a-parar-lo-recaudado-en-la-subasta-de-los-bienes-de-zhenli-ye-gon\\\/#article\",\"isPartOf\":{\"@id\":\"https:\\\/\\\/redamlo.com\\\/index.php\\\/2019\\\/08\\\/06\\\/a-donde-ira-a-parar-lo-recaudado-en-la-subasta-de-los-bienes-de-zhenli-ye-gon\\\/\"},\"author\":{\"name\":\"Blanca\",\"@id\":\"https:\\\/\\\/redamlo.com\\\/#\\\/schema\\\/person\\\/7223a4375eb8f1a782fcae010a7115cf\"},\"headline\":\"\u00bfA d\u00f3nde ir\u00e1 a parar lo recaudado en la subasta de los bienes de Zhenli Ye Gon?\",\"datePublished\":\"2019-08-06T19:34:35+00:00\",\"mainEntityOfPage\":{\"@id\":\"https:\\\/\\\/redamlo.com\\\/index.php\\\/2019\\\/08\\\/06\\\/a-donde-ira-a-parar-lo-recaudado-en-la-subasta-de-los-bienes-de-zhenli-ye-gon\\\/\"},\"wordCount\":440,\"commentCount\":0,\"publisher\":{\"@id\":\"https:\\\/\\\/redamlo.com\\\/#organization\"},\"image\":{\"@id\":\"https:\\\/\\\/redamlo.com\\\/index.php\\\/2019\\\/08\\\/06\\\/a-donde-ira-a-parar-lo-recaudado-en-la-subasta-de-los-bienes-de-zhenli-ye-gon\\\/#primaryimage\"},\"thumbnailUrl\":\"https:\\\/\\\/redamlo.com\\\/wp-content\\\/uploads\\\/2019\\\/08\\\/subasta-de-zhenli-ye-gon.jpg\",\"articleSection\":[\"Uncategorized\"],\"inLanguage\":\"es\",\"potentialAction\":[{\"@type\":\"CommentAction\",\"name\":\"Comment\",\"target\":[\"https:\\\/\\\/redamlo.com\\\/index.php\\\/2019\\\/08\\\/06\\\/a-donde-ira-a-parar-lo-recaudado-en-la-subasta-de-los-bienes-de-zhenli-ye-gon\\\/#respond\"]}]},{\"@type\":\"WebPage\",\"@id\":\"https:\\\/\\\/redamlo.com\\\/index.php\\\/2019\\\/08\\\/06\\\/a-donde-ira-a-parar-lo-recaudado-en-la-subasta-de-los-bienes-de-zhenli-ye-gon\\\/\",\"url\":\"https:\\\/\\\/redamlo.com\\\/index.php\\\/2019\\\/08\\\/06\\\/a-donde-ira-a-parar-lo-recaudado-en-la-subasta-de-los-bienes-de-zhenli-ye-gon\\\/\",\"name\":\"\u00bfA d\u00f3nde ir\u00e1 a parar lo recaudado en la subasta de los bienes de Zhenli Ye Gon? - NOTICIAS DE LA 4T\",\"isPartOf\":{\"@id\":\"https:\\\/\\\/redamlo.com\\\/#website\"},\"primaryImageOfPage\":{\"@id\":\"https:\\\/\\\/redamlo.com\\\/index.php\\\/2019\\\/08\\\/06\\\/a-donde-ira-a-parar-lo-recaudado-en-la-subasta-de-los-bienes-de-zhenli-ye-gon\\\/#primaryimage\"},\"image\":{\"@id\":\"https:\\\/\\\/redamlo.com\\\/index.php\\\/2019\\\/08\\\/06\\\/a-donde-ira-a-parar-lo-recaudado-en-la-subasta-de-los-bienes-de-zhenli-ye-gon\\\/#primaryimage\"},\"thumbnailUrl\":\"https:\\\/\\\/redamlo.com\\\/wp-content\\\/uploads\\\/2019\\\/08\\\/subasta-de-zhenli-ye-gon.jpg\",\"datePublished\":\"2019-08-06T19:34:35+00:00\",\"breadcrumb\":{\"@id\":\"https:\\\/\\\/redamlo.com\\\/index.php\\\/2019\\\/08\\\/06\\\/a-donde-ira-a-parar-lo-recaudado-en-la-subasta-de-los-bienes-de-zhenli-ye-gon\\\/#breadcrumb\"},\"inLanguage\":\"es\",\"potentialAction\":[{\"@type\":\"ReadAction\",\"target\":[\"https:\\\/\\\/redamlo.com\\\/index.php\\\/2019\\\/08\\\/06\\\/a-donde-ira-a-parar-lo-recaudado-en-la-subasta-de-los-bienes-de-zhenli-ye-gon\\\/\"]}]},{\"@type\":\"ImageObject\",\"inLanguage\":\"es\",\"@id\":\"https:\\\/\\\/redamlo.com\\\/index.php\\\/2019\\\/08\\\/06\\\/a-donde-ira-a-parar-lo-recaudado-en-la-subasta-de-los-bienes-de-zhenli-ye-gon\\\/#primaryimage\",\"url\":\"https:\\\/\\\/redamlo.com\\\/wp-content\\\/uploads\\\/2019\\\/08\\\/subasta-de-zhenli-ye-gon.jpg\",\"contentUrl\":\"https:\\\/\\\/redamlo.com\\\/wp-content\\\/uploads\\\/2019\\\/08\\\/subasta-de-zhenli-ye-gon.jpg\",\"width\":800,\"height\":533},{\"@type\":\"BreadcrumbList\",\"@id\":\"https:\\\/\\\/redamlo.com\\\/index.php\\\/2019\\\/08\\\/06\\\/a-donde-ira-a-parar-lo-recaudado-en-la-subasta-de-los-bienes-de-zhenli-ye-gon\\\/#breadcrumb\",\"itemListElement\":[{\"@type\":\"ListItem\",\"position\":1,\"name\":\"Inicio\",\"item\":\"https:\\\/\\\/redamlo.com\\\/\"},{\"@type\":\"ListItem\",\"position\":2,\"name\":\"\u00bfA d\u00f3nde ir\u00e1 a parar lo recaudado en la subasta de los bienes de Zhenli Ye Gon?\"}]},{\"@type\":\"WebSite\",\"@id\":\"https:\\\/\\\/redamlo.com\\\/#website\",\"url\":\"https:\\\/\\\/redamlo.com\\\/\",\"name\":\"NOTICIAS DE LA 4T\",\"description\":\"\",\"publisher\":{\"@id\":\"https:\\\/\\\/redamlo.com\\\/#organization\"},\"potentialAction\":[{\"@type\":\"SearchAction\",\"target\":{\"@type\":\"EntryPoint\",\"urlTemplate\":\"https:\\\/\\\/redamlo.com\\\/?s={search_term_string}\"},\"query-input\":{\"@type\":\"PropertyValueSpecification\",\"valueRequired\":true,\"valueName\":\"search_term_string\"}}],\"inLanguage\":\"es\"},{\"@type\":\"Organization\",\"@id\":\"https:\\\/\\\/redamlo.com\\\/#organization\",\"name\":\"NOTICIAS DE LA 4T\",\"url\":\"https:\\\/\\\/redamlo.com\\\/\",\"logo\":{\"@type\":\"ImageObject\",\"inLanguage\":\"es\",\"@id\":\"https:\\\/\\\/redamlo.com\\\/#\\\/schema\\\/logo\\\/image\\\/\",\"url\":\"https:\\\/\\\/redamlo.com\\\/wp-content\\\/uploads\\\/2024\\\/08\\\/cropped-RED-AMLO-logo-50.png\",\"contentUrl\":\"https:\\\/\\\/redamlo.com\\\/wp-content\\\/uploads\\\/2024\\\/08\\\/cropped-RED-AMLO-logo-50.png\",\"width\":256,\"height\":256,\"caption\":\"NOTICIAS DE LA 4T\"},\"image\":{\"@id\":\"https:\\\/\\\/redamlo.com\\\/#\\\/schema\\\/logo\\\/image\\\/\"}},{\"@type\":\"Person\",\"@id\":\"https:\\\/\\\/redamlo.com\\\/#\\\/schema\\\/person\\\/7223a4375eb8f1a782fcae010a7115cf\",\"name\":\"Blanca\",\"image\":{\"@type\":\"ImageObject\",\"inLanguage\":\"es\",\"@id\":\"https:\\\/\\\/secure.gravatar.com\\\/avatar\\\/3f79bc8336367a4e6093eae8757acaaf61d1124834b905616de7829b0273426d?s=96&d=mm&r=g\",\"url\":\"https:\\\/\\\/secure.gravatar.com\\\/avatar\\\/3f79bc8336367a4e6093eae8757acaaf61d1124834b905616de7829b0273426d?s=96&d=mm&r=g\",\"contentUrl\":\"https:\\\/\\\/secure.gravatar.com\\\/avatar\\\/3f79bc8336367a4e6093eae8757acaaf61d1124834b905616de7829b0273426d?s=96&d=mm&r=g\",\"caption\":\"Blanca\"},\"url\":\"https:\\\/\\\/redamlo.com\\\/index.php\\\/author\\\/blanca\\\/\"}]}<\/script>\n<!-- \/ Yoast SEO plugin. -->","yoast_head_json":{"title":"\u00bfA d\u00f3nde ir\u00e1 a parar lo recaudado en la subasta de los bienes de Zhenli Ye Gon? - NOTICIAS DE LA 4T","robots":{"index":"noindex","follow":"follow","max-snippet":"max-snippet:-1","max-image-preview":"max-image-preview:large","max-video-preview":"max-video-preview:-1"},"og_locale":"es_MX","og_type":"article","og_title":"\u00bfA d\u00f3nde ir\u00e1 a parar lo recaudado en la subasta de los bienes de Zhenli Ye Gon? - NOTICIAS DE LA 4T","og_description":"Se estima que se juntar\u00e1n cerca de 100 millones de pesos y su destino fue anunciado previamente hace pocos d\u00edas.","og_url":"https:\/\/redamlo.com\/index.php\/2019\/08\/06\/a-donde-ira-a-parar-lo-recaudado-en-la-subasta-de-los-bienes-de-zhenli-ye-gon\/","og_site_name":"NOTICIAS DE LA 4T","article_published_time":"2019-08-06T19:34:35+00:00","og_image":[{"width":800,"height":533,"url":"https:\/\/redamlo.com\/wp-content\/uploads\/2019\/08\/subasta-de-zhenli-ye-gon.jpg","type":"image\/jpeg"}],"author":"Blanca","twitter_card":"summary_large_image","twitter_misc":{"Escrito por":"Blanca","Tiempo de lectura":"2 minutos"},"schema":{"@context":"https:\/\/schema.org","@graph":[{"@type":"Article","@id":"https:\/\/redamlo.com\/index.php\/2019\/08\/06\/a-donde-ira-a-parar-lo-recaudado-en-la-subasta-de-los-bienes-de-zhenli-ye-gon\/#article","isPartOf":{"@id":"https:\/\/redamlo.com\/index.php\/2019\/08\/06\/a-donde-ira-a-parar-lo-recaudado-en-la-subasta-de-los-bienes-de-zhenli-ye-gon\/"},"author":{"name":"Blanca","@id":"https:\/\/redamlo.com\/#\/schema\/person\/7223a4375eb8f1a782fcae010a7115cf"},"headline":"\u00bfA d\u00f3nde ir\u00e1 a parar lo recaudado en la subasta de los bienes de Zhenli Ye Gon?","datePublished":"2019-08-06T19:34:35+00:00","mainEntityOfPage":{"@id":"https:\/\/redamlo.com\/index.php\/2019\/08\/06\/a-donde-ira-a-parar-lo-recaudado-en-la-subasta-de-los-bienes-de-zhenli-ye-gon\/"},"wordCount":440,"commentCount":0,"publisher":{"@id":"https:\/\/redamlo.com\/#organization"},"image":{"@id":"https:\/\/redamlo.com\/index.php\/2019\/08\/06\/a-donde-ira-a-parar-lo-recaudado-en-la-subasta-de-los-bienes-de-zhenli-ye-gon\/#primaryimage"},"thumbnailUrl":"https:\/\/redamlo.com\/wp-content\/uploads\/2019\/08\/subasta-de-zhenli-ye-gon.jpg","articleSection":["Uncategorized"],"inLanguage":"es","potentialAction":[{"@type":"CommentAction","name":"Comment","target":["https:\/\/redamlo.com\/index.php\/2019\/08\/06\/a-donde-ira-a-parar-lo-recaudado-en-la-subasta-de-los-bienes-de-zhenli-ye-gon\/#respond"]}]},{"@type":"WebPage","@id":"https:\/\/redamlo.com\/index.php\/2019\/08\/06\/a-donde-ira-a-parar-lo-recaudado-en-la-subasta-de-los-bienes-de-zhenli-ye-gon\/","url":"https:\/\/redamlo.com\/index.php\/2019\/08\/06\/a-donde-ira-a-parar-lo-recaudado-en-la-subasta-de-los-bienes-de-zhenli-ye-gon\/","name":"\u00bfA d\u00f3nde ir\u00e1 a parar lo recaudado en la subasta de los bienes de Zhenli Ye Gon? - NOTICIAS DE LA 4T","isPartOf":{"@id":"https:\/\/redamlo.com\/#website"},"primaryImageOfPage":{"@id":"https:\/\/redamlo.com\/index.php\/2019\/08\/06\/a-donde-ira-a-parar-lo-recaudado-en-la-subasta-de-los-bienes-de-zhenli-ye-gon\/#primaryimage"},"image":{"@id":"https:\/\/redamlo.com\/index.php\/2019\/08\/06\/a-donde-ira-a-parar-lo-recaudado-en-la-subasta-de-los-bienes-de-zhenli-ye-gon\/#primaryimage"},"thumbnailUrl":"https:\/\/redamlo.com\/wp-content\/uploads\/2019\/08\/subasta-de-zhenli-ye-gon.jpg","datePublished":"2019-08-06T19:34:35+00:00","breadcrumb":{"@id":"https:\/\/redamlo.com\/index.php\/2019\/08\/06\/a-donde-ira-a-parar-lo-recaudado-en-la-subasta-de-los-bienes-de-zhenli-ye-gon\/#breadcrumb"},"inLanguage":"es","potentialAction":[{"@type":"ReadAction","target":["https:\/\/redamlo.com\/index.php\/2019\/08\/06\/a-donde-ira-a-parar-lo-recaudado-en-la-subasta-de-los-bienes-de-zhenli-ye-gon\/"]}]},{"@type":"ImageObject","inLanguage":"es","@id":"https:\/\/redamlo.com\/index.php\/2019\/08\/06\/a-donde-ira-a-parar-lo-recaudado-en-la-subasta-de-los-bienes-de-zhenli-ye-gon\/#primaryimage","url":"https:\/\/redamlo.com\/wp-content\/uploads\/2019\/08\/subasta-de-zhenli-ye-gon.jpg","contentUrl":"https:\/\/redamlo.com\/wp-content\/uploads\/2019\/08\/subasta-de-zhenli-ye-gon.jpg","width":800,"height":533},{"@type":"BreadcrumbList","@id":"https:\/\/redamlo.com\/index.php\/2019\/08\/06\/a-donde-ira-a-parar-lo-recaudado-en-la-subasta-de-los-bienes-de-zhenli-ye-gon\/#breadcrumb","itemListElement":[{"@type":"ListItem","position":1,"name":"Inicio","item":"https:\/\/redamlo.com\/"},{"@type":"ListItem","position":2,"name":"\u00bfA d\u00f3nde ir\u00e1 a parar lo recaudado en la subasta de los bienes de Zhenli Ye Gon?"}]},{"@type":"WebSite","@id":"https:\/\/redamlo.com\/#website","url":"https:\/\/redamlo.com\/","name":"NOTICIAS DE LA 4T","description":"","publisher":{"@id":"https:\/\/redamlo.com\/#organization"},"potentialAction":[{"@type":"SearchAction","target":{"@type":"EntryPoint","urlTemplate":"https:\/\/redamlo.com\/?s={search_term_string}"},"query-input":{"@type":"PropertyValueSpecification","valueRequired":true,"valueName":"search_term_string"}}],"inLanguage":"es"},{"@type":"Organization","@id":"https:\/\/redamlo.com\/#organization","name":"NOTICIAS DE LA 4T","url":"https:\/\/redamlo.com\/","logo":{"@type":"ImageObject","inLanguage":"es","@id":"https:\/\/redamlo.com\/#\/schema\/logo\/image\/","url":"https:\/\/redamlo.com\/wp-content\/uploads\/2024\/08\/cropped-RED-AMLO-logo-50.png","contentUrl":"https:\/\/redamlo.com\/wp-content\/uploads\/2024\/08\/cropped-RED-AMLO-logo-50.png","width":256,"height":256,"caption":"NOTICIAS DE LA 4T"},"image":{"@id":"https:\/\/redamlo.com\/#\/schema\/logo\/image\/"}},{"@type":"Person","@id":"https:\/\/redamlo.com\/#\/schema\/person\/7223a4375eb8f1a782fcae010a7115cf","name":"Blanca","image":{"@type":"ImageObject","inLanguage":"es","@id":"https:\/\/secure.gravatar.com\/avatar\/3f79bc8336367a4e6093eae8757acaaf61d1124834b905616de7829b0273426d?s=96&d=mm&r=g","url":"https:\/\/secure.gravatar.com\/avatar\/3f79bc8336367a4e6093eae8757acaaf61d1124834b905616de7829b0273426d?s=96&d=mm&r=g","contentUrl":"https:\/\/secure.gravatar.com\/avatar\/3f79bc8336367a4e6093eae8757acaaf61d1124834b905616de7829b0273426d?s=96&d=mm&r=g","caption":"Blanca"},"url":"https:\/\/redamlo.com\/index.php\/author\/blanca\/"}]}},"_links":{"self":[{"href":"https:\/\/redamlo.com\/index.php\/wp-json\/wp\/v2\/posts\/247","targetHints":{"allow":["GET"]}}],"collection":[{"href":"https:\/\/redamlo.com\/index.php\/wp-json\/wp\/v2\/posts"}],"about":[{"href":"https:\/\/redamlo.com\/index.php\/wp-json\/wp\/v2\/types\/post"}],"author":[{"embeddable":true,"href":"https:\/\/redamlo.com\/index.php\/wp-json\/wp\/v2\/users\/2"}],"replies":[{"embeddable":true,"href":"https:\/\/redamlo.com\/index.php\/wp-json\/wp\/v2\/comments?post=247"}],"version-history":[{"count":0,"href":"https:\/\/redamlo.com\/index.php\/wp-json\/wp\/v2\/posts\/247\/revisions"}],"wp:featuredmedia":[{"embeddable":true,"href":"https:\/\/redamlo.com\/index.php\/wp-json\/wp\/v2\/media\/249"}],"wp:attachment":[{"href":"https:\/\/redamlo.com\/index.php\/wp-json\/wp\/v2\/media?parent=247"}],"wp:term":[{"taxonomy":"category","embeddable":true,"href":"https:\/\/redamlo.com\/index.php\/wp-json\/wp\/v2\/categories?post=247"},{"taxonomy":"post_tag","embeddable":true,"href":"https:\/\/redamlo.com\/index.php\/wp-json\/wp\/v2\/tags?post=247"}],"curies":[{"name":"wp","href":"https:\/\/api.w.org\/{rel}","templated":true}]}}