{"id":230,"date":"2019-08-06T11:06:12","date_gmt":"2019-08-06T16:06:12","guid":{"rendered":"http:\/\/redamlo.com\/?p=230"},"modified":"2019-08-06T11:06:12","modified_gmt":"2019-08-06T16:06:12","slug":"conferencia-mananera-6-de-agosto-de-amlo","status":"publish","type":"post","link":"https:\/\/redamlo.com\/index.php\/2019\/08\/06\/conferencia-mananera-6-de-agosto-de-amlo\/","title":{"rendered":"Conferencia Ma\u00f1anera 6 de agosto de AMLO"},"content":{"rendered":"<p><span style=\"font-weight: 400;\">Teniendo como escenario Palacio Nacional, el mandatario inform\u00f3 los temas m\u00e1s importantes de su agenda del d\u00eda entre los que destacaron los resultados del consulado mexicano en cuanto al apoyo a las familias afectadas por el tiroteo en <\/span><b>El Paso, Texas<\/b><span style=\"font-weight: 400;\">; los resultados del <\/span><b>Coneval<\/b><span style=\"font-weight: 400;\"> respecto al informe de pobreza en M\u00e9xico durante la \u00faltima d\u00e9cada y la misiva de la ex titular de la <strong>Sedesol<\/strong>.<\/span><\/p>\n<p><span style=\"font-weight: 400;\">El canciller <\/span><b>Marcelo Ebrard<\/b><span style=\"font-weight: 400;\">, ya de regreso en M\u00e9xico despu\u00e9s de su visita a EU, volvi\u00f3 a confirmar la muerte de ocho mexicanos a causa de los tiroteos en Texas y se\u00f1al\u00f3 que en tratamiento siguen seis personas de las cuales hay en terapia intensiva tres.<\/span><\/p>\n<figure id=\"attachment_1929\" aria-describedby=\"caption-attachment-1929\" style=\"width: 919px\" class=\"wp-caption alignnone\"><a href=\"http:\/\/redamlo.com\/wp-content\/uploads\/2019\/08\/WhatsApp-Image-2019-08-06-at-7.57.49-AM-1.jpeg\"><img loading=\"lazy\" decoding=\"async\" class=\"size-full wp-image-1929\" src=\"http:\/\/redamlo.com\/wp-content\/uploads\/2019\/08\/WhatsApp-Image-2019-08-06-at-7.57.49-AM-1.jpeg\" alt=\"\" width=\"919\" height=\"1024\" \/><\/a><figcaption id=\"caption-attachment-1929\" class=\"wp-caption-text\">El canciller Marcelo Ebrard durante su intervenci\u00f3n en la conferencia ma\u00f1anera del 6 de agosto del Presidente Andr\u00e9s Manuel L\u00f3pez Obrador.<\/figcaption><\/figure>\n<p><span style=\"font-weight: 400;\">Por otra, se asegur\u00f3 que la <\/span><b>Secretar\u00eda de Relaciones Exteriores<\/b><span style=\"font-weight: 400;\"> facilitar\u00e1 elementos para que la <\/span><b>Fiscal\u00eda General de la Rep\u00fablica<\/b><span style=\"font-weight: 400;\"> presente una denuncia por terrorismo tras el tiroteo en El Paso, Texas.<\/span><\/p>\n<p><span style=\"font-weight: 400;\">Para finalizar, Ebrard anunci\u00f3 que buscar\u00e1 coordinar un encuentro entre todos los pa\u00edses de habla hispana y de comunidades en el pa\u00eds norteamericano, para impulsar la defensa correcta de acuerdo a la ley de derechos y cultural.<\/span><\/p>\n<h4><b>Pobreza en M\u00e9xico<\/b><\/h4>\n<p><span style=\"font-weight: 400;\">Respecto a los resultados del estudio <\/span><b><i>10 a\u00f1os de medici\u00f3n de pobreza en M\u00e9xico<\/i><\/b><span style=\"font-weight: 400;\">, realizado por el <\/span><b>Coneval<\/b><span style=\"font-weight: 400;\">, aunque hubo una leve mejora en los indicadores de carencias sociales y 24 estados redujeron sus niveles de pobreza, el sureste del pa\u00eds sigue siendo la regi\u00f3n con el mayor porcentaje de habitantes pobres.<\/span><\/p>\n<p><span style=\"font-weight: 400;\">Sin embargo, en t\u00e9rminos generales la pobreza en el pa\u00eds disminuy\u00f3 de 44.4% a 41.9%.<\/span><\/p>\n<blockquote class=\"twitter-tweet\" data-width=\"550\" data-dnt=\"true\">\n<p lang=\"es\" dir=\"ltr\">El promedio de las carencias de la poblaci\u00f3n en situaci\u00f3n de pobreza pas\u00f3 de 2.8 a 2.2 entre 2008 y 2018. De igual forma, las carencias sociales promedio de la poblaci\u00f3n en situaci\u00f3n de pobreza extrema pasaron de 3.9 a 3.6. <a href=\"https:\/\/t.co\/N6til64UHi\">https:\/\/t.co\/N6til64UHi<\/a> <a href=\"https:\/\/twitter.com\/hashtag\/10A%C3%B1osMedici%C3%B3nCONEVAL?src=hash&amp;ref_src=twsrc%5Etfw\">#10A\u00f1osMedici\u00f3nCONEVAL<\/a> <a href=\"https:\/\/t.co\/8f8eBnDmoK\">pic.twitter.com\/8f8eBnDmoK<\/a><\/p>\n<p>&mdash; CONEVAL (@coneval) <a href=\"https:\/\/twitter.com\/coneval\/status\/1158401030297538561?ref_src=twsrc%5Etfw\">August 5, 2019<\/a><\/p><\/blockquote>\n<p><script async src=\"https:\/\/platform.twitter.com\/widgets.js\" charset=\"utf-8\"><\/script><\/p>\n<h4><b>Rosario Robles<\/b><\/h4>\n<p><span style=\"font-weight: 400;\">AMLO retom\u00f3 el tema sobre la misiva que la <\/span><b>ex-titular de la Sedesol<\/b><span style=\"font-weight: 400;\">, <\/span><b>Rosario Robles,<\/b><span style=\"font-weight: 400;\"> envi\u00f3 al presidente de la <\/span><b>Suprema Corte de Justicia de la Naci\u00f3n (SCJN)<\/b><span style=\"font-weight: 400;\">, <\/span><b>Arturo Zald\u00edvar<\/b><span style=\"font-weight: 400;\">, en la que acus\u00f3 ser v\u00edctima de un \u201clinchamiento medi\u00e1tico\u201d.<\/span><\/p>\n<h4><strong>Iglesia La Luz del Mundo<\/strong><\/h4>\n<p><span style=\"font-weight: 400;\">Por otra parte, ayer se hizo viral la noticia de que la iglesia La Luz del Mundo adquiri\u00f3 permisos para usar instalaciones de escuelas p\u00fablicas para su aniversario, hecho que el mandatario desminti\u00f3.<\/span><\/p>\n","protected":false},"excerpt":{"rendered":"<p>Entre los temas que el mandatario toc\u00f3 est\u00e1n los ataques en Texas y los supuestos permisos para que la iglesia La Luz del Mundo use planteles escolares para su aniversario.<\/p>\n","protected":false},"author":2,"featured_media":233,"comment_status":"open","ping_status":"closed","sticky":false,"template":"","format":"standard","meta":{"footnotes":""},"categories":[1],"tags":[131,133,132],"class_list":["post-230","post","type-post","status-publish","format-standard","has-post-thumbnail","hentry","category-uncategorized","tag-andres-manuel-lopez-obrador","tag-coneval","tag-marcelo-ebrard"],"yoast_head":"<!-- This site is optimized with the Yoast SEO plugin v27.5 - https:\/\/yoast.com\/product\/yoast-seo-wordpress\/ -->\n<title>Conferencia Ma\u00f1anera 6 de agosto de AMLO - NOTICIAS DE LA 4T<\/title>\n<meta name=\"robots\" content=\"noindex, follow, max-snippet:-1, max-image-preview:large, max-video-preview:-1\" \/>\n<meta property=\"og:locale\" content=\"es_MX\" \/>\n<meta property=\"og:type\" content=\"article\" \/>\n<meta property=\"og:title\" content=\"Conferencia Ma\u00f1anera 6 de agosto de AMLO - NOTICIAS DE LA 4T\" \/>\n<meta property=\"og:description\" content=\"Entre los temas que el mandatario toc\u00f3 est\u00e1n los ataques en Texas y los supuestos permisos para que la iglesia La Luz del Mundo use planteles escolares para su aniversario.\" \/>\n<meta property=\"og:url\" content=\"https:\/\/redamlo.com\/index.php\/2019\/08\/06\/conferencia-mananera-6-de-agosto-de-amlo\/\" \/>\n<meta property=\"og:site_name\" content=\"NOTICIAS DE LA 4T\" \/>\n<meta property=\"article:published_time\" content=\"2019-08-06T16:06:12+00:00\" \/>\n<meta property=\"og:image\" content=\"https:\/\/redamlo.com\/wp-content\/uploads\/2019\/08\/Conferencia-Mananera-6-de-agosto-de-AMLO.jpg\" \/>\n\t<meta property=\"og:image:width\" content=\"800\" \/>\n\t<meta property=\"og:image:height\" content=\"533\" \/>\n\t<meta property=\"og:image:type\" content=\"image\/jpeg\" \/>\n<meta name=\"author\" content=\"Blanca\" \/>\n<meta name=\"twitter:card\" content=\"summary_large_image\" \/>\n<meta name=\"twitter:label1\" content=\"Escrito por\" \/>\n\t<meta name=\"twitter:data1\" content=\"Blanca\" \/>\n\t<meta name=\"twitter:label2\" content=\"Tiempo de lectura\" \/>\n\t<meta name=\"twitter:data2\" content=\"2 minutos\" \/>\n<script type=\"application\/ld+json\" class=\"yoast-schema-graph\">{\"@context\":\"https:\\\/\\\/schema.org\",\"@graph\":[{\"@type\":\"Article\",\"@id\":\"https:\\\/\\\/redamlo.com\\\/index.php\\\/2019\\\/08\\\/06\\\/conferencia-mananera-6-de-agosto-de-amlo\\\/#article\",\"isPartOf\":{\"@id\":\"https:\\\/\\\/redamlo.com\\\/index.php\\\/2019\\\/08\\\/06\\\/conferencia-mananera-6-de-agosto-de-amlo\\\/\"},\"author\":{\"name\":\"Blanca\",\"@id\":\"https:\\\/\\\/redamlo.com\\\/#\\\/schema\\\/person\\\/7223a4375eb8f1a782fcae010a7115cf\"},\"headline\":\"Conferencia Ma\u00f1anera 6 de agosto de AMLO\",\"datePublished\":\"2019-08-06T16:06:12+00:00\",\"mainEntityOfPage\":{\"@id\":\"https:\\\/\\\/redamlo.com\\\/index.php\\\/2019\\\/08\\\/06\\\/conferencia-mananera-6-de-agosto-de-amlo\\\/\"},\"wordCount\":397,\"commentCount\":0,\"publisher\":{\"@id\":\"https:\\\/\\\/redamlo.com\\\/#organization\"},\"image\":{\"@id\":\"https:\\\/\\\/redamlo.com\\\/index.php\\\/2019\\\/08\\\/06\\\/conferencia-mananera-6-de-agosto-de-amlo\\\/#primaryimage\"},\"thumbnailUrl\":\"https:\\\/\\\/redamlo.com\\\/wp-content\\\/uploads\\\/2019\\\/08\\\/Conferencia-Mananera-6-de-agosto-de-AMLO.jpg\",\"keywords\":[\"Andr\u00e9s Manuel L\u00f3pez Obrador\",\"Coneval\",\"Marcelo Ebrard\"],\"articleSection\":[\"Uncategorized\"],\"inLanguage\":\"es\",\"potentialAction\":[{\"@type\":\"CommentAction\",\"name\":\"Comment\",\"target\":[\"https:\\\/\\\/redamlo.com\\\/index.php\\\/2019\\\/08\\\/06\\\/conferencia-mananera-6-de-agosto-de-amlo\\\/#respond\"]}]},{\"@type\":\"WebPage\",\"@id\":\"https:\\\/\\\/redamlo.com\\\/index.php\\\/2019\\\/08\\\/06\\\/conferencia-mananera-6-de-agosto-de-amlo\\\/\",\"url\":\"https:\\\/\\\/redamlo.com\\\/index.php\\\/2019\\\/08\\\/06\\\/conferencia-mananera-6-de-agosto-de-amlo\\\/\",\"name\":\"Conferencia Ma\u00f1anera 6 de agosto de AMLO - NOTICIAS DE LA 4T\",\"isPartOf\":{\"@id\":\"https:\\\/\\\/redamlo.com\\\/#website\"},\"primaryImageOfPage\":{\"@id\":\"https:\\\/\\\/redamlo.com\\\/index.php\\\/2019\\\/08\\\/06\\\/conferencia-mananera-6-de-agosto-de-amlo\\\/#primaryimage\"},\"image\":{\"@id\":\"https:\\\/\\\/redamlo.com\\\/index.php\\\/2019\\\/08\\\/06\\\/conferencia-mananera-6-de-agosto-de-amlo\\\/#primaryimage\"},\"thumbnailUrl\":\"https:\\\/\\\/redamlo.com\\\/wp-content\\\/uploads\\\/2019\\\/08\\\/Conferencia-Mananera-6-de-agosto-de-AMLO.jpg\",\"datePublished\":\"2019-08-06T16:06:12+00:00\",\"breadcrumb\":{\"@id\":\"https:\\\/\\\/redamlo.com\\\/index.php\\\/2019\\\/08\\\/06\\\/conferencia-mananera-6-de-agosto-de-amlo\\\/#breadcrumb\"},\"inLanguage\":\"es\",\"potentialAction\":[{\"@type\":\"ReadAction\",\"target\":[\"https:\\\/\\\/redamlo.com\\\/index.php\\\/2019\\\/08\\\/06\\\/conferencia-mananera-6-de-agosto-de-amlo\\\/\"]}]},{\"@type\":\"ImageObject\",\"inLanguage\":\"es\",\"@id\":\"https:\\\/\\\/redamlo.com\\\/index.php\\\/2019\\\/08\\\/06\\\/conferencia-mananera-6-de-agosto-de-amlo\\\/#primaryimage\",\"url\":\"https:\\\/\\\/redamlo.com\\\/wp-content\\\/uploads\\\/2019\\\/08\\\/Conferencia-Mananera-6-de-agosto-de-AMLO.jpg\",\"contentUrl\":\"https:\\\/\\\/redamlo.com\\\/wp-content\\\/uploads\\\/2019\\\/08\\\/Conferencia-Mananera-6-de-agosto-de-AMLO.jpg\",\"width\":800,\"height\":533},{\"@type\":\"BreadcrumbList\",\"@id\":\"https:\\\/\\\/redamlo.com\\\/index.php\\\/2019\\\/08\\\/06\\\/conferencia-mananera-6-de-agosto-de-amlo\\\/#breadcrumb\",\"itemListElement\":[{\"@type\":\"ListItem\",\"position\":1,\"name\":\"Inicio\",\"item\":\"https:\\\/\\\/redamlo.com\\\/\"},{\"@type\":\"ListItem\",\"position\":2,\"name\":\"Conferencia Ma\u00f1anera 6 de agosto de AMLO\"}]},{\"@type\":\"WebSite\",\"@id\":\"https:\\\/\\\/redamlo.com\\\/#website\",\"url\":\"https:\\\/\\\/redamlo.com\\\/\",\"name\":\"NOTICIAS DE LA 4T\",\"description\":\"\",\"publisher\":{\"@id\":\"https:\\\/\\\/redamlo.com\\\/#organization\"},\"potentialAction\":[{\"@type\":\"SearchAction\",\"target\":{\"@type\":\"EntryPoint\",\"urlTemplate\":\"https:\\\/\\\/redamlo.com\\\/?s={search_term_string}\"},\"query-input\":{\"@type\":\"PropertyValueSpecification\",\"valueRequired\":true,\"valueName\":\"search_term_string\"}}],\"inLanguage\":\"es\"},{\"@type\":\"Organization\",\"@id\":\"https:\\\/\\\/redamlo.com\\\/#organization\",\"name\":\"NOTICIAS DE LA 4T\",\"url\":\"https:\\\/\\\/redamlo.com\\\/\",\"logo\":{\"@type\":\"ImageObject\",\"inLanguage\":\"es\",\"@id\":\"https:\\\/\\\/redamlo.com\\\/#\\\/schema\\\/logo\\\/image\\\/\",\"url\":\"https:\\\/\\\/redamlo.com\\\/wp-content\\\/uploads\\\/2024\\\/08\\\/cropped-RED-AMLO-logo-50.png\",\"contentUrl\":\"https:\\\/\\\/redamlo.com\\\/wp-content\\\/uploads\\\/2024\\\/08\\\/cropped-RED-AMLO-logo-50.png\",\"width\":256,\"height\":256,\"caption\":\"NOTICIAS DE LA 4T\"},\"image\":{\"@id\":\"https:\\\/\\\/redamlo.com\\\/#\\\/schema\\\/logo\\\/image\\\/\"}},{\"@type\":\"Person\",\"@id\":\"https:\\\/\\\/redamlo.com\\\/#\\\/schema\\\/person\\\/7223a4375eb8f1a782fcae010a7115cf\",\"name\":\"Blanca\",\"image\":{\"@type\":\"ImageObject\",\"inLanguage\":\"es\",\"@id\":\"https:\\\/\\\/secure.gravatar.com\\\/avatar\\\/3f79bc8336367a4e6093eae8757acaaf61d1124834b905616de7829b0273426d?s=96&d=mm&r=g\",\"url\":\"https:\\\/\\\/secure.gravatar.com\\\/avatar\\\/3f79bc8336367a4e6093eae8757acaaf61d1124834b905616de7829b0273426d?s=96&d=mm&r=g\",\"contentUrl\":\"https:\\\/\\\/secure.gravatar.com\\\/avatar\\\/3f79bc8336367a4e6093eae8757acaaf61d1124834b905616de7829b0273426d?s=96&d=mm&r=g\",\"caption\":\"Blanca\"},\"url\":\"https:\\\/\\\/redamlo.com\\\/index.php\\\/author\\\/blanca\\\/\"}]}<\/script>\n<!-- \/ Yoast SEO plugin. -->","yoast_head_json":{"title":"Conferencia Ma\u00f1anera 6 de agosto de AMLO - NOTICIAS DE LA 4T","robots":{"index":"noindex","follow":"follow","max-snippet":"max-snippet:-1","max-image-preview":"max-image-preview:large","max-video-preview":"max-video-preview:-1"},"og_locale":"es_MX","og_type":"article","og_title":"Conferencia Ma\u00f1anera 6 de agosto de AMLO - NOTICIAS DE LA 4T","og_description":"Entre los temas que el mandatario toc\u00f3 est\u00e1n los ataques en Texas y los supuestos permisos para que la iglesia La Luz del Mundo use planteles escolares para su aniversario.","og_url":"https:\/\/redamlo.com\/index.php\/2019\/08\/06\/conferencia-mananera-6-de-agosto-de-amlo\/","og_site_name":"NOTICIAS DE LA 4T","article_published_time":"2019-08-06T16:06:12+00:00","og_image":[{"width":800,"height":533,"url":"https:\/\/redamlo.com\/wp-content\/uploads\/2019\/08\/Conferencia-Mananera-6-de-agosto-de-AMLO.jpg","type":"image\/jpeg"}],"author":"Blanca","twitter_card":"summary_large_image","twitter_misc":{"Escrito por":"Blanca","Tiempo de lectura":"2 minutos"},"schema":{"@context":"https:\/\/schema.org","@graph":[{"@type":"Article","@id":"https:\/\/redamlo.com\/index.php\/2019\/08\/06\/conferencia-mananera-6-de-agosto-de-amlo\/#article","isPartOf":{"@id":"https:\/\/redamlo.com\/index.php\/2019\/08\/06\/conferencia-mananera-6-de-agosto-de-amlo\/"},"author":{"name":"Blanca","@id":"https:\/\/redamlo.com\/#\/schema\/person\/7223a4375eb8f1a782fcae010a7115cf"},"headline":"Conferencia Ma\u00f1anera 6 de agosto de AMLO","datePublished":"2019-08-06T16:06:12+00:00","mainEntityOfPage":{"@id":"https:\/\/redamlo.com\/index.php\/2019\/08\/06\/conferencia-mananera-6-de-agosto-de-amlo\/"},"wordCount":397,"commentCount":0,"publisher":{"@id":"https:\/\/redamlo.com\/#organization"},"image":{"@id":"https:\/\/redamlo.com\/index.php\/2019\/08\/06\/conferencia-mananera-6-de-agosto-de-amlo\/#primaryimage"},"thumbnailUrl":"https:\/\/redamlo.com\/wp-content\/uploads\/2019\/08\/Conferencia-Mananera-6-de-agosto-de-AMLO.jpg","keywords":["Andr\u00e9s Manuel L\u00f3pez Obrador","Coneval","Marcelo Ebrard"],"articleSection":["Uncategorized"],"inLanguage":"es","potentialAction":[{"@type":"CommentAction","name":"Comment","target":["https:\/\/redamlo.com\/index.php\/2019\/08\/06\/conferencia-mananera-6-de-agosto-de-amlo\/#respond"]}]},{"@type":"WebPage","@id":"https:\/\/redamlo.com\/index.php\/2019\/08\/06\/conferencia-mananera-6-de-agosto-de-amlo\/","url":"https:\/\/redamlo.com\/index.php\/2019\/08\/06\/conferencia-mananera-6-de-agosto-de-amlo\/","name":"Conferencia Ma\u00f1anera 6 de agosto de AMLO - NOTICIAS DE LA 4T","isPartOf":{"@id":"https:\/\/redamlo.com\/#website"},"primaryImageOfPage":{"@id":"https:\/\/redamlo.com\/index.php\/2019\/08\/06\/conferencia-mananera-6-de-agosto-de-amlo\/#primaryimage"},"image":{"@id":"https:\/\/redamlo.com\/index.php\/2019\/08\/06\/conferencia-mananera-6-de-agosto-de-amlo\/#primaryimage"},"thumbnailUrl":"https:\/\/redamlo.com\/wp-content\/uploads\/2019\/08\/Conferencia-Mananera-6-de-agosto-de-AMLO.jpg","datePublished":"2019-08-06T16:06:12+00:00","breadcrumb":{"@id":"https:\/\/redamlo.com\/index.php\/2019\/08\/06\/conferencia-mananera-6-de-agosto-de-amlo\/#breadcrumb"},"inLanguage":"es","potentialAction":[{"@type":"ReadAction","target":["https:\/\/redamlo.com\/index.php\/2019\/08\/06\/conferencia-mananera-6-de-agosto-de-amlo\/"]}]},{"@type":"ImageObject","inLanguage":"es","@id":"https:\/\/redamlo.com\/index.php\/2019\/08\/06\/conferencia-mananera-6-de-agosto-de-amlo\/#primaryimage","url":"https:\/\/redamlo.com\/wp-content\/uploads\/2019\/08\/Conferencia-Mananera-6-de-agosto-de-AMLO.jpg","contentUrl":"https:\/\/redamlo.com\/wp-content\/uploads\/2019\/08\/Conferencia-Mananera-6-de-agosto-de-AMLO.jpg","width":800,"height":533},{"@type":"BreadcrumbList","@id":"https:\/\/redamlo.com\/index.php\/2019\/08\/06\/conferencia-mananera-6-de-agosto-de-amlo\/#breadcrumb","itemListElement":[{"@type":"ListItem","position":1,"name":"Inicio","item":"https:\/\/redamlo.com\/"},{"@type":"ListItem","position":2,"name":"Conferencia Ma\u00f1anera 6 de agosto de AMLO"}]},{"@type":"WebSite","@id":"https:\/\/redamlo.com\/#website","url":"https:\/\/redamlo.com\/","name":"NOTICIAS DE LA 4T","description":"","publisher":{"@id":"https:\/\/redamlo.com\/#organization"},"potentialAction":[{"@type":"SearchAction","target":{"@type":"EntryPoint","urlTemplate":"https:\/\/redamlo.com\/?s={search_term_string}"},"query-input":{"@type":"PropertyValueSpecification","valueRequired":true,"valueName":"search_term_string"}}],"inLanguage":"es"},{"@type":"Organization","@id":"https:\/\/redamlo.com\/#organization","name":"NOTICIAS DE LA 4T","url":"https:\/\/redamlo.com\/","logo":{"@type":"ImageObject","inLanguage":"es","@id":"https:\/\/redamlo.com\/#\/schema\/logo\/image\/","url":"https:\/\/redamlo.com\/wp-content\/uploads\/2024\/08\/cropped-RED-AMLO-logo-50.png","contentUrl":"https:\/\/redamlo.com\/wp-content\/uploads\/2024\/08\/cropped-RED-AMLO-logo-50.png","width":256,"height":256,"caption":"NOTICIAS DE LA 4T"},"image":{"@id":"https:\/\/redamlo.com\/#\/schema\/logo\/image\/"}},{"@type":"Person","@id":"https:\/\/redamlo.com\/#\/schema\/person\/7223a4375eb8f1a782fcae010a7115cf","name":"Blanca","image":{"@type":"ImageObject","inLanguage":"es","@id":"https:\/\/secure.gravatar.com\/avatar\/3f79bc8336367a4e6093eae8757acaaf61d1124834b905616de7829b0273426d?s=96&d=mm&r=g","url":"https:\/\/secure.gravatar.com\/avatar\/3f79bc8336367a4e6093eae8757acaaf61d1124834b905616de7829b0273426d?s=96&d=mm&r=g","contentUrl":"https:\/\/secure.gravatar.com\/avatar\/3f79bc8336367a4e6093eae8757acaaf61d1124834b905616de7829b0273426d?s=96&d=mm&r=g","caption":"Blanca"},"url":"https:\/\/redamlo.com\/index.php\/author\/blanca\/"}]}},"_links":{"self":[{"href":"https:\/\/redamlo.com\/index.php\/wp-json\/wp\/v2\/posts\/230","targetHints":{"allow":["GET"]}}],"collection":[{"href":"https:\/\/redamlo.com\/index.php\/wp-json\/wp\/v2\/posts"}],"about":[{"href":"https:\/\/redamlo.com\/index.php\/wp-json\/wp\/v2\/types\/post"}],"author":[{"embeddable":true,"href":"https:\/\/redamlo.com\/index.php\/wp-json\/wp\/v2\/users\/2"}],"replies":[{"embeddable":true,"href":"https:\/\/redamlo.com\/index.php\/wp-json\/wp\/v2\/comments?post=230"}],"version-history":[{"count":0,"href":"https:\/\/redamlo.com\/index.php\/wp-json\/wp\/v2\/posts\/230\/revisions"}],"wp:featuredmedia":[{"embeddable":true,"href":"https:\/\/redamlo.com\/index.php\/wp-json\/wp\/v2\/media\/233"}],"wp:attachment":[{"href":"https:\/\/redamlo.com\/index.php\/wp-json\/wp\/v2\/media?parent=230"}],"wp:term":[{"taxonomy":"category","embeddable":true,"href":"https:\/\/redamlo.com\/index.php\/wp-json\/wp\/v2\/categories?post=230"},{"taxonomy":"post_tag","embeddable":true,"href":"https:\/\/redamlo.com\/index.php\/wp-json\/wp\/v2\/tags?post=230"}],"curies":[{"name":"wp","href":"https:\/\/api.w.org\/{rel}","templated":true}]}}