{"id":203,"date":"2019-08-05T10:56:01","date_gmt":"2019-08-05T15:56:01","guid":{"rendered":"http:\/\/redamlo.com\/?p=203"},"modified":"2019-08-05T10:56:01","modified_gmt":"2019-08-05T15:56:01","slug":"conferencia-mananera-5-de-agosto-de-amlo","status":"publish","type":"post","link":"https:\/\/redamlo.com\/index.php\/2019\/08\/05\/conferencia-mananera-5-de-agosto-de-amlo\/","title":{"rendered":"Conferencia ma\u00f1anera 5 de agosto de AMLO"},"content":{"rendered":"<p><span style=\"font-weight: 400;\">Desde Valle de Bravo, el <\/span><b>Presidente Andr\u00e9s Manuel L\u00f3pez Obrador<\/b><span style=\"font-weight: 400;\">, encabez\u00f3 su tradicional Conferencia Ma\u00f1anera en compa\u00f1\u00eda de distintos ejecutivos oficiales entre los que destac\u00f3 el <\/span><b>Gobernador del Estado de M\u00e9xico, Alfredo del Mazo<\/b><span style=\"font-weight: 400;\">.<\/span><\/p>\n<p><span style=\"font-weight: 400;\">Al respecto Obrador se\u00f1al\u00f3 que el prop\u00f3sito de realizar la conferencia en la regi\u00f3n mexiquense es para \u201ctratar el tema de la inseguridad que tanto preocupa a la poblaci\u00f3n y dirigentes de una regi\u00f3n fundamental para la Rep\u00fablica mexicana\u201d, posteriormente cedi\u00f3 la palabra a Del Mazo.<\/span><\/p>\n<p><span style=\"font-weight: 400;\">En su turno al micr\u00f3fono, el Gobernador del Estado de M\u00e9xico, detall\u00f3 los ocho principales ejes de la Estrategia de Seguridad implementada en la regi\u00f3n que representa la cual tiene por objetivo disminuir y erradicar <strong>el alto \u00edndice delictivo que actualmente afecta a los 18 millones de habitantes<\/strong> de esa entidad federativa.<\/span><\/p>\n<h4><b>1.- Dos C5<\/b><\/h4>\n<p><span style=\"font-weight: 400;\">Ubicados en Toluca y Ecatepec, respectivamente, en estos centros de mando se recauda toda la informaci\u00f3n de lo que ocurre en el estado a trav\u00e9s de las 10 mil c\u00e1maras de videovigilancia, cantidad que est\u00e1 por incrementarse, de acuerdo al ejecutivo.<\/span><\/p>\n<h4><b>2.- Unidades de inteligencia<\/b><\/h4>\n<p><span style=\"font-weight: 400;\">Una vez que se tiene la informaci\u00f3n correspondiente, se procesa de manera que actualmente se tienen mapeadas cerca de 610 colonias mexiquenses por delito, calle, colonia, municipio e incluso la hora y tipos de delitos m\u00e1s frecuentes.<\/span><\/p>\n<h4><b>3 y 4.- Despliegue Territorial<\/b><\/h4>\n<p><span style=\"font-weight: 400;\">Posteriormente se procede a hacer el despliegue territorial para dise\u00f1ar corredores seguros con el respaldo de las c\u00e9lulas de fuerzas federales, polic\u00eda estatal y municipal, las cuales realiza patrullajes 24 horas en los lugares y horarios marcados en el mapeo territorial.<\/span><\/p>\n<figure id=\"attachment_1880\" aria-describedby=\"caption-attachment-1880\" style=\"width: 886px\" class=\"wp-caption alignnone\"><a href=\"http:\/\/redamlo.com\/wp-content\/uploads\/2019\/08\/Captura-de-pantalla-2019-08-05-a-las-10.00.59.png\"><img loading=\"lazy\" decoding=\"async\" class=\"size-full wp-image-1880\" src=\"http:\/\/redamlo.com\/wp-content\/uploads\/2019\/08\/Captura-de-pantalla-2019-08-05-a-las-10.00.59.png\" alt=\"\" width=\"886\" height=\"462\" \/><\/a><figcaption id=\"caption-attachment-1880\" class=\"wp-caption-text\">El gobernador mexiquense, Alfredo del Mazo, durante la Conferencia Ma\u00f1anera del 5 de agosto de 2019.<\/figcaption><\/figure>\n<h4><b>5.-Atenci\u00f3n integral de delitos\u00a0<\/b><\/h4>\n<p><span style=\"font-weight: 400;\">Este eje consta de acciones para la prevenci\u00f3n, investigaci\u00f3n y persecuci\u00f3n de un delito sobre todo en: robo a transporte p\u00fablico, de delitos,\u00a0 extorsi\u00f3n, feminicidio, secuestro, homicidio y violaci\u00f3n. como operativos de inspecci\u00f3n, y hacemos \u00e9nfasis en fines de semana que son los d\u00edas que mayor reporte de incidentes se tiene.<\/span><\/p>\n<h4><b>6.- Operativos de Inspecci\u00f3n<\/b><\/h4>\n<p><span style=\"font-weight: 400;\">Del Mazo se\u00f1al\u00f3 que principalmente los fines de semana se hacen realizan operativos en centros de entretenimiento, bares y lugares de venta de veh\u00edculos y autopartes se realizan patrullajes nocturnos.<\/span><\/p>\n<h4><b>7.- Prevenci\u00f3n del Delito<\/b><\/h4>\n<p><span style=\"font-weight: 400;\">A trav\u00e9s de pl\u00e1ticas y conferencias en coordinaci\u00f3n con organismos de la sociedad civil, c\u00e1maras empresariales se alerta a la poblaci\u00f3n sobre c\u00f3mo actuar si han sido v\u00edctimas de delitos o tambi\u00e9n sobre algunas medidas para evitarlos. Por otra parte tambi\u00e9n se ha trabajado en la recuperaci\u00f3n de espacios libres en los 28 municipios que concentran mayor incidencia delictiva de todo el estado.<\/span><\/p>\n<h4><b>8.-Reinserci\u00f3n Social<\/b><\/h4>\n<p><span style=\"font-weight: 400;\">Si bien es sabido que los 22 centros penitenciarios mexiquenses est\u00e1n sobresaturados, el gobernador mexiquense se\u00f1al\u00f3 que se tiene contemplada la apertura de nuevos espacios que permitan tener mayor visualizaci\u00f3n y monitoreo de estos lugares<\/span><\/p>\n<h2>Inseguridad en Ecatepec<\/h2>\n<p><span style=\"font-weight: 400;\">En cuanto al municipio de Ecatepec, Del Mazo se\u00f1al\u00f3 que tiene 293 c\u00e1maras de videovigilancia instaladas de las cuales el 88% report\u00f3 una incidencia delictiva en lo que va de enero a junio de este a\u00f1o, siendo <\/span><b>Jardines de Morelos, San Cristobal Centro<\/b> <b>y Ciudad Cuauht\u00e9moc<\/b><span style=\"font-weight: 400;\"> tres de las 10 colonias que mayor reincidencia reportan en delitos como robo de veh\u00edculos.<\/span><\/p>\n<p><span style=\"font-weight: 400;\">Sin embargo, enfatiz\u00f3 que en materia de avances en lo que refiere a los delitos de alto impacto ha habido una disminuci\u00f3n del 2% en delitos de alto impacto los cuales tambi\u00e9n reflejan una contenci\u00f3n.<\/span><\/p>\n<p><span style=\"font-weight: 400;\">En cuanto al\u00a0 robo en el transporte p\u00fablico se ve una tendencia a la disminuci\u00f3n en este delito durante el \u00faltimo bimestre de lo que va de 2019; robo de veh\u00edculo tiene una disminuci\u00f3n del 11% de enero a junio de 2019 comparada en el mismo periodo respecto al a\u00f1o pasado.<\/span><\/p>\n<figure id=\"attachment_1881\" aria-describedby=\"caption-attachment-1881\" style=\"width: 924px\" class=\"wp-caption alignnone\"><a href=\"http:\/\/redamlo.com\/wp-content\/uploads\/2019\/08\/Captura-de-pantalla-2019-08-05-a-las-10.09.54.png\"><img loading=\"lazy\" decoding=\"async\" class=\"size-full wp-image-1881\" src=\"http:\/\/redamlo.com\/wp-content\/uploads\/2019\/08\/Captura-de-pantalla-2019-08-05-a-las-10.09.54.png\" alt=\"\" width=\"924\" height=\"458\" \/><\/a><figcaption id=\"caption-attachment-1881\" class=\"wp-caption-text\">Colonias con de ecatepec con alto indice delictivo durante el 1er semestre de 2019.<\/figcaption><\/figure>\n<h2><strong>Balacera en Texas\u00a0<\/strong><\/h2>\n<p><span style=\"font-weight: 400;\">Respecto a la balacera ocurrida el fin de semana en El Paso, Texas, Andr\u00e9s Manuel L\u00f3pez Obrador enfatiz\u00f3 que \u201cCiudad Ju\u00e1rez y El Paso son ciudades hermanas por lo que debemos mantener siempre relaciones de amistad y de respeto. Estados unidos debe establecer un control de armas\u201d.\u00a0<\/span><\/p>\n<p><span style=\"font-weight: 400;\">Adem\u00e1s revel\u00f3 que Marcelo Ebrard, Secretario de Relaciones Exteriores, viajar\u00e1 hoy a Estados Unidos para atender personalmente a los familiares de las v\u00edctimas mexicanas durante el tiroteo.<\/span><\/p>\n","protected":false},"excerpt":{"rendered":"<p>La estrategia y los avances que ha habido en materia de Seguridad en el Estado de M\u00e9xico fueron el tema central de hoy.<\/p>\n","protected":false},"author":2,"featured_media":206,"comment_status":"open","ping_status":"closed","sticky":false,"template":"","format":"standard","meta":{"footnotes":""},"categories":[3,33],"tags":[129,84,130,60],"class_list":["post-203","post","type-post","status-publish","format-standard","has-post-thumbnail","hentry","category-estado-de-mexico","category-seguridad","tag-alfredo-del-mazo","tag-amlo","tag-conferencia-mananera","tag-estado-de-mexico"],"yoast_head":"<!-- This site is optimized with the Yoast SEO plugin v27.5 - https:\/\/yoast.com\/product\/yoast-seo-wordpress\/ -->\n<title>Conferencia ma\u00f1anera 5 de agosto de AMLO - NOTICIAS DE LA 4T<\/title>\n<meta name=\"robots\" content=\"noindex, follow, max-snippet:-1, max-image-preview:large, max-video-preview:-1\" \/>\n<meta property=\"og:locale\" content=\"es_MX\" \/>\n<meta property=\"og:type\" content=\"article\" \/>\n<meta property=\"og:title\" content=\"Conferencia ma\u00f1anera 5 de agosto de AMLO - NOTICIAS DE LA 4T\" \/>\n<meta property=\"og:description\" content=\"La estrategia y los avances que ha habido en materia de Seguridad en el Estado de M\u00e9xico fueron el tema central de hoy.\" \/>\n<meta property=\"og:url\" content=\"https:\/\/redamlo.com\/index.php\/2019\/08\/05\/conferencia-mananera-5-de-agosto-de-amlo\/\" \/>\n<meta property=\"og:site_name\" content=\"NOTICIAS DE LA 4T\" \/>\n<meta property=\"article:published_time\" content=\"2019-08-05T15:56:01+00:00\" \/>\n<meta property=\"og:image\" content=\"https:\/\/redamlo.com\/wp-content\/uploads\/2019\/08\/Conferencia-mananera-5-de-agosto-de-AMLO.jpg\" \/>\n\t<meta property=\"og:image:width\" content=\"800\" \/>\n\t<meta property=\"og:image:height\" content=\"533\" \/>\n\t<meta property=\"og:image:type\" content=\"image\/jpeg\" \/>\n<meta name=\"author\" content=\"Blanca\" \/>\n<meta name=\"twitter:card\" content=\"summary_large_image\" \/>\n<meta name=\"twitter:label1\" content=\"Escrito por\" \/>\n\t<meta name=\"twitter:data1\" content=\"Blanca\" \/>\n\t<meta name=\"twitter:label2\" content=\"Tiempo de lectura\" \/>\n\t<meta name=\"twitter:data2\" content=\"4 minutos\" \/>\n<script type=\"application\/ld+json\" class=\"yoast-schema-graph\">{\"@context\":\"https:\\\/\\\/schema.org\",\"@graph\":[{\"@type\":\"Article\",\"@id\":\"https:\\\/\\\/redamlo.com\\\/index.php\\\/2019\\\/08\\\/05\\\/conferencia-mananera-5-de-agosto-de-amlo\\\/#article\",\"isPartOf\":{\"@id\":\"https:\\\/\\\/redamlo.com\\\/index.php\\\/2019\\\/08\\\/05\\\/conferencia-mananera-5-de-agosto-de-amlo\\\/\"},\"author\":{\"name\":\"Blanca\",\"@id\":\"https:\\\/\\\/redamlo.com\\\/#\\\/schema\\\/person\\\/7223a4375eb8f1a782fcae010a7115cf\"},\"headline\":\"Conferencia ma\u00f1anera 5 de agosto de AMLO\",\"datePublished\":\"2019-08-05T15:56:01+00:00\",\"mainEntityOfPage\":{\"@id\":\"https:\\\/\\\/redamlo.com\\\/index.php\\\/2019\\\/08\\\/05\\\/conferencia-mananera-5-de-agosto-de-amlo\\\/\"},\"wordCount\":785,\"commentCount\":0,\"publisher\":{\"@id\":\"https:\\\/\\\/redamlo.com\\\/#organization\"},\"image\":{\"@id\":\"https:\\\/\\\/redamlo.com\\\/index.php\\\/2019\\\/08\\\/05\\\/conferencia-mananera-5-de-agosto-de-amlo\\\/#primaryimage\"},\"thumbnailUrl\":\"https:\\\/\\\/redamlo.com\\\/wp-content\\\/uploads\\\/2019\\\/08\\\/Conferencia-mananera-5-de-agosto-de-AMLO.jpg\",\"keywords\":[\"Alfredo del Mazo\",\"AMLO\",\"Conferencia Ma\u00f1anera\",\"estado de mexico\"],\"articleSection\":[\"Estado de M\u00e9xico\",\"Seguridad\"],\"inLanguage\":\"es\",\"potentialAction\":[{\"@type\":\"CommentAction\",\"name\":\"Comment\",\"target\":[\"https:\\\/\\\/redamlo.com\\\/index.php\\\/2019\\\/08\\\/05\\\/conferencia-mananera-5-de-agosto-de-amlo\\\/#respond\"]}]},{\"@type\":\"WebPage\",\"@id\":\"https:\\\/\\\/redamlo.com\\\/index.php\\\/2019\\\/08\\\/05\\\/conferencia-mananera-5-de-agosto-de-amlo\\\/\",\"url\":\"https:\\\/\\\/redamlo.com\\\/index.php\\\/2019\\\/08\\\/05\\\/conferencia-mananera-5-de-agosto-de-amlo\\\/\",\"name\":\"Conferencia ma\u00f1anera 5 de agosto de AMLO - NOTICIAS DE LA 4T\",\"isPartOf\":{\"@id\":\"https:\\\/\\\/redamlo.com\\\/#website\"},\"primaryImageOfPage\":{\"@id\":\"https:\\\/\\\/redamlo.com\\\/index.php\\\/2019\\\/08\\\/05\\\/conferencia-mananera-5-de-agosto-de-amlo\\\/#primaryimage\"},\"image\":{\"@id\":\"https:\\\/\\\/redamlo.com\\\/index.php\\\/2019\\\/08\\\/05\\\/conferencia-mananera-5-de-agosto-de-amlo\\\/#primaryimage\"},\"thumbnailUrl\":\"https:\\\/\\\/redamlo.com\\\/wp-content\\\/uploads\\\/2019\\\/08\\\/Conferencia-mananera-5-de-agosto-de-AMLO.jpg\",\"datePublished\":\"2019-08-05T15:56:01+00:00\",\"breadcrumb\":{\"@id\":\"https:\\\/\\\/redamlo.com\\\/index.php\\\/2019\\\/08\\\/05\\\/conferencia-mananera-5-de-agosto-de-amlo\\\/#breadcrumb\"},\"inLanguage\":\"es\",\"potentialAction\":[{\"@type\":\"ReadAction\",\"target\":[\"https:\\\/\\\/redamlo.com\\\/index.php\\\/2019\\\/08\\\/05\\\/conferencia-mananera-5-de-agosto-de-amlo\\\/\"]}]},{\"@type\":\"ImageObject\",\"inLanguage\":\"es\",\"@id\":\"https:\\\/\\\/redamlo.com\\\/index.php\\\/2019\\\/08\\\/05\\\/conferencia-mananera-5-de-agosto-de-amlo\\\/#primaryimage\",\"url\":\"https:\\\/\\\/redamlo.com\\\/wp-content\\\/uploads\\\/2019\\\/08\\\/Conferencia-mananera-5-de-agosto-de-AMLO.jpg\",\"contentUrl\":\"https:\\\/\\\/redamlo.com\\\/wp-content\\\/uploads\\\/2019\\\/08\\\/Conferencia-mananera-5-de-agosto-de-AMLO.jpg\",\"width\":800,\"height\":533},{\"@type\":\"BreadcrumbList\",\"@id\":\"https:\\\/\\\/redamlo.com\\\/index.php\\\/2019\\\/08\\\/05\\\/conferencia-mananera-5-de-agosto-de-amlo\\\/#breadcrumb\",\"itemListElement\":[{\"@type\":\"ListItem\",\"position\":1,\"name\":\"Inicio\",\"item\":\"https:\\\/\\\/redamlo.com\\\/\"},{\"@type\":\"ListItem\",\"position\":2,\"name\":\"Conferencia ma\u00f1anera 5 de agosto de AMLO\"}]},{\"@type\":\"WebSite\",\"@id\":\"https:\\\/\\\/redamlo.com\\\/#website\",\"url\":\"https:\\\/\\\/redamlo.com\\\/\",\"name\":\"NOTICIAS DE LA 4T\",\"description\":\"\",\"publisher\":{\"@id\":\"https:\\\/\\\/redamlo.com\\\/#organization\"},\"potentialAction\":[{\"@type\":\"SearchAction\",\"target\":{\"@type\":\"EntryPoint\",\"urlTemplate\":\"https:\\\/\\\/redamlo.com\\\/?s={search_term_string}\"},\"query-input\":{\"@type\":\"PropertyValueSpecification\",\"valueRequired\":true,\"valueName\":\"search_term_string\"}}],\"inLanguage\":\"es\"},{\"@type\":\"Organization\",\"@id\":\"https:\\\/\\\/redamlo.com\\\/#organization\",\"name\":\"NOTICIAS DE LA 4T\",\"url\":\"https:\\\/\\\/redamlo.com\\\/\",\"logo\":{\"@type\":\"ImageObject\",\"inLanguage\":\"es\",\"@id\":\"https:\\\/\\\/redamlo.com\\\/#\\\/schema\\\/logo\\\/image\\\/\",\"url\":\"https:\\\/\\\/redamlo.com\\\/wp-content\\\/uploads\\\/2024\\\/08\\\/cropped-RED-AMLO-logo-50.png\",\"contentUrl\":\"https:\\\/\\\/redamlo.com\\\/wp-content\\\/uploads\\\/2024\\\/08\\\/cropped-RED-AMLO-logo-50.png\",\"width\":256,\"height\":256,\"caption\":\"NOTICIAS DE LA 4T\"},\"image\":{\"@id\":\"https:\\\/\\\/redamlo.com\\\/#\\\/schema\\\/logo\\\/image\\\/\"}},{\"@type\":\"Person\",\"@id\":\"https:\\\/\\\/redamlo.com\\\/#\\\/schema\\\/person\\\/7223a4375eb8f1a782fcae010a7115cf\",\"name\":\"Blanca\",\"image\":{\"@type\":\"ImageObject\",\"inLanguage\":\"es\",\"@id\":\"https:\\\/\\\/secure.gravatar.com\\\/avatar\\\/3f79bc8336367a4e6093eae8757acaaf61d1124834b905616de7829b0273426d?s=96&d=mm&r=g\",\"url\":\"https:\\\/\\\/secure.gravatar.com\\\/avatar\\\/3f79bc8336367a4e6093eae8757acaaf61d1124834b905616de7829b0273426d?s=96&d=mm&r=g\",\"contentUrl\":\"https:\\\/\\\/secure.gravatar.com\\\/avatar\\\/3f79bc8336367a4e6093eae8757acaaf61d1124834b905616de7829b0273426d?s=96&d=mm&r=g\",\"caption\":\"Blanca\"},\"url\":\"https:\\\/\\\/redamlo.com\\\/index.php\\\/author\\\/blanca\\\/\"}]}<\/script>\n<!-- \/ Yoast SEO plugin. -->","yoast_head_json":{"title":"Conferencia ma\u00f1anera 5 de agosto de AMLO - NOTICIAS DE LA 4T","robots":{"index":"noindex","follow":"follow","max-snippet":"max-snippet:-1","max-image-preview":"max-image-preview:large","max-video-preview":"max-video-preview:-1"},"og_locale":"es_MX","og_type":"article","og_title":"Conferencia ma\u00f1anera 5 de agosto de AMLO - NOTICIAS DE LA 4T","og_description":"La estrategia y los avances que ha habido en materia de Seguridad en el Estado de M\u00e9xico fueron el tema central de hoy.","og_url":"https:\/\/redamlo.com\/index.php\/2019\/08\/05\/conferencia-mananera-5-de-agosto-de-amlo\/","og_site_name":"NOTICIAS DE LA 4T","article_published_time":"2019-08-05T15:56:01+00:00","og_image":[{"width":800,"height":533,"url":"https:\/\/redamlo.com\/wp-content\/uploads\/2019\/08\/Conferencia-mananera-5-de-agosto-de-AMLO.jpg","type":"image\/jpeg"}],"author":"Blanca","twitter_card":"summary_large_image","twitter_misc":{"Escrito por":"Blanca","Tiempo de lectura":"4 minutos"},"schema":{"@context":"https:\/\/schema.org","@graph":[{"@type":"Article","@id":"https:\/\/redamlo.com\/index.php\/2019\/08\/05\/conferencia-mananera-5-de-agosto-de-amlo\/#article","isPartOf":{"@id":"https:\/\/redamlo.com\/index.php\/2019\/08\/05\/conferencia-mananera-5-de-agosto-de-amlo\/"},"author":{"name":"Blanca","@id":"https:\/\/redamlo.com\/#\/schema\/person\/7223a4375eb8f1a782fcae010a7115cf"},"headline":"Conferencia ma\u00f1anera 5 de agosto de AMLO","datePublished":"2019-08-05T15:56:01+00:00","mainEntityOfPage":{"@id":"https:\/\/redamlo.com\/index.php\/2019\/08\/05\/conferencia-mananera-5-de-agosto-de-amlo\/"},"wordCount":785,"commentCount":0,"publisher":{"@id":"https:\/\/redamlo.com\/#organization"},"image":{"@id":"https:\/\/redamlo.com\/index.php\/2019\/08\/05\/conferencia-mananera-5-de-agosto-de-amlo\/#primaryimage"},"thumbnailUrl":"https:\/\/redamlo.com\/wp-content\/uploads\/2019\/08\/Conferencia-mananera-5-de-agosto-de-AMLO.jpg","keywords":["Alfredo del Mazo","AMLO","Conferencia Ma\u00f1anera","estado de mexico"],"articleSection":["Estado de M\u00e9xico","Seguridad"],"inLanguage":"es","potentialAction":[{"@type":"CommentAction","name":"Comment","target":["https:\/\/redamlo.com\/index.php\/2019\/08\/05\/conferencia-mananera-5-de-agosto-de-amlo\/#respond"]}]},{"@type":"WebPage","@id":"https:\/\/redamlo.com\/index.php\/2019\/08\/05\/conferencia-mananera-5-de-agosto-de-amlo\/","url":"https:\/\/redamlo.com\/index.php\/2019\/08\/05\/conferencia-mananera-5-de-agosto-de-amlo\/","name":"Conferencia ma\u00f1anera 5 de agosto de AMLO - NOTICIAS DE LA 4T","isPartOf":{"@id":"https:\/\/redamlo.com\/#website"},"primaryImageOfPage":{"@id":"https:\/\/redamlo.com\/index.php\/2019\/08\/05\/conferencia-mananera-5-de-agosto-de-amlo\/#primaryimage"},"image":{"@id":"https:\/\/redamlo.com\/index.php\/2019\/08\/05\/conferencia-mananera-5-de-agosto-de-amlo\/#primaryimage"},"thumbnailUrl":"https:\/\/redamlo.com\/wp-content\/uploads\/2019\/08\/Conferencia-mananera-5-de-agosto-de-AMLO.jpg","datePublished":"2019-08-05T15:56:01+00:00","breadcrumb":{"@id":"https:\/\/redamlo.com\/index.php\/2019\/08\/05\/conferencia-mananera-5-de-agosto-de-amlo\/#breadcrumb"},"inLanguage":"es","potentialAction":[{"@type":"ReadAction","target":["https:\/\/redamlo.com\/index.php\/2019\/08\/05\/conferencia-mananera-5-de-agosto-de-amlo\/"]}]},{"@type":"ImageObject","inLanguage":"es","@id":"https:\/\/redamlo.com\/index.php\/2019\/08\/05\/conferencia-mananera-5-de-agosto-de-amlo\/#primaryimage","url":"https:\/\/redamlo.com\/wp-content\/uploads\/2019\/08\/Conferencia-mananera-5-de-agosto-de-AMLO.jpg","contentUrl":"https:\/\/redamlo.com\/wp-content\/uploads\/2019\/08\/Conferencia-mananera-5-de-agosto-de-AMLO.jpg","width":800,"height":533},{"@type":"BreadcrumbList","@id":"https:\/\/redamlo.com\/index.php\/2019\/08\/05\/conferencia-mananera-5-de-agosto-de-amlo\/#breadcrumb","itemListElement":[{"@type":"ListItem","position":1,"name":"Inicio","item":"https:\/\/redamlo.com\/"},{"@type":"ListItem","position":2,"name":"Conferencia ma\u00f1anera 5 de agosto de AMLO"}]},{"@type":"WebSite","@id":"https:\/\/redamlo.com\/#website","url":"https:\/\/redamlo.com\/","name":"NOTICIAS DE LA 4T","description":"","publisher":{"@id":"https:\/\/redamlo.com\/#organization"},"potentialAction":[{"@type":"SearchAction","target":{"@type":"EntryPoint","urlTemplate":"https:\/\/redamlo.com\/?s={search_term_string}"},"query-input":{"@type":"PropertyValueSpecification","valueRequired":true,"valueName":"search_term_string"}}],"inLanguage":"es"},{"@type":"Organization","@id":"https:\/\/redamlo.com\/#organization","name":"NOTICIAS DE LA 4T","url":"https:\/\/redamlo.com\/","logo":{"@type":"ImageObject","inLanguage":"es","@id":"https:\/\/redamlo.com\/#\/schema\/logo\/image\/","url":"https:\/\/redamlo.com\/wp-content\/uploads\/2024\/08\/cropped-RED-AMLO-logo-50.png","contentUrl":"https:\/\/redamlo.com\/wp-content\/uploads\/2024\/08\/cropped-RED-AMLO-logo-50.png","width":256,"height":256,"caption":"NOTICIAS DE LA 4T"},"image":{"@id":"https:\/\/redamlo.com\/#\/schema\/logo\/image\/"}},{"@type":"Person","@id":"https:\/\/redamlo.com\/#\/schema\/person\/7223a4375eb8f1a782fcae010a7115cf","name":"Blanca","image":{"@type":"ImageObject","inLanguage":"es","@id":"https:\/\/secure.gravatar.com\/avatar\/3f79bc8336367a4e6093eae8757acaaf61d1124834b905616de7829b0273426d?s=96&d=mm&r=g","url":"https:\/\/secure.gravatar.com\/avatar\/3f79bc8336367a4e6093eae8757acaaf61d1124834b905616de7829b0273426d?s=96&d=mm&r=g","contentUrl":"https:\/\/secure.gravatar.com\/avatar\/3f79bc8336367a4e6093eae8757acaaf61d1124834b905616de7829b0273426d?s=96&d=mm&r=g","caption":"Blanca"},"url":"https:\/\/redamlo.com\/index.php\/author\/blanca\/"}]}},"_links":{"self":[{"href":"https:\/\/redamlo.com\/index.php\/wp-json\/wp\/v2\/posts\/203","targetHints":{"allow":["GET"]}}],"collection":[{"href":"https:\/\/redamlo.com\/index.php\/wp-json\/wp\/v2\/posts"}],"about":[{"href":"https:\/\/redamlo.com\/index.php\/wp-json\/wp\/v2\/types\/post"}],"author":[{"embeddable":true,"href":"https:\/\/redamlo.com\/index.php\/wp-json\/wp\/v2\/users\/2"}],"replies":[{"embeddable":true,"href":"https:\/\/redamlo.com\/index.php\/wp-json\/wp\/v2\/comments?post=203"}],"version-history":[{"count":0,"href":"https:\/\/redamlo.com\/index.php\/wp-json\/wp\/v2\/posts\/203\/revisions"}],"wp:featuredmedia":[{"embeddable":true,"href":"https:\/\/redamlo.com\/index.php\/wp-json\/wp\/v2\/media\/206"}],"wp:attachment":[{"href":"https:\/\/redamlo.com\/index.php\/wp-json\/wp\/v2\/media?parent=203"}],"wp:term":[{"taxonomy":"category","embeddable":true,"href":"https:\/\/redamlo.com\/index.php\/wp-json\/wp\/v2\/categories?post=203"},{"taxonomy":"post_tag","embeddable":true,"href":"https:\/\/redamlo.com\/index.php\/wp-json\/wp\/v2\/tags?post=203"}],"curies":[{"name":"wp","href":"https:\/\/api.w.org\/{rel}","templated":true}]}}