{"id":188,"date":"2019-08-04T13:33:43","date_gmt":"2019-08-04T18:33:43","guid":{"rendered":"http:\/\/redamlo.com\/?p=188"},"modified":"2019-08-04T13:33:43","modified_gmt":"2019-08-04T18:33:43","slug":"defensa-de-pablo-lyle-solicito-datos-toxicologicos-de-la-victima","status":"publish","type":"post","link":"https:\/\/redamlo.com\/index.php\/2019\/08\/04\/defensa-de-pablo-lyle-solicito-datos-toxicologicos-de-la-victima\/","title":{"rendered":"Defensa de Pablo Lyle solicit\u00f3 datos toxicol\u00f3gicos de la v\u00edctima"},"content":{"rendered":"<p><strong>CDMX PRESS.- Noticias <\/strong><\/p>\n<p>La defensa del actor mexicano <strong>Pablo Lyle<\/strong>, acusado de homicidio involuntario por la muerte de un hombre al que golpe\u00f3 en una discusi\u00f3n de tr\u00e1fico en Miami, solicit\u00f3 ayer a la Fiscal\u00eda informaci\u00f3n m\u00e9dica de la v\u00edctima durante una audiencia en una corte de Miami-Dade.<\/p>\n<p><strong>Alejandro Sola<\/strong>, uno de los abogados del actor, dijo que solicitaron muestras toxicol\u00f3gicas del cubano <strong>Juan Ricardo Hern\u00e1ndez<\/strong> para determinar, entre otras cosas, si tienen validez las versiones de que la v\u00edctima ten\u00eda \u201cproblemas con el alcohol\u201d.<\/p>\n<p>La ley, vigente desde 2005 en el Estado de Florida, permite a una persona que considere que est\u00e1 en riesgo de morir o sufrir da\u00f1o f\u00edsico grave el uso de una \u201cfuerza mortal\u201d simplemente permaneciendo en donde est\u00e1, es decir, sin tratar de huir del peligro.<\/p>\n<p>La pr\u00f3xima audiencia est\u00e1 programada para el pr\u00f3ximo 22 de agosto, cuando la Fiscal\u00eda deber\u00e1 entregar a la defensa las pruebas solicitadas, entre ellas, seg\u00fan Sola, informaci\u00f3n m\u00e9dica que removi\u00f3 la parte acusadora.<\/p>\n<p>El actor de 32 a\u00f1os, conocido por su actuaci\u00f3n en telenovelas como \u201cMi adorable maldici\u00f3n\u201d, cumple arresto domiciliario en Miami a la espera del juicio por la muerte de Hern\u00e1ndez.<\/p>\n<p>Seg\u00fan un video de las c\u00e1maras de seguridad, Lyle golpe\u00f3 y dej\u00f3 inconsciente en la calle a Hern\u00e1ndez, quien muri\u00f3 el 4 de abril en el hospital al que fue llevado despu\u00e9s del altercado.<\/p>\n<p>Sola ha insistido que Hern\u00e1ndez mostr\u00f3 una actitud \u201cagresiva\u201d e intent\u00f3 \u201centrar al veh\u00edculo donde estaba Pablo con sus hijos\u201d.<\/p>\n<p>En caso de que el juez Fine decida el 22 de agosto que Lyle actu\u00f3 en defensa propia, el caso quedar\u00eda cerrado, explic\u00f3.<\/p>\n<p>En caso contrario, se ir\u00eda a un juicio con jurado en el que los abogados del actor mantendr\u00edan su estrategia de que el mexicano actu\u00f3 para protegerse a s\u00ed mismo y su familia.<\/p>\n<p><strong>Todo inici\u00f3 un domingo<\/strong><\/p>\n<p>Lyle fue detenido el 31 de marzo poco despu\u00e9s de los hechos y qued\u00f3 en un primer momento en libertad condicional con una fianza de cinco mil \u00a0d\u00f3lares, pero posteriormente fue acusado de homicidio involuntario, cargo del que se declar\u00f3 no culpable el pasado 1 de mayo.<\/p>\n<p>Desde el pasado 9 de abril cumple arresto en casa de un familiar. El juez Fine le retir\u00f3 el pasaporte.<\/p>\n<p>Un informe forense del condado de Miami-Dade difundido el 10 de abril revel\u00f3 que Hern\u00e1ndez muri\u00f3 a ra\u00edz de \u201ccomplicaciones por trauma contundente en la cabeza\u201d.<\/p>\n<p>El escrito del m\u00e9dico forense indic\u00f3 \u201chomicidio\u201d como probable causa de la muerte, pero la defensa alega que el actor \u201cno tuvo intenci\u00f3n de matar a nadie\u201d.<\/p>\n<p>Lyle iba camino del aeropuerto de Miami en un veh\u00edculo manejado por su cu\u00f1ado, Lucas Delfino, cuando se cruzaron con el autom\u00f3vil manejado por Hern\u00e1ndez, quien en un sem\u00e1foro se baj\u00f3 de su autom\u00f3vil para recriminar a Delfino por una maniobra al volante.<\/p>\n<p>En medio de esa discusi\u00f3n, Lyle sali\u00f3 del carro y golpe\u00f3 a Hern\u00e1ndez, quien, de acuerdo a las im\u00e1genes recogidas por las c\u00e1maras de seguridad de una gasolinera cercana, se desplom\u00f3 al instante.<\/p>\n","protected":false},"excerpt":{"rendered":"<p>CDMX PRESS.- Noticias La defensa del actor mexicano Pablo Lyle, acusado de homicidio involuntario por&#8230;<\/p>\n","protected":false},"author":2,"featured_media":190,"comment_status":"open","ping_status":"closed","sticky":false,"template":"","format":"standard","meta":{"footnotes":""},"categories":[1],"tags":[112,113,114],"class_list":["post-188","post","type-post","status-publish","format-standard","has-post-thumbnail","hentry","category-uncategorized","tag-ablo-lyle","tag-espectaculo","tag-google-news"],"yoast_head":"<!-- This site is optimized with the Yoast SEO plugin v27.5 - https:\/\/yoast.com\/product\/yoast-seo-wordpress\/ -->\n<title>Defensa de Pablo Lyle solicit\u00f3 datos toxicol\u00f3gicos de la v\u00edctima - NOTICIAS DE LA 4T<\/title>\n<meta name=\"robots\" content=\"noindex, follow, max-snippet:-1, max-image-preview:large, max-video-preview:-1\" \/>\n<meta property=\"og:locale\" content=\"es_MX\" \/>\n<meta property=\"og:type\" content=\"article\" \/>\n<meta property=\"og:title\" content=\"Defensa de Pablo Lyle solicit\u00f3 datos toxicol\u00f3gicos de la v\u00edctima - NOTICIAS DE LA 4T\" \/>\n<meta property=\"og:description\" content=\"CDMX PRESS.- Noticias La defensa del actor mexicano Pablo Lyle, acusado de homicidio involuntario por...\" \/>\n<meta property=\"og:url\" content=\"https:\/\/redamlo.com\/index.php\/2019\/08\/04\/defensa-de-pablo-lyle-solicito-datos-toxicologicos-de-la-victima\/\" \/>\n<meta property=\"og:site_name\" content=\"NOTICIAS DE LA 4T\" \/>\n<meta property=\"article:published_time\" content=\"2019-08-04T18:33:43+00:00\" \/>\n<meta property=\"og:image\" content=\"https:\/\/redamlo.com\/wp-content\/uploads\/2019\/08\/Pablo-lyle-defensa.jpg\" \/>\n\t<meta property=\"og:image:width\" content=\"900\" \/>\n\t<meta property=\"og:image:height\" content=\"500\" \/>\n\t<meta property=\"og:image:type\" content=\"image\/jpeg\" \/>\n<meta name=\"author\" content=\"Blanca\" \/>\n<meta name=\"twitter:card\" content=\"summary_large_image\" \/>\n<meta name=\"twitter:label1\" content=\"Escrito por\" \/>\n\t<meta name=\"twitter:data1\" content=\"Blanca\" \/>\n\t<meta name=\"twitter:label2\" content=\"Tiempo de lectura\" \/>\n\t<meta name=\"twitter:data2\" content=\"3 minutos\" \/>\n<script type=\"application\/ld+json\" class=\"yoast-schema-graph\">{\"@context\":\"https:\\\/\\\/schema.org\",\"@graph\":[{\"@type\":\"Article\",\"@id\":\"https:\\\/\\\/redamlo.com\\\/index.php\\\/2019\\\/08\\\/04\\\/defensa-de-pablo-lyle-solicito-datos-toxicologicos-de-la-victima\\\/#article\",\"isPartOf\":{\"@id\":\"https:\\\/\\\/redamlo.com\\\/index.php\\\/2019\\\/08\\\/04\\\/defensa-de-pablo-lyle-solicito-datos-toxicologicos-de-la-victima\\\/\"},\"author\":{\"name\":\"Blanca\",\"@id\":\"https:\\\/\\\/redamlo.com\\\/#\\\/schema\\\/person\\\/7223a4375eb8f1a782fcae010a7115cf\"},\"headline\":\"Defensa de Pablo Lyle solicit\u00f3 datos toxicol\u00f3gicos de la v\u00edctima\",\"datePublished\":\"2019-08-04T18:33:43+00:00\",\"mainEntityOfPage\":{\"@id\":\"https:\\\/\\\/redamlo.com\\\/index.php\\\/2019\\\/08\\\/04\\\/defensa-de-pablo-lyle-solicito-datos-toxicologicos-de-la-victima\\\/\"},\"wordCount\":555,\"commentCount\":0,\"publisher\":{\"@id\":\"https:\\\/\\\/redamlo.com\\\/#organization\"},\"image\":{\"@id\":\"https:\\\/\\\/redamlo.com\\\/index.php\\\/2019\\\/08\\\/04\\\/defensa-de-pablo-lyle-solicito-datos-toxicologicos-de-la-victima\\\/#primaryimage\"},\"thumbnailUrl\":\"https:\\\/\\\/redamlo.com\\\/wp-content\\\/uploads\\\/2019\\\/08\\\/Pablo-lyle-defensa.jpg\",\"keywords\":[\"ablo lyle\",\"espectaculo\",\"google news\"],\"articleSection\":[\"Uncategorized\"],\"inLanguage\":\"es\",\"potentialAction\":[{\"@type\":\"CommentAction\",\"name\":\"Comment\",\"target\":[\"https:\\\/\\\/redamlo.com\\\/index.php\\\/2019\\\/08\\\/04\\\/defensa-de-pablo-lyle-solicito-datos-toxicologicos-de-la-victima\\\/#respond\"]}]},{\"@type\":\"WebPage\",\"@id\":\"https:\\\/\\\/redamlo.com\\\/index.php\\\/2019\\\/08\\\/04\\\/defensa-de-pablo-lyle-solicito-datos-toxicologicos-de-la-victima\\\/\",\"url\":\"https:\\\/\\\/redamlo.com\\\/index.php\\\/2019\\\/08\\\/04\\\/defensa-de-pablo-lyle-solicito-datos-toxicologicos-de-la-victima\\\/\",\"name\":\"Defensa de Pablo Lyle solicit\u00f3 datos toxicol\u00f3gicos de la v\u00edctima - NOTICIAS DE LA 4T\",\"isPartOf\":{\"@id\":\"https:\\\/\\\/redamlo.com\\\/#website\"},\"primaryImageOfPage\":{\"@id\":\"https:\\\/\\\/redamlo.com\\\/index.php\\\/2019\\\/08\\\/04\\\/defensa-de-pablo-lyle-solicito-datos-toxicologicos-de-la-victima\\\/#primaryimage\"},\"image\":{\"@id\":\"https:\\\/\\\/redamlo.com\\\/index.php\\\/2019\\\/08\\\/04\\\/defensa-de-pablo-lyle-solicito-datos-toxicologicos-de-la-victima\\\/#primaryimage\"},\"thumbnailUrl\":\"https:\\\/\\\/redamlo.com\\\/wp-content\\\/uploads\\\/2019\\\/08\\\/Pablo-lyle-defensa.jpg\",\"datePublished\":\"2019-08-04T18:33:43+00:00\",\"breadcrumb\":{\"@id\":\"https:\\\/\\\/redamlo.com\\\/index.php\\\/2019\\\/08\\\/04\\\/defensa-de-pablo-lyle-solicito-datos-toxicologicos-de-la-victima\\\/#breadcrumb\"},\"inLanguage\":\"es\",\"potentialAction\":[{\"@type\":\"ReadAction\",\"target\":[\"https:\\\/\\\/redamlo.com\\\/index.php\\\/2019\\\/08\\\/04\\\/defensa-de-pablo-lyle-solicito-datos-toxicologicos-de-la-victima\\\/\"]}]},{\"@type\":\"ImageObject\",\"inLanguage\":\"es\",\"@id\":\"https:\\\/\\\/redamlo.com\\\/index.php\\\/2019\\\/08\\\/04\\\/defensa-de-pablo-lyle-solicito-datos-toxicologicos-de-la-victima\\\/#primaryimage\",\"url\":\"https:\\\/\\\/redamlo.com\\\/wp-content\\\/uploads\\\/2019\\\/08\\\/Pablo-lyle-defensa.jpg\",\"contentUrl\":\"https:\\\/\\\/redamlo.com\\\/wp-content\\\/uploads\\\/2019\\\/08\\\/Pablo-lyle-defensa.jpg\",\"width\":900,\"height\":500},{\"@type\":\"BreadcrumbList\",\"@id\":\"https:\\\/\\\/redamlo.com\\\/index.php\\\/2019\\\/08\\\/04\\\/defensa-de-pablo-lyle-solicito-datos-toxicologicos-de-la-victima\\\/#breadcrumb\",\"itemListElement\":[{\"@type\":\"ListItem\",\"position\":1,\"name\":\"Inicio\",\"item\":\"https:\\\/\\\/redamlo.com\\\/\"},{\"@type\":\"ListItem\",\"position\":2,\"name\":\"Defensa de Pablo Lyle solicit\u00f3 datos toxicol\u00f3gicos de la v\u00edctima\"}]},{\"@type\":\"WebSite\",\"@id\":\"https:\\\/\\\/redamlo.com\\\/#website\",\"url\":\"https:\\\/\\\/redamlo.com\\\/\",\"name\":\"NOTICIAS DE LA 4T\",\"description\":\"\",\"publisher\":{\"@id\":\"https:\\\/\\\/redamlo.com\\\/#organization\"},\"potentialAction\":[{\"@type\":\"SearchAction\",\"target\":{\"@type\":\"EntryPoint\",\"urlTemplate\":\"https:\\\/\\\/redamlo.com\\\/?s={search_term_string}\"},\"query-input\":{\"@type\":\"PropertyValueSpecification\",\"valueRequired\":true,\"valueName\":\"search_term_string\"}}],\"inLanguage\":\"es\"},{\"@type\":\"Organization\",\"@id\":\"https:\\\/\\\/redamlo.com\\\/#organization\",\"name\":\"NOTICIAS DE LA 4T\",\"url\":\"https:\\\/\\\/redamlo.com\\\/\",\"logo\":{\"@type\":\"ImageObject\",\"inLanguage\":\"es\",\"@id\":\"https:\\\/\\\/redamlo.com\\\/#\\\/schema\\\/logo\\\/image\\\/\",\"url\":\"https:\\\/\\\/redamlo.com\\\/wp-content\\\/uploads\\\/2024\\\/08\\\/cropped-RED-AMLO-logo-50.png\",\"contentUrl\":\"https:\\\/\\\/redamlo.com\\\/wp-content\\\/uploads\\\/2024\\\/08\\\/cropped-RED-AMLO-logo-50.png\",\"width\":256,\"height\":256,\"caption\":\"NOTICIAS DE LA 4T\"},\"image\":{\"@id\":\"https:\\\/\\\/redamlo.com\\\/#\\\/schema\\\/logo\\\/image\\\/\"}},{\"@type\":\"Person\",\"@id\":\"https:\\\/\\\/redamlo.com\\\/#\\\/schema\\\/person\\\/7223a4375eb8f1a782fcae010a7115cf\",\"name\":\"Blanca\",\"image\":{\"@type\":\"ImageObject\",\"inLanguage\":\"es\",\"@id\":\"https:\\\/\\\/secure.gravatar.com\\\/avatar\\\/3f79bc8336367a4e6093eae8757acaaf61d1124834b905616de7829b0273426d?s=96&d=mm&r=g\",\"url\":\"https:\\\/\\\/secure.gravatar.com\\\/avatar\\\/3f79bc8336367a4e6093eae8757acaaf61d1124834b905616de7829b0273426d?s=96&d=mm&r=g\",\"contentUrl\":\"https:\\\/\\\/secure.gravatar.com\\\/avatar\\\/3f79bc8336367a4e6093eae8757acaaf61d1124834b905616de7829b0273426d?s=96&d=mm&r=g\",\"caption\":\"Blanca\"},\"url\":\"https:\\\/\\\/redamlo.com\\\/index.php\\\/author\\\/blanca\\\/\"}]}<\/script>\n<!-- \/ Yoast SEO plugin. -->","yoast_head_json":{"title":"Defensa de Pablo Lyle solicit\u00f3 datos toxicol\u00f3gicos de la v\u00edctima - NOTICIAS DE LA 4T","robots":{"index":"noindex","follow":"follow","max-snippet":"max-snippet:-1","max-image-preview":"max-image-preview:large","max-video-preview":"max-video-preview:-1"},"og_locale":"es_MX","og_type":"article","og_title":"Defensa de Pablo Lyle solicit\u00f3 datos toxicol\u00f3gicos de la v\u00edctima - NOTICIAS DE LA 4T","og_description":"CDMX PRESS.- Noticias La defensa del actor mexicano Pablo Lyle, acusado de homicidio involuntario por...","og_url":"https:\/\/redamlo.com\/index.php\/2019\/08\/04\/defensa-de-pablo-lyle-solicito-datos-toxicologicos-de-la-victima\/","og_site_name":"NOTICIAS DE LA 4T","article_published_time":"2019-08-04T18:33:43+00:00","og_image":[{"width":900,"height":500,"url":"https:\/\/redamlo.com\/wp-content\/uploads\/2019\/08\/Pablo-lyle-defensa.jpg","type":"image\/jpeg"}],"author":"Blanca","twitter_card":"summary_large_image","twitter_misc":{"Escrito por":"Blanca","Tiempo de lectura":"3 minutos"},"schema":{"@context":"https:\/\/schema.org","@graph":[{"@type":"Article","@id":"https:\/\/redamlo.com\/index.php\/2019\/08\/04\/defensa-de-pablo-lyle-solicito-datos-toxicologicos-de-la-victima\/#article","isPartOf":{"@id":"https:\/\/redamlo.com\/index.php\/2019\/08\/04\/defensa-de-pablo-lyle-solicito-datos-toxicologicos-de-la-victima\/"},"author":{"name":"Blanca","@id":"https:\/\/redamlo.com\/#\/schema\/person\/7223a4375eb8f1a782fcae010a7115cf"},"headline":"Defensa de Pablo Lyle solicit\u00f3 datos toxicol\u00f3gicos de la v\u00edctima","datePublished":"2019-08-04T18:33:43+00:00","mainEntityOfPage":{"@id":"https:\/\/redamlo.com\/index.php\/2019\/08\/04\/defensa-de-pablo-lyle-solicito-datos-toxicologicos-de-la-victima\/"},"wordCount":555,"commentCount":0,"publisher":{"@id":"https:\/\/redamlo.com\/#organization"},"image":{"@id":"https:\/\/redamlo.com\/index.php\/2019\/08\/04\/defensa-de-pablo-lyle-solicito-datos-toxicologicos-de-la-victima\/#primaryimage"},"thumbnailUrl":"https:\/\/redamlo.com\/wp-content\/uploads\/2019\/08\/Pablo-lyle-defensa.jpg","keywords":["ablo lyle","espectaculo","google news"],"articleSection":["Uncategorized"],"inLanguage":"es","potentialAction":[{"@type":"CommentAction","name":"Comment","target":["https:\/\/redamlo.com\/index.php\/2019\/08\/04\/defensa-de-pablo-lyle-solicito-datos-toxicologicos-de-la-victima\/#respond"]}]},{"@type":"WebPage","@id":"https:\/\/redamlo.com\/index.php\/2019\/08\/04\/defensa-de-pablo-lyle-solicito-datos-toxicologicos-de-la-victima\/","url":"https:\/\/redamlo.com\/index.php\/2019\/08\/04\/defensa-de-pablo-lyle-solicito-datos-toxicologicos-de-la-victima\/","name":"Defensa de Pablo Lyle solicit\u00f3 datos toxicol\u00f3gicos de la v\u00edctima - NOTICIAS DE LA 4T","isPartOf":{"@id":"https:\/\/redamlo.com\/#website"},"primaryImageOfPage":{"@id":"https:\/\/redamlo.com\/index.php\/2019\/08\/04\/defensa-de-pablo-lyle-solicito-datos-toxicologicos-de-la-victima\/#primaryimage"},"image":{"@id":"https:\/\/redamlo.com\/index.php\/2019\/08\/04\/defensa-de-pablo-lyle-solicito-datos-toxicologicos-de-la-victima\/#primaryimage"},"thumbnailUrl":"https:\/\/redamlo.com\/wp-content\/uploads\/2019\/08\/Pablo-lyle-defensa.jpg","datePublished":"2019-08-04T18:33:43+00:00","breadcrumb":{"@id":"https:\/\/redamlo.com\/index.php\/2019\/08\/04\/defensa-de-pablo-lyle-solicito-datos-toxicologicos-de-la-victima\/#breadcrumb"},"inLanguage":"es","potentialAction":[{"@type":"ReadAction","target":["https:\/\/redamlo.com\/index.php\/2019\/08\/04\/defensa-de-pablo-lyle-solicito-datos-toxicologicos-de-la-victima\/"]}]},{"@type":"ImageObject","inLanguage":"es","@id":"https:\/\/redamlo.com\/index.php\/2019\/08\/04\/defensa-de-pablo-lyle-solicito-datos-toxicologicos-de-la-victima\/#primaryimage","url":"https:\/\/redamlo.com\/wp-content\/uploads\/2019\/08\/Pablo-lyle-defensa.jpg","contentUrl":"https:\/\/redamlo.com\/wp-content\/uploads\/2019\/08\/Pablo-lyle-defensa.jpg","width":900,"height":500},{"@type":"BreadcrumbList","@id":"https:\/\/redamlo.com\/index.php\/2019\/08\/04\/defensa-de-pablo-lyle-solicito-datos-toxicologicos-de-la-victima\/#breadcrumb","itemListElement":[{"@type":"ListItem","position":1,"name":"Inicio","item":"https:\/\/redamlo.com\/"},{"@type":"ListItem","position":2,"name":"Defensa de Pablo Lyle solicit\u00f3 datos toxicol\u00f3gicos de la v\u00edctima"}]},{"@type":"WebSite","@id":"https:\/\/redamlo.com\/#website","url":"https:\/\/redamlo.com\/","name":"NOTICIAS DE LA 4T","description":"","publisher":{"@id":"https:\/\/redamlo.com\/#organization"},"potentialAction":[{"@type":"SearchAction","target":{"@type":"EntryPoint","urlTemplate":"https:\/\/redamlo.com\/?s={search_term_string}"},"query-input":{"@type":"PropertyValueSpecification","valueRequired":true,"valueName":"search_term_string"}}],"inLanguage":"es"},{"@type":"Organization","@id":"https:\/\/redamlo.com\/#organization","name":"NOTICIAS DE LA 4T","url":"https:\/\/redamlo.com\/","logo":{"@type":"ImageObject","inLanguage":"es","@id":"https:\/\/redamlo.com\/#\/schema\/logo\/image\/","url":"https:\/\/redamlo.com\/wp-content\/uploads\/2024\/08\/cropped-RED-AMLO-logo-50.png","contentUrl":"https:\/\/redamlo.com\/wp-content\/uploads\/2024\/08\/cropped-RED-AMLO-logo-50.png","width":256,"height":256,"caption":"NOTICIAS DE LA 4T"},"image":{"@id":"https:\/\/redamlo.com\/#\/schema\/logo\/image\/"}},{"@type":"Person","@id":"https:\/\/redamlo.com\/#\/schema\/person\/7223a4375eb8f1a782fcae010a7115cf","name":"Blanca","image":{"@type":"ImageObject","inLanguage":"es","@id":"https:\/\/secure.gravatar.com\/avatar\/3f79bc8336367a4e6093eae8757acaaf61d1124834b905616de7829b0273426d?s=96&d=mm&r=g","url":"https:\/\/secure.gravatar.com\/avatar\/3f79bc8336367a4e6093eae8757acaaf61d1124834b905616de7829b0273426d?s=96&d=mm&r=g","contentUrl":"https:\/\/secure.gravatar.com\/avatar\/3f79bc8336367a4e6093eae8757acaaf61d1124834b905616de7829b0273426d?s=96&d=mm&r=g","caption":"Blanca"},"url":"https:\/\/redamlo.com\/index.php\/author\/blanca\/"}]}},"_links":{"self":[{"href":"https:\/\/redamlo.com\/index.php\/wp-json\/wp\/v2\/posts\/188","targetHints":{"allow":["GET"]}}],"collection":[{"href":"https:\/\/redamlo.com\/index.php\/wp-json\/wp\/v2\/posts"}],"about":[{"href":"https:\/\/redamlo.com\/index.php\/wp-json\/wp\/v2\/types\/post"}],"author":[{"embeddable":true,"href":"https:\/\/redamlo.com\/index.php\/wp-json\/wp\/v2\/users\/2"}],"replies":[{"embeddable":true,"href":"https:\/\/redamlo.com\/index.php\/wp-json\/wp\/v2\/comments?post=188"}],"version-history":[{"count":0,"href":"https:\/\/redamlo.com\/index.php\/wp-json\/wp\/v2\/posts\/188\/revisions"}],"wp:featuredmedia":[{"embeddable":true,"href":"https:\/\/redamlo.com\/index.php\/wp-json\/wp\/v2\/media\/190"}],"wp:attachment":[{"href":"https:\/\/redamlo.com\/index.php\/wp-json\/wp\/v2\/media?parent=188"}],"wp:term":[{"taxonomy":"category","embeddable":true,"href":"https:\/\/redamlo.com\/index.php\/wp-json\/wp\/v2\/categories?post=188"},{"taxonomy":"post_tag","embeddable":true,"href":"https:\/\/redamlo.com\/index.php\/wp-json\/wp\/v2\/tags?post=188"}],"curies":[{"name":"wp","href":"https:\/\/api.w.org\/{rel}","templated":true}]}}