{"id":179,"date":"2019-08-02T18:18:25","date_gmt":"2019-08-02T23:18:25","guid":{"rendered":"http:\/\/redamlo.com\/?p=179"},"modified":"2019-08-02T18:18:25","modified_gmt":"2019-08-02T23:18:25","slug":"pgj-confirma-que-restos-encontrados-en-tlalpan-son-de-daniela","status":"publish","type":"post","link":"https:\/\/redamlo.com\/index.php\/2019\/08\/02\/pgj-confirma-que-restos-encontrados-en-tlalpan-son-de-daniela\/","title":{"rendered":"PGJ confirma que restos encontrados en Tlalpan son de Daniela"},"content":{"rendered":"<p>La procuradora, <strong>Ernestina Godoy<\/strong>, confirm\u00f3 que los restos hallados recientemente en Tlalpan pertenecen a la joven <strong>Daniela Ram\u00edrez<\/strong>, quien fue reportada desaparecida por sus familiares en mayo de este a\u00f1o en la alcald\u00eda Xochimilco.<\/p>\n<p>De acuerdo con el abogado de la familia Ram\u00edrez, la titular de la PGJ se reuni\u00f3 este jueves con la madre y familiares de la joven de 18 a\u00f1os, a quienes les confirm\u00f3 que al ADN correspond\u00eda a Daniela y ahond\u00f3 en que las investigaciones se\u00f1alan que la v\u00edctima fue ultimada el mismo d\u00eda de su desaparici\u00f3n, luego de salir de trabajar en una pizzer\u00eda.<\/p>\n<p>P\u00e9rez Rivera mencion\u00f3 que la procuradora Godoy Ramos se comprometi\u00f3 con la madre de la v\u00edctima a que este caso no quedar\u00e1 en la impunidad, \u201cy esperamos que cumpla su palabra\u201d.<\/p>\n<p>El abogado desminti\u00f3 la versi\u00f3n que circul\u00f3 en medios de comunicaci\u00f3n sobre que el hallazgo de m\u00faltiples osamentas, y enfatiz\u00f3 que los restos encontrados solamente pertenecen a Daniela.<\/p>\n","protected":false},"excerpt":{"rendered":"<p>En reuni\u00f3n privada con los familiares de la v\u00edctima, la Procuradora Ernestina Godoy confirm\u00f3 que el ADN corresponde a la joven.<\/p>\n","protected":false},"author":2,"featured_media":181,"comment_status":"open","ping_status":"closed","sticky":false,"template":"","format":"standard","meta":{"footnotes":""},"categories":[1],"tags":[39,103,104],"class_list":["post-179","post","type-post","status-publish","format-standard","has-post-thumbnail","hentry","category-uncategorized","tag-feminicidios","tag-pgj","tag-procuraduria-general-de-justicia"],"yoast_head":"<!-- This site is optimized with the Yoast SEO plugin v27.5 - https:\/\/yoast.com\/product\/yoast-seo-wordpress\/ -->\n<title>PGJ confirma que restos encontrados en Tlalpan son de Daniela - NOTICIAS DE LA 4T<\/title>\n<meta name=\"robots\" content=\"noindex, follow, max-snippet:-1, max-image-preview:large, max-video-preview:-1\" \/>\n<meta property=\"og:locale\" content=\"es_MX\" \/>\n<meta property=\"og:type\" content=\"article\" \/>\n<meta property=\"og:title\" content=\"PGJ confirma que restos encontrados en Tlalpan son de Daniela - NOTICIAS DE LA 4T\" \/>\n<meta property=\"og:description\" content=\"En reuni\u00f3n privada con los familiares de la v\u00edctima, la Procuradora Ernestina Godoy confirm\u00f3 que el ADN corresponde a la joven.\" \/>\n<meta property=\"og:url\" content=\"https:\/\/redamlo.com\/index.php\/2019\/08\/02\/pgj-confirma-que-restos-encontrados-en-tlalpan-son-de-daniela\/\" \/>\n<meta property=\"og:site_name\" content=\"NOTICIAS DE LA 4T\" \/>\n<meta property=\"article:published_time\" content=\"2019-08-02T23:18:25+00:00\" \/>\n<meta property=\"og:image\" content=\"https:\/\/redamlo.com\/wp-content\/uploads\/2019\/08\/PGJ-confirma-que-restos-encontrados-en-Tlalpan-son-de-Daniela.jpg\" \/>\n\t<meta property=\"og:image:width\" content=\"800\" \/>\n\t<meta property=\"og:image:height\" content=\"533\" \/>\n\t<meta property=\"og:image:type\" content=\"image\/jpeg\" \/>\n<meta name=\"author\" content=\"Blanca\" \/>\n<meta name=\"twitter:card\" content=\"summary_large_image\" \/>\n<meta name=\"twitter:label1\" content=\"Escrito por\" \/>\n\t<meta name=\"twitter:data1\" content=\"Blanca\" \/>\n\t<meta name=\"twitter:label2\" content=\"Tiempo de lectura\" \/>\n\t<meta name=\"twitter:data2\" content=\"1 minuto\" \/>\n<script type=\"application\/ld+json\" class=\"yoast-schema-graph\">{\"@context\":\"https:\\\/\\\/schema.org\",\"@graph\":[{\"@type\":\"Article\",\"@id\":\"https:\\\/\\\/redamlo.com\\\/index.php\\\/2019\\\/08\\\/02\\\/pgj-confirma-que-restos-encontrados-en-tlalpan-son-de-daniela\\\/#article\",\"isPartOf\":{\"@id\":\"https:\\\/\\\/redamlo.com\\\/index.php\\\/2019\\\/08\\\/02\\\/pgj-confirma-que-restos-encontrados-en-tlalpan-son-de-daniela\\\/\"},\"author\":{\"name\":\"Blanca\",\"@id\":\"https:\\\/\\\/redamlo.com\\\/#\\\/schema\\\/person\\\/7223a4375eb8f1a782fcae010a7115cf\"},\"headline\":\"PGJ confirma que restos encontrados en Tlalpan son de Daniela\",\"datePublished\":\"2019-08-02T23:18:25+00:00\",\"mainEntityOfPage\":{\"@id\":\"https:\\\/\\\/redamlo.com\\\/index.php\\\/2019\\\/08\\\/02\\\/pgj-confirma-que-restos-encontrados-en-tlalpan-son-de-daniela\\\/\"},\"wordCount\":183,\"commentCount\":0,\"publisher\":{\"@id\":\"https:\\\/\\\/redamlo.com\\\/#organization\"},\"image\":{\"@id\":\"https:\\\/\\\/redamlo.com\\\/index.php\\\/2019\\\/08\\\/02\\\/pgj-confirma-que-restos-encontrados-en-tlalpan-son-de-daniela\\\/#primaryimage\"},\"thumbnailUrl\":\"https:\\\/\\\/redamlo.com\\\/wp-content\\\/uploads\\\/2019\\\/08\\\/PGJ-confirma-que-restos-encontrados-en-Tlalpan-son-de-Daniela.jpg\",\"keywords\":[\"feminicidios\",\"PGJ\",\"Procuradur\u00eda General de Justicia\"],\"articleSection\":[\"Uncategorized\"],\"inLanguage\":\"es\",\"potentialAction\":[{\"@type\":\"CommentAction\",\"name\":\"Comment\",\"target\":[\"https:\\\/\\\/redamlo.com\\\/index.php\\\/2019\\\/08\\\/02\\\/pgj-confirma-que-restos-encontrados-en-tlalpan-son-de-daniela\\\/#respond\"]}]},{\"@type\":\"WebPage\",\"@id\":\"https:\\\/\\\/redamlo.com\\\/index.php\\\/2019\\\/08\\\/02\\\/pgj-confirma-que-restos-encontrados-en-tlalpan-son-de-daniela\\\/\",\"url\":\"https:\\\/\\\/redamlo.com\\\/index.php\\\/2019\\\/08\\\/02\\\/pgj-confirma-que-restos-encontrados-en-tlalpan-son-de-daniela\\\/\",\"name\":\"PGJ confirma que restos encontrados en Tlalpan son de Daniela - NOTICIAS DE LA 4T\",\"isPartOf\":{\"@id\":\"https:\\\/\\\/redamlo.com\\\/#website\"},\"primaryImageOfPage\":{\"@id\":\"https:\\\/\\\/redamlo.com\\\/index.php\\\/2019\\\/08\\\/02\\\/pgj-confirma-que-restos-encontrados-en-tlalpan-son-de-daniela\\\/#primaryimage\"},\"image\":{\"@id\":\"https:\\\/\\\/redamlo.com\\\/index.php\\\/2019\\\/08\\\/02\\\/pgj-confirma-que-restos-encontrados-en-tlalpan-son-de-daniela\\\/#primaryimage\"},\"thumbnailUrl\":\"https:\\\/\\\/redamlo.com\\\/wp-content\\\/uploads\\\/2019\\\/08\\\/PGJ-confirma-que-restos-encontrados-en-Tlalpan-son-de-Daniela.jpg\",\"datePublished\":\"2019-08-02T23:18:25+00:00\",\"breadcrumb\":{\"@id\":\"https:\\\/\\\/redamlo.com\\\/index.php\\\/2019\\\/08\\\/02\\\/pgj-confirma-que-restos-encontrados-en-tlalpan-son-de-daniela\\\/#breadcrumb\"},\"inLanguage\":\"es\",\"potentialAction\":[{\"@type\":\"ReadAction\",\"target\":[\"https:\\\/\\\/redamlo.com\\\/index.php\\\/2019\\\/08\\\/02\\\/pgj-confirma-que-restos-encontrados-en-tlalpan-son-de-daniela\\\/\"]}]},{\"@type\":\"ImageObject\",\"inLanguage\":\"es\",\"@id\":\"https:\\\/\\\/redamlo.com\\\/index.php\\\/2019\\\/08\\\/02\\\/pgj-confirma-que-restos-encontrados-en-tlalpan-son-de-daniela\\\/#primaryimage\",\"url\":\"https:\\\/\\\/redamlo.com\\\/wp-content\\\/uploads\\\/2019\\\/08\\\/PGJ-confirma-que-restos-encontrados-en-Tlalpan-son-de-Daniela.jpg\",\"contentUrl\":\"https:\\\/\\\/redamlo.com\\\/wp-content\\\/uploads\\\/2019\\\/08\\\/PGJ-confirma-que-restos-encontrados-en-Tlalpan-son-de-Daniela.jpg\",\"width\":800,\"height\":533},{\"@type\":\"BreadcrumbList\",\"@id\":\"https:\\\/\\\/redamlo.com\\\/index.php\\\/2019\\\/08\\\/02\\\/pgj-confirma-que-restos-encontrados-en-tlalpan-son-de-daniela\\\/#breadcrumb\",\"itemListElement\":[{\"@type\":\"ListItem\",\"position\":1,\"name\":\"Inicio\",\"item\":\"https:\\\/\\\/redamlo.com\\\/\"},{\"@type\":\"ListItem\",\"position\":2,\"name\":\"PGJ confirma que restos encontrados en Tlalpan son de Daniela\"}]},{\"@type\":\"WebSite\",\"@id\":\"https:\\\/\\\/redamlo.com\\\/#website\",\"url\":\"https:\\\/\\\/redamlo.com\\\/\",\"name\":\"NOTICIAS DE LA 4T\",\"description\":\"\",\"publisher\":{\"@id\":\"https:\\\/\\\/redamlo.com\\\/#organization\"},\"potentialAction\":[{\"@type\":\"SearchAction\",\"target\":{\"@type\":\"EntryPoint\",\"urlTemplate\":\"https:\\\/\\\/redamlo.com\\\/?s={search_term_string}\"},\"query-input\":{\"@type\":\"PropertyValueSpecification\",\"valueRequired\":true,\"valueName\":\"search_term_string\"}}],\"inLanguage\":\"es\"},{\"@type\":\"Organization\",\"@id\":\"https:\\\/\\\/redamlo.com\\\/#organization\",\"name\":\"NOTICIAS DE LA 4T\",\"url\":\"https:\\\/\\\/redamlo.com\\\/\",\"logo\":{\"@type\":\"ImageObject\",\"inLanguage\":\"es\",\"@id\":\"https:\\\/\\\/redamlo.com\\\/#\\\/schema\\\/logo\\\/image\\\/\",\"url\":\"https:\\\/\\\/redamlo.com\\\/wp-content\\\/uploads\\\/2024\\\/08\\\/cropped-RED-AMLO-logo-50.png\",\"contentUrl\":\"https:\\\/\\\/redamlo.com\\\/wp-content\\\/uploads\\\/2024\\\/08\\\/cropped-RED-AMLO-logo-50.png\",\"width\":256,\"height\":256,\"caption\":\"NOTICIAS DE LA 4T\"},\"image\":{\"@id\":\"https:\\\/\\\/redamlo.com\\\/#\\\/schema\\\/logo\\\/image\\\/\"}},{\"@type\":\"Person\",\"@id\":\"https:\\\/\\\/redamlo.com\\\/#\\\/schema\\\/person\\\/7223a4375eb8f1a782fcae010a7115cf\",\"name\":\"Blanca\",\"image\":{\"@type\":\"ImageObject\",\"inLanguage\":\"es\",\"@id\":\"https:\\\/\\\/secure.gravatar.com\\\/avatar\\\/3f79bc8336367a4e6093eae8757acaaf61d1124834b905616de7829b0273426d?s=96&d=mm&r=g\",\"url\":\"https:\\\/\\\/secure.gravatar.com\\\/avatar\\\/3f79bc8336367a4e6093eae8757acaaf61d1124834b905616de7829b0273426d?s=96&d=mm&r=g\",\"contentUrl\":\"https:\\\/\\\/secure.gravatar.com\\\/avatar\\\/3f79bc8336367a4e6093eae8757acaaf61d1124834b905616de7829b0273426d?s=96&d=mm&r=g\",\"caption\":\"Blanca\"},\"url\":\"https:\\\/\\\/redamlo.com\\\/index.php\\\/author\\\/blanca\\\/\"}]}<\/script>\n<!-- \/ Yoast SEO plugin. -->","yoast_head_json":{"title":"PGJ confirma que restos encontrados en Tlalpan son de Daniela - NOTICIAS DE LA 4T","robots":{"index":"noindex","follow":"follow","max-snippet":"max-snippet:-1","max-image-preview":"max-image-preview:large","max-video-preview":"max-video-preview:-1"},"og_locale":"es_MX","og_type":"article","og_title":"PGJ confirma que restos encontrados en Tlalpan son de Daniela - NOTICIAS DE LA 4T","og_description":"En reuni\u00f3n privada con los familiares de la v\u00edctima, la Procuradora Ernestina Godoy confirm\u00f3 que el ADN corresponde a la joven.","og_url":"https:\/\/redamlo.com\/index.php\/2019\/08\/02\/pgj-confirma-que-restos-encontrados-en-tlalpan-son-de-daniela\/","og_site_name":"NOTICIAS DE LA 4T","article_published_time":"2019-08-02T23:18:25+00:00","og_image":[{"width":800,"height":533,"url":"https:\/\/redamlo.com\/wp-content\/uploads\/2019\/08\/PGJ-confirma-que-restos-encontrados-en-Tlalpan-son-de-Daniela.jpg","type":"image\/jpeg"}],"author":"Blanca","twitter_card":"summary_large_image","twitter_misc":{"Escrito por":"Blanca","Tiempo de lectura":"1 minuto"},"schema":{"@context":"https:\/\/schema.org","@graph":[{"@type":"Article","@id":"https:\/\/redamlo.com\/index.php\/2019\/08\/02\/pgj-confirma-que-restos-encontrados-en-tlalpan-son-de-daniela\/#article","isPartOf":{"@id":"https:\/\/redamlo.com\/index.php\/2019\/08\/02\/pgj-confirma-que-restos-encontrados-en-tlalpan-son-de-daniela\/"},"author":{"name":"Blanca","@id":"https:\/\/redamlo.com\/#\/schema\/person\/7223a4375eb8f1a782fcae010a7115cf"},"headline":"PGJ confirma que restos encontrados en Tlalpan son de Daniela","datePublished":"2019-08-02T23:18:25+00:00","mainEntityOfPage":{"@id":"https:\/\/redamlo.com\/index.php\/2019\/08\/02\/pgj-confirma-que-restos-encontrados-en-tlalpan-son-de-daniela\/"},"wordCount":183,"commentCount":0,"publisher":{"@id":"https:\/\/redamlo.com\/#organization"},"image":{"@id":"https:\/\/redamlo.com\/index.php\/2019\/08\/02\/pgj-confirma-que-restos-encontrados-en-tlalpan-son-de-daniela\/#primaryimage"},"thumbnailUrl":"https:\/\/redamlo.com\/wp-content\/uploads\/2019\/08\/PGJ-confirma-que-restos-encontrados-en-Tlalpan-son-de-Daniela.jpg","keywords":["feminicidios","PGJ","Procuradur\u00eda General de Justicia"],"articleSection":["Uncategorized"],"inLanguage":"es","potentialAction":[{"@type":"CommentAction","name":"Comment","target":["https:\/\/redamlo.com\/index.php\/2019\/08\/02\/pgj-confirma-que-restos-encontrados-en-tlalpan-son-de-daniela\/#respond"]}]},{"@type":"WebPage","@id":"https:\/\/redamlo.com\/index.php\/2019\/08\/02\/pgj-confirma-que-restos-encontrados-en-tlalpan-son-de-daniela\/","url":"https:\/\/redamlo.com\/index.php\/2019\/08\/02\/pgj-confirma-que-restos-encontrados-en-tlalpan-son-de-daniela\/","name":"PGJ confirma que restos encontrados en Tlalpan son de Daniela - NOTICIAS DE LA 4T","isPartOf":{"@id":"https:\/\/redamlo.com\/#website"},"primaryImageOfPage":{"@id":"https:\/\/redamlo.com\/index.php\/2019\/08\/02\/pgj-confirma-que-restos-encontrados-en-tlalpan-son-de-daniela\/#primaryimage"},"image":{"@id":"https:\/\/redamlo.com\/index.php\/2019\/08\/02\/pgj-confirma-que-restos-encontrados-en-tlalpan-son-de-daniela\/#primaryimage"},"thumbnailUrl":"https:\/\/redamlo.com\/wp-content\/uploads\/2019\/08\/PGJ-confirma-que-restos-encontrados-en-Tlalpan-son-de-Daniela.jpg","datePublished":"2019-08-02T23:18:25+00:00","breadcrumb":{"@id":"https:\/\/redamlo.com\/index.php\/2019\/08\/02\/pgj-confirma-que-restos-encontrados-en-tlalpan-son-de-daniela\/#breadcrumb"},"inLanguage":"es","potentialAction":[{"@type":"ReadAction","target":["https:\/\/redamlo.com\/index.php\/2019\/08\/02\/pgj-confirma-que-restos-encontrados-en-tlalpan-son-de-daniela\/"]}]},{"@type":"ImageObject","inLanguage":"es","@id":"https:\/\/redamlo.com\/index.php\/2019\/08\/02\/pgj-confirma-que-restos-encontrados-en-tlalpan-son-de-daniela\/#primaryimage","url":"https:\/\/redamlo.com\/wp-content\/uploads\/2019\/08\/PGJ-confirma-que-restos-encontrados-en-Tlalpan-son-de-Daniela.jpg","contentUrl":"https:\/\/redamlo.com\/wp-content\/uploads\/2019\/08\/PGJ-confirma-que-restos-encontrados-en-Tlalpan-son-de-Daniela.jpg","width":800,"height":533},{"@type":"BreadcrumbList","@id":"https:\/\/redamlo.com\/index.php\/2019\/08\/02\/pgj-confirma-que-restos-encontrados-en-tlalpan-son-de-daniela\/#breadcrumb","itemListElement":[{"@type":"ListItem","position":1,"name":"Inicio","item":"https:\/\/redamlo.com\/"},{"@type":"ListItem","position":2,"name":"PGJ confirma que restos encontrados en Tlalpan son de Daniela"}]},{"@type":"WebSite","@id":"https:\/\/redamlo.com\/#website","url":"https:\/\/redamlo.com\/","name":"NOTICIAS DE LA 4T","description":"","publisher":{"@id":"https:\/\/redamlo.com\/#organization"},"potentialAction":[{"@type":"SearchAction","target":{"@type":"EntryPoint","urlTemplate":"https:\/\/redamlo.com\/?s={search_term_string}"},"query-input":{"@type":"PropertyValueSpecification","valueRequired":true,"valueName":"search_term_string"}}],"inLanguage":"es"},{"@type":"Organization","@id":"https:\/\/redamlo.com\/#organization","name":"NOTICIAS DE LA 4T","url":"https:\/\/redamlo.com\/","logo":{"@type":"ImageObject","inLanguage":"es","@id":"https:\/\/redamlo.com\/#\/schema\/logo\/image\/","url":"https:\/\/redamlo.com\/wp-content\/uploads\/2024\/08\/cropped-RED-AMLO-logo-50.png","contentUrl":"https:\/\/redamlo.com\/wp-content\/uploads\/2024\/08\/cropped-RED-AMLO-logo-50.png","width":256,"height":256,"caption":"NOTICIAS DE LA 4T"},"image":{"@id":"https:\/\/redamlo.com\/#\/schema\/logo\/image\/"}},{"@type":"Person","@id":"https:\/\/redamlo.com\/#\/schema\/person\/7223a4375eb8f1a782fcae010a7115cf","name":"Blanca","image":{"@type":"ImageObject","inLanguage":"es","@id":"https:\/\/secure.gravatar.com\/avatar\/3f79bc8336367a4e6093eae8757acaaf61d1124834b905616de7829b0273426d?s=96&d=mm&r=g","url":"https:\/\/secure.gravatar.com\/avatar\/3f79bc8336367a4e6093eae8757acaaf61d1124834b905616de7829b0273426d?s=96&d=mm&r=g","contentUrl":"https:\/\/secure.gravatar.com\/avatar\/3f79bc8336367a4e6093eae8757acaaf61d1124834b905616de7829b0273426d?s=96&d=mm&r=g","caption":"Blanca"},"url":"https:\/\/redamlo.com\/index.php\/author\/blanca\/"}]}},"_links":{"self":[{"href":"https:\/\/redamlo.com\/index.php\/wp-json\/wp\/v2\/posts\/179","targetHints":{"allow":["GET"]}}],"collection":[{"href":"https:\/\/redamlo.com\/index.php\/wp-json\/wp\/v2\/posts"}],"about":[{"href":"https:\/\/redamlo.com\/index.php\/wp-json\/wp\/v2\/types\/post"}],"author":[{"embeddable":true,"href":"https:\/\/redamlo.com\/index.php\/wp-json\/wp\/v2\/users\/2"}],"replies":[{"embeddable":true,"href":"https:\/\/redamlo.com\/index.php\/wp-json\/wp\/v2\/comments?post=179"}],"version-history":[{"count":0,"href":"https:\/\/redamlo.com\/index.php\/wp-json\/wp\/v2\/posts\/179\/revisions"}],"wp:featuredmedia":[{"embeddable":true,"href":"https:\/\/redamlo.com\/index.php\/wp-json\/wp\/v2\/media\/181"}],"wp:attachment":[{"href":"https:\/\/redamlo.com\/index.php\/wp-json\/wp\/v2\/media?parent=179"}],"wp:term":[{"taxonomy":"category","embeddable":true,"href":"https:\/\/redamlo.com\/index.php\/wp-json\/wp\/v2\/categories?post=179"},{"taxonomy":"post_tag","embeddable":true,"href":"https:\/\/redamlo.com\/index.php\/wp-json\/wp\/v2\/tags?post=179"}],"curies":[{"name":"wp","href":"https:\/\/api.w.org\/{rel}","templated":true}]}}