{"id":168,"date":"2019-08-02T15:50:38","date_gmt":"2019-08-02T20:50:38","guid":{"rendered":"http:\/\/redamlo.com\/?p=168"},"modified":"2019-08-02T15:50:38","modified_gmt":"2019-08-02T20:50:38","slug":"canelo-alvarez-pierde-su-cinturon-de-la-fib","status":"publish","type":"post","link":"https:\/\/redamlo.com\/index.php\/2019\/08\/02\/canelo-alvarez-pierde-su-cinturon-de-la-fib\/","title":{"rendered":"Canelo \u00c1lvarez pierde su cintur\u00f3n de la FIB\u00a0"},"content":{"rendered":"<p><span style=\"font-weight: 400;\">La promotora del p\u00fagil mexicano considera emplear acciones legales para revocar dicha decisi\u00f3n.<\/span><\/p>\n<p><span style=\"font-weight: 400;\">Una vez m\u00e1s <\/span><b>Sa\u00fal <\/b><b><i>Canelo<\/i><\/b><b> \u00c1lvarez<\/b><span style=\"font-weight: 400;\"> est\u00e1 en el ojo del hurac\u00e1n debido a que la <strong>Federaci\u00f3n Internacional de Boxeo (FIB)<\/strong> decidiera retirarle el cintur\u00f3n que lo acredita como campe\u00f3n mundial en las 160 libras de la instituci\u00f3n\u00a0 por no pactar su defensa obligatoria en el tiempo que establece el reglamento.<\/span><\/p>\n<p><span style=\"font-weight: 400;\">Hace pocos d\u00edas <strong>Golden Boy Promotions<\/strong> revel\u00f3 que el mejor peleador del orbe, seg\u00fan su manager Oscar de la Hoya, decidi\u00f3 posponer la pelea considerada para el 14 de septiembre co<\/span><span style=\"font-weight: 400;\">n S<strong>ergiy Derevyanchenko<\/strong>, luego de que se barajaron varios nombres como de la talla de Gennady Golovkin; sin embargo, las negociaciones fueron reanudadas con el ucraniano sin llegar a un acuerdo.<\/span><\/p>\n<p><span style=\"font-weight: 400;\">Al respecto, el manager de Canelo calific\u00f3 como un insulto la decisi\u00f3n de la FIB y coment\u00f3 que <\/span><span style=\"font-weight: 400;\">planea \u201cconsiderar agresivamente todas las acciones legales posibles&#8221;. <\/span><\/p>\n","protected":false},"excerpt":{"rendered":"<p>La promotora del p\u00fagil mexicano considera emplear acciones legales para revocar dicha decisi\u00f3n. Una vez&#8230;<\/p>\n","protected":false},"author":2,"featured_media":170,"comment_status":"open","ping_status":"closed","sticky":false,"template":"","format":"standard","meta":{"footnotes":""},"categories":[94],"tags":[98,99,100,101,102],"class_list":["post-168","post","type-post","status-publish","format-standard","has-post-thumbnail","hentry","category-deportes","tag-canelo-alvarez","tag-fib","tag-golden-boy-promotions","tag-oscar-de-la-hoya","tag-saul-alvarez"],"yoast_head":"<!-- This site is optimized with the Yoast SEO plugin v27.5 - https:\/\/yoast.com\/product\/yoast-seo-wordpress\/ -->\n<title>Canelo \u00c1lvarez pierde su cintur\u00f3n de la FIB\u00a0 - NOTICIAS DE LA 4T<\/title>\n<meta name=\"robots\" content=\"noindex, follow, max-snippet:-1, max-image-preview:large, max-video-preview:-1\" \/>\n<meta property=\"og:locale\" content=\"es_MX\" \/>\n<meta property=\"og:type\" content=\"article\" \/>\n<meta property=\"og:title\" content=\"Canelo \u00c1lvarez pierde su cintur\u00f3n de la FIB\u00a0 - NOTICIAS DE LA 4T\" \/>\n<meta property=\"og:description\" content=\"La promotora del p\u00fagil mexicano considera emplear acciones legales para revocar dicha decisi\u00f3n. Una vez...\" \/>\n<meta property=\"og:url\" content=\"https:\/\/redamlo.com\/index.php\/2019\/08\/02\/canelo-alvarez-pierde-su-cinturon-de-la-fib\/\" \/>\n<meta property=\"og:site_name\" content=\"NOTICIAS DE LA 4T\" \/>\n<meta property=\"article:published_time\" content=\"2019-08-02T20:50:38+00:00\" \/>\n<meta property=\"og:image\" content=\"https:\/\/redamlo.com\/wp-content\/uploads\/2019\/08\/Canelo-Alvarez-pierde-su-cinturon-de-la-FIB-.jpg\" \/>\n\t<meta property=\"og:image:width\" content=\"800\" \/>\n\t<meta property=\"og:image:height\" content=\"533\" \/>\n\t<meta property=\"og:image:type\" content=\"image\/jpeg\" \/>\n<meta name=\"author\" content=\"Blanca\" \/>\n<meta name=\"twitter:card\" content=\"summary_large_image\" \/>\n<meta name=\"twitter:label1\" content=\"Escrito por\" \/>\n\t<meta name=\"twitter:data1\" content=\"Blanca\" \/>\n\t<meta name=\"twitter:label2\" content=\"Tiempo de lectura\" \/>\n\t<meta name=\"twitter:data2\" content=\"1 minuto\" \/>\n<script type=\"application\/ld+json\" class=\"yoast-schema-graph\">{\"@context\":\"https:\\\/\\\/schema.org\",\"@graph\":[{\"@type\":\"Article\",\"@id\":\"https:\\\/\\\/redamlo.com\\\/index.php\\\/2019\\\/08\\\/02\\\/canelo-alvarez-pierde-su-cinturon-de-la-fib\\\/#article\",\"isPartOf\":{\"@id\":\"https:\\\/\\\/redamlo.com\\\/index.php\\\/2019\\\/08\\\/02\\\/canelo-alvarez-pierde-su-cinturon-de-la-fib\\\/\"},\"author\":{\"name\":\"Blanca\",\"@id\":\"https:\\\/\\\/redamlo.com\\\/#\\\/schema\\\/person\\\/7223a4375eb8f1a782fcae010a7115cf\"},\"headline\":\"Canelo \u00c1lvarez pierde su cintur\u00f3n de la FIB\u00a0\",\"datePublished\":\"2019-08-02T20:50:38+00:00\",\"mainEntityOfPage\":{\"@id\":\"https:\\\/\\\/redamlo.com\\\/index.php\\\/2019\\\/08\\\/02\\\/canelo-alvarez-pierde-su-cinturon-de-la-fib\\\/\"},\"wordCount\":171,\"commentCount\":0,\"publisher\":{\"@id\":\"https:\\\/\\\/redamlo.com\\\/#organization\"},\"image\":{\"@id\":\"https:\\\/\\\/redamlo.com\\\/index.php\\\/2019\\\/08\\\/02\\\/canelo-alvarez-pierde-su-cinturon-de-la-fib\\\/#primaryimage\"},\"thumbnailUrl\":\"https:\\\/\\\/redamlo.com\\\/wp-content\\\/uploads\\\/2019\\\/08\\\/Canelo-Alvarez-pierde-su-cinturon-de-la-FIB-.jpg\",\"keywords\":[\"Canelo \u00c1lvarez\",\"FIB\",\"Golden Boy Promotions\",\"Oscar de la Hoya\",\"Sa\u00fal \u00c1lvarez\"],\"articleSection\":[\"Deportes\"],\"inLanguage\":\"es\",\"potentialAction\":[{\"@type\":\"CommentAction\",\"name\":\"Comment\",\"target\":[\"https:\\\/\\\/redamlo.com\\\/index.php\\\/2019\\\/08\\\/02\\\/canelo-alvarez-pierde-su-cinturon-de-la-fib\\\/#respond\"]}]},{\"@type\":\"WebPage\",\"@id\":\"https:\\\/\\\/redamlo.com\\\/index.php\\\/2019\\\/08\\\/02\\\/canelo-alvarez-pierde-su-cinturon-de-la-fib\\\/\",\"url\":\"https:\\\/\\\/redamlo.com\\\/index.php\\\/2019\\\/08\\\/02\\\/canelo-alvarez-pierde-su-cinturon-de-la-fib\\\/\",\"name\":\"Canelo \u00c1lvarez pierde su cintur\u00f3n de la FIB\u00a0 - NOTICIAS DE LA 4T\",\"isPartOf\":{\"@id\":\"https:\\\/\\\/redamlo.com\\\/#website\"},\"primaryImageOfPage\":{\"@id\":\"https:\\\/\\\/redamlo.com\\\/index.php\\\/2019\\\/08\\\/02\\\/canelo-alvarez-pierde-su-cinturon-de-la-fib\\\/#primaryimage\"},\"image\":{\"@id\":\"https:\\\/\\\/redamlo.com\\\/index.php\\\/2019\\\/08\\\/02\\\/canelo-alvarez-pierde-su-cinturon-de-la-fib\\\/#primaryimage\"},\"thumbnailUrl\":\"https:\\\/\\\/redamlo.com\\\/wp-content\\\/uploads\\\/2019\\\/08\\\/Canelo-Alvarez-pierde-su-cinturon-de-la-FIB-.jpg\",\"datePublished\":\"2019-08-02T20:50:38+00:00\",\"breadcrumb\":{\"@id\":\"https:\\\/\\\/redamlo.com\\\/index.php\\\/2019\\\/08\\\/02\\\/canelo-alvarez-pierde-su-cinturon-de-la-fib\\\/#breadcrumb\"},\"inLanguage\":\"es\",\"potentialAction\":[{\"@type\":\"ReadAction\",\"target\":[\"https:\\\/\\\/redamlo.com\\\/index.php\\\/2019\\\/08\\\/02\\\/canelo-alvarez-pierde-su-cinturon-de-la-fib\\\/\"]}]},{\"@type\":\"ImageObject\",\"inLanguage\":\"es\",\"@id\":\"https:\\\/\\\/redamlo.com\\\/index.php\\\/2019\\\/08\\\/02\\\/canelo-alvarez-pierde-su-cinturon-de-la-fib\\\/#primaryimage\",\"url\":\"https:\\\/\\\/redamlo.com\\\/wp-content\\\/uploads\\\/2019\\\/08\\\/Canelo-Alvarez-pierde-su-cinturon-de-la-FIB-.jpg\",\"contentUrl\":\"https:\\\/\\\/redamlo.com\\\/wp-content\\\/uploads\\\/2019\\\/08\\\/Canelo-Alvarez-pierde-su-cinturon-de-la-FIB-.jpg\",\"width\":800,\"height\":533},{\"@type\":\"BreadcrumbList\",\"@id\":\"https:\\\/\\\/redamlo.com\\\/index.php\\\/2019\\\/08\\\/02\\\/canelo-alvarez-pierde-su-cinturon-de-la-fib\\\/#breadcrumb\",\"itemListElement\":[{\"@type\":\"ListItem\",\"position\":1,\"name\":\"Inicio\",\"item\":\"https:\\\/\\\/redamlo.com\\\/\"},{\"@type\":\"ListItem\",\"position\":2,\"name\":\"Canelo \u00c1lvarez pierde su cintur\u00f3n de la FIB\u00a0\"}]},{\"@type\":\"WebSite\",\"@id\":\"https:\\\/\\\/redamlo.com\\\/#website\",\"url\":\"https:\\\/\\\/redamlo.com\\\/\",\"name\":\"NOTICIAS DE LA 4T\",\"description\":\"\",\"publisher\":{\"@id\":\"https:\\\/\\\/redamlo.com\\\/#organization\"},\"potentialAction\":[{\"@type\":\"SearchAction\",\"target\":{\"@type\":\"EntryPoint\",\"urlTemplate\":\"https:\\\/\\\/redamlo.com\\\/?s={search_term_string}\"},\"query-input\":{\"@type\":\"PropertyValueSpecification\",\"valueRequired\":true,\"valueName\":\"search_term_string\"}}],\"inLanguage\":\"es\"},{\"@type\":\"Organization\",\"@id\":\"https:\\\/\\\/redamlo.com\\\/#organization\",\"name\":\"NOTICIAS DE LA 4T\",\"url\":\"https:\\\/\\\/redamlo.com\\\/\",\"logo\":{\"@type\":\"ImageObject\",\"inLanguage\":\"es\",\"@id\":\"https:\\\/\\\/redamlo.com\\\/#\\\/schema\\\/logo\\\/image\\\/\",\"url\":\"https:\\\/\\\/redamlo.com\\\/wp-content\\\/uploads\\\/2024\\\/08\\\/cropped-RED-AMLO-logo-50.png\",\"contentUrl\":\"https:\\\/\\\/redamlo.com\\\/wp-content\\\/uploads\\\/2024\\\/08\\\/cropped-RED-AMLO-logo-50.png\",\"width\":256,\"height\":256,\"caption\":\"NOTICIAS DE LA 4T\"},\"image\":{\"@id\":\"https:\\\/\\\/redamlo.com\\\/#\\\/schema\\\/logo\\\/image\\\/\"}},{\"@type\":\"Person\",\"@id\":\"https:\\\/\\\/redamlo.com\\\/#\\\/schema\\\/person\\\/7223a4375eb8f1a782fcae010a7115cf\",\"name\":\"Blanca\",\"image\":{\"@type\":\"ImageObject\",\"inLanguage\":\"es\",\"@id\":\"https:\\\/\\\/secure.gravatar.com\\\/avatar\\\/3f79bc8336367a4e6093eae8757acaaf61d1124834b905616de7829b0273426d?s=96&d=mm&r=g\",\"url\":\"https:\\\/\\\/secure.gravatar.com\\\/avatar\\\/3f79bc8336367a4e6093eae8757acaaf61d1124834b905616de7829b0273426d?s=96&d=mm&r=g\",\"contentUrl\":\"https:\\\/\\\/secure.gravatar.com\\\/avatar\\\/3f79bc8336367a4e6093eae8757acaaf61d1124834b905616de7829b0273426d?s=96&d=mm&r=g\",\"caption\":\"Blanca\"},\"url\":\"https:\\\/\\\/redamlo.com\\\/index.php\\\/author\\\/blanca\\\/\"}]}<\/script>\n<!-- \/ Yoast SEO plugin. -->","yoast_head_json":{"title":"Canelo \u00c1lvarez pierde su cintur\u00f3n de la FIB\u00a0 - NOTICIAS DE LA 4T","robots":{"index":"noindex","follow":"follow","max-snippet":"max-snippet:-1","max-image-preview":"max-image-preview:large","max-video-preview":"max-video-preview:-1"},"og_locale":"es_MX","og_type":"article","og_title":"Canelo \u00c1lvarez pierde su cintur\u00f3n de la FIB\u00a0 - NOTICIAS DE LA 4T","og_description":"La promotora del p\u00fagil mexicano considera emplear acciones legales para revocar dicha decisi\u00f3n. Una vez...","og_url":"https:\/\/redamlo.com\/index.php\/2019\/08\/02\/canelo-alvarez-pierde-su-cinturon-de-la-fib\/","og_site_name":"NOTICIAS DE LA 4T","article_published_time":"2019-08-02T20:50:38+00:00","og_image":[{"width":800,"height":533,"url":"https:\/\/redamlo.com\/wp-content\/uploads\/2019\/08\/Canelo-Alvarez-pierde-su-cinturon-de-la-FIB-.jpg","type":"image\/jpeg"}],"author":"Blanca","twitter_card":"summary_large_image","twitter_misc":{"Escrito por":"Blanca","Tiempo de lectura":"1 minuto"},"schema":{"@context":"https:\/\/schema.org","@graph":[{"@type":"Article","@id":"https:\/\/redamlo.com\/index.php\/2019\/08\/02\/canelo-alvarez-pierde-su-cinturon-de-la-fib\/#article","isPartOf":{"@id":"https:\/\/redamlo.com\/index.php\/2019\/08\/02\/canelo-alvarez-pierde-su-cinturon-de-la-fib\/"},"author":{"name":"Blanca","@id":"https:\/\/redamlo.com\/#\/schema\/person\/7223a4375eb8f1a782fcae010a7115cf"},"headline":"Canelo \u00c1lvarez pierde su cintur\u00f3n de la FIB\u00a0","datePublished":"2019-08-02T20:50:38+00:00","mainEntityOfPage":{"@id":"https:\/\/redamlo.com\/index.php\/2019\/08\/02\/canelo-alvarez-pierde-su-cinturon-de-la-fib\/"},"wordCount":171,"commentCount":0,"publisher":{"@id":"https:\/\/redamlo.com\/#organization"},"image":{"@id":"https:\/\/redamlo.com\/index.php\/2019\/08\/02\/canelo-alvarez-pierde-su-cinturon-de-la-fib\/#primaryimage"},"thumbnailUrl":"https:\/\/redamlo.com\/wp-content\/uploads\/2019\/08\/Canelo-Alvarez-pierde-su-cinturon-de-la-FIB-.jpg","keywords":["Canelo \u00c1lvarez","FIB","Golden Boy Promotions","Oscar de la Hoya","Sa\u00fal \u00c1lvarez"],"articleSection":["Deportes"],"inLanguage":"es","potentialAction":[{"@type":"CommentAction","name":"Comment","target":["https:\/\/redamlo.com\/index.php\/2019\/08\/02\/canelo-alvarez-pierde-su-cinturon-de-la-fib\/#respond"]}]},{"@type":"WebPage","@id":"https:\/\/redamlo.com\/index.php\/2019\/08\/02\/canelo-alvarez-pierde-su-cinturon-de-la-fib\/","url":"https:\/\/redamlo.com\/index.php\/2019\/08\/02\/canelo-alvarez-pierde-su-cinturon-de-la-fib\/","name":"Canelo \u00c1lvarez pierde su cintur\u00f3n de la FIB\u00a0 - NOTICIAS DE LA 4T","isPartOf":{"@id":"https:\/\/redamlo.com\/#website"},"primaryImageOfPage":{"@id":"https:\/\/redamlo.com\/index.php\/2019\/08\/02\/canelo-alvarez-pierde-su-cinturon-de-la-fib\/#primaryimage"},"image":{"@id":"https:\/\/redamlo.com\/index.php\/2019\/08\/02\/canelo-alvarez-pierde-su-cinturon-de-la-fib\/#primaryimage"},"thumbnailUrl":"https:\/\/redamlo.com\/wp-content\/uploads\/2019\/08\/Canelo-Alvarez-pierde-su-cinturon-de-la-FIB-.jpg","datePublished":"2019-08-02T20:50:38+00:00","breadcrumb":{"@id":"https:\/\/redamlo.com\/index.php\/2019\/08\/02\/canelo-alvarez-pierde-su-cinturon-de-la-fib\/#breadcrumb"},"inLanguage":"es","potentialAction":[{"@type":"ReadAction","target":["https:\/\/redamlo.com\/index.php\/2019\/08\/02\/canelo-alvarez-pierde-su-cinturon-de-la-fib\/"]}]},{"@type":"ImageObject","inLanguage":"es","@id":"https:\/\/redamlo.com\/index.php\/2019\/08\/02\/canelo-alvarez-pierde-su-cinturon-de-la-fib\/#primaryimage","url":"https:\/\/redamlo.com\/wp-content\/uploads\/2019\/08\/Canelo-Alvarez-pierde-su-cinturon-de-la-FIB-.jpg","contentUrl":"https:\/\/redamlo.com\/wp-content\/uploads\/2019\/08\/Canelo-Alvarez-pierde-su-cinturon-de-la-FIB-.jpg","width":800,"height":533},{"@type":"BreadcrumbList","@id":"https:\/\/redamlo.com\/index.php\/2019\/08\/02\/canelo-alvarez-pierde-su-cinturon-de-la-fib\/#breadcrumb","itemListElement":[{"@type":"ListItem","position":1,"name":"Inicio","item":"https:\/\/redamlo.com\/"},{"@type":"ListItem","position":2,"name":"Canelo \u00c1lvarez pierde su cintur\u00f3n de la FIB\u00a0"}]},{"@type":"WebSite","@id":"https:\/\/redamlo.com\/#website","url":"https:\/\/redamlo.com\/","name":"NOTICIAS DE LA 4T","description":"","publisher":{"@id":"https:\/\/redamlo.com\/#organization"},"potentialAction":[{"@type":"SearchAction","target":{"@type":"EntryPoint","urlTemplate":"https:\/\/redamlo.com\/?s={search_term_string}"},"query-input":{"@type":"PropertyValueSpecification","valueRequired":true,"valueName":"search_term_string"}}],"inLanguage":"es"},{"@type":"Organization","@id":"https:\/\/redamlo.com\/#organization","name":"NOTICIAS DE LA 4T","url":"https:\/\/redamlo.com\/","logo":{"@type":"ImageObject","inLanguage":"es","@id":"https:\/\/redamlo.com\/#\/schema\/logo\/image\/","url":"https:\/\/redamlo.com\/wp-content\/uploads\/2024\/08\/cropped-RED-AMLO-logo-50.png","contentUrl":"https:\/\/redamlo.com\/wp-content\/uploads\/2024\/08\/cropped-RED-AMLO-logo-50.png","width":256,"height":256,"caption":"NOTICIAS DE LA 4T"},"image":{"@id":"https:\/\/redamlo.com\/#\/schema\/logo\/image\/"}},{"@type":"Person","@id":"https:\/\/redamlo.com\/#\/schema\/person\/7223a4375eb8f1a782fcae010a7115cf","name":"Blanca","image":{"@type":"ImageObject","inLanguage":"es","@id":"https:\/\/secure.gravatar.com\/avatar\/3f79bc8336367a4e6093eae8757acaaf61d1124834b905616de7829b0273426d?s=96&d=mm&r=g","url":"https:\/\/secure.gravatar.com\/avatar\/3f79bc8336367a4e6093eae8757acaaf61d1124834b905616de7829b0273426d?s=96&d=mm&r=g","contentUrl":"https:\/\/secure.gravatar.com\/avatar\/3f79bc8336367a4e6093eae8757acaaf61d1124834b905616de7829b0273426d?s=96&d=mm&r=g","caption":"Blanca"},"url":"https:\/\/redamlo.com\/index.php\/author\/blanca\/"}]}},"_links":{"self":[{"href":"https:\/\/redamlo.com\/index.php\/wp-json\/wp\/v2\/posts\/168","targetHints":{"allow":["GET"]}}],"collection":[{"href":"https:\/\/redamlo.com\/index.php\/wp-json\/wp\/v2\/posts"}],"about":[{"href":"https:\/\/redamlo.com\/index.php\/wp-json\/wp\/v2\/types\/post"}],"author":[{"embeddable":true,"href":"https:\/\/redamlo.com\/index.php\/wp-json\/wp\/v2\/users\/2"}],"replies":[{"embeddable":true,"href":"https:\/\/redamlo.com\/index.php\/wp-json\/wp\/v2\/comments?post=168"}],"version-history":[{"count":0,"href":"https:\/\/redamlo.com\/index.php\/wp-json\/wp\/v2\/posts\/168\/revisions"}],"wp:featuredmedia":[{"embeddable":true,"href":"https:\/\/redamlo.com\/index.php\/wp-json\/wp\/v2\/media\/170"}],"wp:attachment":[{"href":"https:\/\/redamlo.com\/index.php\/wp-json\/wp\/v2\/media?parent=168"}],"wp:term":[{"taxonomy":"category","embeddable":true,"href":"https:\/\/redamlo.com\/index.php\/wp-json\/wp\/v2\/categories?post=168"},{"taxonomy":"post_tag","embeddable":true,"href":"https:\/\/redamlo.com\/index.php\/wp-json\/wp\/v2\/tags?post=168"}],"curies":[{"name":"wp","href":"https:\/\/api.w.org\/{rel}","templated":true}]}}