{"id":153,"date":"2019-08-02T09:54:31","date_gmt":"2019-08-02T14:54:31","guid":{"rendered":"http:\/\/redamlo.com\/?p=153"},"modified":"2019-08-02T09:54:31","modified_gmt":"2019-08-02T14:54:31","slug":"conferencia-mananera-2-de-agosto-de-amlo","status":"publish","type":"post","link":"https:\/\/redamlo.com\/index.php\/2019\/08\/02\/conferencia-mananera-2-de-agosto-de-amlo\/","title":{"rendered":"Conferencia Ma\u00f1anera 2 de agosto de AMLO"},"content":{"rendered":"<p><span style=\"font-weight: 400;\">El Presidente present\u00f3 la estrategia nacional para combatir las adicciones durante su mandato y al nuevo titular de la Comisi\u00f3n contra las drogas.<\/span><\/p>\n<p><span style=\"font-weight: 400;\">Los anuncios presidenciales del 2 de agosto comenzaron con la presentaci\u00f3n de la Estrategia Nacional para Combatir las adicciones con la cual el <strong>Presidente Andr\u00e9s Manuel L\u00f3pez Obrador<\/strong> reiter\u00f3 su compromiso con mostrar \u201cesa realidad amarga y sufrimiento que significa tomar el camino de las drogas\u201d.<\/span><\/p>\n<blockquote><p><span style=\"font-weight: 400;\">\u201cNo es una campa\u00f1a aislada, se inscribe en el plan de atender las causas que originan la drogadicci\u00f3n y violencia. Por eso se est\u00e1 impulsando el bienestar social, porque la paz y la tranquilidad son frutos de la justicia, el que haya oportunidad para los j\u00f3venes y no s\u00f3lo etiquetarlos como NINI y darles la espalda para su desarrollo\u201d.<\/span><\/p><\/blockquote>\n<p><span style=\"font-weight: 400;\">AMLO enfatiz\u00f3 que en lo que va de su administraci\u00f3n ya se impulsaron becas y trabajos \u201ccomo nunca antes se hab\u00eda visto\u201d y revel\u00f3 que en el programa <\/span><strong><i>J\u00f3venes Construyendo el Futuro<\/i><\/strong><span style=\"font-weight: 400;\"> ya laboran casi 1 mill\u00f3n de j\u00f3venes inscritos y laborando.<\/span><\/p>\n<p><b>Estrategia<\/b><\/p>\n<p><span style=\"font-weight: 400;\">En su turno al micr\u00f3fono, el <strong>subsecretario de Prevenci\u00f3n y Promociones de la Salud, Dr. Hugo L\u00f3pez-Gatell<\/strong> coment\u00f3 que M\u00e9xico pas\u00f3 de ser un pa\u00eds de trasiego de estupefacientes a ser un pa\u00eds de consumo de estupefacientes y \u201cpoco a poco penetraron no s\u00f3lo las pr\u00e1cticas de uso y abuso sino toda la desestabilizaci\u00f3n del tejido social que implica la econom\u00eda de las drogas\u201d.<\/span><\/p>\n<p><a href=\"http:\/\/redamlo.com\/wp-content\/uploads\/2019\/08\/Conferencia-man\u0303anera-2-de-agostp.png\"><img loading=\"lazy\" decoding=\"async\" class=\"size-medium wp-image-1819 aligncenter\" src=\"http:\/\/redamlo.com\/wp-content\/uploads\/2019\/08\/Conferencia-man\u0303anera-2-de-agostp-300x188.png\" alt=\"\" width=\"300\" height=\"188\" \/><\/a><\/p>\n<p><span style=\"font-weight: 400;\">Si bien en sexenios pasados la prevenci\u00f3n contra las drogas gir\u00f3 en torno a la prohibici\u00f3n de las mismas, una de las decisiones del estado de la 4ta transformaci\u00f3n es darle un giro de 180 grados ese paradigma la cual resaltar\u00e1 separar la demanda sobre sustancias adictivas.<\/span><\/p>\n<p><span style=\"font-weight: 400;\">Por otra parte, L\u00f3pez- Gatell revel\u00f3 que el titular de la<strong> Comisi\u00f3n Nacional contra las\u00a0 Adicciones<\/strong> ser\u00e1 <strong>Gady Zabicky,<\/strong> quien al presentarse frente a medios se\u00f1al\u00f3 que uno de sus objetivos principales erradicar por completo el consumo de drogas en infantes.<\/span><\/p>\n<p><span style=\"font-weight: 400;\"><a href=\"http:\/\/redamlo.com\/wp-content\/uploads\/2019\/08\/gady-zadicky-comision-nacional-contra-las-drogas.png\"><img loading=\"lazy\" decoding=\"async\" class=\"size-medium wp-image-1820 aligncenter\" src=\"http:\/\/redamlo.com\/wp-content\/uploads\/2019\/08\/gady-zadicky-comision-nacional-contra-las-drogas-300x169.png\" alt=\"\" width=\"300\" height=\"169\" \/><\/a><\/span><\/p>\n<p><span style=\"font-weight: 400;\">Cabe se\u00f1alar que las primeras acciones de la estrategia reci\u00e9n presentada comenzar\u00e1 en Michoac\u00e1n.\u00a0<\/span><\/p>\n","protected":false},"excerpt":{"rendered":"<p>El Presidente present\u00f3 la estrategia nacional para combatir las adicciones durante su mandato y al&#8230;<\/p>\n","protected":false},"author":2,"featured_media":155,"comment_status":"open","ping_status":"closed","sticky":false,"template":"","format":"standard","meta":{"footnotes":""},"categories":[1],"tags":[84,85,86,87,88],"class_list":["post-153","post","type-post","status-publish","format-standard","has-post-thumbnail","hentry","category-uncategorized","tag-amlo","tag-comision-nacional-contra-las-adicciones","tag-gady-zabicky","tag-hugo-lopez-gatell","tag-prevencion-y-promociones-de-lasalud"],"yoast_head":"<!-- This site is optimized with the Yoast SEO plugin v27.5 - https:\/\/yoast.com\/product\/yoast-seo-wordpress\/ -->\n<title>Conferencia Ma\u00f1anera 2 de agosto de AMLO - NOTICIAS DE LA 4T<\/title>\n<meta name=\"robots\" content=\"noindex, follow, max-snippet:-1, max-image-preview:large, max-video-preview:-1\" \/>\n<meta property=\"og:locale\" content=\"es_MX\" \/>\n<meta property=\"og:type\" content=\"article\" \/>\n<meta property=\"og:title\" content=\"Conferencia Ma\u00f1anera 2 de agosto de AMLO - NOTICIAS DE LA 4T\" \/>\n<meta property=\"og:description\" content=\"El Presidente present\u00f3 la estrategia nacional para combatir las adicciones durante su mandato y al...\" \/>\n<meta property=\"og:url\" content=\"https:\/\/redamlo.com\/index.php\/2019\/08\/02\/conferencia-mananera-2-de-agosto-de-amlo\/\" \/>\n<meta property=\"og:site_name\" content=\"NOTICIAS DE LA 4T\" \/>\n<meta property=\"article:published_time\" content=\"2019-08-02T14:54:31+00:00\" \/>\n<meta property=\"og:image\" content=\"https:\/\/redamlo.com\/wp-content\/uploads\/2019\/08\/Conferencia-Mananera-2-de-agosto-de-AMLO.jpg\" \/>\n\t<meta property=\"og:image:width\" content=\"800\" \/>\n\t<meta property=\"og:image:height\" content=\"600\" \/>\n\t<meta property=\"og:image:type\" content=\"image\/jpeg\" \/>\n<meta name=\"author\" content=\"Blanca\" \/>\n<meta name=\"twitter:card\" content=\"summary_large_image\" \/>\n<meta name=\"twitter:label1\" content=\"Escrito por\" \/>\n\t<meta name=\"twitter:data1\" content=\"Blanca\" \/>\n\t<meta name=\"twitter:label2\" content=\"Tiempo de lectura\" \/>\n\t<meta name=\"twitter:data2\" content=\"2 minutos\" \/>\n<script type=\"application\/ld+json\" class=\"yoast-schema-graph\">{\"@context\":\"https:\\\/\\\/schema.org\",\"@graph\":[{\"@type\":\"Article\",\"@id\":\"https:\\\/\\\/redamlo.com\\\/index.php\\\/2019\\\/08\\\/02\\\/conferencia-mananera-2-de-agosto-de-amlo\\\/#article\",\"isPartOf\":{\"@id\":\"https:\\\/\\\/redamlo.com\\\/index.php\\\/2019\\\/08\\\/02\\\/conferencia-mananera-2-de-agosto-de-amlo\\\/\"},\"author\":{\"name\":\"Blanca\",\"@id\":\"https:\\\/\\\/redamlo.com\\\/#\\\/schema\\\/person\\\/7223a4375eb8f1a782fcae010a7115cf\"},\"headline\":\"Conferencia Ma\u00f1anera 2 de agosto de AMLO\",\"datePublished\":\"2019-08-02T14:54:31+00:00\",\"mainEntityOfPage\":{\"@id\":\"https:\\\/\\\/redamlo.com\\\/index.php\\\/2019\\\/08\\\/02\\\/conferencia-mananera-2-de-agosto-de-amlo\\\/\"},\"wordCount\":373,\"commentCount\":0,\"publisher\":{\"@id\":\"https:\\\/\\\/redamlo.com\\\/#organization\"},\"image\":{\"@id\":\"https:\\\/\\\/redamlo.com\\\/index.php\\\/2019\\\/08\\\/02\\\/conferencia-mananera-2-de-agosto-de-amlo\\\/#primaryimage\"},\"thumbnailUrl\":\"https:\\\/\\\/redamlo.com\\\/wp-content\\\/uploads\\\/2019\\\/08\\\/Conferencia-Mananera-2-de-agosto-de-AMLO.jpg\",\"keywords\":[\"AMLO\",\"Comisi\u00f3n Nacional Contra las Adicciones\",\"Gady Zabicky\",\"Hugo L\u00f3pez Gatell\",\"Prevenci\u00f3n y Promociones de laSalud.\"],\"articleSection\":[\"Uncategorized\"],\"inLanguage\":\"es\",\"potentialAction\":[{\"@type\":\"CommentAction\",\"name\":\"Comment\",\"target\":[\"https:\\\/\\\/redamlo.com\\\/index.php\\\/2019\\\/08\\\/02\\\/conferencia-mananera-2-de-agosto-de-amlo\\\/#respond\"]}]},{\"@type\":\"WebPage\",\"@id\":\"https:\\\/\\\/redamlo.com\\\/index.php\\\/2019\\\/08\\\/02\\\/conferencia-mananera-2-de-agosto-de-amlo\\\/\",\"url\":\"https:\\\/\\\/redamlo.com\\\/index.php\\\/2019\\\/08\\\/02\\\/conferencia-mananera-2-de-agosto-de-amlo\\\/\",\"name\":\"Conferencia Ma\u00f1anera 2 de agosto de AMLO - NOTICIAS DE LA 4T\",\"isPartOf\":{\"@id\":\"https:\\\/\\\/redamlo.com\\\/#website\"},\"primaryImageOfPage\":{\"@id\":\"https:\\\/\\\/redamlo.com\\\/index.php\\\/2019\\\/08\\\/02\\\/conferencia-mananera-2-de-agosto-de-amlo\\\/#primaryimage\"},\"image\":{\"@id\":\"https:\\\/\\\/redamlo.com\\\/index.php\\\/2019\\\/08\\\/02\\\/conferencia-mananera-2-de-agosto-de-amlo\\\/#primaryimage\"},\"thumbnailUrl\":\"https:\\\/\\\/redamlo.com\\\/wp-content\\\/uploads\\\/2019\\\/08\\\/Conferencia-Mananera-2-de-agosto-de-AMLO.jpg\",\"datePublished\":\"2019-08-02T14:54:31+00:00\",\"breadcrumb\":{\"@id\":\"https:\\\/\\\/redamlo.com\\\/index.php\\\/2019\\\/08\\\/02\\\/conferencia-mananera-2-de-agosto-de-amlo\\\/#breadcrumb\"},\"inLanguage\":\"es\",\"potentialAction\":[{\"@type\":\"ReadAction\",\"target\":[\"https:\\\/\\\/redamlo.com\\\/index.php\\\/2019\\\/08\\\/02\\\/conferencia-mananera-2-de-agosto-de-amlo\\\/\"]}]},{\"@type\":\"ImageObject\",\"inLanguage\":\"es\",\"@id\":\"https:\\\/\\\/redamlo.com\\\/index.php\\\/2019\\\/08\\\/02\\\/conferencia-mananera-2-de-agosto-de-amlo\\\/#primaryimage\",\"url\":\"https:\\\/\\\/redamlo.com\\\/wp-content\\\/uploads\\\/2019\\\/08\\\/Conferencia-Mananera-2-de-agosto-de-AMLO.jpg\",\"contentUrl\":\"https:\\\/\\\/redamlo.com\\\/wp-content\\\/uploads\\\/2019\\\/08\\\/Conferencia-Mananera-2-de-agosto-de-AMLO.jpg\",\"width\":800,\"height\":600},{\"@type\":\"BreadcrumbList\",\"@id\":\"https:\\\/\\\/redamlo.com\\\/index.php\\\/2019\\\/08\\\/02\\\/conferencia-mananera-2-de-agosto-de-amlo\\\/#breadcrumb\",\"itemListElement\":[{\"@type\":\"ListItem\",\"position\":1,\"name\":\"Inicio\",\"item\":\"https:\\\/\\\/redamlo.com\\\/\"},{\"@type\":\"ListItem\",\"position\":2,\"name\":\"Conferencia Ma\u00f1anera 2 de agosto de AMLO\"}]},{\"@type\":\"WebSite\",\"@id\":\"https:\\\/\\\/redamlo.com\\\/#website\",\"url\":\"https:\\\/\\\/redamlo.com\\\/\",\"name\":\"NOTICIAS DE LA 4T\",\"description\":\"\",\"publisher\":{\"@id\":\"https:\\\/\\\/redamlo.com\\\/#organization\"},\"potentialAction\":[{\"@type\":\"SearchAction\",\"target\":{\"@type\":\"EntryPoint\",\"urlTemplate\":\"https:\\\/\\\/redamlo.com\\\/?s={search_term_string}\"},\"query-input\":{\"@type\":\"PropertyValueSpecification\",\"valueRequired\":true,\"valueName\":\"search_term_string\"}}],\"inLanguage\":\"es\"},{\"@type\":\"Organization\",\"@id\":\"https:\\\/\\\/redamlo.com\\\/#organization\",\"name\":\"NOTICIAS DE LA 4T\",\"url\":\"https:\\\/\\\/redamlo.com\\\/\",\"logo\":{\"@type\":\"ImageObject\",\"inLanguage\":\"es\",\"@id\":\"https:\\\/\\\/redamlo.com\\\/#\\\/schema\\\/logo\\\/image\\\/\",\"url\":\"https:\\\/\\\/redamlo.com\\\/wp-content\\\/uploads\\\/2024\\\/08\\\/cropped-RED-AMLO-logo-50.png\",\"contentUrl\":\"https:\\\/\\\/redamlo.com\\\/wp-content\\\/uploads\\\/2024\\\/08\\\/cropped-RED-AMLO-logo-50.png\",\"width\":256,\"height\":256,\"caption\":\"NOTICIAS DE LA 4T\"},\"image\":{\"@id\":\"https:\\\/\\\/redamlo.com\\\/#\\\/schema\\\/logo\\\/image\\\/\"}},{\"@type\":\"Person\",\"@id\":\"https:\\\/\\\/redamlo.com\\\/#\\\/schema\\\/person\\\/7223a4375eb8f1a782fcae010a7115cf\",\"name\":\"Blanca\",\"image\":{\"@type\":\"ImageObject\",\"inLanguage\":\"es\",\"@id\":\"https:\\\/\\\/secure.gravatar.com\\\/avatar\\\/3f79bc8336367a4e6093eae8757acaaf61d1124834b905616de7829b0273426d?s=96&d=mm&r=g\",\"url\":\"https:\\\/\\\/secure.gravatar.com\\\/avatar\\\/3f79bc8336367a4e6093eae8757acaaf61d1124834b905616de7829b0273426d?s=96&d=mm&r=g\",\"contentUrl\":\"https:\\\/\\\/secure.gravatar.com\\\/avatar\\\/3f79bc8336367a4e6093eae8757acaaf61d1124834b905616de7829b0273426d?s=96&d=mm&r=g\",\"caption\":\"Blanca\"},\"url\":\"https:\\\/\\\/redamlo.com\\\/index.php\\\/author\\\/blanca\\\/\"}]}<\/script>\n<!-- \/ Yoast SEO plugin. -->","yoast_head_json":{"title":"Conferencia Ma\u00f1anera 2 de agosto de AMLO - NOTICIAS DE LA 4T","robots":{"index":"noindex","follow":"follow","max-snippet":"max-snippet:-1","max-image-preview":"max-image-preview:large","max-video-preview":"max-video-preview:-1"},"og_locale":"es_MX","og_type":"article","og_title":"Conferencia Ma\u00f1anera 2 de agosto de AMLO - NOTICIAS DE LA 4T","og_description":"El Presidente present\u00f3 la estrategia nacional para combatir las adicciones durante su mandato y al...","og_url":"https:\/\/redamlo.com\/index.php\/2019\/08\/02\/conferencia-mananera-2-de-agosto-de-amlo\/","og_site_name":"NOTICIAS DE LA 4T","article_published_time":"2019-08-02T14:54:31+00:00","og_image":[{"width":800,"height":600,"url":"https:\/\/redamlo.com\/wp-content\/uploads\/2019\/08\/Conferencia-Mananera-2-de-agosto-de-AMLO.jpg","type":"image\/jpeg"}],"author":"Blanca","twitter_card":"summary_large_image","twitter_misc":{"Escrito por":"Blanca","Tiempo de lectura":"2 minutos"},"schema":{"@context":"https:\/\/schema.org","@graph":[{"@type":"Article","@id":"https:\/\/redamlo.com\/index.php\/2019\/08\/02\/conferencia-mananera-2-de-agosto-de-amlo\/#article","isPartOf":{"@id":"https:\/\/redamlo.com\/index.php\/2019\/08\/02\/conferencia-mananera-2-de-agosto-de-amlo\/"},"author":{"name":"Blanca","@id":"https:\/\/redamlo.com\/#\/schema\/person\/7223a4375eb8f1a782fcae010a7115cf"},"headline":"Conferencia Ma\u00f1anera 2 de agosto de AMLO","datePublished":"2019-08-02T14:54:31+00:00","mainEntityOfPage":{"@id":"https:\/\/redamlo.com\/index.php\/2019\/08\/02\/conferencia-mananera-2-de-agosto-de-amlo\/"},"wordCount":373,"commentCount":0,"publisher":{"@id":"https:\/\/redamlo.com\/#organization"},"image":{"@id":"https:\/\/redamlo.com\/index.php\/2019\/08\/02\/conferencia-mananera-2-de-agosto-de-amlo\/#primaryimage"},"thumbnailUrl":"https:\/\/redamlo.com\/wp-content\/uploads\/2019\/08\/Conferencia-Mananera-2-de-agosto-de-AMLO.jpg","keywords":["AMLO","Comisi\u00f3n Nacional Contra las Adicciones","Gady Zabicky","Hugo L\u00f3pez Gatell","Prevenci\u00f3n y Promociones de laSalud."],"articleSection":["Uncategorized"],"inLanguage":"es","potentialAction":[{"@type":"CommentAction","name":"Comment","target":["https:\/\/redamlo.com\/index.php\/2019\/08\/02\/conferencia-mananera-2-de-agosto-de-amlo\/#respond"]}]},{"@type":"WebPage","@id":"https:\/\/redamlo.com\/index.php\/2019\/08\/02\/conferencia-mananera-2-de-agosto-de-amlo\/","url":"https:\/\/redamlo.com\/index.php\/2019\/08\/02\/conferencia-mananera-2-de-agosto-de-amlo\/","name":"Conferencia Ma\u00f1anera 2 de agosto de AMLO - NOTICIAS DE LA 4T","isPartOf":{"@id":"https:\/\/redamlo.com\/#website"},"primaryImageOfPage":{"@id":"https:\/\/redamlo.com\/index.php\/2019\/08\/02\/conferencia-mananera-2-de-agosto-de-amlo\/#primaryimage"},"image":{"@id":"https:\/\/redamlo.com\/index.php\/2019\/08\/02\/conferencia-mananera-2-de-agosto-de-amlo\/#primaryimage"},"thumbnailUrl":"https:\/\/redamlo.com\/wp-content\/uploads\/2019\/08\/Conferencia-Mananera-2-de-agosto-de-AMLO.jpg","datePublished":"2019-08-02T14:54:31+00:00","breadcrumb":{"@id":"https:\/\/redamlo.com\/index.php\/2019\/08\/02\/conferencia-mananera-2-de-agosto-de-amlo\/#breadcrumb"},"inLanguage":"es","potentialAction":[{"@type":"ReadAction","target":["https:\/\/redamlo.com\/index.php\/2019\/08\/02\/conferencia-mananera-2-de-agosto-de-amlo\/"]}]},{"@type":"ImageObject","inLanguage":"es","@id":"https:\/\/redamlo.com\/index.php\/2019\/08\/02\/conferencia-mananera-2-de-agosto-de-amlo\/#primaryimage","url":"https:\/\/redamlo.com\/wp-content\/uploads\/2019\/08\/Conferencia-Mananera-2-de-agosto-de-AMLO.jpg","contentUrl":"https:\/\/redamlo.com\/wp-content\/uploads\/2019\/08\/Conferencia-Mananera-2-de-agosto-de-AMLO.jpg","width":800,"height":600},{"@type":"BreadcrumbList","@id":"https:\/\/redamlo.com\/index.php\/2019\/08\/02\/conferencia-mananera-2-de-agosto-de-amlo\/#breadcrumb","itemListElement":[{"@type":"ListItem","position":1,"name":"Inicio","item":"https:\/\/redamlo.com\/"},{"@type":"ListItem","position":2,"name":"Conferencia Ma\u00f1anera 2 de agosto de AMLO"}]},{"@type":"WebSite","@id":"https:\/\/redamlo.com\/#website","url":"https:\/\/redamlo.com\/","name":"NOTICIAS DE LA 4T","description":"","publisher":{"@id":"https:\/\/redamlo.com\/#organization"},"potentialAction":[{"@type":"SearchAction","target":{"@type":"EntryPoint","urlTemplate":"https:\/\/redamlo.com\/?s={search_term_string}"},"query-input":{"@type":"PropertyValueSpecification","valueRequired":true,"valueName":"search_term_string"}}],"inLanguage":"es"},{"@type":"Organization","@id":"https:\/\/redamlo.com\/#organization","name":"NOTICIAS DE LA 4T","url":"https:\/\/redamlo.com\/","logo":{"@type":"ImageObject","inLanguage":"es","@id":"https:\/\/redamlo.com\/#\/schema\/logo\/image\/","url":"https:\/\/redamlo.com\/wp-content\/uploads\/2024\/08\/cropped-RED-AMLO-logo-50.png","contentUrl":"https:\/\/redamlo.com\/wp-content\/uploads\/2024\/08\/cropped-RED-AMLO-logo-50.png","width":256,"height":256,"caption":"NOTICIAS DE LA 4T"},"image":{"@id":"https:\/\/redamlo.com\/#\/schema\/logo\/image\/"}},{"@type":"Person","@id":"https:\/\/redamlo.com\/#\/schema\/person\/7223a4375eb8f1a782fcae010a7115cf","name":"Blanca","image":{"@type":"ImageObject","inLanguage":"es","@id":"https:\/\/secure.gravatar.com\/avatar\/3f79bc8336367a4e6093eae8757acaaf61d1124834b905616de7829b0273426d?s=96&d=mm&r=g","url":"https:\/\/secure.gravatar.com\/avatar\/3f79bc8336367a4e6093eae8757acaaf61d1124834b905616de7829b0273426d?s=96&d=mm&r=g","contentUrl":"https:\/\/secure.gravatar.com\/avatar\/3f79bc8336367a4e6093eae8757acaaf61d1124834b905616de7829b0273426d?s=96&d=mm&r=g","caption":"Blanca"},"url":"https:\/\/redamlo.com\/index.php\/author\/blanca\/"}]}},"_links":{"self":[{"href":"https:\/\/redamlo.com\/index.php\/wp-json\/wp\/v2\/posts\/153","targetHints":{"allow":["GET"]}}],"collection":[{"href":"https:\/\/redamlo.com\/index.php\/wp-json\/wp\/v2\/posts"}],"about":[{"href":"https:\/\/redamlo.com\/index.php\/wp-json\/wp\/v2\/types\/post"}],"author":[{"embeddable":true,"href":"https:\/\/redamlo.com\/index.php\/wp-json\/wp\/v2\/users\/2"}],"replies":[{"embeddable":true,"href":"https:\/\/redamlo.com\/index.php\/wp-json\/wp\/v2\/comments?post=153"}],"version-history":[{"count":0,"href":"https:\/\/redamlo.com\/index.php\/wp-json\/wp\/v2\/posts\/153\/revisions"}],"wp:featuredmedia":[{"embeddable":true,"href":"https:\/\/redamlo.com\/index.php\/wp-json\/wp\/v2\/media\/155"}],"wp:attachment":[{"href":"https:\/\/redamlo.com\/index.php\/wp-json\/wp\/v2\/media?parent=153"}],"wp:term":[{"taxonomy":"category","embeddable":true,"href":"https:\/\/redamlo.com\/index.php\/wp-json\/wp\/v2\/categories?post=153"},{"taxonomy":"post_tag","embeddable":true,"href":"https:\/\/redamlo.com\/index.php\/wp-json\/wp\/v2\/tags?post=153"}],"curies":[{"name":"wp","href":"https:\/\/api.w.org\/{rel}","templated":true}]}}