{"id":14,"date":"2019-07-15T00:50:08","date_gmt":"2019-07-15T00:50:08","guid":{"rendered":"http:\/\/redamlo.com\/?p=14"},"modified":"2019-07-15T00:50:08","modified_gmt":"2019-07-15T00:50:08","slug":"metro-aumentara-velocidad-de-trenes","status":"publish","type":"post","link":"https:\/\/redamlo.com\/index.php\/2019\/07\/15\/metro-aumentara-velocidad-de-trenes\/","title":{"rendered":"Metro aumentar\u00e1 velocidad de trenes"},"content":{"rendered":"<p>Las obras de rehabilitaci\u00f3n de las v\u00edas de la L\u00ednea 3 del Metro permitir\u00e1n que el<strong> Sistema de Transporte Colectivo (STC)<\/strong> aumente la velocidad de los trenes de 40 hasta 70 kil\u00f3metros por hora.<\/p>\n<p>Se combatir\u00e1 la saturaci\u00f3n pues se calcula que los trenes pasen con mayor frecuencia, lo que favorecer\u00e1 que los andenes no se llenen tanto.<\/p>\n<p><strong>Nosotros pretendemos restablecer no s\u00f3lo la seguridad, sino una mayor velocidad, esto que quiere decir que el impacto al recorrido del tren y a la transportaci\u00f3n de los usuarios pues es directo y en teor\u00eda debe de haber mayor rapidez en el desplazamiento de los usuarios\u201d, INDIC\u00d3 Ferm\u00edn Ram\u00edrez, subgerente de instalaciones mec\u00e1nicas y v\u00edas.<\/strong><\/p>\n<p>Este domingo, trabajadores del Metro tiraron y compactaron el balasto nuevo. Las piedras tienen la funci\u00f3n de darle flexibilidad a las v\u00edas durante el paso de los trenes.<\/p>\n<p>El balasto es la piedra que ustedes pueden observar, sobre la cual se tienden los paneles de v\u00eda, los durmientes, los rieles, las pistas de rodamiento, la barra gu\u00eda, el balasto tiene la funci\u00f3n principalmente de repartir las cargas que transmite el tren a la v\u00eda, las reparte uniformemente en el subsuelo, pero tambi\u00e9n tiene la funci\u00f3n de dejar pasar el agua de lluvia, el agua pluvial\u201d, agreg\u00f3 Ferm\u00edn Ram\u00edrez.<\/p>\n<p>La primera fase de las obras inici\u00f3 el s\u00e1bado a las 22:00 horas y sigui\u00f3 durante todo el domingo.<\/p>\n<p>Por lo que se suspendi\u00f3 el servicio en el tramo Indios Verdes a La Raza, mismo que ser\u00e1 restablecido este lunes desde las 5:00 horas en toda la L\u00ednea.<\/p>\n<p>La segunda fase se realizar\u00e1 el pr\u00f3ximo fin de semana.<\/p>\n<p>Nuevamente, el servicio se suspender\u00e1 desde el s\u00e1bado a las 22:00 horas y todo el domingo.<\/p>\n<p><img loading=\"lazy\" decoding=\"async\" class=\"alignnone wp-image-16 size-full\" src=\"http:\/\/redamlo.com\/wp-content\/uploads\/2019\/07\/metro-saturado-cdmx.jpg\" alt=\"\" width=\"834\" height=\"500\" srcset=\"https:\/\/redamlo.com\/wp-content\/uploads\/2019\/07\/metro-saturado-cdmx.jpg 834w, https:\/\/redamlo.com\/wp-content\/uploads\/2019\/07\/metro-saturado-cdmx-300x180.jpg 300w, https:\/\/redamlo.com\/wp-content\/uploads\/2019\/07\/metro-saturado-cdmx-768x460.jpg 768w\" sizes=\"auto, (max-width: 834px) 100vw, 834px\" \/><\/p>\n","protected":false},"excerpt":{"rendered":"<p>Las obras de rehabilitaci\u00f3n de las v\u00edas de la L\u00ednea 3 del Metro permitir\u00e1n que&#8230;<\/p>\n","protected":false},"author":2,"featured_media":15,"comment_status":"open","ping_status":"closed","sticky":false,"template":"","format":"standard","meta":{"footnotes":""},"categories":[17],"tags":[18,19],"class_list":["post-14","post","type-post","status-publish","format-standard","has-post-thumbnail","hentry","category-cdmx","tag-metro","tag-mexico-city"],"yoast_head":"<!-- This site is optimized with the Yoast SEO plugin v27.5 - https:\/\/yoast.com\/product\/yoast-seo-wordpress\/ -->\n<title>Metro aumentar\u00e1 velocidad de trenes - NOTICIAS DE LA 4T<\/title>\n<meta name=\"robots\" content=\"noindex, follow, max-snippet:-1, max-image-preview:large, max-video-preview:-1\" \/>\n<meta property=\"og:locale\" content=\"es_MX\" \/>\n<meta property=\"og:type\" content=\"article\" \/>\n<meta property=\"og:title\" content=\"Metro aumentar\u00e1 velocidad de trenes - NOTICIAS DE LA 4T\" \/>\n<meta property=\"og:description\" content=\"Las obras de rehabilitaci\u00f3n de las v\u00edas de la L\u00ednea 3 del Metro permitir\u00e1n que...\" \/>\n<meta property=\"og:url\" content=\"https:\/\/redamlo.com\/index.php\/2019\/07\/15\/metro-aumentara-velocidad-de-trenes\/\" \/>\n<meta property=\"og:site_name\" content=\"NOTICIAS DE LA 4T\" \/>\n<meta property=\"article:published_time\" content=\"2019-07-15T00:50:08+00:00\" \/>\n<meta property=\"og:image\" content=\"https:\/\/redamlo.com\/wp-content\/uploads\/2019\/07\/metro-ciudad-de-mexico-internet.jpg\" \/>\n\t<meta property=\"og:image:width\" content=\"1000\" \/>\n\t<meta property=\"og:image:height\" content=\"600\" \/>\n\t<meta property=\"og:image:type\" content=\"image\/jpeg\" \/>\n<meta name=\"author\" content=\"Blanca\" \/>\n<meta name=\"twitter:card\" content=\"summary_large_image\" \/>\n<meta name=\"twitter:label1\" content=\"Escrito por\" \/>\n\t<meta name=\"twitter:data1\" content=\"Blanca\" \/>\n\t<meta name=\"twitter:label2\" content=\"Tiempo de lectura\" \/>\n\t<meta name=\"twitter:data2\" content=\"2 minutos\" \/>\n<script type=\"application\/ld+json\" class=\"yoast-schema-graph\">{\"@context\":\"https:\\\/\\\/schema.org\",\"@graph\":[{\"@type\":\"Article\",\"@id\":\"https:\\\/\\\/redamlo.com\\\/index.php\\\/2019\\\/07\\\/15\\\/metro-aumentara-velocidad-de-trenes\\\/#article\",\"isPartOf\":{\"@id\":\"https:\\\/\\\/redamlo.com\\\/index.php\\\/2019\\\/07\\\/15\\\/metro-aumentara-velocidad-de-trenes\\\/\"},\"author\":{\"name\":\"Blanca\",\"@id\":\"https:\\\/\\\/redamlo.com\\\/#\\\/schema\\\/person\\\/7223a4375eb8f1a782fcae010a7115cf\"},\"headline\":\"Metro aumentar\u00e1 velocidad de trenes\",\"datePublished\":\"2019-07-15T00:50:08+00:00\",\"mainEntityOfPage\":{\"@id\":\"https:\\\/\\\/redamlo.com\\\/index.php\\\/2019\\\/07\\\/15\\\/metro-aumentara-velocidad-de-trenes\\\/\"},\"wordCount\":311,\"commentCount\":0,\"publisher\":{\"@id\":\"https:\\\/\\\/redamlo.com\\\/#organization\"},\"image\":{\"@id\":\"https:\\\/\\\/redamlo.com\\\/index.php\\\/2019\\\/07\\\/15\\\/metro-aumentara-velocidad-de-trenes\\\/#primaryimage\"},\"thumbnailUrl\":\"https:\\\/\\\/redamlo.com\\\/wp-content\\\/uploads\\\/2019\\\/07\\\/metro-ciudad-de-mexico-internet.jpg\",\"keywords\":[\"Metro\",\"M\u00e9xico City\"],\"articleSection\":[\"CDMX\"],\"inLanguage\":\"es\",\"potentialAction\":[{\"@type\":\"CommentAction\",\"name\":\"Comment\",\"target\":[\"https:\\\/\\\/redamlo.com\\\/index.php\\\/2019\\\/07\\\/15\\\/metro-aumentara-velocidad-de-trenes\\\/#respond\"]}]},{\"@type\":\"WebPage\",\"@id\":\"https:\\\/\\\/redamlo.com\\\/index.php\\\/2019\\\/07\\\/15\\\/metro-aumentara-velocidad-de-trenes\\\/\",\"url\":\"https:\\\/\\\/redamlo.com\\\/index.php\\\/2019\\\/07\\\/15\\\/metro-aumentara-velocidad-de-trenes\\\/\",\"name\":\"Metro aumentar\u00e1 velocidad de trenes - NOTICIAS DE LA 4T\",\"isPartOf\":{\"@id\":\"https:\\\/\\\/redamlo.com\\\/#website\"},\"primaryImageOfPage\":{\"@id\":\"https:\\\/\\\/redamlo.com\\\/index.php\\\/2019\\\/07\\\/15\\\/metro-aumentara-velocidad-de-trenes\\\/#primaryimage\"},\"image\":{\"@id\":\"https:\\\/\\\/redamlo.com\\\/index.php\\\/2019\\\/07\\\/15\\\/metro-aumentara-velocidad-de-trenes\\\/#primaryimage\"},\"thumbnailUrl\":\"https:\\\/\\\/redamlo.com\\\/wp-content\\\/uploads\\\/2019\\\/07\\\/metro-ciudad-de-mexico-internet.jpg\",\"datePublished\":\"2019-07-15T00:50:08+00:00\",\"breadcrumb\":{\"@id\":\"https:\\\/\\\/redamlo.com\\\/index.php\\\/2019\\\/07\\\/15\\\/metro-aumentara-velocidad-de-trenes\\\/#breadcrumb\"},\"inLanguage\":\"es\",\"potentialAction\":[{\"@type\":\"ReadAction\",\"target\":[\"https:\\\/\\\/redamlo.com\\\/index.php\\\/2019\\\/07\\\/15\\\/metro-aumentara-velocidad-de-trenes\\\/\"]}]},{\"@type\":\"ImageObject\",\"inLanguage\":\"es\",\"@id\":\"https:\\\/\\\/redamlo.com\\\/index.php\\\/2019\\\/07\\\/15\\\/metro-aumentara-velocidad-de-trenes\\\/#primaryimage\",\"url\":\"https:\\\/\\\/redamlo.com\\\/wp-content\\\/uploads\\\/2019\\\/07\\\/metro-ciudad-de-mexico-internet.jpg\",\"contentUrl\":\"https:\\\/\\\/redamlo.com\\\/wp-content\\\/uploads\\\/2019\\\/07\\\/metro-ciudad-de-mexico-internet.jpg\",\"width\":1000,\"height\":600},{\"@type\":\"BreadcrumbList\",\"@id\":\"https:\\\/\\\/redamlo.com\\\/index.php\\\/2019\\\/07\\\/15\\\/metro-aumentara-velocidad-de-trenes\\\/#breadcrumb\",\"itemListElement\":[{\"@type\":\"ListItem\",\"position\":1,\"name\":\"Inicio\",\"item\":\"https:\\\/\\\/redamlo.com\\\/\"},{\"@type\":\"ListItem\",\"position\":2,\"name\":\"Metro aumentar\u00e1 velocidad de trenes\"}]},{\"@type\":\"WebSite\",\"@id\":\"https:\\\/\\\/redamlo.com\\\/#website\",\"url\":\"https:\\\/\\\/redamlo.com\\\/\",\"name\":\"NOTICIAS DE LA 4T\",\"description\":\"\",\"publisher\":{\"@id\":\"https:\\\/\\\/redamlo.com\\\/#organization\"},\"potentialAction\":[{\"@type\":\"SearchAction\",\"target\":{\"@type\":\"EntryPoint\",\"urlTemplate\":\"https:\\\/\\\/redamlo.com\\\/?s={search_term_string}\"},\"query-input\":{\"@type\":\"PropertyValueSpecification\",\"valueRequired\":true,\"valueName\":\"search_term_string\"}}],\"inLanguage\":\"es\"},{\"@type\":\"Organization\",\"@id\":\"https:\\\/\\\/redamlo.com\\\/#organization\",\"name\":\"NOTICIAS DE LA 4T\",\"url\":\"https:\\\/\\\/redamlo.com\\\/\",\"logo\":{\"@type\":\"ImageObject\",\"inLanguage\":\"es\",\"@id\":\"https:\\\/\\\/redamlo.com\\\/#\\\/schema\\\/logo\\\/image\\\/\",\"url\":\"https:\\\/\\\/redamlo.com\\\/wp-content\\\/uploads\\\/2024\\\/08\\\/cropped-RED-AMLO-logo-50.png\",\"contentUrl\":\"https:\\\/\\\/redamlo.com\\\/wp-content\\\/uploads\\\/2024\\\/08\\\/cropped-RED-AMLO-logo-50.png\",\"width\":256,\"height\":256,\"caption\":\"NOTICIAS DE LA 4T\"},\"image\":{\"@id\":\"https:\\\/\\\/redamlo.com\\\/#\\\/schema\\\/logo\\\/image\\\/\"}},{\"@type\":\"Person\",\"@id\":\"https:\\\/\\\/redamlo.com\\\/#\\\/schema\\\/person\\\/7223a4375eb8f1a782fcae010a7115cf\",\"name\":\"Blanca\",\"image\":{\"@type\":\"ImageObject\",\"inLanguage\":\"es\",\"@id\":\"https:\\\/\\\/secure.gravatar.com\\\/avatar\\\/3f79bc8336367a4e6093eae8757acaaf61d1124834b905616de7829b0273426d?s=96&d=mm&r=g\",\"url\":\"https:\\\/\\\/secure.gravatar.com\\\/avatar\\\/3f79bc8336367a4e6093eae8757acaaf61d1124834b905616de7829b0273426d?s=96&d=mm&r=g\",\"contentUrl\":\"https:\\\/\\\/secure.gravatar.com\\\/avatar\\\/3f79bc8336367a4e6093eae8757acaaf61d1124834b905616de7829b0273426d?s=96&d=mm&r=g\",\"caption\":\"Blanca\"},\"url\":\"https:\\\/\\\/redamlo.com\\\/index.php\\\/author\\\/blanca\\\/\"}]}<\/script>\n<!-- \/ Yoast SEO plugin. -->","yoast_head_json":{"title":"Metro aumentar\u00e1 velocidad de trenes - NOTICIAS DE LA 4T","robots":{"index":"noindex","follow":"follow","max-snippet":"max-snippet:-1","max-image-preview":"max-image-preview:large","max-video-preview":"max-video-preview:-1"},"og_locale":"es_MX","og_type":"article","og_title":"Metro aumentar\u00e1 velocidad de trenes - NOTICIAS DE LA 4T","og_description":"Las obras de rehabilitaci\u00f3n de las v\u00edas de la L\u00ednea 3 del Metro permitir\u00e1n que...","og_url":"https:\/\/redamlo.com\/index.php\/2019\/07\/15\/metro-aumentara-velocidad-de-trenes\/","og_site_name":"NOTICIAS DE LA 4T","article_published_time":"2019-07-15T00:50:08+00:00","og_image":[{"width":1000,"height":600,"url":"https:\/\/redamlo.com\/wp-content\/uploads\/2019\/07\/metro-ciudad-de-mexico-internet.jpg","type":"image\/jpeg"}],"author":"Blanca","twitter_card":"summary_large_image","twitter_misc":{"Escrito por":"Blanca","Tiempo de lectura":"2 minutos"},"schema":{"@context":"https:\/\/schema.org","@graph":[{"@type":"Article","@id":"https:\/\/redamlo.com\/index.php\/2019\/07\/15\/metro-aumentara-velocidad-de-trenes\/#article","isPartOf":{"@id":"https:\/\/redamlo.com\/index.php\/2019\/07\/15\/metro-aumentara-velocidad-de-trenes\/"},"author":{"name":"Blanca","@id":"https:\/\/redamlo.com\/#\/schema\/person\/7223a4375eb8f1a782fcae010a7115cf"},"headline":"Metro aumentar\u00e1 velocidad de trenes","datePublished":"2019-07-15T00:50:08+00:00","mainEntityOfPage":{"@id":"https:\/\/redamlo.com\/index.php\/2019\/07\/15\/metro-aumentara-velocidad-de-trenes\/"},"wordCount":311,"commentCount":0,"publisher":{"@id":"https:\/\/redamlo.com\/#organization"},"image":{"@id":"https:\/\/redamlo.com\/index.php\/2019\/07\/15\/metro-aumentara-velocidad-de-trenes\/#primaryimage"},"thumbnailUrl":"https:\/\/redamlo.com\/wp-content\/uploads\/2019\/07\/metro-ciudad-de-mexico-internet.jpg","keywords":["Metro","M\u00e9xico City"],"articleSection":["CDMX"],"inLanguage":"es","potentialAction":[{"@type":"CommentAction","name":"Comment","target":["https:\/\/redamlo.com\/index.php\/2019\/07\/15\/metro-aumentara-velocidad-de-trenes\/#respond"]}]},{"@type":"WebPage","@id":"https:\/\/redamlo.com\/index.php\/2019\/07\/15\/metro-aumentara-velocidad-de-trenes\/","url":"https:\/\/redamlo.com\/index.php\/2019\/07\/15\/metro-aumentara-velocidad-de-trenes\/","name":"Metro aumentar\u00e1 velocidad de trenes - NOTICIAS DE LA 4T","isPartOf":{"@id":"https:\/\/redamlo.com\/#website"},"primaryImageOfPage":{"@id":"https:\/\/redamlo.com\/index.php\/2019\/07\/15\/metro-aumentara-velocidad-de-trenes\/#primaryimage"},"image":{"@id":"https:\/\/redamlo.com\/index.php\/2019\/07\/15\/metro-aumentara-velocidad-de-trenes\/#primaryimage"},"thumbnailUrl":"https:\/\/redamlo.com\/wp-content\/uploads\/2019\/07\/metro-ciudad-de-mexico-internet.jpg","datePublished":"2019-07-15T00:50:08+00:00","breadcrumb":{"@id":"https:\/\/redamlo.com\/index.php\/2019\/07\/15\/metro-aumentara-velocidad-de-trenes\/#breadcrumb"},"inLanguage":"es","potentialAction":[{"@type":"ReadAction","target":["https:\/\/redamlo.com\/index.php\/2019\/07\/15\/metro-aumentara-velocidad-de-trenes\/"]}]},{"@type":"ImageObject","inLanguage":"es","@id":"https:\/\/redamlo.com\/index.php\/2019\/07\/15\/metro-aumentara-velocidad-de-trenes\/#primaryimage","url":"https:\/\/redamlo.com\/wp-content\/uploads\/2019\/07\/metro-ciudad-de-mexico-internet.jpg","contentUrl":"https:\/\/redamlo.com\/wp-content\/uploads\/2019\/07\/metro-ciudad-de-mexico-internet.jpg","width":1000,"height":600},{"@type":"BreadcrumbList","@id":"https:\/\/redamlo.com\/index.php\/2019\/07\/15\/metro-aumentara-velocidad-de-trenes\/#breadcrumb","itemListElement":[{"@type":"ListItem","position":1,"name":"Inicio","item":"https:\/\/redamlo.com\/"},{"@type":"ListItem","position":2,"name":"Metro aumentar\u00e1 velocidad de trenes"}]},{"@type":"WebSite","@id":"https:\/\/redamlo.com\/#website","url":"https:\/\/redamlo.com\/","name":"NOTICIAS DE LA 4T","description":"","publisher":{"@id":"https:\/\/redamlo.com\/#organization"},"potentialAction":[{"@type":"SearchAction","target":{"@type":"EntryPoint","urlTemplate":"https:\/\/redamlo.com\/?s={search_term_string}"},"query-input":{"@type":"PropertyValueSpecification","valueRequired":true,"valueName":"search_term_string"}}],"inLanguage":"es"},{"@type":"Organization","@id":"https:\/\/redamlo.com\/#organization","name":"NOTICIAS DE LA 4T","url":"https:\/\/redamlo.com\/","logo":{"@type":"ImageObject","inLanguage":"es","@id":"https:\/\/redamlo.com\/#\/schema\/logo\/image\/","url":"https:\/\/redamlo.com\/wp-content\/uploads\/2024\/08\/cropped-RED-AMLO-logo-50.png","contentUrl":"https:\/\/redamlo.com\/wp-content\/uploads\/2024\/08\/cropped-RED-AMLO-logo-50.png","width":256,"height":256,"caption":"NOTICIAS DE LA 4T"},"image":{"@id":"https:\/\/redamlo.com\/#\/schema\/logo\/image\/"}},{"@type":"Person","@id":"https:\/\/redamlo.com\/#\/schema\/person\/7223a4375eb8f1a782fcae010a7115cf","name":"Blanca","image":{"@type":"ImageObject","inLanguage":"es","@id":"https:\/\/secure.gravatar.com\/avatar\/3f79bc8336367a4e6093eae8757acaaf61d1124834b905616de7829b0273426d?s=96&d=mm&r=g","url":"https:\/\/secure.gravatar.com\/avatar\/3f79bc8336367a4e6093eae8757acaaf61d1124834b905616de7829b0273426d?s=96&d=mm&r=g","contentUrl":"https:\/\/secure.gravatar.com\/avatar\/3f79bc8336367a4e6093eae8757acaaf61d1124834b905616de7829b0273426d?s=96&d=mm&r=g","caption":"Blanca"},"url":"https:\/\/redamlo.com\/index.php\/author\/blanca\/"}]}},"_links":{"self":[{"href":"https:\/\/redamlo.com\/index.php\/wp-json\/wp\/v2\/posts\/14","targetHints":{"allow":["GET"]}}],"collection":[{"href":"https:\/\/redamlo.com\/index.php\/wp-json\/wp\/v2\/posts"}],"about":[{"href":"https:\/\/redamlo.com\/index.php\/wp-json\/wp\/v2\/types\/post"}],"author":[{"embeddable":true,"href":"https:\/\/redamlo.com\/index.php\/wp-json\/wp\/v2\/users\/2"}],"replies":[{"embeddable":true,"href":"https:\/\/redamlo.com\/index.php\/wp-json\/wp\/v2\/comments?post=14"}],"version-history":[{"count":0,"href":"https:\/\/redamlo.com\/index.php\/wp-json\/wp\/v2\/posts\/14\/revisions"}],"wp:featuredmedia":[{"embeddable":true,"href":"https:\/\/redamlo.com\/index.php\/wp-json\/wp\/v2\/media\/15"}],"wp:attachment":[{"href":"https:\/\/redamlo.com\/index.php\/wp-json\/wp\/v2\/media?parent=14"}],"wp:term":[{"taxonomy":"category","embeddable":true,"href":"https:\/\/redamlo.com\/index.php\/wp-json\/wp\/v2\/categories?post=14"},{"taxonomy":"post_tag","embeddable":true,"href":"https:\/\/redamlo.com\/index.php\/wp-json\/wp\/v2\/tags?post=14"}],"curies":[{"name":"wp","href":"https:\/\/api.w.org\/{rel}","templated":true}]}}