{"id":126,"date":"2019-08-01T11:25:59","date_gmt":"2019-08-01T16:25:59","guid":{"rendered":"http:\/\/redamlo.com\/?p=126"},"modified":"2019-08-01T11:25:59","modified_gmt":"2019-08-01T16:25:59","slug":"conferencia-mananera-1-de-agosto-de-amlo","status":"publish","type":"post","link":"https:\/\/redamlo.com\/index.php\/2019\/08\/01\/conferencia-mananera-1-de-agosto-de-amlo\/","title":{"rendered":"Conferencia Ma\u00f1anera 1 de agosto de AMLO"},"content":{"rendered":"<p>El <strong>Presidente de M\u00e9xico, Andr\u00e9s Manuel L\u00f3pez Obrador<\/strong>, ofreci\u00f3 su conferencia ma\u00f1anera correspondiente al 1 de agosto de 2019 en la que el primer tema que abord\u00f3 fue el crecimiento de 1.3% que registr\u00f3 el pa\u00eds durante segundo semestre de este a\u00f1o.<\/p>\n<blockquote><p>\u201cEl INEGI dio a conocer los resultados del crecimiento econ\u00f3mico en el segundo trimestre y contrario a los pron\u00f3sticos sobre una posible recesi\u00f3n, nuestra econom\u00eda creci\u00f3 [&#8230;] Esto es una prueba de que gastando bien orientado tambi\u00e9n se puede crecer\u201d se\u00f1al\u00f3.<\/p><\/blockquote>\n<p><strong>Pemex<\/strong><\/p>\n<p>Respecto a las prioridades de su liderazgo, AMLO reiter\u00f3 que Pemex es una de ellas y que durante los \u00faltimos tres a\u00f1os de su mandato se va a producir y refinar el petr\u00f3leo dentro de M\u00e9xico. \u201cCon los excedentes de esta actividad se impulsar\u00e1n actividades productivas para que haya bienestar\u201d dijo.<\/p>\n<p><strong>Sargazo<\/strong><\/p>\n<p>Durante su intervenci\u00f3n, el <strong>Secretario de Marina, Rafael Ojeda Dur\u00e1n<\/strong>, inform\u00f3 que Isla Mujeres, una parte de Canc\u00fan y Puerto Morelos est\u00e1 libre de sargazo gracias a los esfuerzos empleados por la sociedad civil y\u00a0 gobierno. Adem\u00e1s aclar\u00f3 que el <a href=\"https:\/\/www.cdmxnews.net\/sargazo-costara-hasta-52-millones-al-estado-marina\/\">gobierno federal liber\u00f3 a trav\u00e9s de Hacienda 56 millones de pesos<\/a> como recursos para comprar tres tractores y cuatro barredoras de sargazo as\u00ed como 4 mil 262 barreras de contenci\u00f3n.<\/p>\n<p>El Almirante coment\u00f3 que en regiones como Tulum, Cozumel y Chetumal todav\u00eda hay el 60%, 40% y 70%, respectivamente, de sargazo.<\/p>\n<p><strong>Reuni\u00f3n de seguridad en Valle de Bravo<\/strong><br \/>\nEl Presidente inform\u00f3 que el pr\u00f3ximo lunes 5 de agosto presidir\u00e1 una reuni\u00f3n de seguridad en Valle de Bravo en la que se abordar\u00e1n temas como la inseguridad nacional y del Estado de M\u00e9xico.<\/p>\n<p><strong>Reuni\u00f3n con Empresarios<\/strong><br \/>\nAndr\u00e9s Manuel L\u00f3pez Obrador coment\u00f3 que recientemente se reuni\u00f3 con algunos empresarios entre los que destaca <strong>Carlos Slim, Germ\u00e1n Larrea y Antonio del Valle<\/strong> en el que, de acuerdo al mandatario nacional, se trataron temas para impulsar el desarrollo de M\u00e9xico y sacar el pa\u00eds adelante.<\/p>\n<blockquote><p>\u201cNadie habl\u00f3 de que van a invertir en otros pa\u00edses porque no hay confianza en M\u00e9xico\u201d se\u00f1al\u00f3.<\/p><\/blockquote>\n<p><strong>Panamericanos<\/strong><\/p>\n<p>El mandatario calific\u00f3 como \u201cextraordinaria labor\u201d el esfuerzo que los deportistas mexicanos que est\u00e1n representando al pa\u00eds en Lima y agreg\u00f3 que al regreso de estos, les tiene preparada una sorpresa.<\/p>\n","protected":false},"excerpt":{"rendered":"<p>Crecimiento econ\u00f3mico y Pemex fueron algunos temas que el mandatario nacional toc\u00f3 durante su conferencia matutina.<\/p>\n","protected":false},"author":2,"featured_media":128,"comment_status":"open","ping_status":"closed","sticky":false,"template":"","format":"standard","meta":{"footnotes":""},"categories":[17,3],"tags":[],"class_list":["post-126","post","type-post","status-publish","format-standard","has-post-thumbnail","hentry","category-cdmx","category-estado-de-mexico"],"yoast_head":"<!-- This site is optimized with the Yoast SEO plugin v27.5 - https:\/\/yoast.com\/product\/yoast-seo-wordpress\/ -->\n<title>Conferencia Ma\u00f1anera 1 de agosto de AMLO - NOTICIAS DE LA 4T<\/title>\n<meta name=\"robots\" content=\"noindex, follow, max-snippet:-1, max-image-preview:large, max-video-preview:-1\" \/>\n<meta property=\"og:locale\" content=\"es_MX\" \/>\n<meta property=\"og:type\" content=\"article\" \/>\n<meta property=\"og:title\" content=\"Conferencia Ma\u00f1anera 1 de agosto de AMLO - NOTICIAS DE LA 4T\" \/>\n<meta property=\"og:description\" content=\"Crecimiento econ\u00f3mico y Pemex fueron algunos temas que el mandatario nacional toc\u00f3 durante su conferencia matutina.\" \/>\n<meta property=\"og:url\" content=\"https:\/\/redamlo.com\/index.php\/2019\/08\/01\/conferencia-mananera-1-de-agosto-de-amlo\/\" \/>\n<meta property=\"og:site_name\" content=\"NOTICIAS DE LA 4T\" \/>\n<meta property=\"article:published_time\" content=\"2019-08-01T16:25:59+00:00\" \/>\n<meta property=\"og:image\" content=\"https:\/\/redamlo.com\/wp-content\/uploads\/2019\/08\/Conferencia-Mananera-1-de-agosto-de-AMLO.jpg\" \/>\n\t<meta property=\"og:image:width\" content=\"630\" \/>\n\t<meta property=\"og:image:height\" content=\"380\" \/>\n\t<meta property=\"og:image:type\" content=\"image\/jpeg\" \/>\n<meta name=\"author\" content=\"Blanca\" \/>\n<meta name=\"twitter:card\" content=\"summary_large_image\" \/>\n<meta name=\"twitter:label1\" content=\"Escrito por\" \/>\n\t<meta name=\"twitter:data1\" content=\"Blanca\" \/>\n\t<meta name=\"twitter:label2\" content=\"Tiempo de lectura\" \/>\n\t<meta name=\"twitter:data2\" content=\"2 minutos\" \/>\n<script type=\"application\/ld+json\" class=\"yoast-schema-graph\">{\"@context\":\"https:\\\/\\\/schema.org\",\"@graph\":[{\"@type\":\"Article\",\"@id\":\"https:\\\/\\\/redamlo.com\\\/index.php\\\/2019\\\/08\\\/01\\\/conferencia-mananera-1-de-agosto-de-amlo\\\/#article\",\"isPartOf\":{\"@id\":\"https:\\\/\\\/redamlo.com\\\/index.php\\\/2019\\\/08\\\/01\\\/conferencia-mananera-1-de-agosto-de-amlo\\\/\"},\"author\":{\"name\":\"Blanca\",\"@id\":\"https:\\\/\\\/redamlo.com\\\/#\\\/schema\\\/person\\\/7223a4375eb8f1a782fcae010a7115cf\"},\"headline\":\"Conferencia Ma\u00f1anera 1 de agosto de AMLO\",\"datePublished\":\"2019-08-01T16:25:59+00:00\",\"mainEntityOfPage\":{\"@id\":\"https:\\\/\\\/redamlo.com\\\/index.php\\\/2019\\\/08\\\/01\\\/conferencia-mananera-1-de-agosto-de-amlo\\\/\"},\"wordCount\":401,\"commentCount\":0,\"publisher\":{\"@id\":\"https:\\\/\\\/redamlo.com\\\/#organization\"},\"image\":{\"@id\":\"https:\\\/\\\/redamlo.com\\\/index.php\\\/2019\\\/08\\\/01\\\/conferencia-mananera-1-de-agosto-de-amlo\\\/#primaryimage\"},\"thumbnailUrl\":\"https:\\\/\\\/redamlo.com\\\/wp-content\\\/uploads\\\/2019\\\/08\\\/Conferencia-Mananera-1-de-agosto-de-AMLO.jpg\",\"articleSection\":[\"CDMX\",\"Estado de M\u00e9xico\"],\"inLanguage\":\"es\",\"potentialAction\":[{\"@type\":\"CommentAction\",\"name\":\"Comment\",\"target\":[\"https:\\\/\\\/redamlo.com\\\/index.php\\\/2019\\\/08\\\/01\\\/conferencia-mananera-1-de-agosto-de-amlo\\\/#respond\"]}]},{\"@type\":\"WebPage\",\"@id\":\"https:\\\/\\\/redamlo.com\\\/index.php\\\/2019\\\/08\\\/01\\\/conferencia-mananera-1-de-agosto-de-amlo\\\/\",\"url\":\"https:\\\/\\\/redamlo.com\\\/index.php\\\/2019\\\/08\\\/01\\\/conferencia-mananera-1-de-agosto-de-amlo\\\/\",\"name\":\"Conferencia Ma\u00f1anera 1 de agosto de AMLO - NOTICIAS DE LA 4T\",\"isPartOf\":{\"@id\":\"https:\\\/\\\/redamlo.com\\\/#website\"},\"primaryImageOfPage\":{\"@id\":\"https:\\\/\\\/redamlo.com\\\/index.php\\\/2019\\\/08\\\/01\\\/conferencia-mananera-1-de-agosto-de-amlo\\\/#primaryimage\"},\"image\":{\"@id\":\"https:\\\/\\\/redamlo.com\\\/index.php\\\/2019\\\/08\\\/01\\\/conferencia-mananera-1-de-agosto-de-amlo\\\/#primaryimage\"},\"thumbnailUrl\":\"https:\\\/\\\/redamlo.com\\\/wp-content\\\/uploads\\\/2019\\\/08\\\/Conferencia-Mananera-1-de-agosto-de-AMLO.jpg\",\"datePublished\":\"2019-08-01T16:25:59+00:00\",\"breadcrumb\":{\"@id\":\"https:\\\/\\\/redamlo.com\\\/index.php\\\/2019\\\/08\\\/01\\\/conferencia-mananera-1-de-agosto-de-amlo\\\/#breadcrumb\"},\"inLanguage\":\"es\",\"potentialAction\":[{\"@type\":\"ReadAction\",\"target\":[\"https:\\\/\\\/redamlo.com\\\/index.php\\\/2019\\\/08\\\/01\\\/conferencia-mananera-1-de-agosto-de-amlo\\\/\"]}]},{\"@type\":\"ImageObject\",\"inLanguage\":\"es\",\"@id\":\"https:\\\/\\\/redamlo.com\\\/index.php\\\/2019\\\/08\\\/01\\\/conferencia-mananera-1-de-agosto-de-amlo\\\/#primaryimage\",\"url\":\"https:\\\/\\\/redamlo.com\\\/wp-content\\\/uploads\\\/2019\\\/08\\\/Conferencia-Mananera-1-de-agosto-de-AMLO.jpg\",\"contentUrl\":\"https:\\\/\\\/redamlo.com\\\/wp-content\\\/uploads\\\/2019\\\/08\\\/Conferencia-Mananera-1-de-agosto-de-AMLO.jpg\",\"width\":630,\"height\":380},{\"@type\":\"BreadcrumbList\",\"@id\":\"https:\\\/\\\/redamlo.com\\\/index.php\\\/2019\\\/08\\\/01\\\/conferencia-mananera-1-de-agosto-de-amlo\\\/#breadcrumb\",\"itemListElement\":[{\"@type\":\"ListItem\",\"position\":1,\"name\":\"Inicio\",\"item\":\"https:\\\/\\\/redamlo.com\\\/\"},{\"@type\":\"ListItem\",\"position\":2,\"name\":\"Conferencia Ma\u00f1anera 1 de agosto de AMLO\"}]},{\"@type\":\"WebSite\",\"@id\":\"https:\\\/\\\/redamlo.com\\\/#website\",\"url\":\"https:\\\/\\\/redamlo.com\\\/\",\"name\":\"NOTICIAS DE LA 4T\",\"description\":\"\",\"publisher\":{\"@id\":\"https:\\\/\\\/redamlo.com\\\/#organization\"},\"potentialAction\":[{\"@type\":\"SearchAction\",\"target\":{\"@type\":\"EntryPoint\",\"urlTemplate\":\"https:\\\/\\\/redamlo.com\\\/?s={search_term_string}\"},\"query-input\":{\"@type\":\"PropertyValueSpecification\",\"valueRequired\":true,\"valueName\":\"search_term_string\"}}],\"inLanguage\":\"es\"},{\"@type\":\"Organization\",\"@id\":\"https:\\\/\\\/redamlo.com\\\/#organization\",\"name\":\"NOTICIAS DE LA 4T\",\"url\":\"https:\\\/\\\/redamlo.com\\\/\",\"logo\":{\"@type\":\"ImageObject\",\"inLanguage\":\"es\",\"@id\":\"https:\\\/\\\/redamlo.com\\\/#\\\/schema\\\/logo\\\/image\\\/\",\"url\":\"https:\\\/\\\/redamlo.com\\\/wp-content\\\/uploads\\\/2024\\\/08\\\/cropped-RED-AMLO-logo-50.png\",\"contentUrl\":\"https:\\\/\\\/redamlo.com\\\/wp-content\\\/uploads\\\/2024\\\/08\\\/cropped-RED-AMLO-logo-50.png\",\"width\":256,\"height\":256,\"caption\":\"NOTICIAS DE LA 4T\"},\"image\":{\"@id\":\"https:\\\/\\\/redamlo.com\\\/#\\\/schema\\\/logo\\\/image\\\/\"}},{\"@type\":\"Person\",\"@id\":\"https:\\\/\\\/redamlo.com\\\/#\\\/schema\\\/person\\\/7223a4375eb8f1a782fcae010a7115cf\",\"name\":\"Blanca\",\"image\":{\"@type\":\"ImageObject\",\"inLanguage\":\"es\",\"@id\":\"https:\\\/\\\/secure.gravatar.com\\\/avatar\\\/3f79bc8336367a4e6093eae8757acaaf61d1124834b905616de7829b0273426d?s=96&d=mm&r=g\",\"url\":\"https:\\\/\\\/secure.gravatar.com\\\/avatar\\\/3f79bc8336367a4e6093eae8757acaaf61d1124834b905616de7829b0273426d?s=96&d=mm&r=g\",\"contentUrl\":\"https:\\\/\\\/secure.gravatar.com\\\/avatar\\\/3f79bc8336367a4e6093eae8757acaaf61d1124834b905616de7829b0273426d?s=96&d=mm&r=g\",\"caption\":\"Blanca\"},\"url\":\"https:\\\/\\\/redamlo.com\\\/index.php\\\/author\\\/blanca\\\/\"}]}<\/script>\n<!-- \/ Yoast SEO plugin. -->","yoast_head_json":{"title":"Conferencia Ma\u00f1anera 1 de agosto de AMLO - NOTICIAS DE LA 4T","robots":{"index":"noindex","follow":"follow","max-snippet":"max-snippet:-1","max-image-preview":"max-image-preview:large","max-video-preview":"max-video-preview:-1"},"og_locale":"es_MX","og_type":"article","og_title":"Conferencia Ma\u00f1anera 1 de agosto de AMLO - NOTICIAS DE LA 4T","og_description":"Crecimiento econ\u00f3mico y Pemex fueron algunos temas que el mandatario nacional toc\u00f3 durante su conferencia matutina.","og_url":"https:\/\/redamlo.com\/index.php\/2019\/08\/01\/conferencia-mananera-1-de-agosto-de-amlo\/","og_site_name":"NOTICIAS DE LA 4T","article_published_time":"2019-08-01T16:25:59+00:00","og_image":[{"width":630,"height":380,"url":"https:\/\/redamlo.com\/wp-content\/uploads\/2019\/08\/Conferencia-Mananera-1-de-agosto-de-AMLO.jpg","type":"image\/jpeg"}],"author":"Blanca","twitter_card":"summary_large_image","twitter_misc":{"Escrito por":"Blanca","Tiempo de lectura":"2 minutos"},"schema":{"@context":"https:\/\/schema.org","@graph":[{"@type":"Article","@id":"https:\/\/redamlo.com\/index.php\/2019\/08\/01\/conferencia-mananera-1-de-agosto-de-amlo\/#article","isPartOf":{"@id":"https:\/\/redamlo.com\/index.php\/2019\/08\/01\/conferencia-mananera-1-de-agosto-de-amlo\/"},"author":{"name":"Blanca","@id":"https:\/\/redamlo.com\/#\/schema\/person\/7223a4375eb8f1a782fcae010a7115cf"},"headline":"Conferencia Ma\u00f1anera 1 de agosto de AMLO","datePublished":"2019-08-01T16:25:59+00:00","mainEntityOfPage":{"@id":"https:\/\/redamlo.com\/index.php\/2019\/08\/01\/conferencia-mananera-1-de-agosto-de-amlo\/"},"wordCount":401,"commentCount":0,"publisher":{"@id":"https:\/\/redamlo.com\/#organization"},"image":{"@id":"https:\/\/redamlo.com\/index.php\/2019\/08\/01\/conferencia-mananera-1-de-agosto-de-amlo\/#primaryimage"},"thumbnailUrl":"https:\/\/redamlo.com\/wp-content\/uploads\/2019\/08\/Conferencia-Mananera-1-de-agosto-de-AMLO.jpg","articleSection":["CDMX","Estado de M\u00e9xico"],"inLanguage":"es","potentialAction":[{"@type":"CommentAction","name":"Comment","target":["https:\/\/redamlo.com\/index.php\/2019\/08\/01\/conferencia-mananera-1-de-agosto-de-amlo\/#respond"]}]},{"@type":"WebPage","@id":"https:\/\/redamlo.com\/index.php\/2019\/08\/01\/conferencia-mananera-1-de-agosto-de-amlo\/","url":"https:\/\/redamlo.com\/index.php\/2019\/08\/01\/conferencia-mananera-1-de-agosto-de-amlo\/","name":"Conferencia Ma\u00f1anera 1 de agosto de AMLO - NOTICIAS DE LA 4T","isPartOf":{"@id":"https:\/\/redamlo.com\/#website"},"primaryImageOfPage":{"@id":"https:\/\/redamlo.com\/index.php\/2019\/08\/01\/conferencia-mananera-1-de-agosto-de-amlo\/#primaryimage"},"image":{"@id":"https:\/\/redamlo.com\/index.php\/2019\/08\/01\/conferencia-mananera-1-de-agosto-de-amlo\/#primaryimage"},"thumbnailUrl":"https:\/\/redamlo.com\/wp-content\/uploads\/2019\/08\/Conferencia-Mananera-1-de-agosto-de-AMLO.jpg","datePublished":"2019-08-01T16:25:59+00:00","breadcrumb":{"@id":"https:\/\/redamlo.com\/index.php\/2019\/08\/01\/conferencia-mananera-1-de-agosto-de-amlo\/#breadcrumb"},"inLanguage":"es","potentialAction":[{"@type":"ReadAction","target":["https:\/\/redamlo.com\/index.php\/2019\/08\/01\/conferencia-mananera-1-de-agosto-de-amlo\/"]}]},{"@type":"ImageObject","inLanguage":"es","@id":"https:\/\/redamlo.com\/index.php\/2019\/08\/01\/conferencia-mananera-1-de-agosto-de-amlo\/#primaryimage","url":"https:\/\/redamlo.com\/wp-content\/uploads\/2019\/08\/Conferencia-Mananera-1-de-agosto-de-AMLO.jpg","contentUrl":"https:\/\/redamlo.com\/wp-content\/uploads\/2019\/08\/Conferencia-Mananera-1-de-agosto-de-AMLO.jpg","width":630,"height":380},{"@type":"BreadcrumbList","@id":"https:\/\/redamlo.com\/index.php\/2019\/08\/01\/conferencia-mananera-1-de-agosto-de-amlo\/#breadcrumb","itemListElement":[{"@type":"ListItem","position":1,"name":"Inicio","item":"https:\/\/redamlo.com\/"},{"@type":"ListItem","position":2,"name":"Conferencia Ma\u00f1anera 1 de agosto de AMLO"}]},{"@type":"WebSite","@id":"https:\/\/redamlo.com\/#website","url":"https:\/\/redamlo.com\/","name":"NOTICIAS DE LA 4T","description":"","publisher":{"@id":"https:\/\/redamlo.com\/#organization"},"potentialAction":[{"@type":"SearchAction","target":{"@type":"EntryPoint","urlTemplate":"https:\/\/redamlo.com\/?s={search_term_string}"},"query-input":{"@type":"PropertyValueSpecification","valueRequired":true,"valueName":"search_term_string"}}],"inLanguage":"es"},{"@type":"Organization","@id":"https:\/\/redamlo.com\/#organization","name":"NOTICIAS DE LA 4T","url":"https:\/\/redamlo.com\/","logo":{"@type":"ImageObject","inLanguage":"es","@id":"https:\/\/redamlo.com\/#\/schema\/logo\/image\/","url":"https:\/\/redamlo.com\/wp-content\/uploads\/2024\/08\/cropped-RED-AMLO-logo-50.png","contentUrl":"https:\/\/redamlo.com\/wp-content\/uploads\/2024\/08\/cropped-RED-AMLO-logo-50.png","width":256,"height":256,"caption":"NOTICIAS DE LA 4T"},"image":{"@id":"https:\/\/redamlo.com\/#\/schema\/logo\/image\/"}},{"@type":"Person","@id":"https:\/\/redamlo.com\/#\/schema\/person\/7223a4375eb8f1a782fcae010a7115cf","name":"Blanca","image":{"@type":"ImageObject","inLanguage":"es","@id":"https:\/\/secure.gravatar.com\/avatar\/3f79bc8336367a4e6093eae8757acaaf61d1124834b905616de7829b0273426d?s=96&d=mm&r=g","url":"https:\/\/secure.gravatar.com\/avatar\/3f79bc8336367a4e6093eae8757acaaf61d1124834b905616de7829b0273426d?s=96&d=mm&r=g","contentUrl":"https:\/\/secure.gravatar.com\/avatar\/3f79bc8336367a4e6093eae8757acaaf61d1124834b905616de7829b0273426d?s=96&d=mm&r=g","caption":"Blanca"},"url":"https:\/\/redamlo.com\/index.php\/author\/blanca\/"}]}},"_links":{"self":[{"href":"https:\/\/redamlo.com\/index.php\/wp-json\/wp\/v2\/posts\/126","targetHints":{"allow":["GET"]}}],"collection":[{"href":"https:\/\/redamlo.com\/index.php\/wp-json\/wp\/v2\/posts"}],"about":[{"href":"https:\/\/redamlo.com\/index.php\/wp-json\/wp\/v2\/types\/post"}],"author":[{"embeddable":true,"href":"https:\/\/redamlo.com\/index.php\/wp-json\/wp\/v2\/users\/2"}],"replies":[{"embeddable":true,"href":"https:\/\/redamlo.com\/index.php\/wp-json\/wp\/v2\/comments?post=126"}],"version-history":[{"count":0,"href":"https:\/\/redamlo.com\/index.php\/wp-json\/wp\/v2\/posts\/126\/revisions"}],"wp:featuredmedia":[{"embeddable":true,"href":"https:\/\/redamlo.com\/index.php\/wp-json\/wp\/v2\/media\/128"}],"wp:attachment":[{"href":"https:\/\/redamlo.com\/index.php\/wp-json\/wp\/v2\/media?parent=126"}],"wp:term":[{"taxonomy":"category","embeddable":true,"href":"https:\/\/redamlo.com\/index.php\/wp-json\/wp\/v2\/categories?post=126"},{"taxonomy":"post_tag","embeddable":true,"href":"https:\/\/redamlo.com\/index.php\/wp-json\/wp\/v2\/tags?post=126"}],"curies":[{"name":"wp","href":"https:\/\/api.w.org\/{rel}","templated":true}]}}