{"id":123,"date":"2019-07-31T20:00:11","date_gmt":"2019-08-01T01:00:11","guid":{"rendered":"http:\/\/redamlo.com\/?p=123"},"modified":"2019-07-31T20:00:11","modified_gmt":"2019-08-01T01:00:11","slug":"fueron-detenidos-el-padre-y-el-hermano-de-eddy-el-delincuente-que-abatido-por-policias-tras-asaltar-un-puesto-de-tacos-de-carnitas-en-el-municipio-de-ecatepec","status":"publish","type":"post","link":"https:\/\/redamlo.com\/index.php\/2019\/07\/31\/fueron-detenidos-el-padre-y-el-hermano-de-eddy-el-delincuente-que-abatido-por-policias-tras-asaltar-un-puesto-de-tacos-de-carnitas-en-el-municipio-de-ecatepec\/","title":{"rendered":"Fueron detenidos el padre y el hermano de Eddy, el delincuente que abatido por polic\u00edas tras asaltar un puesto de tacos de carnitas en el municipio de Ecatepec"},"content":{"rendered":"<p><strong>ESTADO DE M\u00c9XICO NOTICIAS.-<\/strong><\/p>\n<p>\u00bfRecuerdan al menor de 16 a\u00f1os que fue abatido por asaltar un puesto de carnitas en el Estado de M\u00e9xico?<\/p>\n<p>\u00bfRecuerdan al padre que Llor\u00f3 a su hijo abatido en Ecatepec? hoy lo detienen por robo<br \/>\nDavid Ren\u00e9 de 45 a\u00f1os y su hijo Edwin, quien amenaz\u00f3 con cobrar venganza por la muerte de su hermano, tienen una orden de aprehensi\u00f3n por el delito de robo con violencia.<\/p>\n<p>Eementos de la <strong>Secretar\u00eda de Seguridad del Estado de M\u00e9xico<\/strong>, en conjunto con Agentes de Investigaci\u00f3n aseguraron a los dos familiares del joven de 16 a\u00f1os, quien falleci\u00f3 en un enfrentamiento con polic\u00edas estatales, el pasado 18 de julio.<\/p>\n<p>Ambos son investigados por el<strong>\u00a0delito de robo con violencia.\u00a0<\/strong><\/p>\n<p>David Ren\u00e9 \u201cN\u201d de 45 a\u00f1os y Edwin David \u201cN\u201d de 24 a\u00f1os, quienes tienen una orden de aprehensi\u00f3n vigente por este il\u00edcito ocurrido en Ecatepec.<\/p>\n<p>Fueron detenidos durante un cateo en<strong>\u00a0Granjas Valle de Guadalupe, Secci\u00f3n B1<\/strong>.<\/p>\n<p><strong>Edwin David \u201cN\u201d <\/strong>habr\u00eda accionado\u00a0<strong>armas de grueso calibre\u00a0<\/strong>y dicho p\u00fablicamente que\u00a0<strong>cobrar\u00eda venganza\u00a0<\/strong>en contra de los elementos policiacos que causaron la muerte a su hermano.<\/p>\n<p>&nbsp;<\/p>\n<blockquote class=\"twitter-tweet\">\n<p dir=\"ltr\" lang=\"es\">Agentes de Investigaci\u00f3n de la <a href=\"https:\/\/twitter.com\/hashtag\/Fiscal%C3%ADaEdom%C3%A9x?src=hash&amp;ref_src=twsrc%5Etfw\">#Fiscal\u00edaEdom\u00e9x<\/a> en conjunto con elementos de la Secretar\u00eda de Seguridad del Estado de M\u00e9xico, aseguraron a dos sujetos, padre y hermano de un joven de 16 a\u00f1os, quien perdi\u00f3 la vida en un enfrentamiento con polic\u00edas estatales, el pasado 18 de julio. <a href=\"https:\/\/t.co\/Z5fLTq4BZG\">pic.twitter.com\/Z5fLTq4BZG<\/a><\/p>\n<p>\u2014 Alejandro J. G\u00f3mez (@FiscalEdomex) <a href=\"https:\/\/twitter.com\/FiscalEdomex\/status\/1156649324186656769?ref_src=twsrc%5Etfw\">July 31, 2019<\/a><\/p><\/blockquote>\n<p><script async src=\"https:\/\/platform.twitter.com\/widgets.js\" charset=\"utf-8\"><\/script><\/p>\n","protected":false},"excerpt":{"rendered":"<p>ESTADO DE M\u00c9XICO NOTICIAS.- \u00bfRecuerdan al menor de 16 a\u00f1os que fue abatido por asaltar&#8230;<\/p>\n","protected":false},"author":2,"featured_media":125,"comment_status":"open","ping_status":"closed","sticky":false,"template":"","format":"standard","meta":{"footnotes":""},"categories":[1],"tags":[58,59,60,40,36],"class_list":["post-123","post","type-post","status-publish","format-standard","has-post-thumbnail","hentry","category-uncategorized","tag-ecatepec","tag-edomex","tag-estado-de-mexico","tag-noticias","tag-policiaca"],"yoast_head":"<!-- This site is optimized with the Yoast SEO plugin v27.5 - https:\/\/yoast.com\/product\/yoast-seo-wordpress\/ -->\n<title>Fueron detenidos el padre y el hermano de Eddy, el delincuente que abatido por polic\u00edas tras asaltar un puesto de tacos de carnitas en el municipio de Ecatepec - NOTICIAS DE LA 4T<\/title>\n<meta name=\"robots\" content=\"noindex, follow, max-snippet:-1, max-image-preview:large, max-video-preview:-1\" \/>\n<meta property=\"og:locale\" content=\"es_MX\" \/>\n<meta property=\"og:type\" content=\"article\" \/>\n<meta property=\"og:title\" content=\"Fueron detenidos el padre y el hermano de Eddy, el delincuente que abatido por polic\u00edas tras asaltar un puesto de tacos de carnitas en el municipio de Ecatepec - NOTICIAS DE LA 4T\" \/>\n<meta property=\"og:description\" content=\"ESTADO DE M\u00c9XICO NOTICIAS.- \u00bfRecuerdan al menor de 16 a\u00f1os que fue abatido por asaltar...\" \/>\n<meta property=\"og:url\" content=\"https:\/\/redamlo.com\/index.php\/2019\/07\/31\/fueron-detenidos-el-padre-y-el-hermano-de-eddy-el-delincuente-que-abatido-por-policias-tras-asaltar-un-puesto-de-tacos-de-carnitas-en-el-municipio-de-ecatepec\/\" \/>\n<meta property=\"og:site_name\" content=\"NOTICIAS DE LA 4T\" \/>\n<meta property=\"article:published_time\" content=\"2019-08-01T01:00:11+00:00\" \/>\n<meta property=\"og:image\" content=\"https:\/\/redamlo.com\/wp-content\/uploads\/2019\/08\/detenidos.jpg\" \/>\n\t<meta property=\"og:image:width\" content=\"1200\" \/>\n\t<meta property=\"og:image:height\" content=\"900\" \/>\n\t<meta property=\"og:image:type\" content=\"image\/jpeg\" \/>\n<meta name=\"author\" content=\"Blanca\" \/>\n<meta name=\"twitter:card\" content=\"summary_large_image\" \/>\n<meta name=\"twitter:label1\" content=\"Escrito por\" \/>\n\t<meta name=\"twitter:data1\" content=\"Blanca\" \/>\n\t<meta name=\"twitter:label2\" content=\"Tiempo de lectura\" \/>\n\t<meta name=\"twitter:data2\" content=\"1 minuto\" \/>\n<script type=\"application\/ld+json\" class=\"yoast-schema-graph\">{\"@context\":\"https:\\\/\\\/schema.org\",\"@graph\":[{\"@type\":\"Article\",\"@id\":\"https:\\\/\\\/redamlo.com\\\/index.php\\\/2019\\\/07\\\/31\\\/fueron-detenidos-el-padre-y-el-hermano-de-eddy-el-delincuente-que-abatido-por-policias-tras-asaltar-un-puesto-de-tacos-de-carnitas-en-el-municipio-de-ecatepec\\\/#article\",\"isPartOf\":{\"@id\":\"https:\\\/\\\/redamlo.com\\\/index.php\\\/2019\\\/07\\\/31\\\/fueron-detenidos-el-padre-y-el-hermano-de-eddy-el-delincuente-que-abatido-por-policias-tras-asaltar-un-puesto-de-tacos-de-carnitas-en-el-municipio-de-ecatepec\\\/\"},\"author\":{\"name\":\"Blanca\",\"@id\":\"https:\\\/\\\/redamlo.com\\\/#\\\/schema\\\/person\\\/7223a4375eb8f1a782fcae010a7115cf\"},\"headline\":\"Fueron detenidos el padre y el hermano de Eddy, el delincuente que abatido por polic\u00edas tras asaltar un puesto de tacos de carnitas en el municipio de Ecatepec\",\"datePublished\":\"2019-08-01T01:00:11+00:00\",\"mainEntityOfPage\":{\"@id\":\"https:\\\/\\\/redamlo.com\\\/index.php\\\/2019\\\/07\\\/31\\\/fueron-detenidos-el-padre-y-el-hermano-de-eddy-el-delincuente-que-abatido-por-policias-tras-asaltar-un-puesto-de-tacos-de-carnitas-en-el-municipio-de-ecatepec\\\/\"},\"wordCount\":294,\"commentCount\":0,\"publisher\":{\"@id\":\"https:\\\/\\\/redamlo.com\\\/#organization\"},\"image\":{\"@id\":\"https:\\\/\\\/redamlo.com\\\/index.php\\\/2019\\\/07\\\/31\\\/fueron-detenidos-el-padre-y-el-hermano-de-eddy-el-delincuente-que-abatido-por-policias-tras-asaltar-un-puesto-de-tacos-de-carnitas-en-el-municipio-de-ecatepec\\\/#primaryimage\"},\"thumbnailUrl\":\"https:\\\/\\\/redamlo.com\\\/wp-content\\\/uploads\\\/2019\\\/08\\\/detenidos.jpg\",\"keywords\":[\"ecatepec\",\"edomex\",\"estado de mexico\",\"noticias\",\"Policiaca\"],\"articleSection\":[\"Uncategorized\"],\"inLanguage\":\"es\",\"potentialAction\":[{\"@type\":\"CommentAction\",\"name\":\"Comment\",\"target\":[\"https:\\\/\\\/redamlo.com\\\/index.php\\\/2019\\\/07\\\/31\\\/fueron-detenidos-el-padre-y-el-hermano-de-eddy-el-delincuente-que-abatido-por-policias-tras-asaltar-un-puesto-de-tacos-de-carnitas-en-el-municipio-de-ecatepec\\\/#respond\"]}]},{\"@type\":\"WebPage\",\"@id\":\"https:\\\/\\\/redamlo.com\\\/index.php\\\/2019\\\/07\\\/31\\\/fueron-detenidos-el-padre-y-el-hermano-de-eddy-el-delincuente-que-abatido-por-policias-tras-asaltar-un-puesto-de-tacos-de-carnitas-en-el-municipio-de-ecatepec\\\/\",\"url\":\"https:\\\/\\\/redamlo.com\\\/index.php\\\/2019\\\/07\\\/31\\\/fueron-detenidos-el-padre-y-el-hermano-de-eddy-el-delincuente-que-abatido-por-policias-tras-asaltar-un-puesto-de-tacos-de-carnitas-en-el-municipio-de-ecatepec\\\/\",\"name\":\"Fueron detenidos el padre y el hermano de Eddy, el delincuente que abatido por polic\u00edas tras asaltar un puesto de tacos de carnitas en el municipio de Ecatepec - NOTICIAS DE LA 4T\",\"isPartOf\":{\"@id\":\"https:\\\/\\\/redamlo.com\\\/#website\"},\"primaryImageOfPage\":{\"@id\":\"https:\\\/\\\/redamlo.com\\\/index.php\\\/2019\\\/07\\\/31\\\/fueron-detenidos-el-padre-y-el-hermano-de-eddy-el-delincuente-que-abatido-por-policias-tras-asaltar-un-puesto-de-tacos-de-carnitas-en-el-municipio-de-ecatepec\\\/#primaryimage\"},\"image\":{\"@id\":\"https:\\\/\\\/redamlo.com\\\/index.php\\\/2019\\\/07\\\/31\\\/fueron-detenidos-el-padre-y-el-hermano-de-eddy-el-delincuente-que-abatido-por-policias-tras-asaltar-un-puesto-de-tacos-de-carnitas-en-el-municipio-de-ecatepec\\\/#primaryimage\"},\"thumbnailUrl\":\"https:\\\/\\\/redamlo.com\\\/wp-content\\\/uploads\\\/2019\\\/08\\\/detenidos.jpg\",\"datePublished\":\"2019-08-01T01:00:11+00:00\",\"breadcrumb\":{\"@id\":\"https:\\\/\\\/redamlo.com\\\/index.php\\\/2019\\\/07\\\/31\\\/fueron-detenidos-el-padre-y-el-hermano-de-eddy-el-delincuente-que-abatido-por-policias-tras-asaltar-un-puesto-de-tacos-de-carnitas-en-el-municipio-de-ecatepec\\\/#breadcrumb\"},\"inLanguage\":\"es\",\"potentialAction\":[{\"@type\":\"ReadAction\",\"target\":[\"https:\\\/\\\/redamlo.com\\\/index.php\\\/2019\\\/07\\\/31\\\/fueron-detenidos-el-padre-y-el-hermano-de-eddy-el-delincuente-que-abatido-por-policias-tras-asaltar-un-puesto-de-tacos-de-carnitas-en-el-municipio-de-ecatepec\\\/\"]}]},{\"@type\":\"ImageObject\",\"inLanguage\":\"es\",\"@id\":\"https:\\\/\\\/redamlo.com\\\/index.php\\\/2019\\\/07\\\/31\\\/fueron-detenidos-el-padre-y-el-hermano-de-eddy-el-delincuente-que-abatido-por-policias-tras-asaltar-un-puesto-de-tacos-de-carnitas-en-el-municipio-de-ecatepec\\\/#primaryimage\",\"url\":\"https:\\\/\\\/redamlo.com\\\/wp-content\\\/uploads\\\/2019\\\/08\\\/detenidos.jpg\",\"contentUrl\":\"https:\\\/\\\/redamlo.com\\\/wp-content\\\/uploads\\\/2019\\\/08\\\/detenidos.jpg\",\"width\":1200,\"height\":900},{\"@type\":\"BreadcrumbList\",\"@id\":\"https:\\\/\\\/redamlo.com\\\/index.php\\\/2019\\\/07\\\/31\\\/fueron-detenidos-el-padre-y-el-hermano-de-eddy-el-delincuente-que-abatido-por-policias-tras-asaltar-un-puesto-de-tacos-de-carnitas-en-el-municipio-de-ecatepec\\\/#breadcrumb\",\"itemListElement\":[{\"@type\":\"ListItem\",\"position\":1,\"name\":\"Inicio\",\"item\":\"https:\\\/\\\/redamlo.com\\\/\"},{\"@type\":\"ListItem\",\"position\":2,\"name\":\"Fueron detenidos el padre y el hermano de Eddy, el delincuente que abatido por polic\u00edas tras asaltar un puesto de tacos de carnitas en el municipio de Ecatepec\"}]},{\"@type\":\"WebSite\",\"@id\":\"https:\\\/\\\/redamlo.com\\\/#website\",\"url\":\"https:\\\/\\\/redamlo.com\\\/\",\"name\":\"NOTICIAS DE LA 4T\",\"description\":\"\",\"publisher\":{\"@id\":\"https:\\\/\\\/redamlo.com\\\/#organization\"},\"potentialAction\":[{\"@type\":\"SearchAction\",\"target\":{\"@type\":\"EntryPoint\",\"urlTemplate\":\"https:\\\/\\\/redamlo.com\\\/?s={search_term_string}\"},\"query-input\":{\"@type\":\"PropertyValueSpecification\",\"valueRequired\":true,\"valueName\":\"search_term_string\"}}],\"inLanguage\":\"es\"},{\"@type\":\"Organization\",\"@id\":\"https:\\\/\\\/redamlo.com\\\/#organization\",\"name\":\"NOTICIAS DE LA 4T\",\"url\":\"https:\\\/\\\/redamlo.com\\\/\",\"logo\":{\"@type\":\"ImageObject\",\"inLanguage\":\"es\",\"@id\":\"https:\\\/\\\/redamlo.com\\\/#\\\/schema\\\/logo\\\/image\\\/\",\"url\":\"https:\\\/\\\/redamlo.com\\\/wp-content\\\/uploads\\\/2024\\\/08\\\/cropped-RED-AMLO-logo-50.png\",\"contentUrl\":\"https:\\\/\\\/redamlo.com\\\/wp-content\\\/uploads\\\/2024\\\/08\\\/cropped-RED-AMLO-logo-50.png\",\"width\":256,\"height\":256,\"caption\":\"NOTICIAS DE LA 4T\"},\"image\":{\"@id\":\"https:\\\/\\\/redamlo.com\\\/#\\\/schema\\\/logo\\\/image\\\/\"}},{\"@type\":\"Person\",\"@id\":\"https:\\\/\\\/redamlo.com\\\/#\\\/schema\\\/person\\\/7223a4375eb8f1a782fcae010a7115cf\",\"name\":\"Blanca\",\"image\":{\"@type\":\"ImageObject\",\"inLanguage\":\"es\",\"@id\":\"https:\\\/\\\/secure.gravatar.com\\\/avatar\\\/3f79bc8336367a4e6093eae8757acaaf61d1124834b905616de7829b0273426d?s=96&d=mm&r=g\",\"url\":\"https:\\\/\\\/secure.gravatar.com\\\/avatar\\\/3f79bc8336367a4e6093eae8757acaaf61d1124834b905616de7829b0273426d?s=96&d=mm&r=g\",\"contentUrl\":\"https:\\\/\\\/secure.gravatar.com\\\/avatar\\\/3f79bc8336367a4e6093eae8757acaaf61d1124834b905616de7829b0273426d?s=96&d=mm&r=g\",\"caption\":\"Blanca\"},\"url\":\"https:\\\/\\\/redamlo.com\\\/index.php\\\/author\\\/blanca\\\/\"}]}<\/script>\n<!-- \/ Yoast SEO plugin. -->","yoast_head_json":{"title":"Fueron detenidos el padre y el hermano de Eddy, el delincuente que abatido por polic\u00edas tras asaltar un puesto de tacos de carnitas en el municipio de Ecatepec - NOTICIAS DE LA 4T","robots":{"index":"noindex","follow":"follow","max-snippet":"max-snippet:-1","max-image-preview":"max-image-preview:large","max-video-preview":"max-video-preview:-1"},"og_locale":"es_MX","og_type":"article","og_title":"Fueron detenidos el padre y el hermano de Eddy, el delincuente que abatido por polic\u00edas tras asaltar un puesto de tacos de carnitas en el municipio de Ecatepec - NOTICIAS DE LA 4T","og_description":"ESTADO DE M\u00c9XICO NOTICIAS.- \u00bfRecuerdan al menor de 16 a\u00f1os que fue abatido por asaltar...","og_url":"https:\/\/redamlo.com\/index.php\/2019\/07\/31\/fueron-detenidos-el-padre-y-el-hermano-de-eddy-el-delincuente-que-abatido-por-policias-tras-asaltar-un-puesto-de-tacos-de-carnitas-en-el-municipio-de-ecatepec\/","og_site_name":"NOTICIAS DE LA 4T","article_published_time":"2019-08-01T01:00:11+00:00","og_image":[{"width":1200,"height":900,"url":"https:\/\/redamlo.com\/wp-content\/uploads\/2019\/08\/detenidos.jpg","type":"image\/jpeg"}],"author":"Blanca","twitter_card":"summary_large_image","twitter_misc":{"Escrito por":"Blanca","Tiempo de lectura":"1 minuto"},"schema":{"@context":"https:\/\/schema.org","@graph":[{"@type":"Article","@id":"https:\/\/redamlo.com\/index.php\/2019\/07\/31\/fueron-detenidos-el-padre-y-el-hermano-de-eddy-el-delincuente-que-abatido-por-policias-tras-asaltar-un-puesto-de-tacos-de-carnitas-en-el-municipio-de-ecatepec\/#article","isPartOf":{"@id":"https:\/\/redamlo.com\/index.php\/2019\/07\/31\/fueron-detenidos-el-padre-y-el-hermano-de-eddy-el-delincuente-que-abatido-por-policias-tras-asaltar-un-puesto-de-tacos-de-carnitas-en-el-municipio-de-ecatepec\/"},"author":{"name":"Blanca","@id":"https:\/\/redamlo.com\/#\/schema\/person\/7223a4375eb8f1a782fcae010a7115cf"},"headline":"Fueron detenidos el padre y el hermano de Eddy, el delincuente que abatido por polic\u00edas tras asaltar un puesto de tacos de carnitas en el municipio de Ecatepec","datePublished":"2019-08-01T01:00:11+00:00","mainEntityOfPage":{"@id":"https:\/\/redamlo.com\/index.php\/2019\/07\/31\/fueron-detenidos-el-padre-y-el-hermano-de-eddy-el-delincuente-que-abatido-por-policias-tras-asaltar-un-puesto-de-tacos-de-carnitas-en-el-municipio-de-ecatepec\/"},"wordCount":294,"commentCount":0,"publisher":{"@id":"https:\/\/redamlo.com\/#organization"},"image":{"@id":"https:\/\/redamlo.com\/index.php\/2019\/07\/31\/fueron-detenidos-el-padre-y-el-hermano-de-eddy-el-delincuente-que-abatido-por-policias-tras-asaltar-un-puesto-de-tacos-de-carnitas-en-el-municipio-de-ecatepec\/#primaryimage"},"thumbnailUrl":"https:\/\/redamlo.com\/wp-content\/uploads\/2019\/08\/detenidos.jpg","keywords":["ecatepec","edomex","estado de mexico","noticias","Policiaca"],"articleSection":["Uncategorized"],"inLanguage":"es","potentialAction":[{"@type":"CommentAction","name":"Comment","target":["https:\/\/redamlo.com\/index.php\/2019\/07\/31\/fueron-detenidos-el-padre-y-el-hermano-de-eddy-el-delincuente-que-abatido-por-policias-tras-asaltar-un-puesto-de-tacos-de-carnitas-en-el-municipio-de-ecatepec\/#respond"]}]},{"@type":"WebPage","@id":"https:\/\/redamlo.com\/index.php\/2019\/07\/31\/fueron-detenidos-el-padre-y-el-hermano-de-eddy-el-delincuente-que-abatido-por-policias-tras-asaltar-un-puesto-de-tacos-de-carnitas-en-el-municipio-de-ecatepec\/","url":"https:\/\/redamlo.com\/index.php\/2019\/07\/31\/fueron-detenidos-el-padre-y-el-hermano-de-eddy-el-delincuente-que-abatido-por-policias-tras-asaltar-un-puesto-de-tacos-de-carnitas-en-el-municipio-de-ecatepec\/","name":"Fueron detenidos el padre y el hermano de Eddy, el delincuente que abatido por polic\u00edas tras asaltar un puesto de tacos de carnitas en el municipio de Ecatepec - NOTICIAS DE LA 4T","isPartOf":{"@id":"https:\/\/redamlo.com\/#website"},"primaryImageOfPage":{"@id":"https:\/\/redamlo.com\/index.php\/2019\/07\/31\/fueron-detenidos-el-padre-y-el-hermano-de-eddy-el-delincuente-que-abatido-por-policias-tras-asaltar-un-puesto-de-tacos-de-carnitas-en-el-municipio-de-ecatepec\/#primaryimage"},"image":{"@id":"https:\/\/redamlo.com\/index.php\/2019\/07\/31\/fueron-detenidos-el-padre-y-el-hermano-de-eddy-el-delincuente-que-abatido-por-policias-tras-asaltar-un-puesto-de-tacos-de-carnitas-en-el-municipio-de-ecatepec\/#primaryimage"},"thumbnailUrl":"https:\/\/redamlo.com\/wp-content\/uploads\/2019\/08\/detenidos.jpg","datePublished":"2019-08-01T01:00:11+00:00","breadcrumb":{"@id":"https:\/\/redamlo.com\/index.php\/2019\/07\/31\/fueron-detenidos-el-padre-y-el-hermano-de-eddy-el-delincuente-que-abatido-por-policias-tras-asaltar-un-puesto-de-tacos-de-carnitas-en-el-municipio-de-ecatepec\/#breadcrumb"},"inLanguage":"es","potentialAction":[{"@type":"ReadAction","target":["https:\/\/redamlo.com\/index.php\/2019\/07\/31\/fueron-detenidos-el-padre-y-el-hermano-de-eddy-el-delincuente-que-abatido-por-policias-tras-asaltar-un-puesto-de-tacos-de-carnitas-en-el-municipio-de-ecatepec\/"]}]},{"@type":"ImageObject","inLanguage":"es","@id":"https:\/\/redamlo.com\/index.php\/2019\/07\/31\/fueron-detenidos-el-padre-y-el-hermano-de-eddy-el-delincuente-que-abatido-por-policias-tras-asaltar-un-puesto-de-tacos-de-carnitas-en-el-municipio-de-ecatepec\/#primaryimage","url":"https:\/\/redamlo.com\/wp-content\/uploads\/2019\/08\/detenidos.jpg","contentUrl":"https:\/\/redamlo.com\/wp-content\/uploads\/2019\/08\/detenidos.jpg","width":1200,"height":900},{"@type":"BreadcrumbList","@id":"https:\/\/redamlo.com\/index.php\/2019\/07\/31\/fueron-detenidos-el-padre-y-el-hermano-de-eddy-el-delincuente-que-abatido-por-policias-tras-asaltar-un-puesto-de-tacos-de-carnitas-en-el-municipio-de-ecatepec\/#breadcrumb","itemListElement":[{"@type":"ListItem","position":1,"name":"Inicio","item":"https:\/\/redamlo.com\/"},{"@type":"ListItem","position":2,"name":"Fueron detenidos el padre y el hermano de Eddy, el delincuente que abatido por polic\u00edas tras asaltar un puesto de tacos de carnitas en el municipio de Ecatepec"}]},{"@type":"WebSite","@id":"https:\/\/redamlo.com\/#website","url":"https:\/\/redamlo.com\/","name":"NOTICIAS DE LA 4T","description":"","publisher":{"@id":"https:\/\/redamlo.com\/#organization"},"potentialAction":[{"@type":"SearchAction","target":{"@type":"EntryPoint","urlTemplate":"https:\/\/redamlo.com\/?s={search_term_string}"},"query-input":{"@type":"PropertyValueSpecification","valueRequired":true,"valueName":"search_term_string"}}],"inLanguage":"es"},{"@type":"Organization","@id":"https:\/\/redamlo.com\/#organization","name":"NOTICIAS DE LA 4T","url":"https:\/\/redamlo.com\/","logo":{"@type":"ImageObject","inLanguage":"es","@id":"https:\/\/redamlo.com\/#\/schema\/logo\/image\/","url":"https:\/\/redamlo.com\/wp-content\/uploads\/2024\/08\/cropped-RED-AMLO-logo-50.png","contentUrl":"https:\/\/redamlo.com\/wp-content\/uploads\/2024\/08\/cropped-RED-AMLO-logo-50.png","width":256,"height":256,"caption":"NOTICIAS DE LA 4T"},"image":{"@id":"https:\/\/redamlo.com\/#\/schema\/logo\/image\/"}},{"@type":"Person","@id":"https:\/\/redamlo.com\/#\/schema\/person\/7223a4375eb8f1a782fcae010a7115cf","name":"Blanca","image":{"@type":"ImageObject","inLanguage":"es","@id":"https:\/\/secure.gravatar.com\/avatar\/3f79bc8336367a4e6093eae8757acaaf61d1124834b905616de7829b0273426d?s=96&d=mm&r=g","url":"https:\/\/secure.gravatar.com\/avatar\/3f79bc8336367a4e6093eae8757acaaf61d1124834b905616de7829b0273426d?s=96&d=mm&r=g","contentUrl":"https:\/\/secure.gravatar.com\/avatar\/3f79bc8336367a4e6093eae8757acaaf61d1124834b905616de7829b0273426d?s=96&d=mm&r=g","caption":"Blanca"},"url":"https:\/\/redamlo.com\/index.php\/author\/blanca\/"}]}},"_links":{"self":[{"href":"https:\/\/redamlo.com\/index.php\/wp-json\/wp\/v2\/posts\/123","targetHints":{"allow":["GET"]}}],"collection":[{"href":"https:\/\/redamlo.com\/index.php\/wp-json\/wp\/v2\/posts"}],"about":[{"href":"https:\/\/redamlo.com\/index.php\/wp-json\/wp\/v2\/types\/post"}],"author":[{"embeddable":true,"href":"https:\/\/redamlo.com\/index.php\/wp-json\/wp\/v2\/users\/2"}],"replies":[{"embeddable":true,"href":"https:\/\/redamlo.com\/index.php\/wp-json\/wp\/v2\/comments?post=123"}],"version-history":[{"count":0,"href":"https:\/\/redamlo.com\/index.php\/wp-json\/wp\/v2\/posts\/123\/revisions"}],"wp:featuredmedia":[{"embeddable":true,"href":"https:\/\/redamlo.com\/index.php\/wp-json\/wp\/v2\/media\/125"}],"wp:attachment":[{"href":"https:\/\/redamlo.com\/index.php\/wp-json\/wp\/v2\/media?parent=123"}],"wp:term":[{"taxonomy":"category","embeddable":true,"href":"https:\/\/redamlo.com\/index.php\/wp-json\/wp\/v2\/categories?post=123"},{"taxonomy":"post_tag","embeddable":true,"href":"https:\/\/redamlo.com\/index.php\/wp-json\/wp\/v2\/tags?post=123"}],"curies":[{"name":"wp","href":"https:\/\/api.w.org\/{rel}","templated":true}]}}