{"id":11,"date":"2019-07-15T00:42:21","date_gmt":"2019-07-15T00:42:21","guid":{"rendered":"http:\/\/redamlo.com\/?p=11"},"modified":"2019-07-15T00:42:21","modified_gmt":"2019-07-15T00:42:21","slug":"mil-807-mexicanos-esperan-ser-deportados-de-eua","status":"publish","type":"post","link":"https:\/\/redamlo.com\/index.php\/2019\/07\/15\/mil-807-mexicanos-esperan-ser-deportados-de-eua\/","title":{"rendered":"Mil 807 mexicanos esperan ser deportados de EUA"},"content":{"rendered":"<p><strong>News Cdmx.-\u00a0<\/strong>En conferencia de prensa encabezada por el secretario de Relaciones Exteriores, <strong>Marcelo Ebrard<\/strong> , en donde se present\u00f3 un plan de apoyo a los migrantes ante las redadas ordenadas por <strong>Donald Trump<\/strong>, se inform\u00f3 que existen mil 807 connacionales que se encuentran en centros de detenci\u00f3n en Estados Unidos que podr\u00edan ser regresados a M\u00e9xico durante los pr\u00f3ximos d\u00edas.<\/p>\n<p>Ebrard agreg\u00f3 que hasta ahora \u00fanicamente tienen el reporte de dos redadas realizadas en <strong>Miami y San Diego<\/strong>, en donde se presume que 20 de los detenidos ser\u00edan de nacionalidad mexicana, lo cual ser\u00e1 confirmado durante las pr\u00f3ximas horas por el personal consular.<\/p>\n<p><strong>Ebrard<\/strong> afirm\u00f3 que se mantendr\u00e1n atentos a la situaci\u00f3n que se pueda presentar durante los pr\u00f3ximos d\u00edas y en funci\u00f3n del impacto que tengan las redadas masivas en la comunidad mexicana, se definir\u00e1n la ruta acci\u00f3n.<\/p>\n<p>Asegur\u00f3 que actualmente se cuenta con el respaldo legal de 400 abogados y consultores para poder retrasar las deportaciones lo m\u00e1s posible, con el objetivo de que los connacionales puedan resolver sus asuntos antes de ser devueltos a M\u00e9xico.<\/p>\n<p>&nbsp;<\/p>\n<blockquote class=\"twitter-tweet\" data-lang=\"es\">\n<p dir=\"ltr\" lang=\"es\">Los responsables de las principales agencias migratorias de EE.UU. defienden las redadas antiinmigrantes en nueve ciudades, sin confirmar su inicio <a href=\"https:\/\/twitter.com\/hashtag\/ICEraids?src=hash&amp;ref_src=twsrc%5Etfw\">#ICEraids<\/a> <a href=\"https:\/\/t.co\/rjDNpbj3Be\">https:\/\/t.co\/rjDNpbj3Be<\/a> <a href=\"https:\/\/t.co\/9qMsq3YX4B\">pic.twitter.com\/9qMsq3YX4B<\/a><\/p>\n<p>\u2014 EFE Noticias (@EFEnoticias) <a href=\"https:\/\/twitter.com\/EFEnoticias\/status\/1150494373521608704?ref_src=twsrc%5Etfw\">14 de julio de 2019<\/a><\/p><\/blockquote>\n<p><script async src=\"https:\/\/platform.twitter.com\/widgets.js\" charset=\"utf-8\"><\/script><\/p>\n<p>Afirm\u00f3 que en caso de escalar el n\u00famero de detenciones, <strong>Alejandro Celorio<\/strong>, consultor Jur\u00eddico de la canciller\u00eda; <strong>Juli\u00e1n Escutia,<\/strong> director de Protecci\u00f3n a Mexicanos en el Exterior; y Carolina Zaragoza, directora general de Servicios Consulares, estar\u00edan viajando a los consulados para reforzar la estrategia.<\/p>\n<p>Incluso, refiri\u00f3 que en caso de ser necesario, el subsecretario para Am\u00e9rica del Norte, Jes\u00fas Seade y hasta \u00e9l mismo podr\u00edan trasladarse a Estados Unidos para defender a los mexicanos que se vean afectados por estas redadas y deportaciones masivas.<\/p>\n<p>Desde <strong>Washington<\/strong>, la embajadora <strong>Martha B\u00e1rcena<\/strong> inform\u00f3 que actualmente se mantiene una comunicaci\u00f3n directa con distintas \u00e1reas del gobierno estadunidense para dar seguimiento a la situaci\u00f3n.<\/p>\n<p>&nbsp;<\/p>\n","protected":false},"excerpt":{"rendered":"<p>News Cdmx.-\u00a0En conferencia de prensa encabezada por el secretario de Relaciones Exteriores, Marcelo Ebrard ,&#8230;<\/p>\n","protected":false},"author":2,"featured_media":12,"comment_status":"open","ping_status":"closed","sticky":false,"template":"","format":"standard","meta":{"footnotes":""},"categories":[13,5],"tags":[12,14,15,16],"class_list":["post-11","post","type-post","status-publish","format-standard","has-post-thumbnail","hentry","category-internacionales","category-politica","tag-eua","tag-marcelo-ebrad","tag-migrantes","tag-politica"],"yoast_head":"<!-- This site is optimized with the Yoast SEO plugin v27.5 - https:\/\/yoast.com\/product\/yoast-seo-wordpress\/ -->\n<title>Mil 807 mexicanos esperan ser deportados de EUA - NOTICIAS DE LA 4T<\/title>\n<meta name=\"robots\" content=\"noindex, follow, max-snippet:-1, max-image-preview:large, max-video-preview:-1\" \/>\n<meta property=\"og:locale\" content=\"es_MX\" \/>\n<meta property=\"og:type\" content=\"article\" \/>\n<meta property=\"og:title\" content=\"Mil 807 mexicanos esperan ser deportados de EUA - NOTICIAS DE LA 4T\" \/>\n<meta property=\"og:description\" content=\"News Cdmx.-\u00a0En conferencia de prensa encabezada por el secretario de Relaciones Exteriores, Marcelo Ebrard ,...\" \/>\n<meta property=\"og:url\" content=\"https:\/\/redamlo.com\/index.php\/2019\/07\/15\/mil-807-mexicanos-esperan-ser-deportados-de-eua\/\" \/>\n<meta property=\"og:site_name\" content=\"NOTICIAS DE LA 4T\" \/>\n<meta property=\"article:published_time\" content=\"2019-07-15T00:42:21+00:00\" \/>\n<meta property=\"og:image\" content=\"https:\/\/redamlo.com\/wp-content\/uploads\/2019\/07\/redadas-migratorias.jpg\" \/>\n\t<meta property=\"og:image:width\" content=\"709\" \/>\n\t<meta property=\"og:image:height\" content=\"300\" \/>\n\t<meta property=\"og:image:type\" content=\"image\/jpeg\" \/>\n<meta name=\"author\" content=\"Blanca\" \/>\n<meta name=\"twitter:card\" content=\"summary_large_image\" \/>\n<meta name=\"twitter:label1\" content=\"Escrito por\" \/>\n\t<meta name=\"twitter:data1\" content=\"Blanca\" \/>\n\t<meta name=\"twitter:label2\" content=\"Tiempo de lectura\" \/>\n\t<meta name=\"twitter:data2\" content=\"2 minutos\" \/>\n<script type=\"application\/ld+json\" class=\"yoast-schema-graph\">{\"@context\":\"https:\\\/\\\/schema.org\",\"@graph\":[{\"@type\":\"Article\",\"@id\":\"https:\\\/\\\/redamlo.com\\\/index.php\\\/2019\\\/07\\\/15\\\/mil-807-mexicanos-esperan-ser-deportados-de-eua\\\/#article\",\"isPartOf\":{\"@id\":\"https:\\\/\\\/redamlo.com\\\/index.php\\\/2019\\\/07\\\/15\\\/mil-807-mexicanos-esperan-ser-deportados-de-eua\\\/\"},\"author\":{\"name\":\"Blanca\",\"@id\":\"https:\\\/\\\/redamlo.com\\\/#\\\/schema\\\/person\\\/7223a4375eb8f1a782fcae010a7115cf\"},\"headline\":\"Mil 807 mexicanos esperan ser deportados de EUA\",\"datePublished\":\"2019-07-15T00:42:21+00:00\",\"mainEntityOfPage\":{\"@id\":\"https:\\\/\\\/redamlo.com\\\/index.php\\\/2019\\\/07\\\/15\\\/mil-807-mexicanos-esperan-ser-deportados-de-eua\\\/\"},\"wordCount\":362,\"commentCount\":0,\"publisher\":{\"@id\":\"https:\\\/\\\/redamlo.com\\\/#organization\"},\"image\":{\"@id\":\"https:\\\/\\\/redamlo.com\\\/index.php\\\/2019\\\/07\\\/15\\\/mil-807-mexicanos-esperan-ser-deportados-de-eua\\\/#primaryimage\"},\"thumbnailUrl\":\"https:\\\/\\\/redamlo.com\\\/wp-content\\\/uploads\\\/2019\\\/07\\\/redadas-migratorias.jpg\",\"keywords\":[\"EUA\",\"Marcelo Ebrad\",\"Migrantes\",\"Politica\"],\"articleSection\":[\"Internacionales\",\"Pol\u00edtica\"],\"inLanguage\":\"es\",\"potentialAction\":[{\"@type\":\"CommentAction\",\"name\":\"Comment\",\"target\":[\"https:\\\/\\\/redamlo.com\\\/index.php\\\/2019\\\/07\\\/15\\\/mil-807-mexicanos-esperan-ser-deportados-de-eua\\\/#respond\"]}]},{\"@type\":\"WebPage\",\"@id\":\"https:\\\/\\\/redamlo.com\\\/index.php\\\/2019\\\/07\\\/15\\\/mil-807-mexicanos-esperan-ser-deportados-de-eua\\\/\",\"url\":\"https:\\\/\\\/redamlo.com\\\/index.php\\\/2019\\\/07\\\/15\\\/mil-807-mexicanos-esperan-ser-deportados-de-eua\\\/\",\"name\":\"Mil 807 mexicanos esperan ser deportados de EUA - NOTICIAS DE LA 4T\",\"isPartOf\":{\"@id\":\"https:\\\/\\\/redamlo.com\\\/#website\"},\"primaryImageOfPage\":{\"@id\":\"https:\\\/\\\/redamlo.com\\\/index.php\\\/2019\\\/07\\\/15\\\/mil-807-mexicanos-esperan-ser-deportados-de-eua\\\/#primaryimage\"},\"image\":{\"@id\":\"https:\\\/\\\/redamlo.com\\\/index.php\\\/2019\\\/07\\\/15\\\/mil-807-mexicanos-esperan-ser-deportados-de-eua\\\/#primaryimage\"},\"thumbnailUrl\":\"https:\\\/\\\/redamlo.com\\\/wp-content\\\/uploads\\\/2019\\\/07\\\/redadas-migratorias.jpg\",\"datePublished\":\"2019-07-15T00:42:21+00:00\",\"breadcrumb\":{\"@id\":\"https:\\\/\\\/redamlo.com\\\/index.php\\\/2019\\\/07\\\/15\\\/mil-807-mexicanos-esperan-ser-deportados-de-eua\\\/#breadcrumb\"},\"inLanguage\":\"es\",\"potentialAction\":[{\"@type\":\"ReadAction\",\"target\":[\"https:\\\/\\\/redamlo.com\\\/index.php\\\/2019\\\/07\\\/15\\\/mil-807-mexicanos-esperan-ser-deportados-de-eua\\\/\"]}]},{\"@type\":\"ImageObject\",\"inLanguage\":\"es\",\"@id\":\"https:\\\/\\\/redamlo.com\\\/index.php\\\/2019\\\/07\\\/15\\\/mil-807-mexicanos-esperan-ser-deportados-de-eua\\\/#primaryimage\",\"url\":\"https:\\\/\\\/redamlo.com\\\/wp-content\\\/uploads\\\/2019\\\/07\\\/redadas-migratorias.jpg\",\"contentUrl\":\"https:\\\/\\\/redamlo.com\\\/wp-content\\\/uploads\\\/2019\\\/07\\\/redadas-migratorias.jpg\",\"width\":709,\"height\":300},{\"@type\":\"BreadcrumbList\",\"@id\":\"https:\\\/\\\/redamlo.com\\\/index.php\\\/2019\\\/07\\\/15\\\/mil-807-mexicanos-esperan-ser-deportados-de-eua\\\/#breadcrumb\",\"itemListElement\":[{\"@type\":\"ListItem\",\"position\":1,\"name\":\"Inicio\",\"item\":\"https:\\\/\\\/redamlo.com\\\/\"},{\"@type\":\"ListItem\",\"position\":2,\"name\":\"Mil 807 mexicanos esperan ser deportados de EUA\"}]},{\"@type\":\"WebSite\",\"@id\":\"https:\\\/\\\/redamlo.com\\\/#website\",\"url\":\"https:\\\/\\\/redamlo.com\\\/\",\"name\":\"NOTICIAS DE LA 4T\",\"description\":\"\",\"publisher\":{\"@id\":\"https:\\\/\\\/redamlo.com\\\/#organization\"},\"potentialAction\":[{\"@type\":\"SearchAction\",\"target\":{\"@type\":\"EntryPoint\",\"urlTemplate\":\"https:\\\/\\\/redamlo.com\\\/?s={search_term_string}\"},\"query-input\":{\"@type\":\"PropertyValueSpecification\",\"valueRequired\":true,\"valueName\":\"search_term_string\"}}],\"inLanguage\":\"es\"},{\"@type\":\"Organization\",\"@id\":\"https:\\\/\\\/redamlo.com\\\/#organization\",\"name\":\"NOTICIAS DE LA 4T\",\"url\":\"https:\\\/\\\/redamlo.com\\\/\",\"logo\":{\"@type\":\"ImageObject\",\"inLanguage\":\"es\",\"@id\":\"https:\\\/\\\/redamlo.com\\\/#\\\/schema\\\/logo\\\/image\\\/\",\"url\":\"https:\\\/\\\/redamlo.com\\\/wp-content\\\/uploads\\\/2024\\\/08\\\/cropped-RED-AMLO-logo-50.png\",\"contentUrl\":\"https:\\\/\\\/redamlo.com\\\/wp-content\\\/uploads\\\/2024\\\/08\\\/cropped-RED-AMLO-logo-50.png\",\"width\":256,\"height\":256,\"caption\":\"NOTICIAS DE LA 4T\"},\"image\":{\"@id\":\"https:\\\/\\\/redamlo.com\\\/#\\\/schema\\\/logo\\\/image\\\/\"}},{\"@type\":\"Person\",\"@id\":\"https:\\\/\\\/redamlo.com\\\/#\\\/schema\\\/person\\\/7223a4375eb8f1a782fcae010a7115cf\",\"name\":\"Blanca\",\"image\":{\"@type\":\"ImageObject\",\"inLanguage\":\"es\",\"@id\":\"https:\\\/\\\/secure.gravatar.com\\\/avatar\\\/3f79bc8336367a4e6093eae8757acaaf61d1124834b905616de7829b0273426d?s=96&d=mm&r=g\",\"url\":\"https:\\\/\\\/secure.gravatar.com\\\/avatar\\\/3f79bc8336367a4e6093eae8757acaaf61d1124834b905616de7829b0273426d?s=96&d=mm&r=g\",\"contentUrl\":\"https:\\\/\\\/secure.gravatar.com\\\/avatar\\\/3f79bc8336367a4e6093eae8757acaaf61d1124834b905616de7829b0273426d?s=96&d=mm&r=g\",\"caption\":\"Blanca\"},\"url\":\"https:\\\/\\\/redamlo.com\\\/index.php\\\/author\\\/blanca\\\/\"}]}<\/script>\n<!-- \/ Yoast SEO plugin. -->","yoast_head_json":{"title":"Mil 807 mexicanos esperan ser deportados de EUA - NOTICIAS DE LA 4T","robots":{"index":"noindex","follow":"follow","max-snippet":"max-snippet:-1","max-image-preview":"max-image-preview:large","max-video-preview":"max-video-preview:-1"},"og_locale":"es_MX","og_type":"article","og_title":"Mil 807 mexicanos esperan ser deportados de EUA - NOTICIAS DE LA 4T","og_description":"News Cdmx.-\u00a0En conferencia de prensa encabezada por el secretario de Relaciones Exteriores, Marcelo Ebrard ,...","og_url":"https:\/\/redamlo.com\/index.php\/2019\/07\/15\/mil-807-mexicanos-esperan-ser-deportados-de-eua\/","og_site_name":"NOTICIAS DE LA 4T","article_published_time":"2019-07-15T00:42:21+00:00","og_image":[{"width":709,"height":300,"url":"https:\/\/redamlo.com\/wp-content\/uploads\/2019\/07\/redadas-migratorias.jpg","type":"image\/jpeg"}],"author":"Blanca","twitter_card":"summary_large_image","twitter_misc":{"Escrito por":"Blanca","Tiempo de lectura":"2 minutos"},"schema":{"@context":"https:\/\/schema.org","@graph":[{"@type":"Article","@id":"https:\/\/redamlo.com\/index.php\/2019\/07\/15\/mil-807-mexicanos-esperan-ser-deportados-de-eua\/#article","isPartOf":{"@id":"https:\/\/redamlo.com\/index.php\/2019\/07\/15\/mil-807-mexicanos-esperan-ser-deportados-de-eua\/"},"author":{"name":"Blanca","@id":"https:\/\/redamlo.com\/#\/schema\/person\/7223a4375eb8f1a782fcae010a7115cf"},"headline":"Mil 807 mexicanos esperan ser deportados de EUA","datePublished":"2019-07-15T00:42:21+00:00","mainEntityOfPage":{"@id":"https:\/\/redamlo.com\/index.php\/2019\/07\/15\/mil-807-mexicanos-esperan-ser-deportados-de-eua\/"},"wordCount":362,"commentCount":0,"publisher":{"@id":"https:\/\/redamlo.com\/#organization"},"image":{"@id":"https:\/\/redamlo.com\/index.php\/2019\/07\/15\/mil-807-mexicanos-esperan-ser-deportados-de-eua\/#primaryimage"},"thumbnailUrl":"https:\/\/redamlo.com\/wp-content\/uploads\/2019\/07\/redadas-migratorias.jpg","keywords":["EUA","Marcelo Ebrad","Migrantes","Politica"],"articleSection":["Internacionales","Pol\u00edtica"],"inLanguage":"es","potentialAction":[{"@type":"CommentAction","name":"Comment","target":["https:\/\/redamlo.com\/index.php\/2019\/07\/15\/mil-807-mexicanos-esperan-ser-deportados-de-eua\/#respond"]}]},{"@type":"WebPage","@id":"https:\/\/redamlo.com\/index.php\/2019\/07\/15\/mil-807-mexicanos-esperan-ser-deportados-de-eua\/","url":"https:\/\/redamlo.com\/index.php\/2019\/07\/15\/mil-807-mexicanos-esperan-ser-deportados-de-eua\/","name":"Mil 807 mexicanos esperan ser deportados de EUA - NOTICIAS DE LA 4T","isPartOf":{"@id":"https:\/\/redamlo.com\/#website"},"primaryImageOfPage":{"@id":"https:\/\/redamlo.com\/index.php\/2019\/07\/15\/mil-807-mexicanos-esperan-ser-deportados-de-eua\/#primaryimage"},"image":{"@id":"https:\/\/redamlo.com\/index.php\/2019\/07\/15\/mil-807-mexicanos-esperan-ser-deportados-de-eua\/#primaryimage"},"thumbnailUrl":"https:\/\/redamlo.com\/wp-content\/uploads\/2019\/07\/redadas-migratorias.jpg","datePublished":"2019-07-15T00:42:21+00:00","breadcrumb":{"@id":"https:\/\/redamlo.com\/index.php\/2019\/07\/15\/mil-807-mexicanos-esperan-ser-deportados-de-eua\/#breadcrumb"},"inLanguage":"es","potentialAction":[{"@type":"ReadAction","target":["https:\/\/redamlo.com\/index.php\/2019\/07\/15\/mil-807-mexicanos-esperan-ser-deportados-de-eua\/"]}]},{"@type":"ImageObject","inLanguage":"es","@id":"https:\/\/redamlo.com\/index.php\/2019\/07\/15\/mil-807-mexicanos-esperan-ser-deportados-de-eua\/#primaryimage","url":"https:\/\/redamlo.com\/wp-content\/uploads\/2019\/07\/redadas-migratorias.jpg","contentUrl":"https:\/\/redamlo.com\/wp-content\/uploads\/2019\/07\/redadas-migratorias.jpg","width":709,"height":300},{"@type":"BreadcrumbList","@id":"https:\/\/redamlo.com\/index.php\/2019\/07\/15\/mil-807-mexicanos-esperan-ser-deportados-de-eua\/#breadcrumb","itemListElement":[{"@type":"ListItem","position":1,"name":"Inicio","item":"https:\/\/redamlo.com\/"},{"@type":"ListItem","position":2,"name":"Mil 807 mexicanos esperan ser deportados de EUA"}]},{"@type":"WebSite","@id":"https:\/\/redamlo.com\/#website","url":"https:\/\/redamlo.com\/","name":"NOTICIAS DE LA 4T","description":"","publisher":{"@id":"https:\/\/redamlo.com\/#organization"},"potentialAction":[{"@type":"SearchAction","target":{"@type":"EntryPoint","urlTemplate":"https:\/\/redamlo.com\/?s={search_term_string}"},"query-input":{"@type":"PropertyValueSpecification","valueRequired":true,"valueName":"search_term_string"}}],"inLanguage":"es"},{"@type":"Organization","@id":"https:\/\/redamlo.com\/#organization","name":"NOTICIAS DE LA 4T","url":"https:\/\/redamlo.com\/","logo":{"@type":"ImageObject","inLanguage":"es","@id":"https:\/\/redamlo.com\/#\/schema\/logo\/image\/","url":"https:\/\/redamlo.com\/wp-content\/uploads\/2024\/08\/cropped-RED-AMLO-logo-50.png","contentUrl":"https:\/\/redamlo.com\/wp-content\/uploads\/2024\/08\/cropped-RED-AMLO-logo-50.png","width":256,"height":256,"caption":"NOTICIAS DE LA 4T"},"image":{"@id":"https:\/\/redamlo.com\/#\/schema\/logo\/image\/"}},{"@type":"Person","@id":"https:\/\/redamlo.com\/#\/schema\/person\/7223a4375eb8f1a782fcae010a7115cf","name":"Blanca","image":{"@type":"ImageObject","inLanguage":"es","@id":"https:\/\/secure.gravatar.com\/avatar\/3f79bc8336367a4e6093eae8757acaaf61d1124834b905616de7829b0273426d?s=96&d=mm&r=g","url":"https:\/\/secure.gravatar.com\/avatar\/3f79bc8336367a4e6093eae8757acaaf61d1124834b905616de7829b0273426d?s=96&d=mm&r=g","contentUrl":"https:\/\/secure.gravatar.com\/avatar\/3f79bc8336367a4e6093eae8757acaaf61d1124834b905616de7829b0273426d?s=96&d=mm&r=g","caption":"Blanca"},"url":"https:\/\/redamlo.com\/index.php\/author\/blanca\/"}]}},"_links":{"self":[{"href":"https:\/\/redamlo.com\/index.php\/wp-json\/wp\/v2\/posts\/11","targetHints":{"allow":["GET"]}}],"collection":[{"href":"https:\/\/redamlo.com\/index.php\/wp-json\/wp\/v2\/posts"}],"about":[{"href":"https:\/\/redamlo.com\/index.php\/wp-json\/wp\/v2\/types\/post"}],"author":[{"embeddable":true,"href":"https:\/\/redamlo.com\/index.php\/wp-json\/wp\/v2\/users\/2"}],"replies":[{"embeddable":true,"href":"https:\/\/redamlo.com\/index.php\/wp-json\/wp\/v2\/comments?post=11"}],"version-history":[{"count":0,"href":"https:\/\/redamlo.com\/index.php\/wp-json\/wp\/v2\/posts\/11\/revisions"}],"wp:featuredmedia":[{"embeddable":true,"href":"https:\/\/redamlo.com\/index.php\/wp-json\/wp\/v2\/media\/12"}],"wp:attachment":[{"href":"https:\/\/redamlo.com\/index.php\/wp-json\/wp\/v2\/media?parent=11"}],"wp:term":[{"taxonomy":"category","embeddable":true,"href":"https:\/\/redamlo.com\/index.php\/wp-json\/wp\/v2\/categories?post=11"},{"taxonomy":"post_tag","embeddable":true,"href":"https:\/\/redamlo.com\/index.php\/wp-json\/wp\/v2\/tags?post=11"}],"curies":[{"name":"wp","href":"https:\/\/api.w.org\/{rel}","templated":true}]}}